{"id":204946,"date":"2026-02-09T04:22:24","date_gmt":"2026-02-09T07:22:24","guid":{"rendered":"https:\/\/portaltela.pt\/noticias\/2026\/02\/09\/retomada-da-circulacao-na-linha-da-beira-baixa\/"},"modified":"2026-02-09T04:22:24","modified_gmt":"2026-02-09T07:22:24","slug":"retomada-da-circulacao-na-linha-da-beira-baixa","status":"publish","type":"post","link":"https:\/\/portaltela.pt\/noticias\/2026\/02\/09\/retomada-da-circulacao-na-linha-da-beira-baixa\/","title":{"rendered":"Retomada da circula\u00e7\u00e3o na Linha da Beira Baixa"},"content":{"rendered":"<p>A circula\u00e7\u00e3o na Linha da Beira Baixa, entre o Entroncamento e Castelo Branco, foi retomada \u00e0s 06:00 de hoje pela CP &#8212; Comboios de Portugal, ap\u00f3s ficar suspensa na \u00faltima semana de janeiro devido \u00e0s condi\u00e7\u00f5es meteorol\u00f3gicas. A decis\u00e3o ocorreu ap\u00f3s a melhoria das condi\u00e7\u00f5es no tra\u00e7ado.<\/p>\n<p>A CP informou \u00e0 Lusa que, desde 28 de janeiro, diversas ocorr\u00eancias provocadas pelo mau tempo mant\u00eam suspensa a circula\u00e7\u00e3o na Linha do Douro, entre R\u00e9gua e Pocinho, bem como na Linha do Oeste e nos Urbanos de Coimbra.<\/p>\n<p>Mant\u00eam-se constrangimentos na Linha do Norte, com os servi\u00e7os de longo curso a decorrerem de forma parcial e os regionais entre Entroncamento e Soure e entre Tomar e Lisboa.<\/p>\n<h3>Linha da Beira Alta e linhas associadas<\/h3>\n<p>Na Linha da Beira Alta, o servi\u00e7o intercidades entre Coimbra e Guarda funciona com material circulante diferente do habitual.<\/p>\n<p>O Comboio Internacional Celta permanece com circula\u00e7\u00e3o suspensa, determinada pelo operador espanhol, sem previs\u00e3o de retoma.<\/p>\n<p>Na Linha de Cascais, os comboios circulam com altera\u00e7\u00f5es de hor\u00e1rios, sem altera\u00e7\u00f5es de tra\u00e7ado.<\/p>\n<h3>Impacto humano e medidas Governamentais<\/h3>\n<p>Desde 28 de janeiro, quatro catorze pessoas morreram em Portugal devido \u00e0s depress\u00f5es Kristin, Leonardo e Marta, com centenas de feridos e desalojados. As consequ\u00eancias incluem destrui\u00e7\u00e3o de habita\u00e7\u00f5es, \u00e1rvores derrubadas e cortes em estradas, energia e comunica\u00e7\u00f5es.<\/p>\n<p>As regi\u00f5es Centro, Lisboa e Vale do Tejo e Alentejo s\u00e3o as mais afetadas. O Governo prolongou a situa\u00e7\u00e3o de calamidade at\u00e9 dia 15 para 68 concelhos, anunciando medidas de apoio que podem chegar aos 2,5 mil milh\u00f5es de euros.<\/p>\n","protected":false},"excerpt":{"rendered":"<ul>\n<li>A circula\u00e7\u00e3o na Linha da Beira Baixa, entre Entroncamento e Castelo Branco, retomou \u00e0s 06:00 de segunda-feira, ap\u00f3s ter estado suspensa devido ao mau tempo na \u00faltima semana de janeiro, informou a CP.<\/li>\n<li>Permanecem interrompidas ou com constrangimentos outras vias: Linha do Douro (R\u00e9gua-Pocinho), Linha do Oeste e Urbanos de Coimbra; Linha do Norte com servi\u00e7os longos parciais e regionais entre Entroncamento-Soure e Tomar-Lisboa.<\/li>\n<li>Na Linha da Beira Alta, o servi\u00e7o intercidades entre Coimbra e Guarda realiza-se com material circulante diferente do habitual.<\/li>\n<li>O Comboio Internacional Celta continua suspenso, sem previs\u00e3o de retoma, determinado pelo operador espanhol.<\/li>\n<li>Vit\u00f3rias do temporal desde 28 de janeiro j\u00e1 causaram 14 mortes em Portugal, com grandes preju\u00edzos; o Governo prolongou a calamidade at\u00e9 15 para 68 concelhos, com medidas de apoio at\u00e9 2,5 mil milh\u00f5es de euros.<\/li>\n<\/ul>\n","protected":false},"author":2,"featured_media":204948,"comment_status":"closed","ping_status":"closed","sticky":false,"template":"","format":"standard","meta":{"footnotes":""},"categories":[1],"tags":[1972,4687,1070,3191,2110,192],"class_list":["post-204946","post","type-post","status-publish","format-standard","has-post-thumbnail","hentry","category-noticias","tag-beira-alta","tag-calamidade-publica","tag-coimbra","tag-cp","tag-mobilidade","tag-transporte"],"yoast_head":"<!-- This site is optimized with the Yoast SEO plugin v27.2 - https:\/\/yoast.com\/product\/yoast-seo-wordpress\/ -->\n<title>Retomada da circula\u00e7\u00e3o na Linha da Beira Baixa - Portal Tela Portugal<\/title>\n<meta name=\"robots\" content=\"index, follow, max-snippet:-1, max-image-preview:large, max-video-preview:-1\" \/>\n<meta property=\"og:locale\" content=\"pt_PT\" \/>\n<meta property=\"og:type\" content=\"article\" \/>\n<meta property=\"og:title\" content=\"Retomada da circula\u00e7\u00e3o na Linha da Beira Baixa - Portal Tela Portugal\" \/>\n<meta property=\"og:description\" content=\"A circula\u00e7\u00e3o na Linha da Beira Baixa, entre Entroncamento e Castelo Branco, retomou \u00e0s 06:00 de segunda-feira, ap\u00f3s ter estado suspensa devido ao mau tempo na \u00faltima semana de janeiro, informou a CP. Permanecem interrompidas ou com constrangimentos outras vias: Linha do Douro (R\u00e9gua-Pocinho), Linha do Oeste e Urbanos de Coimbra; Linha do Norte com servi\u00e7os longos parciais e regionais entre Entroncamento-Soure e Tomar-Lisboa. Na Linha da Beira Alta, o servi\u00e7o intercidades entre Coimbra e Guarda realiza-se com material circulante diferente do habitual. O Comboio Internacional Celta continua suspenso, sem previs\u00e3o de retoma, determinado pelo operador espanhol. Vit\u00f3rias do temporal desde 28 de janeiro j\u00e1 causaram 14 mortes em Portugal, com grandes preju\u00edzos; o Governo prolongou a calamidade at\u00e9 15 para 68 concelhos, com medidas de apoio at\u00e9 2,5 mil milh\u00f5es de euros.\" \/>\n<meta property=\"og:url\" content=\"https:\/\/portaltela.pt\/noticias\/2026\/02\/09\/retomada-da-circulacao-na-linha-da-beira-baixa\/\" \/>\n<meta property=\"og:site_name\" content=\"Portal Tela Portugal\" \/>\n<meta property=\"article:published_time\" content=\"2026-02-09T07:22:24+00:00\" \/>\n<meta name=\"author\" content=\"Telinha\" \/>\n<meta name=\"twitter:card\" content=\"summary_large_image\" \/>\n<meta name=\"twitter:label1\" content=\"Escrito por\" \/>\n\t<meta name=\"twitter:data1\" content=\"Telinha\" \/>\n\t<meta name=\"twitter:label2\" content=\"Tempo estimado de leitura\" \/>\n\t<meta name=\"twitter:data2\" content=\"1 minuto\" \/>\n<script type=\"application\/ld+json\" class=\"yoast-schema-graph\">{\"@context\":\"https:\/\/schema.org\",\"@graph\":[{\"@type\":\"Article\",\"@id\":\"https:\/\/portaltela.pt\/noticias\/2026\/02\/09\/retomada-da-circulacao-na-linha-da-beira-baixa\/#article\",\"isPartOf\":{\"@id\":\"https:\/\/portaltela.pt\/noticias\/2026\/02\/09\/retomada-da-circulacao-na-linha-da-beira-baixa\/\"},\"author\":{\"name\":\"Telinha\",\"@id\":\"https:\/\/portaltela.pt\/#\/schema\/person\/c4278d4a6028830caff9ee44b42d32ed\"},\"headline\":\"Retomada da circula\u00e7\u00e3o na Linha da Beira Baixa\",\"datePublished\":\"2026-02-09T07:22:24+00:00\",\"mainEntityOfPage\":{\"@id\":\"https:\/\/portaltela.pt\/noticias\/2026\/02\/09\/retomada-da-circulacao-na-linha-da-beira-baixa\/\"},\"wordCount\":287,\"image\":{\"@id\":\"https:\/\/portaltela.pt\/noticias\/2026\/02\/09\/retomada-da-circulacao-na-linha-da-beira-baixa\/#primaryimage\"},\"thumbnailUrl\":\"https:\/\/portaltela.pt\/s.01k8rhncp4jt1\/2026\/02\/img_1500x1000uu2025-06-18-20-46-27-2217255.jpg\",\"keywords\":[\"Beira Alta\",\"calamidade p\u00fablica\",\"Coimbra\",\"CP\",\"mobilidade\",\"transporte\"],\"articleSection\":[\"Not\u00edcias\"],\"inLanguage\":\"pt-PT\"},{\"@type\":\"WebPage\",\"@id\":\"https:\/\/portaltela.pt\/noticias\/2026\/02\/09\/retomada-da-circulacao-na-linha-da-beira-baixa\/\",\"url\":\"https:\/\/portaltela.pt\/noticias\/2026\/02\/09\/retomada-da-circulacao-na-linha-da-beira-baixa\/\",\"name\":\"Retomada da circula\u00e7\u00e3o na Linha da Beira Baixa - Portal Tela Portugal\",\"isPartOf\":{\"@id\":\"https:\/\/portaltela.pt\/#website\"},\"primaryImageOfPage\":{\"@id\":\"https:\/\/portaltela.pt\/noticias\/2026\/02\/09\/retomada-da-circulacao-na-linha-da-beira-baixa\/#primaryimage\"},\"image\":{\"@id\":\"https:\/\/portaltela.pt\/noticias\/2026\/02\/09\/retomada-da-circulacao-na-linha-da-beira-baixa\/#primaryimage\"},\"thumbnailUrl\":\"https:\/\/portaltela.pt\/s.01k8rhncp4jt1\/2026\/02\/img_1500x1000uu2025-06-18-20-46-27-2217255.jpg\",\"datePublished\":\"2026-02-09T07:22:24+00:00\",\"author\":{\"@id\":\"https:\/\/portaltela.pt\/#\/schema\/person\/c4278d4a6028830caff9ee44b42d32ed\"},\"breadcrumb\":{\"@id\":\"https:\/\/portaltela.pt\/noticias\/2026\/02\/09\/retomada-da-circulacao-na-linha-da-beira-baixa\/#breadcrumb\"},\"inLanguage\":\"pt-PT\",\"potentialAction\":[{\"@type\":\"ReadAction\",\"target\":[\"https:\/\/portaltela.pt\/noticias\/2026\/02\/09\/retomada-da-circulacao-na-linha-da-beira-baixa\/\"]}]},{\"@type\":\"ImageObject\",\"inLanguage\":\"pt-PT\",\"@id\":\"https:\/\/portaltela.pt\/noticias\/2026\/02\/09\/retomada-da-circulacao-na-linha-da-beira-baixa\/#primaryimage\",\"url\":\"https:\/\/portaltela.pt\/s.01k8rhncp4jt1\/2026\/02\/img_1500x1000uu2025-06-18-20-46-27-2217255.jpg\",\"contentUrl\":\"https:\/\/portaltela.pt\/s.01k8rhncp4jt1\/2026\/02\/img_1500x1000uu2025-06-18-20-46-27-2217255.jpg\",\"width\":796,\"height\":448,\"caption\":\"Linha de comboio\"},{\"@type\":\"BreadcrumbList\",\"@id\":\"https:\/\/portaltela.pt\/noticias\/2026\/02\/09\/retomada-da-circulacao-na-linha-da-beira-baixa\/#breadcrumb\",\"itemListElement\":[{\"@type\":\"ListItem\",\"position\":1,\"name\":\"In\u00edcio\",\"item\":\"https:\/\/portaltela.pt\/\"},{\"@type\":\"ListItem\",\"position\":2,\"name\":\"Retomada da circula\u00e7\u00e3o na Linha da Beira Baixa\"}]},{\"@type\":\"WebSite\",\"@id\":\"https:\/\/portaltela.pt\/#website\",\"url\":\"https:\/\/portaltela.pt\/\",\"name\":\"Portal Tela Portugal\",\"description\":\"\",\"potentialAction\":[{\"@type\":\"SearchAction\",\"target\":{\"@type\":\"EntryPoint\",\"urlTemplate\":\"https:\/\/portaltela.pt\/?s={search_term_string}\"},\"query-input\":{\"@type\":\"PropertyValueSpecification\",\"valueRequired\":true,\"valueName\":\"search_term_string\"}}],\"inLanguage\":\"pt-PT\"},{\"@type\":\"Person\",\"@id\":\"https:\/\/portaltela.pt\/#\/schema\/person\/c4278d4a6028830caff9ee44b42d32ed\",\"name\":\"Telinha\",\"image\":{\"@type\":\"ImageObject\",\"inLanguage\":\"pt-PT\",\"@id\":\"https:\/\/portaltela.pt\/s.01k8rhncp4jt1\/2025\/11\/talking-bot-125x125.png\",\"url\":\"https:\/\/portaltela.pt\/s.01k8rhncp4jt1\/2025\/11\/talking-bot-125x125.png\",\"contentUrl\":\"https:\/\/portaltela.pt\/s.01k8rhncp4jt1\/2025\/11\/talking-bot-125x125.png\",\"caption\":\"Telinha\"},\"sameAs\":[\"https:\/\/portaltela.pt\/\"],\"url\":\"https:\/\/portaltela.pt\/por\/367410592786\/\"}]}<\/script>\n<!-- \/ Yoast SEO plugin. -->","yoast_head_json":{"title":"Retomada da circula\u00e7\u00e3o na Linha da Beira Baixa - Portal Tela Portugal","robots":{"index":"index","follow":"follow","max-snippet":"max-snippet:-1","max-image-preview":"max-image-preview:large","max-video-preview":"max-video-preview:-1"},"og_locale":"pt_PT","og_type":"article","og_title":"Retomada da circula\u00e7\u00e3o na Linha da Beira Baixa - Portal Tela Portugal","og_description":"A circula\u00e7\u00e3o na Linha da Beira Baixa, entre Entroncamento e Castelo Branco, retomou \u00e0s 06:00 de segunda-feira, ap\u00f3s ter estado suspensa devido ao mau tempo na \u00faltima semana de janeiro, informou a CP. Permanecem interrompidas ou com constrangimentos outras vias: Linha do Douro (R\u00e9gua-Pocinho), Linha do Oeste e Urbanos de Coimbra; Linha do Norte com servi\u00e7os longos parciais e regionais entre Entroncamento-Soure e Tomar-Lisboa. Na Linha da Beira Alta, o servi\u00e7o intercidades entre Coimbra e Guarda realiza-se com material circulante diferente do habitual. O Comboio Internacional Celta continua suspenso, sem previs\u00e3o de retoma, determinado pelo operador espanhol. Vit\u00f3rias do temporal desde 28 de janeiro j\u00e1 causaram 14 mortes em Portugal, com grandes preju\u00edzos; o Governo prolongou a calamidade at\u00e9 15 para 68 concelhos, com medidas de apoio at\u00e9 2,5 mil milh\u00f5es de euros.","og_url":"https:\/\/portaltela.pt\/noticias\/2026\/02\/09\/retomada-da-circulacao-na-linha-da-beira-baixa\/","og_site_name":"Portal Tela Portugal","article_published_time":"2026-02-09T07:22:24+00:00","author":"Telinha","twitter_card":"summary_large_image","twitter_misc":{"Escrito por":"Telinha","Tempo estimado de leitura":"1 minuto"},"schema":{"@context":"https:\/\/schema.org","@graph":[{"@type":"Article","@id":"https:\/\/portaltela.pt\/noticias\/2026\/02\/09\/retomada-da-circulacao-na-linha-da-beira-baixa\/#article","isPartOf":{"@id":"https:\/\/portaltela.pt\/noticias\/2026\/02\/09\/retomada-da-circulacao-na-linha-da-beira-baixa\/"},"author":{"name":"Telinha","@id":"https:\/\/portaltela.pt\/#\/schema\/person\/c4278d4a6028830caff9ee44b42d32ed"},"headline":"Retomada da circula\u00e7\u00e3o na Linha da Beira Baixa","datePublished":"2026-02-09T07:22:24+00:00","mainEntityOfPage":{"@id":"https:\/\/portaltela.pt\/noticias\/2026\/02\/09\/retomada-da-circulacao-na-linha-da-beira-baixa\/"},"wordCount":287,"image":{"@id":"https:\/\/portaltela.pt\/noticias\/2026\/02\/09\/retomada-da-circulacao-na-linha-da-beira-baixa\/#primaryimage"},"thumbnailUrl":"https:\/\/portaltela.pt\/s.01k8rhncp4jt1\/2026\/02\/img_1500x1000uu2025-06-18-20-46-27-2217255.jpg","keywords":["Beira Alta","calamidade p\u00fablica","Coimbra","CP","mobilidade","transporte"],"articleSection":["Not\u00edcias"],"inLanguage":"pt-PT"},{"@type":"WebPage","@id":"https:\/\/portaltela.pt\/noticias\/2026\/02\/09\/retomada-da-circulacao-na-linha-da-beira-baixa\/","url":"https:\/\/portaltela.pt\/noticias\/2026\/02\/09\/retomada-da-circulacao-na-linha-da-beira-baixa\/","name":"Retomada da circula\u00e7\u00e3o na Linha da Beira Baixa - Portal Tela Portugal","isPartOf":{"@id":"https:\/\/portaltela.pt\/#website"},"primaryImageOfPage":{"@id":"https:\/\/portaltela.pt\/noticias\/2026\/02\/09\/retomada-da-circulacao-na-linha-da-beira-baixa\/#primaryimage"},"image":{"@id":"https:\/\/portaltela.pt\/noticias\/2026\/02\/09\/retomada-da-circulacao-na-linha-da-beira-baixa\/#primaryimage"},"thumbnailUrl":"https:\/\/portaltela.pt\/s.01k8rhncp4jt1\/2026\/02\/img_1500x1000uu2025-06-18-20-46-27-2217255.jpg","datePublished":"2026-02-09T07:22:24+00:00","author":{"@id":"https:\/\/portaltela.pt\/#\/schema\/person\/c4278d4a6028830caff9ee44b42d32ed"},"breadcrumb":{"@id":"https:\/\/portaltela.pt\/noticias\/2026\/02\/09\/retomada-da-circulacao-na-linha-da-beira-baixa\/#breadcrumb"},"inLanguage":"pt-PT","potentialAction":[{"@type":"ReadAction","target":["https:\/\/portaltela.pt\/noticias\/2026\/02\/09\/retomada-da-circulacao-na-linha-da-beira-baixa\/"]}]},{"@type":"ImageObject","inLanguage":"pt-PT","@id":"https:\/\/portaltela.pt\/noticias\/2026\/02\/09\/retomada-da-circulacao-na-linha-da-beira-baixa\/#primaryimage","url":"https:\/\/portaltela.pt\/s.01k8rhncp4jt1\/2026\/02\/img_1500x1000uu2025-06-18-20-46-27-2217255.jpg","contentUrl":"https:\/\/portaltela.pt\/s.01k8rhncp4jt1\/2026\/02\/img_1500x1000uu2025-06-18-20-46-27-2217255.jpg","width":796,"height":448,"caption":"Linha de comboio"},{"@type":"BreadcrumbList","@id":"https:\/\/portaltela.pt\/noticias\/2026\/02\/09\/retomada-da-circulacao-na-linha-da-beira-baixa\/#breadcrumb","itemListElement":[{"@type":"ListItem","position":1,"name":"In\u00edcio","item":"https:\/\/portaltela.pt\/"},{"@type":"ListItem","position":2,"name":"Retomada da circula\u00e7\u00e3o na Linha da Beira Baixa"}]},{"@type":"WebSite","@id":"https:\/\/portaltela.pt\/#website","url":"https:\/\/portaltela.pt\/","name":"Portal Tela Portugal","description":"","potentialAction":[{"@type":"SearchAction","target":{"@type":"EntryPoint","urlTemplate":"https:\/\/portaltela.pt\/?s={search_term_string}"},"query-input":{"@type":"PropertyValueSpecification","valueRequired":true,"valueName":"search_term_string"}}],"inLanguage":"pt-PT"},{"@type":"Person","@id":"https:\/\/portaltela.pt\/#\/schema\/person\/c4278d4a6028830caff9ee44b42d32ed","name":"Telinha","image":{"@type":"ImageObject","inLanguage":"pt-PT","@id":"https:\/\/portaltela.pt\/s.01k8rhncp4jt1\/2025\/11\/talking-bot-125x125.png","url":"https:\/\/portaltela.pt\/s.01k8rhncp4jt1\/2025\/11\/talking-bot-125x125.png","contentUrl":"https:\/\/portaltela.pt\/s.01k8rhncp4jt1\/2025\/11\/talking-bot-125x125.png","caption":"Telinha"},"sameAs":["https:\/\/portaltela.pt\/"],"url":"https:\/\/portaltela.pt\/por\/367410592786\/"}]}},"_links":{"self":[{"href":"https:\/\/portaltela.pt\/api\/wp\/v2\/posts\/204946","targetHints":{"allow":["GET"]}}],"collection":[{"href":"https:\/\/portaltela.pt\/api\/wp\/v2\/posts"}],"about":[{"href":"https:\/\/portaltela.pt\/api\/wp\/v2\/types\/post"}],"author":[{"embeddable":true,"href":"https:\/\/portaltela.pt\/api\/wp\/v2\/users\/2"}],"replies":[{"embeddable":true,"href":"https:\/\/portaltela.pt\/api\/wp\/v2\/comments?post=204946"}],"version-history":[{"count":0,"href":"https:\/\/portaltela.pt\/api\/wp\/v2\/posts\/204946\/revisions"}],"wp:featuredmedia":[{"embeddable":true,"href":"https:\/\/portaltela.pt\/api\/wp\/v2\/media\/204948"}],"wp:attachment":[{"href":"https:\/\/portaltela.pt\/api\/wp\/v2\/media?parent=204946"}],"wp:term":[{"taxonomy":"category","embeddable":true,"href":"https:\/\/portaltela.pt\/api\/wp\/v2\/categories?post=204946"},{"taxonomy":"post_tag","embeddable":true,"href":"https:\/\/portaltela.pt\/api\/wp\/v2\/tags?post=204946"}],"curies":[{"name":"wp","href":"https:\/\/api.w.org\/{rel}","templated":true}]}}