{"id":204873,"date":"2026-02-08T22:30:00","date_gmt":"2026-02-09T01:30:00","guid":{"rendered":"https:\/\/portaltela.pt\/noticias\/2026\/02\/08\/delfim-de-guterres-recusa-proposta-de-soares\/"},"modified":"2026-02-08T22:30:00","modified_gmt":"2026-02-09T01:30:00","slug":"delfim-de-guterres-recusa-proposta-de-soares","status":"publish","type":"post","link":"https:\/\/portaltela.pt\/noticias\/politica\/2026\/02\/08\/delfim-de-guterres-recusa-proposta-de-soares\/","title":{"rendered":"Delfim de Guterres recusa proposta de Soares"},"content":{"rendered":"<p>Delfim de Guterres, apontado como o favorito de Ant\u00f3nio Guterres, ganhou notoriedade por um percurso pol\u00edtico marcado por posi\u00e7\u00f5es definidas e por epis\u00f3dios de choque medi\u00e1tico no passado. O hist\u00f3rico de Ant\u00f3nio Jos\u00e9 Seguro integra-se nesse c\u00edrculo pr\u00f3ximo do ent\u00e3o primeiro-ministro, com destaque para o papel de secret\u00e1rio-geral do PS e para a lideran\u00e7a parlamentar.<\/p>\n<p>Nascido em Penamacor no dia 11 de mar\u00e7o de 1962, Seguro tinha 20 anos quando, com primos, fundou o jornal A Verdade. A publica\u00e7\u00e3o ficou conhecida pelo epis\u00f3dio do rapto da mulher do presidente da Rep\u00fablica para obter uma entrevista. O epis\u00f3dio \u00e9 descrito pela pr\u00f3pria Manuela Eanes em biografia recente.<\/p>\n<h3>Trajet\u00f3ria pol\u00edtica e cargos no PS<\/h3>\n<p>Ingressou na gest\u00e3o de empresas no ISCTE e, cedo, assumiu a cabe\u00e7a de projetos de juventude, aproximando-se de Guterres. Em 1995 foi secret\u00e1rio de Estado da Juventude, posi\u00e7\u00e3o de passagem para a pol\u00edtica nacional. Em 1999 avan\u00e7ou para o Parlamento Europeu, mantendo liga\u00e7\u00e3o pr\u00f3xima a Guterres.<\/p>\n<p>Em 2001 regresou a Portugal como ministro adjunto num governo de curta dura\u00e7\u00e3o. Desempenhou ainda fun\u00e7\u00f5es de l\u00edder parlamentar, contribuindo para a gest\u00e3o interna do PS durante per\u00edodos de turbul\u00eancia interna. A ascens\u00e3o de S\u00f3crates acabou por reduzir o protagonismo de Seguro.<\/p>\n<h3>Conflitos internos e fases subsequentes<\/h3>\n<p>Foi afastado da linha da frente pol\u00edtica durante a d\u00e9cada de 2010, ap\u00f3s pareceres cr\u00edticos dentro do PS. Em 2005, quando S\u00f3crates ganhou maioria absoluta, Seguro deixou a lideran\u00e7a parlamentar e passou a desempenhar fun\u00e7\u00f5es menos vis\u00edveis, mantendo oposi\u00e7\u00e3o a algumas pol\u00edticas da dire\u00e7\u00e3o.<\/p>\n<p>Em 2009, o PS rejeitou propostas de criminaliza\u00e7\u00e3o do enriquecimento il\u00edcito, mantendo Seguro a emitir votos independentes em quest\u00f5es-chave. Ao longo dos anos, manteve-se pr\u00f3ximo de v\u00e1rias alas do partido, embora com menor protagonismo p\u00fablico.<\/p>\n<h3>Al\u00e9m da pol\u00edtica: vida pessoal e interesses<\/h3>\n<p>Seguro partilha com o p\u00fablico o interesse pela fam\u00edlia, pela privacidade e pela dedica\u00e7\u00e3o \u00e0s v\u00e1rias \u00e1reas que o marcaram. Em Penamacor investiu num alojamento local, produz vinho Serra P e azeite Serra Magor, explicando que nasceu de uma homenagem ao pai e evoluiu para uma atividade empresarial.<\/p>\n<p>Antes de Bel\u00e9m, lecionou em institui\u00e7\u00f5es como o ISCSP e a Universidade Aut\u00f3noma de Lisboa, onde se licenciou em Rela\u00e7\u00f5es Internacionais. Ainda hoje pretende concluir o doutoramento que abandonou no meio, mantendo uma postura de igualdade entre colegas.<\/p>\n<h3>Interesses culturais e tra\u00e7os pessoais<\/h3>\n<p>O pol\u00edtico descreve-se como pouco irrit\u00e1vel, mas capaz de agir com firmeza quando necess\u00e1rio. Gosta de m\u00fasica variada, desde Madredeus a Slow J, passando por Rui Veloso e Zambujo, sempre associando a mem\u00f3ria da mulher a temas que o acompanham.<\/p>\n<p>Este relato resume uma trajet\u00f3ria marcada por momentos de controv\u00e9rsia, gest\u00e3o p\u00fablica e uma rela\u00e7\u00e3o pr\u00f3xima com o n\u00facleo duro do PS e de figuras centrais da vida pol\u00edtica portuguesa. As refer\u00eancias ao passado, j\u00e1 documentadas, ajudam a entender o posicionamento atual de Seguro.<\/p>\n","protected":false},"excerpt":{"rendered":"<ul>\n<li>Ant\u00f3nio Jos\u00e9 Martins Seguro, 63 anos, nasceu em Penamacor e foi uma figura destacada do PS, pr\u00f3ximo de Ant\u00f3nio Guterres e chefe de governo interina antes de afastar-se da vida pol\u00edtica.<\/li>\n<li>Em 1982, fundou o jornal A Verdade com primos e \u201craptou\u201d Manuela Eanes para conseguir entrevista do marido, o ent\u00e3o presidente da Rep\u00fablica, resultado que acabou por ocorrer.<\/li>\n<li>Ocupou v\u00e1rios cargos, incluindo secret\u00e1rio-geral do PS, l\u00edder parlamentar e ministro adjunto; esteve 10 anos afastado da pol\u00edtica.<\/li>\n<li>Em Penamacor investiu em turismo local, com alojamento, e produziu vinho Serra P e azeite Serra Magor; tamb\u00e9m foi professor e pretende terminar o doutoramento.<\/li>\n<li>Nas palavras dele, n\u00e3o \u00e9 facilmente irrit\u00e1vel, gosta de m\u00fasica diversa e valoriza a privacidade familiar, referindo-se a uma vida dedicada \u00e0 pol\u00edtica, \u00e0 fam\u00edlia e aos neg\u00f3cios.<\/li>\n<\/ul>\n","protected":false},"author":2,"featured_media":204874,"comment_status":"closed","ping_status":"closed","sticky":false,"template":"","format":"standard","meta":{"footnotes":""},"categories":[1,5],"tags":[68,3728,3422,2832,2144,27],"class_list":["post-204873","post","type-post","status-publish","format-standard","has-post-thumbnail","hentry","category-noticias","category-politica","tag-eleicoes","tag-liderancas","tag-penamacor","tag-politica","tag-ps","tag-relacoes-internacionais"],"yoast_head":"<!-- This site is optimized with the Yoast SEO plugin v27.2 - https:\/\/yoast.com\/product\/yoast-seo-wordpress\/ -->\n<title>Delfim de Guterres recusa proposta de Soares - Portal Tela Portugal<\/title>\n<meta name=\"robots\" content=\"index, follow, max-snippet:-1, max-image-preview:large, max-video-preview:-1\" \/>\n<meta property=\"og:locale\" content=\"pt_PT\" \/>\n<meta property=\"og:type\" content=\"article\" \/>\n<meta property=\"og:title\" content=\"Delfim de Guterres recusa proposta de Soares - Portal Tela Portugal\" \/>\n<meta property=\"og:description\" content=\"Ant\u00f3nio Jos\u00e9 Martins Seguro, 63 anos, nasceu em Penamacor e foi uma figura destacada do PS, pr\u00f3ximo de Ant\u00f3nio Guterres e chefe de governo interina antes de afastar-se da vida pol\u00edtica. Em 1982, fundou o jornal A Verdade com primos e \u201craptou\u201d Manuela Eanes para conseguir entrevista do marido, o ent\u00e3o presidente da Rep\u00fablica, resultado que acabou por ocorrer. Ocupou v\u00e1rios cargos, incluindo secret\u00e1rio-geral do PS, l\u00edder parlamentar e ministro adjunto; esteve 10 anos afastado da pol\u00edtica. Em Penamacor investiu em turismo local, com alojamento, e produziu vinho Serra P e azeite Serra Magor; tamb\u00e9m foi professor e pretende terminar o doutoramento. Nas palavras dele, n\u00e3o \u00e9 facilmente irrit\u00e1vel, gosta de m\u00fasica diversa e valoriza a privacidade familiar, referindo-se a uma vida dedicada \u00e0 pol\u00edtica, \u00e0 fam\u00edlia e aos neg\u00f3cios.\" \/>\n<meta property=\"og:url\" content=\"https:\/\/portaltela.pt\/noticias\/2026\/02\/08\/delfim-de-guterres-recusa-proposta-de-soares\/\" \/>\n<meta property=\"og:site_name\" content=\"Portal Tela Portugal\" \/>\n<meta property=\"article:published_time\" content=\"2026-02-09T01:30:00+00:00\" \/>\n<meta name=\"author\" content=\"Telinha\" \/>\n<meta name=\"twitter:card\" content=\"summary_large_image\" \/>\n<meta name=\"twitter:label1\" content=\"Escrito por\" \/>\n\t<meta name=\"twitter:data1\" content=\"Telinha\" \/>\n\t<meta name=\"twitter:label2\" content=\"Tempo estimado de leitura\" \/>\n\t<meta name=\"twitter:data2\" content=\"3 minutos\" \/>\n<script type=\"application\/ld+json\" class=\"yoast-schema-graph\">{\"@context\":\"https:\/\/schema.org\",\"@graph\":[{\"@type\":\"Article\",\"@id\":\"https:\/\/portaltela.pt\/noticias\/2026\/02\/08\/delfim-de-guterres-recusa-proposta-de-soares\/#article\",\"isPartOf\":{\"@id\":\"https:\/\/portaltela.pt\/noticias\/2026\/02\/08\/delfim-de-guterres-recusa-proposta-de-soares\/\"},\"author\":{\"name\":\"Telinha\",\"@id\":\"https:\/\/portaltela.pt\/#\/schema\/person\/c4278d4a6028830caff9ee44b42d32ed\"},\"headline\":\"Delfim de Guterres recusa proposta de Soares\",\"datePublished\":\"2026-02-09T01:30:00+00:00\",\"mainEntityOfPage\":{\"@id\":\"https:\/\/portaltela.pt\/noticias\/2026\/02\/08\/delfim-de-guterres-recusa-proposta-de-soares\/\"},\"wordCount\":541,\"image\":{\"@id\":\"https:\/\/portaltela.pt\/noticias\/2026\/02\/08\/delfim-de-guterres-recusa-proposta-de-soares\/#primaryimage\"},\"thumbnailUrl\":\"https:\/\/portaltela.pt\/s.01k8rhncp4jt1\/2026\/02\/img_1280x721uu2026-02-08-22-55-59-2265748.jpg\",\"keywords\":[\"elei\u00e7\u00f5es\",\"lideran\u00e7as\",\"Penamacor\",\"pol\u00edtica\",\"PS\",\"rela\u00e7\u00f5es internacionais\"],\"articleSection\":[\"Not\u00edcias\",\"Pol\u00edtica\"],\"inLanguage\":\"pt-PT\"},{\"@type\":\"WebPage\",\"@id\":\"https:\/\/portaltela.pt\/noticias\/2026\/02\/08\/delfim-de-guterres-recusa-proposta-de-soares\/\",\"url\":\"https:\/\/portaltela.pt\/noticias\/2026\/02\/08\/delfim-de-guterres-recusa-proposta-de-soares\/\",\"name\":\"Delfim de Guterres recusa proposta de Soares - Portal Tela Portugal\",\"isPartOf\":{\"@id\":\"https:\/\/portaltela.pt\/#website\"},\"primaryImageOfPage\":{\"@id\":\"https:\/\/portaltela.pt\/noticias\/2026\/02\/08\/delfim-de-guterres-recusa-proposta-de-soares\/#primaryimage\"},\"image\":{\"@id\":\"https:\/\/portaltela.pt\/noticias\/2026\/02\/08\/delfim-de-guterres-recusa-proposta-de-soares\/#primaryimage\"},\"thumbnailUrl\":\"https:\/\/portaltela.pt\/s.01k8rhncp4jt1\/2026\/02\/img_1280x721uu2026-02-08-22-55-59-2265748.jpg\",\"datePublished\":\"2026-02-09T01:30:00+00:00\",\"author\":{\"@id\":\"https:\/\/portaltela.pt\/#\/schema\/person\/c4278d4a6028830caff9ee44b42d32ed\"},\"breadcrumb\":{\"@id\":\"https:\/\/portaltela.pt\/noticias\/2026\/02\/08\/delfim-de-guterres-recusa-proposta-de-soares\/#breadcrumb\"},\"inLanguage\":\"pt-PT\",\"potentialAction\":[{\"@type\":\"ReadAction\",\"target\":[\"https:\/\/portaltela.pt\/noticias\/2026\/02\/08\/delfim-de-guterres-recusa-proposta-de-soares\/\"]}]},{\"@type\":\"ImageObject\",\"inLanguage\":\"pt-PT\",\"@id\":\"https:\/\/portaltela.pt\/noticias\/2026\/02\/08\/delfim-de-guterres-recusa-proposta-de-soares\/#primaryimage\",\"url\":\"https:\/\/portaltela.pt\/s.01k8rhncp4jt1\/2026\/02\/img_1280x721uu2026-02-08-22-55-59-2265748.jpg\",\"contentUrl\":\"https:\/\/portaltela.pt\/s.01k8rhncp4jt1\/2026\/02\/img_1280x721uu2026-02-08-22-55-59-2265748.jpg\",\"width\":796,\"height\":448,\"caption\":\"Delfim de Guterres, disse 'n\u00e3o' a Soares\"},{\"@type\":\"BreadcrumbList\",\"@id\":\"https:\/\/portaltela.pt\/noticias\/2026\/02\/08\/delfim-de-guterres-recusa-proposta-de-soares\/#breadcrumb\",\"itemListElement\":[{\"@type\":\"ListItem\",\"position\":1,\"name\":\"In\u00edcio\",\"item\":\"https:\/\/portaltela.pt\/\"},{\"@type\":\"ListItem\",\"position\":2,\"name\":\"Delfim de Guterres recusa proposta de Soares\"}]},{\"@type\":\"WebSite\",\"@id\":\"https:\/\/portaltela.pt\/#website\",\"url\":\"https:\/\/portaltela.pt\/\",\"name\":\"Portal Tela Portugal\",\"description\":\"\",\"potentialAction\":[{\"@type\":\"SearchAction\",\"target\":{\"@type\":\"EntryPoint\",\"urlTemplate\":\"https:\/\/portaltela.pt\/?s={search_term_string}\"},\"query-input\":{\"@type\":\"PropertyValueSpecification\",\"valueRequired\":true,\"valueName\":\"search_term_string\"}}],\"inLanguage\":\"pt-PT\"},{\"@type\":\"Person\",\"@id\":\"https:\/\/portaltela.pt\/#\/schema\/person\/c4278d4a6028830caff9ee44b42d32ed\",\"name\":\"Telinha\",\"image\":{\"@type\":\"ImageObject\",\"inLanguage\":\"pt-PT\",\"@id\":\"https:\/\/portaltela.pt\/s.01k8rhncp4jt1\/2025\/11\/talking-bot-125x125.png\",\"url\":\"https:\/\/portaltela.pt\/s.01k8rhncp4jt1\/2025\/11\/talking-bot-125x125.png\",\"contentUrl\":\"https:\/\/portaltela.pt\/s.01k8rhncp4jt1\/2025\/11\/talking-bot-125x125.png\",\"caption\":\"Telinha\"},\"sameAs\":[\"https:\/\/portaltela.pt\/\"],\"url\":\"https:\/\/portaltela.pt\/por\/367410592786\/\"}]}<\/script>\n<!-- \/ Yoast SEO plugin. -->","yoast_head_json":{"title":"Delfim de Guterres recusa proposta de Soares - Portal Tela Portugal","robots":{"index":"index","follow":"follow","max-snippet":"max-snippet:-1","max-image-preview":"max-image-preview:large","max-video-preview":"max-video-preview:-1"},"og_locale":"pt_PT","og_type":"article","og_title":"Delfim de Guterres recusa proposta de Soares - Portal Tela Portugal","og_description":"Ant\u00f3nio Jos\u00e9 Martins Seguro, 63 anos, nasceu em Penamacor e foi uma figura destacada do PS, pr\u00f3ximo de Ant\u00f3nio Guterres e chefe de governo interina antes de afastar-se da vida pol\u00edtica. Em 1982, fundou o jornal A Verdade com primos e \u201craptou\u201d Manuela Eanes para conseguir entrevista do marido, o ent\u00e3o presidente da Rep\u00fablica, resultado que acabou por ocorrer. Ocupou v\u00e1rios cargos, incluindo secret\u00e1rio-geral do PS, l\u00edder parlamentar e ministro adjunto; esteve 10 anos afastado da pol\u00edtica. Em Penamacor investiu em turismo local, com alojamento, e produziu vinho Serra P e azeite Serra Magor; tamb\u00e9m foi professor e pretende terminar o doutoramento. Nas palavras dele, n\u00e3o \u00e9 facilmente irrit\u00e1vel, gosta de m\u00fasica diversa e valoriza a privacidade familiar, referindo-se a uma vida dedicada \u00e0 pol\u00edtica, \u00e0 fam\u00edlia e aos neg\u00f3cios.","og_url":"https:\/\/portaltela.pt\/noticias\/2026\/02\/08\/delfim-de-guterres-recusa-proposta-de-soares\/","og_site_name":"Portal Tela Portugal","article_published_time":"2026-02-09T01:30:00+00:00","author":"Telinha","twitter_card":"summary_large_image","twitter_misc":{"Escrito por":"Telinha","Tempo estimado de leitura":"3 minutos"},"schema":{"@context":"https:\/\/schema.org","@graph":[{"@type":"Article","@id":"https:\/\/portaltela.pt\/noticias\/2026\/02\/08\/delfim-de-guterres-recusa-proposta-de-soares\/#article","isPartOf":{"@id":"https:\/\/portaltela.pt\/noticias\/2026\/02\/08\/delfim-de-guterres-recusa-proposta-de-soares\/"},"author":{"name":"Telinha","@id":"https:\/\/portaltela.pt\/#\/schema\/person\/c4278d4a6028830caff9ee44b42d32ed"},"headline":"Delfim de Guterres recusa proposta de Soares","datePublished":"2026-02-09T01:30:00+00:00","mainEntityOfPage":{"@id":"https:\/\/portaltela.pt\/noticias\/2026\/02\/08\/delfim-de-guterres-recusa-proposta-de-soares\/"},"wordCount":541,"image":{"@id":"https:\/\/portaltela.pt\/noticias\/2026\/02\/08\/delfim-de-guterres-recusa-proposta-de-soares\/#primaryimage"},"thumbnailUrl":"https:\/\/portaltela.pt\/s.01k8rhncp4jt1\/2026\/02\/img_1280x721uu2026-02-08-22-55-59-2265748.jpg","keywords":["elei\u00e7\u00f5es","lideran\u00e7as","Penamacor","pol\u00edtica","PS","rela\u00e7\u00f5es internacionais"],"articleSection":["Not\u00edcias","Pol\u00edtica"],"inLanguage":"pt-PT"},{"@type":"WebPage","@id":"https:\/\/portaltela.pt\/noticias\/2026\/02\/08\/delfim-de-guterres-recusa-proposta-de-soares\/","url":"https:\/\/portaltela.pt\/noticias\/2026\/02\/08\/delfim-de-guterres-recusa-proposta-de-soares\/","name":"Delfim de Guterres recusa proposta de Soares - Portal Tela Portugal","isPartOf":{"@id":"https:\/\/portaltela.pt\/#website"},"primaryImageOfPage":{"@id":"https:\/\/portaltela.pt\/noticias\/2026\/02\/08\/delfim-de-guterres-recusa-proposta-de-soares\/#primaryimage"},"image":{"@id":"https:\/\/portaltela.pt\/noticias\/2026\/02\/08\/delfim-de-guterres-recusa-proposta-de-soares\/#primaryimage"},"thumbnailUrl":"https:\/\/portaltela.pt\/s.01k8rhncp4jt1\/2026\/02\/img_1280x721uu2026-02-08-22-55-59-2265748.jpg","datePublished":"2026-02-09T01:30:00+00:00","author":{"@id":"https:\/\/portaltela.pt\/#\/schema\/person\/c4278d4a6028830caff9ee44b42d32ed"},"breadcrumb":{"@id":"https:\/\/portaltela.pt\/noticias\/2026\/02\/08\/delfim-de-guterres-recusa-proposta-de-soares\/#breadcrumb"},"inLanguage":"pt-PT","potentialAction":[{"@type":"ReadAction","target":["https:\/\/portaltela.pt\/noticias\/2026\/02\/08\/delfim-de-guterres-recusa-proposta-de-soares\/"]}]},{"@type":"ImageObject","inLanguage":"pt-PT","@id":"https:\/\/portaltela.pt\/noticias\/2026\/02\/08\/delfim-de-guterres-recusa-proposta-de-soares\/#primaryimage","url":"https:\/\/portaltela.pt\/s.01k8rhncp4jt1\/2026\/02\/img_1280x721uu2026-02-08-22-55-59-2265748.jpg","contentUrl":"https:\/\/portaltela.pt\/s.01k8rhncp4jt1\/2026\/02\/img_1280x721uu2026-02-08-22-55-59-2265748.jpg","width":796,"height":448,"caption":"Delfim de Guterres, disse 'n\u00e3o' a Soares"},{"@type":"BreadcrumbList","@id":"https:\/\/portaltela.pt\/noticias\/2026\/02\/08\/delfim-de-guterres-recusa-proposta-de-soares\/#breadcrumb","itemListElement":[{"@type":"ListItem","position":1,"name":"In\u00edcio","item":"https:\/\/portaltela.pt\/"},{"@type":"ListItem","position":2,"name":"Delfim de Guterres recusa proposta de Soares"}]},{"@type":"WebSite","@id":"https:\/\/portaltela.pt\/#website","url":"https:\/\/portaltela.pt\/","name":"Portal Tela Portugal","description":"","potentialAction":[{"@type":"SearchAction","target":{"@type":"EntryPoint","urlTemplate":"https:\/\/portaltela.pt\/?s={search_term_string}"},"query-input":{"@type":"PropertyValueSpecification","valueRequired":true,"valueName":"search_term_string"}}],"inLanguage":"pt-PT"},{"@type":"Person","@id":"https:\/\/portaltela.pt\/#\/schema\/person\/c4278d4a6028830caff9ee44b42d32ed","name":"Telinha","image":{"@type":"ImageObject","inLanguage":"pt-PT","@id":"https:\/\/portaltela.pt\/s.01k8rhncp4jt1\/2025\/11\/talking-bot-125x125.png","url":"https:\/\/portaltela.pt\/s.01k8rhncp4jt1\/2025\/11\/talking-bot-125x125.png","contentUrl":"https:\/\/portaltela.pt\/s.01k8rhncp4jt1\/2025\/11\/talking-bot-125x125.png","caption":"Telinha"},"sameAs":["https:\/\/portaltela.pt\/"],"url":"https:\/\/portaltela.pt\/por\/367410592786\/"}]}},"_links":{"self":[{"href":"https:\/\/portaltela.pt\/api\/wp\/v2\/posts\/204873","targetHints":{"allow":["GET"]}}],"collection":[{"href":"https:\/\/portaltela.pt\/api\/wp\/v2\/posts"}],"about":[{"href":"https:\/\/portaltela.pt\/api\/wp\/v2\/types\/post"}],"author":[{"embeddable":true,"href":"https:\/\/portaltela.pt\/api\/wp\/v2\/users\/2"}],"replies":[{"embeddable":true,"href":"https:\/\/portaltela.pt\/api\/wp\/v2\/comments?post=204873"}],"version-history":[{"count":0,"href":"https:\/\/portaltela.pt\/api\/wp\/v2\/posts\/204873\/revisions"}],"wp:featuredmedia":[{"embeddable":true,"href":"https:\/\/portaltela.pt\/api\/wp\/v2\/media\/204874"}],"wp:attachment":[{"href":"https:\/\/portaltela.pt\/api\/wp\/v2\/media?parent=204873"}],"wp:term":[{"taxonomy":"category","embeddable":true,"href":"https:\/\/portaltela.pt\/api\/wp\/v2\/categories?post=204873"},{"taxonomy":"post_tag","embeddable":true,"href":"https:\/\/portaltela.pt\/api\/wp\/v2\/tags?post=204873"}],"curies":[{"name":"wp","href":"https:\/\/api.w.org\/{rel}","templated":true}]}}