{"id":204862,"date":"2026-02-08T22:30:00","date_gmt":"2026-02-09T01:30:00","guid":{"rendered":"https:\/\/portaltela.pt\/noticias\/2026\/02\/08\/seguro-eleito-presidente-com-maioria-esmagadora\/"},"modified":"2026-02-08T22:30:00","modified_gmt":"2026-02-09T01:30:00","slug":"seguro-eleito-presidente-com-maioria-esmagadora","status":"publish","type":"post","link":"https:\/\/portaltela.pt\/noticias\/politica\/2026\/02\/08\/seguro-eleito-presidente-com-maioria-esmagadora\/","title":{"rendered":"Seguro eleito Presidente com maioria esmagadora"},"content":{"rendered":"<p>Ant\u00f3nio Jos\u00e9 Seguro foi eleito Presidente da Rep\u00fablica com mais de dois ter\u00e7os dos votos expressos, na segunda volta realizada no dia 8 de fevereiro de 2026. A vit\u00f3ria ocorre em territ\u00f3rio nacional, numa elei\u00e7\u00e3o que decorreu de forma est\u00e1vel apesar de tens\u00f5es pol\u00edticas anteriores e de um contexto de crise.<\/p>\n<p>Seguro, militante socialista de Penamacor que reside hoje em Caldas da Rainha, consolidou o seu apoio junto de setores da esquerda, centro e direita tradicional. O resultado supera o recorde de votos j\u00e1 registado por um Presidente, apesar de Ventura ter captado uma significativa vota\u00e7\u00e3o \u00e0 direita.<\/p>\n<p>Ventura, apesar da derrota, bateu marcas hist\u00f3ricas para o seu partido, superando a melhor marca anterior do Chega nas elei\u00e7\u00f5es anteriores. Os resultados indicam uma participa\u00e7\u00e3o que subsiste mesmo em concelhos com mobiliza\u00e7\u00e3o reduzida.<\/p>\n<h3>Resultados e significado<\/h3>\n<p>A vit\u00f3ria de Seguro confirma a continuidade de uma lideran\u00e7a que j\u00e1 foi alvo de controv\u00e9rsia interna no PS h\u00e1 mais de uma d\u00e9cada. O resultado destaca uma vota\u00e7\u00e3o expressiva ao longo de v\u00e1rias sensibilidades pol\u00edticas, destacando a dimens\u00e3o hist\u00f3rica do escrut\u00ednio.<\/p>\n<p>Os dados indicam que a absten\u00e7\u00e3o n\u00e3o alterou o resultado final nos locais onde houve voto. A presidente cessante acompanhou o escrut\u00ednio at\u00e9 aos \u00faltimos momentos, reconhecendo a legitimidade da vit\u00f3ria do candidato socialista.<\/p>\n","protected":false},"excerpt":{"rendered":"<ul>\n<li>Ant\u00f3nio Jos\u00e9 Seguro foi eleito Presidente da Rep\u00fablica com mais de dois ter\u00e7os dos votos expressos.<\/li>\n<li>Ventura Ferreira perdeu a corrida, mas atingiu um recorde de votos para a sua for\u00e7a pol\u00edtica na segunda volta.<\/li>\n<li>Seguro reuniu apoio da esquerda, do centro e da direita tradicional, sucedendo a Marcelo Rebelo de Sousa.<\/li>\n<li>Em n\u00famero de votos, Seguro bate o recorde na hist\u00f3ria da pol\u00edtica portuguesa, mesmo com uma percentagem inferior.<\/li>\n<li>A vit\u00f3ria \u00e9 apresentada como tranquila; em concelhos onde n\u00e3o houve vota\u00e7\u00e3o, o resultado permanece inalterado.<\/li>\n<\/ul>\n","protected":false},"author":2,"featured_media":204868,"comment_status":"closed","ping_status":"closed","sticky":false,"template":"","format":"standard","meta":{"footnotes":""},"categories":[1,5],"tags":[1672,68,3676,3422,2832,30],"class_list":["post-204862","post","type-post","status-publish","format-standard","has-post-thumbnail","hentry","category-noticias","category-politica","tag-caldas-da-rainha","tag-eleicoes","tag-partido-socialista","tag-penamacor","tag-politica","tag-presidente"],"yoast_head":"<!-- This site is optimized with the Yoast SEO plugin v27.2 - https:\/\/yoast.com\/product\/yoast-seo-wordpress\/ -->\n<title>Seguro eleito Presidente com maioria esmagadora - Portal Tela Portugal<\/title>\n<meta name=\"robots\" content=\"index, follow, max-snippet:-1, max-image-preview:large, max-video-preview:-1\" \/>\n<meta property=\"og:locale\" content=\"pt_PT\" \/>\n<meta property=\"og:type\" content=\"article\" \/>\n<meta property=\"og:title\" content=\"Seguro eleito Presidente com maioria esmagadora - Portal Tela Portugal\" \/>\n<meta property=\"og:description\" content=\"Ant\u00f3nio Jos\u00e9 Seguro foi eleito Presidente da Rep\u00fablica com mais de dois ter\u00e7os dos votos expressos. Ventura Ferreira perdeu a corrida, mas atingiu um recorde de votos para a sua for\u00e7a pol\u00edtica na segunda volta. Seguro reuniu apoio da esquerda, do centro e da direita tradicional, sucedendo a Marcelo Rebelo de Sousa. Em n\u00famero de votos, Seguro bate o recorde na hist\u00f3ria da pol\u00edtica portuguesa, mesmo com uma percentagem inferior. A vit\u00f3ria \u00e9 apresentada como tranquila; em concelhos onde n\u00e3o houve vota\u00e7\u00e3o, o resultado permanece inalterado.\" \/>\n<meta property=\"og:url\" content=\"https:\/\/portaltela.pt\/noticias\/2026\/02\/08\/seguro-eleito-presidente-com-maioria-esmagadora\/\" \/>\n<meta property=\"og:site_name\" content=\"Portal Tela Portugal\" \/>\n<meta property=\"article:published_time\" content=\"2026-02-09T01:30:00+00:00\" \/>\n<meta name=\"author\" content=\"Telinha\" \/>\n<meta name=\"twitter:card\" content=\"summary_large_image\" \/>\n<meta name=\"twitter:label1\" content=\"Escrito por\" \/>\n\t<meta name=\"twitter:data1\" content=\"Telinha\" \/>\n\t<meta name=\"twitter:label2\" content=\"Tempo estimado de leitura\" \/>\n\t<meta name=\"twitter:data2\" content=\"1 minuto\" \/>\n<script type=\"application\/ld+json\" class=\"yoast-schema-graph\">{\"@context\":\"https:\/\/schema.org\",\"@graph\":[{\"@type\":\"Article\",\"@id\":\"https:\/\/portaltela.pt\/noticias\/2026\/02\/08\/seguro-eleito-presidente-com-maioria-esmagadora\/#article\",\"isPartOf\":{\"@id\":\"https:\/\/portaltela.pt\/noticias\/2026\/02\/08\/seguro-eleito-presidente-com-maioria-esmagadora\/\"},\"author\":{\"name\":\"Telinha\",\"@id\":\"https:\/\/portaltela.pt\/#\/schema\/person\/c4278d4a6028830caff9ee44b42d32ed\"},\"headline\":\"Seguro eleito Presidente com maioria esmagadora\",\"datePublished\":\"2026-02-09T01:30:00+00:00\",\"mainEntityOfPage\":{\"@id\":\"https:\/\/portaltela.pt\/noticias\/2026\/02\/08\/seguro-eleito-presidente-com-maioria-esmagadora\/\"},\"wordCount\":242,\"image\":{\"@id\":\"https:\/\/portaltela.pt\/noticias\/2026\/02\/08\/seguro-eleito-presidente-com-maioria-esmagadora\/#primaryimage\"},\"thumbnailUrl\":\"https:\/\/portaltela.pt\/s.01k8rhncp4jt1\/2026\/02\/img_1500x1000uu2026-02-08-23-22-55-2265757-im-639061927420430455.jpg\",\"keywords\":[\"Caldas da Rainha\",\"elei\u00e7\u00f5es\",\"Partido Socialista\",\"Penamacor\",\"pol\u00edtica\",\"presidente\"],\"articleSection\":[\"Not\u00edcias\",\"Pol\u00edtica\"],\"inLanguage\":\"pt-PT\"},{\"@type\":\"WebPage\",\"@id\":\"https:\/\/portaltela.pt\/noticias\/2026\/02\/08\/seguro-eleito-presidente-com-maioria-esmagadora\/\",\"url\":\"https:\/\/portaltela.pt\/noticias\/2026\/02\/08\/seguro-eleito-presidente-com-maioria-esmagadora\/\",\"name\":\"Seguro eleito Presidente com maioria esmagadora - Portal Tela Portugal\",\"isPartOf\":{\"@id\":\"https:\/\/portaltela.pt\/#website\"},\"primaryImageOfPage\":{\"@id\":\"https:\/\/portaltela.pt\/noticias\/2026\/02\/08\/seguro-eleito-presidente-com-maioria-esmagadora\/#primaryimage\"},\"image\":{\"@id\":\"https:\/\/portaltela.pt\/noticias\/2026\/02\/08\/seguro-eleito-presidente-com-maioria-esmagadora\/#primaryimage\"},\"thumbnailUrl\":\"https:\/\/portaltela.pt\/s.01k8rhncp4jt1\/2026\/02\/img_1500x1000uu2026-02-08-23-22-55-2265757-im-639061927420430455.jpg\",\"datePublished\":\"2026-02-09T01:30:00+00:00\",\"author\":{\"@id\":\"https:\/\/portaltela.pt\/#\/schema\/person\/c4278d4a6028830caff9ee44b42d32ed\"},\"breadcrumb\":{\"@id\":\"https:\/\/portaltela.pt\/noticias\/2026\/02\/08\/seguro-eleito-presidente-com-maioria-esmagadora\/#breadcrumb\"},\"inLanguage\":\"pt-PT\",\"potentialAction\":[{\"@type\":\"ReadAction\",\"target\":[\"https:\/\/portaltela.pt\/noticias\/2026\/02\/08\/seguro-eleito-presidente-com-maioria-esmagadora\/\"]}]},{\"@type\":\"ImageObject\",\"inLanguage\":\"pt-PT\",\"@id\":\"https:\/\/portaltela.pt\/noticias\/2026\/02\/08\/seguro-eleito-presidente-com-maioria-esmagadora\/#primaryimage\",\"url\":\"https:\/\/portaltela.pt\/s.01k8rhncp4jt1\/2026\/02\/img_1500x1000uu2026-02-08-23-22-55-2265757-im-639061927420430455.jpg\",\"contentUrl\":\"https:\/\/portaltela.pt\/s.01k8rhncp4jt1\/2026\/02\/img_1500x1000uu2026-02-08-23-22-55-2265757-im-639061927420430455.jpg\",\"width\":796,\"height\":448,\"caption\":\"Ant\u00f3nio Jos\u00e9 Seguro \u00e9 o novo Presidente da Rep\u00fablica\"},{\"@type\":\"BreadcrumbList\",\"@id\":\"https:\/\/portaltela.pt\/noticias\/2026\/02\/08\/seguro-eleito-presidente-com-maioria-esmagadora\/#breadcrumb\",\"itemListElement\":[{\"@type\":\"ListItem\",\"position\":1,\"name\":\"In\u00edcio\",\"item\":\"https:\/\/portaltela.pt\/\"},{\"@type\":\"ListItem\",\"position\":2,\"name\":\"Seguro eleito Presidente com maioria esmagadora\"}]},{\"@type\":\"WebSite\",\"@id\":\"https:\/\/portaltela.pt\/#website\",\"url\":\"https:\/\/portaltela.pt\/\",\"name\":\"Portal Tela Portugal\",\"description\":\"\",\"potentialAction\":[{\"@type\":\"SearchAction\",\"target\":{\"@type\":\"EntryPoint\",\"urlTemplate\":\"https:\/\/portaltela.pt\/?s={search_term_string}\"},\"query-input\":{\"@type\":\"PropertyValueSpecification\",\"valueRequired\":true,\"valueName\":\"search_term_string\"}}],\"inLanguage\":\"pt-PT\"},{\"@type\":\"Person\",\"@id\":\"https:\/\/portaltela.pt\/#\/schema\/person\/c4278d4a6028830caff9ee44b42d32ed\",\"name\":\"Telinha\",\"image\":{\"@type\":\"ImageObject\",\"inLanguage\":\"pt-PT\",\"@id\":\"https:\/\/portaltela.pt\/s.01k8rhncp4jt1\/2025\/11\/talking-bot-125x125.png\",\"url\":\"https:\/\/portaltela.pt\/s.01k8rhncp4jt1\/2025\/11\/talking-bot-125x125.png\",\"contentUrl\":\"https:\/\/portaltela.pt\/s.01k8rhncp4jt1\/2025\/11\/talking-bot-125x125.png\",\"caption\":\"Telinha\"},\"sameAs\":[\"https:\/\/portaltela.pt\/\"],\"url\":\"https:\/\/portaltela.pt\/por\/367410592786\/\"}]}<\/script>\n<!-- \/ Yoast SEO plugin. -->","yoast_head_json":{"title":"Seguro eleito Presidente com maioria esmagadora - Portal Tela Portugal","robots":{"index":"index","follow":"follow","max-snippet":"max-snippet:-1","max-image-preview":"max-image-preview:large","max-video-preview":"max-video-preview:-1"},"og_locale":"pt_PT","og_type":"article","og_title":"Seguro eleito Presidente com maioria esmagadora - Portal Tela Portugal","og_description":"Ant\u00f3nio Jos\u00e9 Seguro foi eleito Presidente da Rep\u00fablica com mais de dois ter\u00e7os dos votos expressos. Ventura Ferreira perdeu a corrida, mas atingiu um recorde de votos para a sua for\u00e7a pol\u00edtica na segunda volta. Seguro reuniu apoio da esquerda, do centro e da direita tradicional, sucedendo a Marcelo Rebelo de Sousa. Em n\u00famero de votos, Seguro bate o recorde na hist\u00f3ria da pol\u00edtica portuguesa, mesmo com uma percentagem inferior. A vit\u00f3ria \u00e9 apresentada como tranquila; em concelhos onde n\u00e3o houve vota\u00e7\u00e3o, o resultado permanece inalterado.","og_url":"https:\/\/portaltela.pt\/noticias\/2026\/02\/08\/seguro-eleito-presidente-com-maioria-esmagadora\/","og_site_name":"Portal Tela Portugal","article_published_time":"2026-02-09T01:30:00+00:00","author":"Telinha","twitter_card":"summary_large_image","twitter_misc":{"Escrito por":"Telinha","Tempo estimado de leitura":"1 minuto"},"schema":{"@context":"https:\/\/schema.org","@graph":[{"@type":"Article","@id":"https:\/\/portaltela.pt\/noticias\/2026\/02\/08\/seguro-eleito-presidente-com-maioria-esmagadora\/#article","isPartOf":{"@id":"https:\/\/portaltela.pt\/noticias\/2026\/02\/08\/seguro-eleito-presidente-com-maioria-esmagadora\/"},"author":{"name":"Telinha","@id":"https:\/\/portaltela.pt\/#\/schema\/person\/c4278d4a6028830caff9ee44b42d32ed"},"headline":"Seguro eleito Presidente com maioria esmagadora","datePublished":"2026-02-09T01:30:00+00:00","mainEntityOfPage":{"@id":"https:\/\/portaltela.pt\/noticias\/2026\/02\/08\/seguro-eleito-presidente-com-maioria-esmagadora\/"},"wordCount":242,"image":{"@id":"https:\/\/portaltela.pt\/noticias\/2026\/02\/08\/seguro-eleito-presidente-com-maioria-esmagadora\/#primaryimage"},"thumbnailUrl":"https:\/\/portaltela.pt\/s.01k8rhncp4jt1\/2026\/02\/img_1500x1000uu2026-02-08-23-22-55-2265757-im-639061927420430455.jpg","keywords":["Caldas da Rainha","elei\u00e7\u00f5es","Partido Socialista","Penamacor","pol\u00edtica","presidente"],"articleSection":["Not\u00edcias","Pol\u00edtica"],"inLanguage":"pt-PT"},{"@type":"WebPage","@id":"https:\/\/portaltela.pt\/noticias\/2026\/02\/08\/seguro-eleito-presidente-com-maioria-esmagadora\/","url":"https:\/\/portaltela.pt\/noticias\/2026\/02\/08\/seguro-eleito-presidente-com-maioria-esmagadora\/","name":"Seguro eleito Presidente com maioria esmagadora - Portal Tela Portugal","isPartOf":{"@id":"https:\/\/portaltela.pt\/#website"},"primaryImageOfPage":{"@id":"https:\/\/portaltela.pt\/noticias\/2026\/02\/08\/seguro-eleito-presidente-com-maioria-esmagadora\/#primaryimage"},"image":{"@id":"https:\/\/portaltela.pt\/noticias\/2026\/02\/08\/seguro-eleito-presidente-com-maioria-esmagadora\/#primaryimage"},"thumbnailUrl":"https:\/\/portaltela.pt\/s.01k8rhncp4jt1\/2026\/02\/img_1500x1000uu2026-02-08-23-22-55-2265757-im-639061927420430455.jpg","datePublished":"2026-02-09T01:30:00+00:00","author":{"@id":"https:\/\/portaltela.pt\/#\/schema\/person\/c4278d4a6028830caff9ee44b42d32ed"},"breadcrumb":{"@id":"https:\/\/portaltela.pt\/noticias\/2026\/02\/08\/seguro-eleito-presidente-com-maioria-esmagadora\/#breadcrumb"},"inLanguage":"pt-PT","potentialAction":[{"@type":"ReadAction","target":["https:\/\/portaltela.pt\/noticias\/2026\/02\/08\/seguro-eleito-presidente-com-maioria-esmagadora\/"]}]},{"@type":"ImageObject","inLanguage":"pt-PT","@id":"https:\/\/portaltela.pt\/noticias\/2026\/02\/08\/seguro-eleito-presidente-com-maioria-esmagadora\/#primaryimage","url":"https:\/\/portaltela.pt\/s.01k8rhncp4jt1\/2026\/02\/img_1500x1000uu2026-02-08-23-22-55-2265757-im-639061927420430455.jpg","contentUrl":"https:\/\/portaltela.pt\/s.01k8rhncp4jt1\/2026\/02\/img_1500x1000uu2026-02-08-23-22-55-2265757-im-639061927420430455.jpg","width":796,"height":448,"caption":"Ant\u00f3nio Jos\u00e9 Seguro \u00e9 o novo Presidente da Rep\u00fablica"},{"@type":"BreadcrumbList","@id":"https:\/\/portaltela.pt\/noticias\/2026\/02\/08\/seguro-eleito-presidente-com-maioria-esmagadora\/#breadcrumb","itemListElement":[{"@type":"ListItem","position":1,"name":"In\u00edcio","item":"https:\/\/portaltela.pt\/"},{"@type":"ListItem","position":2,"name":"Seguro eleito Presidente com maioria esmagadora"}]},{"@type":"WebSite","@id":"https:\/\/portaltela.pt\/#website","url":"https:\/\/portaltela.pt\/","name":"Portal Tela Portugal","description":"","potentialAction":[{"@type":"SearchAction","target":{"@type":"EntryPoint","urlTemplate":"https:\/\/portaltela.pt\/?s={search_term_string}"},"query-input":{"@type":"PropertyValueSpecification","valueRequired":true,"valueName":"search_term_string"}}],"inLanguage":"pt-PT"},{"@type":"Person","@id":"https:\/\/portaltela.pt\/#\/schema\/person\/c4278d4a6028830caff9ee44b42d32ed","name":"Telinha","image":{"@type":"ImageObject","inLanguage":"pt-PT","@id":"https:\/\/portaltela.pt\/s.01k8rhncp4jt1\/2025\/11\/talking-bot-125x125.png","url":"https:\/\/portaltela.pt\/s.01k8rhncp4jt1\/2025\/11\/talking-bot-125x125.png","contentUrl":"https:\/\/portaltela.pt\/s.01k8rhncp4jt1\/2025\/11\/talking-bot-125x125.png","caption":"Telinha"},"sameAs":["https:\/\/portaltela.pt\/"],"url":"https:\/\/portaltela.pt\/por\/367410592786\/"}]}},"_links":{"self":[{"href":"https:\/\/portaltela.pt\/api\/wp\/v2\/posts\/204862","targetHints":{"allow":["GET"]}}],"collection":[{"href":"https:\/\/portaltela.pt\/api\/wp\/v2\/posts"}],"about":[{"href":"https:\/\/portaltela.pt\/api\/wp\/v2\/types\/post"}],"author":[{"embeddable":true,"href":"https:\/\/portaltela.pt\/api\/wp\/v2\/users\/2"}],"replies":[{"embeddable":true,"href":"https:\/\/portaltela.pt\/api\/wp\/v2\/comments?post=204862"}],"version-history":[{"count":0,"href":"https:\/\/portaltela.pt\/api\/wp\/v2\/posts\/204862\/revisions"}],"wp:featuredmedia":[{"embeddable":true,"href":"https:\/\/portaltela.pt\/api\/wp\/v2\/media\/204868"}],"wp:attachment":[{"href":"https:\/\/portaltela.pt\/api\/wp\/v2\/media?parent=204862"}],"wp:term":[{"taxonomy":"category","embeddable":true,"href":"https:\/\/portaltela.pt\/api\/wp\/v2\/categories?post=204862"},{"taxonomy":"post_tag","embeddable":true,"href":"https:\/\/portaltela.pt\/api\/wp\/v2\/tags?post=204862"}],"curies":[{"name":"wp","href":"https:\/\/api.w.org\/{rel}","templated":true}]}}