{"id":204856,"date":"2026-02-08T22:30:00","date_gmt":"2026-02-09T01:30:00","guid":{"rendered":"https:\/\/portaltela.pt\/noticias\/2026\/02\/08\/temporal-nao-trava-a-folia-nem-o-espirito-festivo-dos-nazarenos\/"},"modified":"2026-02-08T22:30:00","modified_gmt":"2026-02-09T01:30:00","slug":"temporal-nao-trava-a-folia-nem-o-espirito-festivo-dos-nazarenos","status":"publish","type":"post","link":"https:\/\/portaltela.pt\/noticias\/2026\/02\/08\/temporal-nao-trava-a-folia-nem-o-espirito-festivo-dos-nazarenos\/","title":{"rendered":"Temporal n\u00e3o trava a folia nem o esp\u00edrito festivo dos nazarenos"},"content":{"rendered":"<p>O carnaval dos nazarenos da Nazar\u00e9, vila piscat\u00f3ria, mant\u00e9m-se presente mesmo com o mau tempo. O objetivo \u00e9 celebrar a tradi\u00e7\u00e3o, preservando o esp\u00edrito festivo da comunidade, mesmo com menos bailes e desfiles.<\/p>\n<p>Paula Flor\u00eancia, rainha da festa, e Joaquim Bulh\u00f5es, rei, destacam que o evento \u00e9 essencial para a identidade local. Ambos lembram que a celebra\u00e7\u00e3o tem ra\u00edzes profundas na mem\u00f3ria da vila e na forma como a pesca marca o calend\u00e1rio.<\/p>\n<p>Os dois l\u00edderes, com 53 e 56 anos, participam ativamente h\u00e1 d\u00e9cadas na folia. Refor\u00e7am que foram escolhidos pela liga\u00e7\u00e3o \u00e0 comunidade e pela capacidade de conectar pessoas durante as festas.<\/p>\n<p>O mote do carnaval \u00e9 uma express\u00e3o do imagin\u00e1rio mar\u00edtimo da regi\u00e3o, associada \u00e0 pesca abundante. O lema guia o sentimento de espontaneidade que caracteriza o cortejo e as atividades ligadas \u00e0 Confraria de Nossa Senhora da Nazar\u00e9 e ao munic\u00edpio.<\/p>\n<p>O papel dos reis \u00e9, segundo eles, o de embaixadores da terra, capazes de aproximar vizinhos e visitantes. Garantem que a anima\u00e7\u00e3o do evento surge de forma natural, sem influ\u00eancias externas.<\/p>\n<h3>Impacto do mau tempo<\/h3>\n<p>As festividades sofreram altera\u00e7\u00f5es devido \u00e0s condi\u00e7\u00f5es meteorol\u00f3gicas. Os bailes de rua foram cancelados e os hor\u00e1rios dos estabelecimentos passaram a ser mais restritos. A edi\u00e7\u00e3o deste ano deslocou parte da folia para o dia 14 de fevereiro.<\/p>\n<p>O desfile noturno foi cancelado, assim como o de domingo. O desfile de ter\u00e7a-feira ainda mant\u00e9m-se em pauta, dependendo das condi\u00e7\u00f5es clim\u00e1ticas. A organiza\u00e7\u00e3o envolve a Confraria e o Munic\u00edpio para ajustar o programa.<\/p>\n","protected":false},"excerpt":{"rendered":"<ul>\n<li>O carnaval de Nazar\u00e9 n\u00e3o deixou de haver festejos apesar do mau tempo, com Paula Flor\u00eancia e Joaquim Bulh\u00f5es confirmados como reis do carnaval.<\/li>\n<li>Paula Flor\u00eancia tem 53 anos e Joaquim Bulh\u00f5es 56, ambos participantes ativos na folia local e descritos como embaixadores da terra.<\/li>\n<li>O mote do carnaval \u00e9 \u201c\u00c9 lance de muit\u2019 p\u00eaxe\u201d, ligado ao imagin\u00e1rio mar\u00edtimo e \u00e0 mem\u00f3ria da vila.<\/li>\n<li>Devido ao mau tempo, houve altera\u00e7\u00f5es: bailes de rua cancelados, hor\u00e1rios dos bares reduzidos e o s\u00e1bado magro pass<\/li>\n<\/ul>\n<p>ou para 14 de fevereiro, com o desfile noturno cancelado.<\/p>\n<ul>\n<li>O desfile de domingo foi cancelado, estando o desfile de ter\u00e7a-feira ainda previsto.<\/li>\n<\/ul>\n","protected":false},"author":2,"featured_media":204867,"comment_status":"closed","ping_status":"closed","sticky":false,"template":"","format":"standard","meta":{"footnotes":""},"categories":[1],"tags":[4975,4919,2093,894,5093,169],"class_list":["post-204856","post","type-post","status-publish","format-standard","has-post-thumbnail","hentry","category-noticias","tag-confrarias","tag-festas","tag-municipios","tag-nazare","tag-pesca","tag-turismo"],"yoast_head":"<!-- This site is optimized with the Yoast SEO plugin v27.2 - https:\/\/yoast.com\/product\/yoast-seo-wordpress\/ -->\n<title>Temporal n\u00e3o trava a folia nem o esp\u00edrito festivo dos nazarenos - Portal Tela Portugal<\/title>\n<meta name=\"robots\" content=\"index, follow, max-snippet:-1, max-image-preview:large, max-video-preview:-1\" \/>\n<meta property=\"og:locale\" content=\"pt_PT\" \/>\n<meta property=\"og:type\" content=\"article\" \/>\n<meta property=\"og:title\" content=\"Temporal n\u00e3o trava a folia nem o esp\u00edrito festivo dos nazarenos - Portal Tela Portugal\" \/>\n<meta property=\"og:description\" content=\"O carnaval de Nazar\u00e9 n\u00e3o deixou de haver festejos apesar do mau tempo, com Paula Flor\u00eancia e Joaquim Bulh\u00f5es confirmados como reis do carnaval. Paula Flor\u00eancia tem 53 anos e Joaquim Bulh\u00f5es 56, ambos participantes ativos na folia local e descritos como embaixadores da terra. O mote do carnaval \u00e9 \u201c\u00c9 lance de muit\u2019 p\u00eaxe\u201d, ligado ao imagin\u00e1rio mar\u00edtimo e \u00e0 mem\u00f3ria da vila. Devido ao mau tempo, houve altera\u00e7\u00f5es: bailes de rua cancelados, hor\u00e1rios dos bares reduzidos e o s\u00e1bado magro pass ou para 14 de fevereiro, com o desfile noturno cancelado. O desfile de domingo foi cancelado, estando o desfile de ter\u00e7a-feira ainda previsto.\" \/>\n<meta property=\"og:url\" content=\"https:\/\/portaltela.pt\/noticias\/2026\/02\/08\/temporal-nao-trava-a-folia-nem-o-espirito-festivo-dos-nazarenos\/\" \/>\n<meta property=\"og:site_name\" content=\"Portal Tela Portugal\" \/>\n<meta property=\"article:published_time\" content=\"2026-02-09T01:30:00+00:00\" \/>\n<meta name=\"author\" content=\"Telinha\" \/>\n<meta name=\"twitter:card\" content=\"summary_large_image\" \/>\n<meta name=\"twitter:label1\" content=\"Escrito por\" \/>\n\t<meta name=\"twitter:data1\" content=\"Telinha\" \/>\n\t<meta name=\"twitter:label2\" content=\"Tempo estimado de leitura\" \/>\n\t<meta name=\"twitter:data2\" content=\"1 minuto\" \/>\n<script type=\"application\/ld+json\" class=\"yoast-schema-graph\">{\"@context\":\"https:\/\/schema.org\",\"@graph\":[{\"@type\":\"Article\",\"@id\":\"https:\/\/portaltela.pt\/noticias\/2026\/02\/08\/temporal-nao-trava-a-folia-nem-o-espirito-festivo-dos-nazarenos\/#article\",\"isPartOf\":{\"@id\":\"https:\/\/portaltela.pt\/noticias\/2026\/02\/08\/temporal-nao-trava-a-folia-nem-o-espirito-festivo-dos-nazarenos\/\"},\"author\":{\"name\":\"Telinha\",\"@id\":\"https:\/\/portaltela.pt\/#\/schema\/person\/c4278d4a6028830caff9ee44b42d32ed\"},\"headline\":\"Temporal n\u00e3o trava a folia nem o esp\u00edrito festivo dos nazarenos\",\"datePublished\":\"2026-02-09T01:30:00+00:00\",\"mainEntityOfPage\":{\"@id\":\"https:\/\/portaltela.pt\/noticias\/2026\/02\/08\/temporal-nao-trava-a-folia-nem-o-espirito-festivo-dos-nazarenos\/\"},\"wordCount\":287,\"image\":{\"@id\":\"https:\/\/portaltela.pt\/noticias\/2026\/02\/08\/temporal-nao-trava-a-folia-nem-o-espirito-festivo-dos-nazarenos\/#primaryimage\"},\"thumbnailUrl\":\"https:\/\/portaltela.pt\/s.01k8rhncp4jt1\/2026\/02\/img_1500x1000uu2026-02-08-10-05-58-2265528.jpg\",\"keywords\":[\"confrarias\",\"festas\",\"munic\u00edpios\",\"Nazar\u00e9\",\"pesca\",\"turismo\"],\"articleSection\":[\"Not\u00edcias\"],\"inLanguage\":\"pt-PT\"},{\"@type\":\"WebPage\",\"@id\":\"https:\/\/portaltela.pt\/noticias\/2026\/02\/08\/temporal-nao-trava-a-folia-nem-o-espirito-festivo-dos-nazarenos\/\",\"url\":\"https:\/\/portaltela.pt\/noticias\/2026\/02\/08\/temporal-nao-trava-a-folia-nem-o-espirito-festivo-dos-nazarenos\/\",\"name\":\"Temporal n\u00e3o trava a folia nem o esp\u00edrito festivo dos nazarenos - Portal Tela Portugal\",\"isPartOf\":{\"@id\":\"https:\/\/portaltela.pt\/#website\"},\"primaryImageOfPage\":{\"@id\":\"https:\/\/portaltela.pt\/noticias\/2026\/02\/08\/temporal-nao-trava-a-folia-nem-o-espirito-festivo-dos-nazarenos\/#primaryimage\"},\"image\":{\"@id\":\"https:\/\/portaltela.pt\/noticias\/2026\/02\/08\/temporal-nao-trava-a-folia-nem-o-espirito-festivo-dos-nazarenos\/#primaryimage\"},\"thumbnailUrl\":\"https:\/\/portaltela.pt\/s.01k8rhncp4jt1\/2026\/02\/img_1500x1000uu2026-02-08-10-05-58-2265528.jpg\",\"datePublished\":\"2026-02-09T01:30:00+00:00\",\"author\":{\"@id\":\"https:\/\/portaltela.pt\/#\/schema\/person\/c4278d4a6028830caff9ee44b42d32ed\"},\"breadcrumb\":{\"@id\":\"https:\/\/portaltela.pt\/noticias\/2026\/02\/08\/temporal-nao-trava-a-folia-nem-o-espirito-festivo-dos-nazarenos\/#breadcrumb\"},\"inLanguage\":\"pt-PT\",\"potentialAction\":[{\"@type\":\"ReadAction\",\"target\":[\"https:\/\/portaltela.pt\/noticias\/2026\/02\/08\/temporal-nao-trava-a-folia-nem-o-espirito-festivo-dos-nazarenos\/\"]}]},{\"@type\":\"ImageObject\",\"inLanguage\":\"pt-PT\",\"@id\":\"https:\/\/portaltela.pt\/noticias\/2026\/02\/08\/temporal-nao-trava-a-folia-nem-o-espirito-festivo-dos-nazarenos\/#primaryimage\",\"url\":\"https:\/\/portaltela.pt\/s.01k8rhncp4jt1\/2026\/02\/img_1500x1000uu2026-02-08-10-05-58-2265528.jpg\",\"contentUrl\":\"https:\/\/portaltela.pt\/s.01k8rhncp4jt1\/2026\/02\/img_1500x1000uu2026-02-08-10-05-58-2265528.jpg\",\"width\":796,\"height\":448,\"caption\":\"Paula Flor\u00eancia e Joaquim Bulh\u00f5es s\u00e3o os reis do Carnaval da Nazar\u00e9\"},{\"@type\":\"BreadcrumbList\",\"@id\":\"https:\/\/portaltela.pt\/noticias\/2026\/02\/08\/temporal-nao-trava-a-folia-nem-o-espirito-festivo-dos-nazarenos\/#breadcrumb\",\"itemListElement\":[{\"@type\":\"ListItem\",\"position\":1,\"name\":\"In\u00edcio\",\"item\":\"https:\/\/portaltela.pt\/\"},{\"@type\":\"ListItem\",\"position\":2,\"name\":\"Temporal n\u00e3o trava a folia nem o esp\u00edrito festivo dos nazarenos\"}]},{\"@type\":\"WebSite\",\"@id\":\"https:\/\/portaltela.pt\/#website\",\"url\":\"https:\/\/portaltela.pt\/\",\"name\":\"Portal Tela Portugal\",\"description\":\"\",\"potentialAction\":[{\"@type\":\"SearchAction\",\"target\":{\"@type\":\"EntryPoint\",\"urlTemplate\":\"https:\/\/portaltela.pt\/?s={search_term_string}\"},\"query-input\":{\"@type\":\"PropertyValueSpecification\",\"valueRequired\":true,\"valueName\":\"search_term_string\"}}],\"inLanguage\":\"pt-PT\"},{\"@type\":\"Person\",\"@id\":\"https:\/\/portaltela.pt\/#\/schema\/person\/c4278d4a6028830caff9ee44b42d32ed\",\"name\":\"Telinha\",\"image\":{\"@type\":\"ImageObject\",\"inLanguage\":\"pt-PT\",\"@id\":\"https:\/\/portaltela.pt\/s.01k8rhncp4jt1\/2025\/11\/talking-bot-125x125.png\",\"url\":\"https:\/\/portaltela.pt\/s.01k8rhncp4jt1\/2025\/11\/talking-bot-125x125.png\",\"contentUrl\":\"https:\/\/portaltela.pt\/s.01k8rhncp4jt1\/2025\/11\/talking-bot-125x125.png\",\"caption\":\"Telinha\"},\"sameAs\":[\"https:\/\/portaltela.pt\/\"],\"url\":\"https:\/\/portaltela.pt\/por\/367410592786\/\"}]}<\/script>\n<!-- \/ Yoast SEO plugin. -->","yoast_head_json":{"title":"Temporal n\u00e3o trava a folia nem o esp\u00edrito festivo dos nazarenos - Portal Tela Portugal","robots":{"index":"index","follow":"follow","max-snippet":"max-snippet:-1","max-image-preview":"max-image-preview:large","max-video-preview":"max-video-preview:-1"},"og_locale":"pt_PT","og_type":"article","og_title":"Temporal n\u00e3o trava a folia nem o esp\u00edrito festivo dos nazarenos - Portal Tela Portugal","og_description":"O carnaval de Nazar\u00e9 n\u00e3o deixou de haver festejos apesar do mau tempo, com Paula Flor\u00eancia e Joaquim Bulh\u00f5es confirmados como reis do carnaval. Paula Flor\u00eancia tem 53 anos e Joaquim Bulh\u00f5es 56, ambos participantes ativos na folia local e descritos como embaixadores da terra. O mote do carnaval \u00e9 \u201c\u00c9 lance de muit\u2019 p\u00eaxe\u201d, ligado ao imagin\u00e1rio mar\u00edtimo e \u00e0 mem\u00f3ria da vila. Devido ao mau tempo, houve altera\u00e7\u00f5es: bailes de rua cancelados, hor\u00e1rios dos bares reduzidos e o s\u00e1bado magro pass ou para 14 de fevereiro, com o desfile noturno cancelado. O desfile de domingo foi cancelado, estando o desfile de ter\u00e7a-feira ainda previsto.","og_url":"https:\/\/portaltela.pt\/noticias\/2026\/02\/08\/temporal-nao-trava-a-folia-nem-o-espirito-festivo-dos-nazarenos\/","og_site_name":"Portal Tela Portugal","article_published_time":"2026-02-09T01:30:00+00:00","author":"Telinha","twitter_card":"summary_large_image","twitter_misc":{"Escrito por":"Telinha","Tempo estimado de leitura":"1 minuto"},"schema":{"@context":"https:\/\/schema.org","@graph":[{"@type":"Article","@id":"https:\/\/portaltela.pt\/noticias\/2026\/02\/08\/temporal-nao-trava-a-folia-nem-o-espirito-festivo-dos-nazarenos\/#article","isPartOf":{"@id":"https:\/\/portaltela.pt\/noticias\/2026\/02\/08\/temporal-nao-trava-a-folia-nem-o-espirito-festivo-dos-nazarenos\/"},"author":{"name":"Telinha","@id":"https:\/\/portaltela.pt\/#\/schema\/person\/c4278d4a6028830caff9ee44b42d32ed"},"headline":"Temporal n\u00e3o trava a folia nem o esp\u00edrito festivo dos nazarenos","datePublished":"2026-02-09T01:30:00+00:00","mainEntityOfPage":{"@id":"https:\/\/portaltela.pt\/noticias\/2026\/02\/08\/temporal-nao-trava-a-folia-nem-o-espirito-festivo-dos-nazarenos\/"},"wordCount":287,"image":{"@id":"https:\/\/portaltela.pt\/noticias\/2026\/02\/08\/temporal-nao-trava-a-folia-nem-o-espirito-festivo-dos-nazarenos\/#primaryimage"},"thumbnailUrl":"https:\/\/portaltela.pt\/s.01k8rhncp4jt1\/2026\/02\/img_1500x1000uu2026-02-08-10-05-58-2265528.jpg","keywords":["confrarias","festas","munic\u00edpios","Nazar\u00e9","pesca","turismo"],"articleSection":["Not\u00edcias"],"inLanguage":"pt-PT"},{"@type":"WebPage","@id":"https:\/\/portaltela.pt\/noticias\/2026\/02\/08\/temporal-nao-trava-a-folia-nem-o-espirito-festivo-dos-nazarenos\/","url":"https:\/\/portaltela.pt\/noticias\/2026\/02\/08\/temporal-nao-trava-a-folia-nem-o-espirito-festivo-dos-nazarenos\/","name":"Temporal n\u00e3o trava a folia nem o esp\u00edrito festivo dos nazarenos - Portal Tela Portugal","isPartOf":{"@id":"https:\/\/portaltela.pt\/#website"},"primaryImageOfPage":{"@id":"https:\/\/portaltela.pt\/noticias\/2026\/02\/08\/temporal-nao-trava-a-folia-nem-o-espirito-festivo-dos-nazarenos\/#primaryimage"},"image":{"@id":"https:\/\/portaltela.pt\/noticias\/2026\/02\/08\/temporal-nao-trava-a-folia-nem-o-espirito-festivo-dos-nazarenos\/#primaryimage"},"thumbnailUrl":"https:\/\/portaltela.pt\/s.01k8rhncp4jt1\/2026\/02\/img_1500x1000uu2026-02-08-10-05-58-2265528.jpg","datePublished":"2026-02-09T01:30:00+00:00","author":{"@id":"https:\/\/portaltela.pt\/#\/schema\/person\/c4278d4a6028830caff9ee44b42d32ed"},"breadcrumb":{"@id":"https:\/\/portaltela.pt\/noticias\/2026\/02\/08\/temporal-nao-trava-a-folia-nem-o-espirito-festivo-dos-nazarenos\/#breadcrumb"},"inLanguage":"pt-PT","potentialAction":[{"@type":"ReadAction","target":["https:\/\/portaltela.pt\/noticias\/2026\/02\/08\/temporal-nao-trava-a-folia-nem-o-espirito-festivo-dos-nazarenos\/"]}]},{"@type":"ImageObject","inLanguage":"pt-PT","@id":"https:\/\/portaltela.pt\/noticias\/2026\/02\/08\/temporal-nao-trava-a-folia-nem-o-espirito-festivo-dos-nazarenos\/#primaryimage","url":"https:\/\/portaltela.pt\/s.01k8rhncp4jt1\/2026\/02\/img_1500x1000uu2026-02-08-10-05-58-2265528.jpg","contentUrl":"https:\/\/portaltela.pt\/s.01k8rhncp4jt1\/2026\/02\/img_1500x1000uu2026-02-08-10-05-58-2265528.jpg","width":796,"height":448,"caption":"Paula Flor\u00eancia e Joaquim Bulh\u00f5es s\u00e3o os reis do Carnaval da Nazar\u00e9"},{"@type":"BreadcrumbList","@id":"https:\/\/portaltela.pt\/noticias\/2026\/02\/08\/temporal-nao-trava-a-folia-nem-o-espirito-festivo-dos-nazarenos\/#breadcrumb","itemListElement":[{"@type":"ListItem","position":1,"name":"In\u00edcio","item":"https:\/\/portaltela.pt\/"},{"@type":"ListItem","position":2,"name":"Temporal n\u00e3o trava a folia nem o esp\u00edrito festivo dos nazarenos"}]},{"@type":"WebSite","@id":"https:\/\/portaltela.pt\/#website","url":"https:\/\/portaltela.pt\/","name":"Portal Tela Portugal","description":"","potentialAction":[{"@type":"SearchAction","target":{"@type":"EntryPoint","urlTemplate":"https:\/\/portaltela.pt\/?s={search_term_string}"},"query-input":{"@type":"PropertyValueSpecification","valueRequired":true,"valueName":"search_term_string"}}],"inLanguage":"pt-PT"},{"@type":"Person","@id":"https:\/\/portaltela.pt\/#\/schema\/person\/c4278d4a6028830caff9ee44b42d32ed","name":"Telinha","image":{"@type":"ImageObject","inLanguage":"pt-PT","@id":"https:\/\/portaltela.pt\/s.01k8rhncp4jt1\/2025\/11\/talking-bot-125x125.png","url":"https:\/\/portaltela.pt\/s.01k8rhncp4jt1\/2025\/11\/talking-bot-125x125.png","contentUrl":"https:\/\/portaltela.pt\/s.01k8rhncp4jt1\/2025\/11\/talking-bot-125x125.png","caption":"Telinha"},"sameAs":["https:\/\/portaltela.pt\/"],"url":"https:\/\/portaltela.pt\/por\/367410592786\/"}]}},"_links":{"self":[{"href":"https:\/\/portaltela.pt\/api\/wp\/v2\/posts\/204856","targetHints":{"allow":["GET"]}}],"collection":[{"href":"https:\/\/portaltela.pt\/api\/wp\/v2\/posts"}],"about":[{"href":"https:\/\/portaltela.pt\/api\/wp\/v2\/types\/post"}],"author":[{"embeddable":true,"href":"https:\/\/portaltela.pt\/api\/wp\/v2\/users\/2"}],"replies":[{"embeddable":true,"href":"https:\/\/portaltela.pt\/api\/wp\/v2\/comments?post=204856"}],"version-history":[{"count":0,"href":"https:\/\/portaltela.pt\/api\/wp\/v2\/posts\/204856\/revisions"}],"wp:featuredmedia":[{"embeddable":true,"href":"https:\/\/portaltela.pt\/api\/wp\/v2\/media\/204867"}],"wp:attachment":[{"href":"https:\/\/portaltela.pt\/api\/wp\/v2\/media?parent=204856"}],"wp:term":[{"taxonomy":"category","embeddable":true,"href":"https:\/\/portaltela.pt\/api\/wp\/v2\/categories?post=204856"},{"taxonomy":"post_tag","embeddable":true,"href":"https:\/\/portaltela.pt\/api\/wp\/v2\/tags?post=204856"}],"curies":[{"name":"wp","href":"https:\/\/api.w.org\/{rel}","templated":true}]}}