{"id":204818,"date":"2026-02-08T21:55:51","date_gmt":"2026-02-09T00:55:51","guid":{"rendered":"https:\/\/portaltela.pt\/noticias\/2026\/02\/08\/viana-do-castelo-ativa-plano-distrital-de-emergencia\/"},"modified":"2026-02-08T21:55:51","modified_gmt":"2026-02-09T00:55:51","slug":"viana-do-castelo-ativa-plano-distrital-de-emergencia","status":"publish","type":"post","link":"https:\/\/portaltela.pt\/noticias\/2026\/02\/08\/viana-do-castelo-ativa-plano-distrital-de-emergencia\/","title":{"rendered":"Viana do Castelo ativa plano distrital de emerg\u00eancia"},"content":{"rendered":"<p>O Plano Distrital de Emerg\u00eancia e Prote\u00e7\u00e3o Civil de Viana do Castelo foi acionado esta noite. O acionamento ocorreu ap\u00f3s a ativa\u00e7\u00e3o simult\u00e2nea de tr\u00eas Planos Municipais de Emerg\u00eancia do distrito, devido ao mau tempo recente.<\/p>\n<p>A decis\u00e3o foi comunicada ao secret\u00e1rio de Estado da Prote\u00e7\u00e3o Civil. O processo teve origem numa reuni\u00e3o extraordin\u00e1ria, aberta pelo presidente da Comiss\u00e3o Distrital de Prote\u00e7\u00e3o Civil e autarca de Paredes de Coura, Tiago Cunha.<\/p>\n<p>A iniciativa segue a Declara\u00e7\u00e3o da Situa\u00e7\u00e3o de Conting\u00eancia para os concelhos de Arcos de Valdevez, Ponte da Barca e Ponte de Lima. A declara\u00e7\u00e3o vigorou entre 00:00 de 5 de fevereiro e 23:59 de 15 de fevereiro.<\/p>\n<h3>Contexto meteorol\u00f3gico e impacto<\/h3>\n<p>A decis\u00e3o baseou-se na continuidade de condi\u00e7\u00f5es meteorol\u00f3gicas extremas e no risco de cheias, inunda\u00e7\u00f5es e deslizamentos em \u00e1reas vulner\u00e1veis. Quatorze pessoas morreram em Portugal desde 28 de janeiro devido \u00e0s depress\u00f5es Kristin, Leonardo e Marta.<\/p>\n<p>As regi\u00f5es mais afetadas s\u00e3o o Centro, Lisboa e Vale do Tejo, e o Alentejo. As consequ\u00eancias materiais incluem destrui\u00e7\u00e3o de habita\u00e7\u00f5es, interrup\u00e7\u00e3o de servi\u00e7os, cortes de energia e quedas de \u00e1rvores e infraestruturas.<\/p>\n<h3>Medidas de apoio e \u00e2mbito<\/h3>\n<p>O Governo prolongou a calamidade at\u00e9 15 de fevereiro para 68 concelhos. Foram anunciadas medidas de apoio financeiro que podem chegar a 2,5 mil milh\u00f5es de euros. As autoridades mant\u00eam vigil\u00e2ncia e est\u00e3o a coordenar recursos para as zonas mais afetadas.<\/p>\n","protected":false},"excerpt":{"rendered":"<ul>\n<li>Viana do Castelo ativou o Plano Distrital de Emerg\u00eancia e Prote\u00e7\u00e3o Civil ap\u00f3s a ativa\u00e7\u00e3o simult\u00e2nea de tr\u00eas Planos Municipais no distrito.<\/li>\n<li>A decis\u00e3o foi comunicada pela Comiss\u00e3o Distrital de Prote\u00e7\u00e3o Civil ao secret\u00e1rio de Estado da Prote\u00e7\u00e3o Civil, resultante de uma reuni\u00e3o extraordin\u00e1ria liderada pelo presidente Tiago Cunha, autarca de Paredes de Coura.<\/li>\n<li>A ativa\u00e7\u00e3o ocorreu ap\u00f3s a Declara\u00e7\u00e3o da Situa\u00e7\u00e3o de Conting\u00eancia para os concelhos de Arcos de Valdevez, Ponte da Barca e Ponte de Lima, entre as zeros de 5 de fevereiro e as 23:59 de 15 de fevereiro.<\/li>\n<li>A decis\u00e3o baseia-se na continuidade de tempo meteorol\u00f3gico extremo e no risco de cheias, inunda\u00e7\u00f5es e deslizamentos em zonas historicamente vulner\u00e1veis.<\/li>\n<li>O Governo prolongou a situa\u00e7\u00e3o de calamidade at\u00e9 15 de fevereiro para 68 concelhos, com medidas de apoio at\u00e9 2,5 mil milh\u00f5es de euros.<\/li>\n<\/ul>\n","protected":false},"author":2,"featured_media":204819,"comment_status":"closed","ping_status":"closed","sticky":false,"template":"","format":"standard","meta":{"footnotes":""},"categories":[1],"tags":[1781,5050,5215,2293,4564,1530],"class_list":["post-204818","post","type-post","status-publish","format-standard","has-post-thumbnail","hentry","category-noticias","tag-arcos-de-valdevez","tag-calamidades-publicas","tag-catastrofes-naturais","tag-inundacoes","tag-ponte-da-barca","tag-viana-do-castelo"],"yoast_head":"<!-- This site is optimized with the Yoast SEO plugin v27.2 - https:\/\/yoast.com\/product\/yoast-seo-wordpress\/ -->\n<title>Viana do Castelo ativa plano distrital de emerg\u00eancia - Portal Tela Portugal<\/title>\n<meta name=\"robots\" content=\"index, follow, max-snippet:-1, max-image-preview:large, max-video-preview:-1\" \/>\n<meta property=\"og:locale\" content=\"pt_PT\" \/>\n<meta property=\"og:type\" content=\"article\" \/>\n<meta property=\"og:title\" content=\"Viana do Castelo ativa plano distrital de emerg\u00eancia - Portal Tela Portugal\" \/>\n<meta property=\"og:description\" content=\"Viana do Castelo ativou o Plano Distrital de Emerg\u00eancia e Prote\u00e7\u00e3o Civil ap\u00f3s a ativa\u00e7\u00e3o simult\u00e2nea de tr\u00eas Planos Municipais no distrito. A decis\u00e3o foi comunicada pela Comiss\u00e3o Distrital de Prote\u00e7\u00e3o Civil ao secret\u00e1rio de Estado da Prote\u00e7\u00e3o Civil, resultante de uma reuni\u00e3o extraordin\u00e1ria liderada pelo presidente Tiago Cunha, autarca de Paredes de Coura. A ativa\u00e7\u00e3o ocorreu ap\u00f3s a Declara\u00e7\u00e3o da Situa\u00e7\u00e3o de Conting\u00eancia para os concelhos de Arcos de Valdevez, Ponte da Barca e Ponte de Lima, entre as zeros de 5 de fevereiro e as 23:59 de 15 de fevereiro. A decis\u00e3o baseia-se na continuidade de tempo meteorol\u00f3gico extremo e no risco de cheias, inunda\u00e7\u00f5es e deslizamentos em zonas historicamente vulner\u00e1veis. O Governo prolongou a situa\u00e7\u00e3o de calamidade at\u00e9 15 de fevereiro para 68 concelhos, com medidas de apoio at\u00e9 2,5 mil milh\u00f5es de euros.\" \/>\n<meta property=\"og:url\" content=\"https:\/\/portaltela.pt\/noticias\/2026\/02\/08\/viana-do-castelo-ativa-plano-distrital-de-emergencia\/\" \/>\n<meta property=\"og:site_name\" content=\"Portal Tela Portugal\" \/>\n<meta property=\"article:published_time\" content=\"2026-02-09T00:55:51+00:00\" \/>\n<meta name=\"author\" content=\"Telinha\" \/>\n<meta name=\"twitter:card\" content=\"summary_large_image\" \/>\n<meta name=\"twitter:label1\" content=\"Escrito por\" \/>\n\t<meta name=\"twitter:data1\" content=\"Telinha\" \/>\n\t<meta name=\"twitter:label2\" content=\"Tempo estimado de leitura\" \/>\n\t<meta name=\"twitter:data2\" content=\"1 minuto\" \/>\n<script type=\"application\/ld+json\" class=\"yoast-schema-graph\">{\"@context\":\"https:\/\/schema.org\",\"@graph\":[{\"@type\":\"Article\",\"@id\":\"https:\/\/portaltela.pt\/noticias\/2026\/02\/08\/viana-do-castelo-ativa-plano-distrital-de-emergencia\/#article\",\"isPartOf\":{\"@id\":\"https:\/\/portaltela.pt\/noticias\/2026\/02\/08\/viana-do-castelo-ativa-plano-distrital-de-emergencia\/\"},\"author\":{\"name\":\"Telinha\",\"@id\":\"https:\/\/portaltela.pt\/#\/schema\/person\/c4278d4a6028830caff9ee44b42d32ed\"},\"headline\":\"Viana do Castelo ativa plano distrital de emerg\u00eancia\",\"datePublished\":\"2026-02-09T00:55:51+00:00\",\"mainEntityOfPage\":{\"@id\":\"https:\/\/portaltela.pt\/noticias\/2026\/02\/08\/viana-do-castelo-ativa-plano-distrital-de-emergencia\/\"},\"wordCount\":266,\"image\":{\"@id\":\"https:\/\/portaltela.pt\/noticias\/2026\/02\/08\/viana-do-castelo-ativa-plano-distrital-de-emergencia\/#primaryimage\"},\"thumbnailUrl\":\"https:\/\/portaltela.pt\/s.01k8rhncp4jt1\/2026\/02\/img_1500x1000uu2025-03-21-09-14-00-2199525.jpg\",\"keywords\":[\"Arcos de Valdevez\",\"calamidades p\u00fablicas\",\"cat\u00e1strofes naturais\",\"inunda\u00e7\u00f5es\",\"Ponte da Barca\",\"Viana do Castelo\"],\"articleSection\":[\"Not\u00edcias\"],\"inLanguage\":\"pt-PT\"},{\"@type\":\"WebPage\",\"@id\":\"https:\/\/portaltela.pt\/noticias\/2026\/02\/08\/viana-do-castelo-ativa-plano-distrital-de-emergencia\/\",\"url\":\"https:\/\/portaltela.pt\/noticias\/2026\/02\/08\/viana-do-castelo-ativa-plano-distrital-de-emergencia\/\",\"name\":\"Viana do Castelo ativa plano distrital de emerg\u00eancia - Portal Tela Portugal\",\"isPartOf\":{\"@id\":\"https:\/\/portaltela.pt\/#website\"},\"primaryImageOfPage\":{\"@id\":\"https:\/\/portaltela.pt\/noticias\/2026\/02\/08\/viana-do-castelo-ativa-plano-distrital-de-emergencia\/#primaryimage\"},\"image\":{\"@id\":\"https:\/\/portaltela.pt\/noticias\/2026\/02\/08\/viana-do-castelo-ativa-plano-distrital-de-emergencia\/#primaryimage\"},\"thumbnailUrl\":\"https:\/\/portaltela.pt\/s.01k8rhncp4jt1\/2026\/02\/img_1500x1000uu2025-03-21-09-14-00-2199525.jpg\",\"datePublished\":\"2026-02-09T00:55:51+00:00\",\"author\":{\"@id\":\"https:\/\/portaltela.pt\/#\/schema\/person\/c4278d4a6028830caff9ee44b42d32ed\"},\"breadcrumb\":{\"@id\":\"https:\/\/portaltela.pt\/noticias\/2026\/02\/08\/viana-do-castelo-ativa-plano-distrital-de-emergencia\/#breadcrumb\"},\"inLanguage\":\"pt-PT\",\"potentialAction\":[{\"@type\":\"ReadAction\",\"target\":[\"https:\/\/portaltela.pt\/noticias\/2026\/02\/08\/viana-do-castelo-ativa-plano-distrital-de-emergencia\/\"]}]},{\"@type\":\"ImageObject\",\"inLanguage\":\"pt-PT\",\"@id\":\"https:\/\/portaltela.pt\/noticias\/2026\/02\/08\/viana-do-castelo-ativa-plano-distrital-de-emergencia\/#primaryimage\",\"url\":\"https:\/\/portaltela.pt\/s.01k8rhncp4jt1\/2026\/02\/img_1500x1000uu2025-03-21-09-14-00-2199525.jpg\",\"contentUrl\":\"https:\/\/portaltela.pt\/s.01k8rhncp4jt1\/2026\/02\/img_1500x1000uu2025-03-21-09-14-00-2199525.jpg\",\"width\":796,\"height\":448,\"caption\":\"Chuva\"},{\"@type\":\"BreadcrumbList\",\"@id\":\"https:\/\/portaltela.pt\/noticias\/2026\/02\/08\/viana-do-castelo-ativa-plano-distrital-de-emergencia\/#breadcrumb\",\"itemListElement\":[{\"@type\":\"ListItem\",\"position\":1,\"name\":\"In\u00edcio\",\"item\":\"https:\/\/portaltela.pt\/\"},{\"@type\":\"ListItem\",\"position\":2,\"name\":\"Viana do Castelo ativa plano distrital de emerg\u00eancia\"}]},{\"@type\":\"WebSite\",\"@id\":\"https:\/\/portaltela.pt\/#website\",\"url\":\"https:\/\/portaltela.pt\/\",\"name\":\"Portal Tela Portugal\",\"description\":\"\",\"potentialAction\":[{\"@type\":\"SearchAction\",\"target\":{\"@type\":\"EntryPoint\",\"urlTemplate\":\"https:\/\/portaltela.pt\/?s={search_term_string}\"},\"query-input\":{\"@type\":\"PropertyValueSpecification\",\"valueRequired\":true,\"valueName\":\"search_term_string\"}}],\"inLanguage\":\"pt-PT\"},{\"@type\":\"Person\",\"@id\":\"https:\/\/portaltela.pt\/#\/schema\/person\/c4278d4a6028830caff9ee44b42d32ed\",\"name\":\"Telinha\",\"image\":{\"@type\":\"ImageObject\",\"inLanguage\":\"pt-PT\",\"@id\":\"https:\/\/portaltela.pt\/s.01k8rhncp4jt1\/2025\/11\/talking-bot-125x125.png\",\"url\":\"https:\/\/portaltela.pt\/s.01k8rhncp4jt1\/2025\/11\/talking-bot-125x125.png\",\"contentUrl\":\"https:\/\/portaltela.pt\/s.01k8rhncp4jt1\/2025\/11\/talking-bot-125x125.png\",\"caption\":\"Telinha\"},\"sameAs\":[\"https:\/\/portaltela.pt\/\"],\"url\":\"https:\/\/portaltela.pt\/por\/367410592786\/\"}]}<\/script>\n<!-- \/ Yoast SEO plugin. -->","yoast_head_json":{"title":"Viana do Castelo ativa plano distrital de emerg\u00eancia - Portal Tela Portugal","robots":{"index":"index","follow":"follow","max-snippet":"max-snippet:-1","max-image-preview":"max-image-preview:large","max-video-preview":"max-video-preview:-1"},"og_locale":"pt_PT","og_type":"article","og_title":"Viana do Castelo ativa plano distrital de emerg\u00eancia - Portal Tela Portugal","og_description":"Viana do Castelo ativou o Plano Distrital de Emerg\u00eancia e Prote\u00e7\u00e3o Civil ap\u00f3s a ativa\u00e7\u00e3o simult\u00e2nea de tr\u00eas Planos Municipais no distrito. A decis\u00e3o foi comunicada pela Comiss\u00e3o Distrital de Prote\u00e7\u00e3o Civil ao secret\u00e1rio de Estado da Prote\u00e7\u00e3o Civil, resultante de uma reuni\u00e3o extraordin\u00e1ria liderada pelo presidente Tiago Cunha, autarca de Paredes de Coura. A ativa\u00e7\u00e3o ocorreu ap\u00f3s a Declara\u00e7\u00e3o da Situa\u00e7\u00e3o de Conting\u00eancia para os concelhos de Arcos de Valdevez, Ponte da Barca e Ponte de Lima, entre as zeros de 5 de fevereiro e as 23:59 de 15 de fevereiro. A decis\u00e3o baseia-se na continuidade de tempo meteorol\u00f3gico extremo e no risco de cheias, inunda\u00e7\u00f5es e deslizamentos em zonas historicamente vulner\u00e1veis. O Governo prolongou a situa\u00e7\u00e3o de calamidade at\u00e9 15 de fevereiro para 68 concelhos, com medidas de apoio at\u00e9 2,5 mil milh\u00f5es de euros.","og_url":"https:\/\/portaltela.pt\/noticias\/2026\/02\/08\/viana-do-castelo-ativa-plano-distrital-de-emergencia\/","og_site_name":"Portal Tela Portugal","article_published_time":"2026-02-09T00:55:51+00:00","author":"Telinha","twitter_card":"summary_large_image","twitter_misc":{"Escrito por":"Telinha","Tempo estimado de leitura":"1 minuto"},"schema":{"@context":"https:\/\/schema.org","@graph":[{"@type":"Article","@id":"https:\/\/portaltela.pt\/noticias\/2026\/02\/08\/viana-do-castelo-ativa-plano-distrital-de-emergencia\/#article","isPartOf":{"@id":"https:\/\/portaltela.pt\/noticias\/2026\/02\/08\/viana-do-castelo-ativa-plano-distrital-de-emergencia\/"},"author":{"name":"Telinha","@id":"https:\/\/portaltela.pt\/#\/schema\/person\/c4278d4a6028830caff9ee44b42d32ed"},"headline":"Viana do Castelo ativa plano distrital de emerg\u00eancia","datePublished":"2026-02-09T00:55:51+00:00","mainEntityOfPage":{"@id":"https:\/\/portaltela.pt\/noticias\/2026\/02\/08\/viana-do-castelo-ativa-plano-distrital-de-emergencia\/"},"wordCount":266,"image":{"@id":"https:\/\/portaltela.pt\/noticias\/2026\/02\/08\/viana-do-castelo-ativa-plano-distrital-de-emergencia\/#primaryimage"},"thumbnailUrl":"https:\/\/portaltela.pt\/s.01k8rhncp4jt1\/2026\/02\/img_1500x1000uu2025-03-21-09-14-00-2199525.jpg","keywords":["Arcos de Valdevez","calamidades p\u00fablicas","cat\u00e1strofes naturais","inunda\u00e7\u00f5es","Ponte da Barca","Viana do Castelo"],"articleSection":["Not\u00edcias"],"inLanguage":"pt-PT"},{"@type":"WebPage","@id":"https:\/\/portaltela.pt\/noticias\/2026\/02\/08\/viana-do-castelo-ativa-plano-distrital-de-emergencia\/","url":"https:\/\/portaltela.pt\/noticias\/2026\/02\/08\/viana-do-castelo-ativa-plano-distrital-de-emergencia\/","name":"Viana do Castelo ativa plano distrital de emerg\u00eancia - Portal Tela Portugal","isPartOf":{"@id":"https:\/\/portaltela.pt\/#website"},"primaryImageOfPage":{"@id":"https:\/\/portaltela.pt\/noticias\/2026\/02\/08\/viana-do-castelo-ativa-plano-distrital-de-emergencia\/#primaryimage"},"image":{"@id":"https:\/\/portaltela.pt\/noticias\/2026\/02\/08\/viana-do-castelo-ativa-plano-distrital-de-emergencia\/#primaryimage"},"thumbnailUrl":"https:\/\/portaltela.pt\/s.01k8rhncp4jt1\/2026\/02\/img_1500x1000uu2025-03-21-09-14-00-2199525.jpg","datePublished":"2026-02-09T00:55:51+00:00","author":{"@id":"https:\/\/portaltela.pt\/#\/schema\/person\/c4278d4a6028830caff9ee44b42d32ed"},"breadcrumb":{"@id":"https:\/\/portaltela.pt\/noticias\/2026\/02\/08\/viana-do-castelo-ativa-plano-distrital-de-emergencia\/#breadcrumb"},"inLanguage":"pt-PT","potentialAction":[{"@type":"ReadAction","target":["https:\/\/portaltela.pt\/noticias\/2026\/02\/08\/viana-do-castelo-ativa-plano-distrital-de-emergencia\/"]}]},{"@type":"ImageObject","inLanguage":"pt-PT","@id":"https:\/\/portaltela.pt\/noticias\/2026\/02\/08\/viana-do-castelo-ativa-plano-distrital-de-emergencia\/#primaryimage","url":"https:\/\/portaltela.pt\/s.01k8rhncp4jt1\/2026\/02\/img_1500x1000uu2025-03-21-09-14-00-2199525.jpg","contentUrl":"https:\/\/portaltela.pt\/s.01k8rhncp4jt1\/2026\/02\/img_1500x1000uu2025-03-21-09-14-00-2199525.jpg","width":796,"height":448,"caption":"Chuva"},{"@type":"BreadcrumbList","@id":"https:\/\/portaltela.pt\/noticias\/2026\/02\/08\/viana-do-castelo-ativa-plano-distrital-de-emergencia\/#breadcrumb","itemListElement":[{"@type":"ListItem","position":1,"name":"In\u00edcio","item":"https:\/\/portaltela.pt\/"},{"@type":"ListItem","position":2,"name":"Viana do Castelo ativa plano distrital de emerg\u00eancia"}]},{"@type":"WebSite","@id":"https:\/\/portaltela.pt\/#website","url":"https:\/\/portaltela.pt\/","name":"Portal Tela Portugal","description":"","potentialAction":[{"@type":"SearchAction","target":{"@type":"EntryPoint","urlTemplate":"https:\/\/portaltela.pt\/?s={search_term_string}"},"query-input":{"@type":"PropertyValueSpecification","valueRequired":true,"valueName":"search_term_string"}}],"inLanguage":"pt-PT"},{"@type":"Person","@id":"https:\/\/portaltela.pt\/#\/schema\/person\/c4278d4a6028830caff9ee44b42d32ed","name":"Telinha","image":{"@type":"ImageObject","inLanguage":"pt-PT","@id":"https:\/\/portaltela.pt\/s.01k8rhncp4jt1\/2025\/11\/talking-bot-125x125.png","url":"https:\/\/portaltela.pt\/s.01k8rhncp4jt1\/2025\/11\/talking-bot-125x125.png","contentUrl":"https:\/\/portaltela.pt\/s.01k8rhncp4jt1\/2025\/11\/talking-bot-125x125.png","caption":"Telinha"},"sameAs":["https:\/\/portaltela.pt\/"],"url":"https:\/\/portaltela.pt\/por\/367410592786\/"}]}},"_links":{"self":[{"href":"https:\/\/portaltela.pt\/api\/wp\/v2\/posts\/204818","targetHints":{"allow":["GET"]}}],"collection":[{"href":"https:\/\/portaltela.pt\/api\/wp\/v2\/posts"}],"about":[{"href":"https:\/\/portaltela.pt\/api\/wp\/v2\/types\/post"}],"author":[{"embeddable":true,"href":"https:\/\/portaltela.pt\/api\/wp\/v2\/users\/2"}],"replies":[{"embeddable":true,"href":"https:\/\/portaltela.pt\/api\/wp\/v2\/comments?post=204818"}],"version-history":[{"count":0,"href":"https:\/\/portaltela.pt\/api\/wp\/v2\/posts\/204818\/revisions"}],"wp:featuredmedia":[{"embeddable":true,"href":"https:\/\/portaltela.pt\/api\/wp\/v2\/media\/204819"}],"wp:attachment":[{"href":"https:\/\/portaltela.pt\/api\/wp\/v2\/media?parent=204818"}],"wp:term":[{"taxonomy":"category","embeddable":true,"href":"https:\/\/portaltela.pt\/api\/wp\/v2\/categories?post=204818"},{"taxonomy":"post_tag","embeddable":true,"href":"https:\/\/portaltela.pt\/api\/wp\/v2\/tags?post=204818"}],"curies":[{"name":"wp","href":"https:\/\/api.w.org\/{rel}","templated":true}]}}