{"id":204800,"date":"2026-02-08T21:36:00","date_gmt":"2026-02-09T00:36:00","guid":{"rendered":"https:\/\/portaltela.pt\/noticias\/2026\/02\/08\/ponte-cai-na-chamusca-devido-ao-mau-tempo\/"},"modified":"2026-02-08T21:36:00","modified_gmt":"2026-02-09T00:36:00","slug":"ponte-cai-na-chamusca-devido-ao-mau-tempo","status":"publish","type":"post","link":"https:\/\/portaltela.pt\/noticias\/2026\/02\/08\/ponte-cai-na-chamusca-devido-ao-mau-tempo\/","title":{"rendered":"Ponte cai na Chamusca devido ao mau tempo"},"content":{"rendered":"<p>A ponte das Palhas, na freguesia da Parreira, Chamusca, caiu este domingo em virtude das condi\u00e7\u00f5es meteorol\u00f3gicas adversas. O incidente agravou a rede vi\u00e1ria local, com dezenas de estradas cortadas por derrocadas ou inunda\u00e7\u00f5es.<\/p>\n<p>O presidente da C\u00e2mara Municipal da Chamusca, Nuno Mira, descreveu o preju\u00edzo como &#8220;milion\u00e1rio&#8221; para o concelho. Envolveu ainda t\u00e9cnicos, bombeiros e GNR na resposta aos estragos provocados pelo mau tempo.<\/p>\n<p>Nuno Mira afirmou ter passado v\u00e1rios dias no terreno, acompanhado por colaboradores e respons\u00e1veis locais, para mitigar os efeitos das intemp\u00e9ries no concelho. A opera\u00e7\u00e3o chegou a envolver presidentes de Junta.<\/p>\n<h3>Estragos e desloca\u00e7\u00f5es complicadas<\/h3>\n<p>Na Parreira, regista-se o desmantelamento de outra ponte, de origem militar, que j\u00e1 tinha sido temporariamente instalada pela engenharia em 2021. Foi retirada por falta de solu\u00e7\u00e3o est\u00e1vel para o local.<\/p>\n<p>A freguesia ficou dividida em duas partes, obrigando os residentes a desloca\u00e7\u00f5es mais longas e por acessos alternativos para ir \u00e0 escola, \u00e0s lojas ou \u00e0 farm\u00e1cia. O cen\u00e1rio confirma a forte intensidade das recentes condi\u00e7\u00f5es atmosf\u00e9ricas.<\/p>\n","protected":false},"excerpt":{"rendered":"<ul>\n<li>A ponte das Palhas, na freguesia da Parreira, Chamusca, caiu este domingo devido ao mau tempo.<\/li>\n<li>O presidente da c\u00e2mara municipal, Nuno Mira, fala em preju\u00edzos de milh\u00f5es no concelho, com dezenas de estradas cortadas por derrocadas ou por ficarem submersas.<\/li>\n<li>Nuno Mira tem percorrido o concelho de manh\u00e3 \u00e0 noite, acompanhado de funcion\u00e1rios municipais, presidentes de junta, bombeiros e GNR, para minimizar os estragos.<\/li>\n<li>Em Parreira, foi desmantelada uma ponte militar no centro da aldeia por risco de colapso, solu\u00e7\u00e3o provis\u00f3ria instalada em 2021, que agora foi retirada.<\/li>\n<li>A Parreira ficou dividida em duas, com desloca\u00e7\u00f5es mais longas para atividades como levar os filhos \u00e0 escola, fazer compras ou ir \u00e0 farm\u00e1cia.<\/li>\n<\/ul>\n","protected":false},"author":2,"featured_media":204802,"comment_status":"closed","ping_status":"closed","sticky":false,"template":"","format":"standard","meta":{"footnotes":""},"categories":[1],"tags":[971,4594,4409,1083,1380,2293],"class_list":["post-204800","post","type-post","status-publish","format-standard","has-post-thumbnail","hentry","category-noticias","tag-bombeiros","tag-chamusca","tag-derrocadas","tag-estradas","tag-gnr","tag-inundacoes"],"yoast_head":"<!-- This site is optimized with the Yoast SEO plugin v27.2 - https:\/\/yoast.com\/product\/yoast-seo-wordpress\/ -->\n<title>Ponte cai na Chamusca devido ao mau tempo - Portal Tela Portugal<\/title>\n<meta name=\"robots\" content=\"index, follow, max-snippet:-1, max-image-preview:large, max-video-preview:-1\" \/>\n<meta property=\"og:locale\" content=\"pt_PT\" \/>\n<meta property=\"og:type\" content=\"article\" \/>\n<meta property=\"og:title\" content=\"Ponte cai na Chamusca devido ao mau tempo - Portal Tela Portugal\" \/>\n<meta property=\"og:description\" content=\"A ponte das Palhas, na freguesia da Parreira, Chamusca, caiu este domingo devido ao mau tempo. O presidente da c\u00e2mara municipal, Nuno Mira, fala em preju\u00edzos de milh\u00f5es no concelho, com dezenas de estradas cortadas por derrocadas ou por ficarem submersas. Nuno Mira tem percorrido o concelho de manh\u00e3 \u00e0 noite, acompanhado de funcion\u00e1rios municipais, presidentes de junta, bombeiros e GNR, para minimizar os estragos. Em Parreira, foi desmantelada uma ponte militar no centro da aldeia por risco de colapso, solu\u00e7\u00e3o provis\u00f3ria instalada em 2021, que agora foi retirada. A Parreira ficou dividida em duas, com desloca\u00e7\u00f5es mais longas para atividades como levar os filhos \u00e0 escola, fazer compras ou ir \u00e0 farm\u00e1cia.\" \/>\n<meta property=\"og:url\" content=\"https:\/\/portaltela.pt\/noticias\/2026\/02\/08\/ponte-cai-na-chamusca-devido-ao-mau-tempo\/\" \/>\n<meta property=\"og:site_name\" content=\"Portal Tela Portugal\" \/>\n<meta property=\"article:published_time\" content=\"2026-02-09T00:36:00+00:00\" \/>\n<meta name=\"author\" content=\"Telinha\" \/>\n<meta name=\"twitter:card\" content=\"summary_large_image\" \/>\n<meta name=\"twitter:label1\" content=\"Escrito por\" \/>\n\t<meta name=\"twitter:data1\" content=\"Telinha\" \/>\n\t<meta name=\"twitter:label2\" content=\"Tempo estimado de leitura\" \/>\n\t<meta name=\"twitter:data2\" content=\"1 minuto\" \/>\n<script type=\"application\/ld+json\" class=\"yoast-schema-graph\">{\"@context\":\"https:\/\/schema.org\",\"@graph\":[{\"@type\":\"Article\",\"@id\":\"https:\/\/portaltela.pt\/noticias\/2026\/02\/08\/ponte-cai-na-chamusca-devido-ao-mau-tempo\/#article\",\"isPartOf\":{\"@id\":\"https:\/\/portaltela.pt\/noticias\/2026\/02\/08\/ponte-cai-na-chamusca-devido-ao-mau-tempo\/\"},\"author\":{\"name\":\"Telinha\",\"@id\":\"https:\/\/portaltela.pt\/#\/schema\/person\/c4278d4a6028830caff9ee44b42d32ed\"},\"headline\":\"Ponte cai na Chamusca devido ao mau tempo\",\"datePublished\":\"2026-02-09T00:36:00+00:00\",\"mainEntityOfPage\":{\"@id\":\"https:\/\/portaltela.pt\/noticias\/2026\/02\/08\/ponte-cai-na-chamusca-devido-ao-mau-tempo\/\"},\"wordCount\":193,\"image\":{\"@id\":\"https:\/\/portaltela.pt\/noticias\/2026\/02\/08\/ponte-cai-na-chamusca-devido-ao-mau-tempo\/#primaryimage\"},\"thumbnailUrl\":\"https:\/\/portaltela.pt\/s.01k8rhncp4jt1\/2026\/02\/img_1280x721uu2026-02-09-00-33-48-2265790.jpg\",\"keywords\":[\"bombeiros\",\"Chamusca\",\"derrocadas\",\"estradas\",\"GNR\",\"inunda\u00e7\u00f5es\"],\"articleSection\":[\"Not\u00edcias\"],\"inLanguage\":\"pt-PT\"},{\"@type\":\"WebPage\",\"@id\":\"https:\/\/portaltela.pt\/noticias\/2026\/02\/08\/ponte-cai-na-chamusca-devido-ao-mau-tempo\/\",\"url\":\"https:\/\/portaltela.pt\/noticias\/2026\/02\/08\/ponte-cai-na-chamusca-devido-ao-mau-tempo\/\",\"name\":\"Ponte cai na Chamusca devido ao mau tempo - Portal Tela Portugal\",\"isPartOf\":{\"@id\":\"https:\/\/portaltela.pt\/#website\"},\"primaryImageOfPage\":{\"@id\":\"https:\/\/portaltela.pt\/noticias\/2026\/02\/08\/ponte-cai-na-chamusca-devido-ao-mau-tempo\/#primaryimage\"},\"image\":{\"@id\":\"https:\/\/portaltela.pt\/noticias\/2026\/02\/08\/ponte-cai-na-chamusca-devido-ao-mau-tempo\/#primaryimage\"},\"thumbnailUrl\":\"https:\/\/portaltela.pt\/s.01k8rhncp4jt1\/2026\/02\/img_1280x721uu2026-02-09-00-33-48-2265790.jpg\",\"datePublished\":\"2026-02-09T00:36:00+00:00\",\"author\":{\"@id\":\"https:\/\/portaltela.pt\/#\/schema\/person\/c4278d4a6028830caff9ee44b42d32ed\"},\"breadcrumb\":{\"@id\":\"https:\/\/portaltela.pt\/noticias\/2026\/02\/08\/ponte-cai-na-chamusca-devido-ao-mau-tempo\/#breadcrumb\"},\"inLanguage\":\"pt-PT\",\"potentialAction\":[{\"@type\":\"ReadAction\",\"target\":[\"https:\/\/portaltela.pt\/noticias\/2026\/02\/08\/ponte-cai-na-chamusca-devido-ao-mau-tempo\/\"]}]},{\"@type\":\"ImageObject\",\"inLanguage\":\"pt-PT\",\"@id\":\"https:\/\/portaltela.pt\/noticias\/2026\/02\/08\/ponte-cai-na-chamusca-devido-ao-mau-tempo\/#primaryimage\",\"url\":\"https:\/\/portaltela.pt\/s.01k8rhncp4jt1\/2026\/02\/img_1280x721uu2026-02-09-00-33-48-2265790.jpg\",\"contentUrl\":\"https:\/\/portaltela.pt\/s.01k8rhncp4jt1\/2026\/02\/img_1280x721uu2026-02-09-00-33-48-2265790.jpg\",\"width\":796,\"height\":448,\"caption\":\"Ponte na Chamusca cede devido ao mau tempo, com preju\u00edzos de milh\u00f5es.\"},{\"@type\":\"BreadcrumbList\",\"@id\":\"https:\/\/portaltela.pt\/noticias\/2026\/02\/08\/ponte-cai-na-chamusca-devido-ao-mau-tempo\/#breadcrumb\",\"itemListElement\":[{\"@type\":\"ListItem\",\"position\":1,\"name\":\"In\u00edcio\",\"item\":\"https:\/\/portaltela.pt\/\"},{\"@type\":\"ListItem\",\"position\":2,\"name\":\"Ponte cai na Chamusca devido ao mau tempo\"}]},{\"@type\":\"WebSite\",\"@id\":\"https:\/\/portaltela.pt\/#website\",\"url\":\"https:\/\/portaltela.pt\/\",\"name\":\"Portal Tela Portugal\",\"description\":\"\",\"potentialAction\":[{\"@type\":\"SearchAction\",\"target\":{\"@type\":\"EntryPoint\",\"urlTemplate\":\"https:\/\/portaltela.pt\/?s={search_term_string}\"},\"query-input\":{\"@type\":\"PropertyValueSpecification\",\"valueRequired\":true,\"valueName\":\"search_term_string\"}}],\"inLanguage\":\"pt-PT\"},{\"@type\":\"Person\",\"@id\":\"https:\/\/portaltela.pt\/#\/schema\/person\/c4278d4a6028830caff9ee44b42d32ed\",\"name\":\"Telinha\",\"image\":{\"@type\":\"ImageObject\",\"inLanguage\":\"pt-PT\",\"@id\":\"https:\/\/portaltela.pt\/s.01k8rhncp4jt1\/2025\/11\/talking-bot-125x125.png\",\"url\":\"https:\/\/portaltela.pt\/s.01k8rhncp4jt1\/2025\/11\/talking-bot-125x125.png\",\"contentUrl\":\"https:\/\/portaltela.pt\/s.01k8rhncp4jt1\/2025\/11\/talking-bot-125x125.png\",\"caption\":\"Telinha\"},\"sameAs\":[\"https:\/\/portaltela.pt\/\"],\"url\":\"https:\/\/portaltela.pt\/por\/367410592786\/\"}]}<\/script>\n<!-- \/ Yoast SEO plugin. -->","yoast_head_json":{"title":"Ponte cai na Chamusca devido ao mau tempo - Portal Tela Portugal","robots":{"index":"index","follow":"follow","max-snippet":"max-snippet:-1","max-image-preview":"max-image-preview:large","max-video-preview":"max-video-preview:-1"},"og_locale":"pt_PT","og_type":"article","og_title":"Ponte cai na Chamusca devido ao mau tempo - Portal Tela Portugal","og_description":"A ponte das Palhas, na freguesia da Parreira, Chamusca, caiu este domingo devido ao mau tempo. O presidente da c\u00e2mara municipal, Nuno Mira, fala em preju\u00edzos de milh\u00f5es no concelho, com dezenas de estradas cortadas por derrocadas ou por ficarem submersas. Nuno Mira tem percorrido o concelho de manh\u00e3 \u00e0 noite, acompanhado de funcion\u00e1rios municipais, presidentes de junta, bombeiros e GNR, para minimizar os estragos. Em Parreira, foi desmantelada uma ponte militar no centro da aldeia por risco de colapso, solu\u00e7\u00e3o provis\u00f3ria instalada em 2021, que agora foi retirada. A Parreira ficou dividida em duas, com desloca\u00e7\u00f5es mais longas para atividades como levar os filhos \u00e0 escola, fazer compras ou ir \u00e0 farm\u00e1cia.","og_url":"https:\/\/portaltela.pt\/noticias\/2026\/02\/08\/ponte-cai-na-chamusca-devido-ao-mau-tempo\/","og_site_name":"Portal Tela Portugal","article_published_time":"2026-02-09T00:36:00+00:00","author":"Telinha","twitter_card":"summary_large_image","twitter_misc":{"Escrito por":"Telinha","Tempo estimado de leitura":"1 minuto"},"schema":{"@context":"https:\/\/schema.org","@graph":[{"@type":"Article","@id":"https:\/\/portaltela.pt\/noticias\/2026\/02\/08\/ponte-cai-na-chamusca-devido-ao-mau-tempo\/#article","isPartOf":{"@id":"https:\/\/portaltela.pt\/noticias\/2026\/02\/08\/ponte-cai-na-chamusca-devido-ao-mau-tempo\/"},"author":{"name":"Telinha","@id":"https:\/\/portaltela.pt\/#\/schema\/person\/c4278d4a6028830caff9ee44b42d32ed"},"headline":"Ponte cai na Chamusca devido ao mau tempo","datePublished":"2026-02-09T00:36:00+00:00","mainEntityOfPage":{"@id":"https:\/\/portaltela.pt\/noticias\/2026\/02\/08\/ponte-cai-na-chamusca-devido-ao-mau-tempo\/"},"wordCount":193,"image":{"@id":"https:\/\/portaltela.pt\/noticias\/2026\/02\/08\/ponte-cai-na-chamusca-devido-ao-mau-tempo\/#primaryimage"},"thumbnailUrl":"https:\/\/portaltela.pt\/s.01k8rhncp4jt1\/2026\/02\/img_1280x721uu2026-02-09-00-33-48-2265790.jpg","keywords":["bombeiros","Chamusca","derrocadas","estradas","GNR","inunda\u00e7\u00f5es"],"articleSection":["Not\u00edcias"],"inLanguage":"pt-PT"},{"@type":"WebPage","@id":"https:\/\/portaltela.pt\/noticias\/2026\/02\/08\/ponte-cai-na-chamusca-devido-ao-mau-tempo\/","url":"https:\/\/portaltela.pt\/noticias\/2026\/02\/08\/ponte-cai-na-chamusca-devido-ao-mau-tempo\/","name":"Ponte cai na Chamusca devido ao mau tempo - Portal Tela Portugal","isPartOf":{"@id":"https:\/\/portaltela.pt\/#website"},"primaryImageOfPage":{"@id":"https:\/\/portaltela.pt\/noticias\/2026\/02\/08\/ponte-cai-na-chamusca-devido-ao-mau-tempo\/#primaryimage"},"image":{"@id":"https:\/\/portaltela.pt\/noticias\/2026\/02\/08\/ponte-cai-na-chamusca-devido-ao-mau-tempo\/#primaryimage"},"thumbnailUrl":"https:\/\/portaltela.pt\/s.01k8rhncp4jt1\/2026\/02\/img_1280x721uu2026-02-09-00-33-48-2265790.jpg","datePublished":"2026-02-09T00:36:00+00:00","author":{"@id":"https:\/\/portaltela.pt\/#\/schema\/person\/c4278d4a6028830caff9ee44b42d32ed"},"breadcrumb":{"@id":"https:\/\/portaltela.pt\/noticias\/2026\/02\/08\/ponte-cai-na-chamusca-devido-ao-mau-tempo\/#breadcrumb"},"inLanguage":"pt-PT","potentialAction":[{"@type":"ReadAction","target":["https:\/\/portaltela.pt\/noticias\/2026\/02\/08\/ponte-cai-na-chamusca-devido-ao-mau-tempo\/"]}]},{"@type":"ImageObject","inLanguage":"pt-PT","@id":"https:\/\/portaltela.pt\/noticias\/2026\/02\/08\/ponte-cai-na-chamusca-devido-ao-mau-tempo\/#primaryimage","url":"https:\/\/portaltela.pt\/s.01k8rhncp4jt1\/2026\/02\/img_1280x721uu2026-02-09-00-33-48-2265790.jpg","contentUrl":"https:\/\/portaltela.pt\/s.01k8rhncp4jt1\/2026\/02\/img_1280x721uu2026-02-09-00-33-48-2265790.jpg","width":796,"height":448,"caption":"Ponte na Chamusca cede devido ao mau tempo, com preju\u00edzos de milh\u00f5es."},{"@type":"BreadcrumbList","@id":"https:\/\/portaltela.pt\/noticias\/2026\/02\/08\/ponte-cai-na-chamusca-devido-ao-mau-tempo\/#breadcrumb","itemListElement":[{"@type":"ListItem","position":1,"name":"In\u00edcio","item":"https:\/\/portaltela.pt\/"},{"@type":"ListItem","position":2,"name":"Ponte cai na Chamusca devido ao mau tempo"}]},{"@type":"WebSite","@id":"https:\/\/portaltela.pt\/#website","url":"https:\/\/portaltela.pt\/","name":"Portal Tela Portugal","description":"","potentialAction":[{"@type":"SearchAction","target":{"@type":"EntryPoint","urlTemplate":"https:\/\/portaltela.pt\/?s={search_term_string}"},"query-input":{"@type":"PropertyValueSpecification","valueRequired":true,"valueName":"search_term_string"}}],"inLanguage":"pt-PT"},{"@type":"Person","@id":"https:\/\/portaltela.pt\/#\/schema\/person\/c4278d4a6028830caff9ee44b42d32ed","name":"Telinha","image":{"@type":"ImageObject","inLanguage":"pt-PT","@id":"https:\/\/portaltela.pt\/s.01k8rhncp4jt1\/2025\/11\/talking-bot-125x125.png","url":"https:\/\/portaltela.pt\/s.01k8rhncp4jt1\/2025\/11\/talking-bot-125x125.png","contentUrl":"https:\/\/portaltela.pt\/s.01k8rhncp4jt1\/2025\/11\/talking-bot-125x125.png","caption":"Telinha"},"sameAs":["https:\/\/portaltela.pt\/"],"url":"https:\/\/portaltela.pt\/por\/367410592786\/"}]}},"_links":{"self":[{"href":"https:\/\/portaltela.pt\/api\/wp\/v2\/posts\/204800","targetHints":{"allow":["GET"]}}],"collection":[{"href":"https:\/\/portaltela.pt\/api\/wp\/v2\/posts"}],"about":[{"href":"https:\/\/portaltela.pt\/api\/wp\/v2\/types\/post"}],"author":[{"embeddable":true,"href":"https:\/\/portaltela.pt\/api\/wp\/v2\/users\/2"}],"replies":[{"embeddable":true,"href":"https:\/\/portaltela.pt\/api\/wp\/v2\/comments?post=204800"}],"version-history":[{"count":0,"href":"https:\/\/portaltela.pt\/api\/wp\/v2\/posts\/204800\/revisions"}],"wp:featuredmedia":[{"embeddable":true,"href":"https:\/\/portaltela.pt\/api\/wp\/v2\/media\/204802"}],"wp:attachment":[{"href":"https:\/\/portaltela.pt\/api\/wp\/v2\/media?parent=204800"}],"wp:term":[{"taxonomy":"category","embeddable":true,"href":"https:\/\/portaltela.pt\/api\/wp\/v2\/categories?post=204800"},{"taxonomy":"post_tag","embeddable":true,"href":"https:\/\/portaltela.pt\/api\/wp\/v2\/tags?post=204800"}],"curies":[{"name":"wp","href":"https:\/\/api.w.org\/{rel}","templated":true}]}}