{"id":204744,"date":"2026-02-08T20:59:00","date_gmt":"2026-02-08T23:59:00","guid":{"rendered":"https:\/\/portaltela.pt\/noticias\/2026\/02\/08\/estrela-de-anisio-brilha-em-30-segundos-e-salva-aguia\/"},"modified":"2026-02-08T20:59:00","modified_gmt":"2026-02-08T23:59:00","slug":"estrela-de-anisio-brilha-em-30-segundos-e-salva-aguia","status":"publish","type":"post","link":"https:\/\/portaltela.pt\/desporto\/futebol\/2026\/02\/08\/estrela-de-anisio-brilha-em-30-segundos-e-salva-aguia\/","title":{"rendered":"Estrela de An\u00edsio brilha em 30 segundos e salva \u00e1guia"},"content":{"rendered":"<p>H\u00e1 uma nova estrela a brilhar na Luz. An\u00edsio Cabral, campe\u00e3o do Mundo de sub-17, marcou na estreia pela equipa principal do Benfica. O lance ocorreu aos 30 segundos ap\u00f3s o seu lan\u00e7amento por Jos\u00e9 Mourinho, frente ao Benfica.<\/p>\n<p>O jovem revelou um faro pelo golo ao resolver o problema em que as \u00e1guias se encontravam. Este feito ocorreu apenas 1 minuto depois de ter entrado, contra o E. Amadora, na competi\u00e7\u00e3o que serviu de palco para a surpresa.<\/p>\n<p>A jogada abre perspetivas para o cl\u00e1ssico entre F. C. Porto e Sporting, com o jogador a surge como op\u00e7\u00e3o de ataque para o treinador. O desempenho de Cabral refor\u00e7a a aposta na prata da casa do Benfica.<\/p>\n","protected":false},"excerpt":{"rendered":"<ul>\n<li>An\u00edsio Cabral, jovem do Benfica, marcou aos 30 segundos ap\u00f3s ser lan\u00e7ado por Jos\u00e9 Mourinho.<\/li>\n<li>Na estreia pela equipa principal, j\u00e1 tinha marcado ao E. Amadora em um minuto.<\/li>\n<li>O feito pode ajudar as \u00e1guias a tirar partido do cl\u00e1ssico entre FC Porto e Sporting.<\/li>\n<li>O jogador ficou em foco como destaque da equipa na temporada.<\/li>\n<li>Foto: Jos\u00e9 Sena Goul\u00e3o\/Lusa.<\/li>\n<\/ul>\n","protected":false},"author":2,"featured_media":204745,"comment_status":"closed","ping_status":"closed","sticky":false,"template":"","format":"standard","meta":{"footnotes":""},"categories":[21,24],"tags":[1946,3972,32,2241,4163,981],"class_list":["post-204744","post","type-post","status-publish","format-standard","has-post-thumbnail","hentry","category-desporto","category-futebol","tag-benfica","tag-benfica-sad","tag-futebol","tag-jovens-talentos","tag-juniores","tag-lisboa"],"yoast_head":"<!-- This site is optimized with the Yoast SEO plugin v27.2 - https:\/\/yoast.com\/product\/yoast-seo-wordpress\/ -->\n<title>Estrela de An\u00edsio brilha em 30 segundos e salva \u00e1guia - Portal Tela Portugal<\/title>\n<meta name=\"robots\" content=\"index, follow, max-snippet:-1, max-image-preview:large, max-video-preview:-1\" \/>\n<meta property=\"og:locale\" content=\"pt_PT\" \/>\n<meta property=\"og:type\" content=\"article\" \/>\n<meta property=\"og:title\" content=\"Estrela de An\u00edsio brilha em 30 segundos e salva \u00e1guia - Portal Tela Portugal\" \/>\n<meta property=\"og:description\" content=\"An\u00edsio Cabral, jovem do Benfica, marcou aos 30 segundos ap\u00f3s ser lan\u00e7ado por Jos\u00e9 Mourinho. Na estreia pela equipa principal, j\u00e1 tinha marcado ao E. Amadora em um minuto. O feito pode ajudar as \u00e1guias a tirar partido do cl\u00e1ssico entre FC Porto e Sporting. O jogador ficou em foco como destaque da equipa na temporada. Foto: Jos\u00e9 Sena Goul\u00e3o\/Lusa.\" \/>\n<meta property=\"og:url\" content=\"https:\/\/portaltela.pt\/noticias\/2026\/02\/08\/estrela-de-anisio-brilha-em-30-segundos-e-salva-aguia\/\" \/>\n<meta property=\"og:site_name\" content=\"Portal Tela Portugal\" \/>\n<meta property=\"article:published_time\" content=\"2026-02-08T23:59:00+00:00\" \/>\n<meta name=\"author\" content=\"Telinha\" \/>\n<meta name=\"twitter:card\" content=\"summary_large_image\" \/>\n<meta name=\"twitter:label1\" content=\"Escrito por\" \/>\n\t<meta name=\"twitter:data1\" content=\"Telinha\" \/>\n\t<meta name=\"twitter:label2\" content=\"Tempo estimado de leitura\" \/>\n\t<meta name=\"twitter:data2\" content=\"1 minuto\" \/>\n<script type=\"application\/ld+json\" class=\"yoast-schema-graph\">{\"@context\":\"https:\/\/schema.org\",\"@graph\":[{\"@type\":\"Article\",\"@id\":\"https:\/\/portaltela.pt\/noticias\/2026\/02\/08\/estrela-de-anisio-brilha-em-30-segundos-e-salva-aguia\/#article\",\"isPartOf\":{\"@id\":\"https:\/\/portaltela.pt\/noticias\/2026\/02\/08\/estrela-de-anisio-brilha-em-30-segundos-e-salva-aguia\/\"},\"author\":{\"name\":\"Telinha\",\"@id\":\"https:\/\/portaltela.pt\/#\/schema\/person\/c4278d4a6028830caff9ee44b42d32ed\"},\"headline\":\"Estrela de An\u00edsio brilha em 30 segundos e salva \u00e1guia\",\"datePublished\":\"2026-02-08T23:59:00+00:00\",\"mainEntityOfPage\":{\"@id\":\"https:\/\/portaltela.pt\/noticias\/2026\/02\/08\/estrela-de-anisio-brilha-em-30-segundos-e-salva-aguia\/\"},\"wordCount\":133,\"image\":{\"@id\":\"https:\/\/portaltela.pt\/noticias\/2026\/02\/08\/estrela-de-anisio-brilha-em-30-segundos-e-salva-aguia\/#primaryimage\"},\"thumbnailUrl\":\"https:\/\/portaltela.pt\/s.01k8rhncp4jt1\/2026\/02\/image-668.jpg\",\"keywords\":[\"Benfica\",\"Benfica SAD\",\"futebol\",\"Jovens Talentos\",\"juniores\",\"Lisboa\"],\"articleSection\":[\"Desporto\",\"Futebol\"],\"inLanguage\":\"pt-PT\"},{\"@type\":\"WebPage\",\"@id\":\"https:\/\/portaltela.pt\/noticias\/2026\/02\/08\/estrela-de-anisio-brilha-em-30-segundos-e-salva-aguia\/\",\"url\":\"https:\/\/portaltela.pt\/noticias\/2026\/02\/08\/estrela-de-anisio-brilha-em-30-segundos-e-salva-aguia\/\",\"name\":\"Estrela de An\u00edsio brilha em 30 segundos e salva \u00e1guia - Portal Tela Portugal\",\"isPartOf\":{\"@id\":\"https:\/\/portaltela.pt\/#website\"},\"primaryImageOfPage\":{\"@id\":\"https:\/\/portaltela.pt\/noticias\/2026\/02\/08\/estrela-de-anisio-brilha-em-30-segundos-e-salva-aguia\/#primaryimage\"},\"image\":{\"@id\":\"https:\/\/portaltela.pt\/noticias\/2026\/02\/08\/estrela-de-anisio-brilha-em-30-segundos-e-salva-aguia\/#primaryimage\"},\"thumbnailUrl\":\"https:\/\/portaltela.pt\/s.01k8rhncp4jt1\/2026\/02\/image-668.jpg\",\"datePublished\":\"2026-02-08T23:59:00+00:00\",\"author\":{\"@id\":\"https:\/\/portaltela.pt\/#\/schema\/person\/c4278d4a6028830caff9ee44b42d32ed\"},\"breadcrumb\":{\"@id\":\"https:\/\/portaltela.pt\/noticias\/2026\/02\/08\/estrela-de-anisio-brilha-em-30-segundos-e-salva-aguia\/#breadcrumb\"},\"inLanguage\":\"pt-PT\",\"potentialAction\":[{\"@type\":\"ReadAction\",\"target\":[\"https:\/\/portaltela.pt\/noticias\/2026\/02\/08\/estrela-de-anisio-brilha-em-30-segundos-e-salva-aguia\/\"]}]},{\"@type\":\"ImageObject\",\"inLanguage\":\"pt-PT\",\"@id\":\"https:\/\/portaltela.pt\/noticias\/2026\/02\/08\/estrela-de-anisio-brilha-em-30-segundos-e-salva-aguia\/#primaryimage\",\"url\":\"https:\/\/portaltela.pt\/s.01k8rhncp4jt1\/2026\/02\/image-668.jpg\",\"contentUrl\":\"https:\/\/portaltela.pt\/s.01k8rhncp4jt1\/2026\/02\/image-668.jpg\",\"width\":796,\"height\":448,\"caption\":\"Jovem em grande destaque\"},{\"@type\":\"BreadcrumbList\",\"@id\":\"https:\/\/portaltela.pt\/noticias\/2026\/02\/08\/estrela-de-anisio-brilha-em-30-segundos-e-salva-aguia\/#breadcrumb\",\"itemListElement\":[{\"@type\":\"ListItem\",\"position\":1,\"name\":\"In\u00edcio\",\"item\":\"https:\/\/portaltela.pt\/\"},{\"@type\":\"ListItem\",\"position\":2,\"name\":\"Estrela de An\u00edsio brilha em 30 segundos e salva \u00e1guia\"}]},{\"@type\":\"WebSite\",\"@id\":\"https:\/\/portaltela.pt\/#website\",\"url\":\"https:\/\/portaltela.pt\/\",\"name\":\"Portal Tela Portugal\",\"description\":\"\",\"potentialAction\":[{\"@type\":\"SearchAction\",\"target\":{\"@type\":\"EntryPoint\",\"urlTemplate\":\"https:\/\/portaltela.pt\/?s={search_term_string}\"},\"query-input\":{\"@type\":\"PropertyValueSpecification\",\"valueRequired\":true,\"valueName\":\"search_term_string\"}}],\"inLanguage\":\"pt-PT\"},{\"@type\":\"Person\",\"@id\":\"https:\/\/portaltela.pt\/#\/schema\/person\/c4278d4a6028830caff9ee44b42d32ed\",\"name\":\"Telinha\",\"image\":{\"@type\":\"ImageObject\",\"inLanguage\":\"pt-PT\",\"@id\":\"https:\/\/portaltela.pt\/s.01k8rhncp4jt1\/2025\/11\/talking-bot-125x125.png\",\"url\":\"https:\/\/portaltela.pt\/s.01k8rhncp4jt1\/2025\/11\/talking-bot-125x125.png\",\"contentUrl\":\"https:\/\/portaltela.pt\/s.01k8rhncp4jt1\/2025\/11\/talking-bot-125x125.png\",\"caption\":\"Telinha\"},\"sameAs\":[\"https:\/\/portaltela.pt\/\"],\"url\":\"https:\/\/portaltela.pt\/por\/367410592786\/\"}]}<\/script>\n<!-- \/ Yoast SEO plugin. -->","yoast_head_json":{"title":"Estrela de An\u00edsio brilha em 30 segundos e salva \u00e1guia - Portal Tela Portugal","robots":{"index":"index","follow":"follow","max-snippet":"max-snippet:-1","max-image-preview":"max-image-preview:large","max-video-preview":"max-video-preview:-1"},"og_locale":"pt_PT","og_type":"article","og_title":"Estrela de An\u00edsio brilha em 30 segundos e salva \u00e1guia - Portal Tela Portugal","og_description":"An\u00edsio Cabral, jovem do Benfica, marcou aos 30 segundos ap\u00f3s ser lan\u00e7ado por Jos\u00e9 Mourinho. Na estreia pela equipa principal, j\u00e1 tinha marcado ao E. Amadora em um minuto. O feito pode ajudar as \u00e1guias a tirar partido do cl\u00e1ssico entre FC Porto e Sporting. O jogador ficou em foco como destaque da equipa na temporada. Foto: Jos\u00e9 Sena Goul\u00e3o\/Lusa.","og_url":"https:\/\/portaltela.pt\/noticias\/2026\/02\/08\/estrela-de-anisio-brilha-em-30-segundos-e-salva-aguia\/","og_site_name":"Portal Tela Portugal","article_published_time":"2026-02-08T23:59:00+00:00","author":"Telinha","twitter_card":"summary_large_image","twitter_misc":{"Escrito por":"Telinha","Tempo estimado de leitura":"1 minuto"},"schema":{"@context":"https:\/\/schema.org","@graph":[{"@type":"Article","@id":"https:\/\/portaltela.pt\/noticias\/2026\/02\/08\/estrela-de-anisio-brilha-em-30-segundos-e-salva-aguia\/#article","isPartOf":{"@id":"https:\/\/portaltela.pt\/noticias\/2026\/02\/08\/estrela-de-anisio-brilha-em-30-segundos-e-salva-aguia\/"},"author":{"name":"Telinha","@id":"https:\/\/portaltela.pt\/#\/schema\/person\/c4278d4a6028830caff9ee44b42d32ed"},"headline":"Estrela de An\u00edsio brilha em 30 segundos e salva \u00e1guia","datePublished":"2026-02-08T23:59:00+00:00","mainEntityOfPage":{"@id":"https:\/\/portaltela.pt\/noticias\/2026\/02\/08\/estrela-de-anisio-brilha-em-30-segundos-e-salva-aguia\/"},"wordCount":133,"image":{"@id":"https:\/\/portaltela.pt\/noticias\/2026\/02\/08\/estrela-de-anisio-brilha-em-30-segundos-e-salva-aguia\/#primaryimage"},"thumbnailUrl":"https:\/\/portaltela.pt\/s.01k8rhncp4jt1\/2026\/02\/image-668.jpg","keywords":["Benfica","Benfica SAD","futebol","Jovens Talentos","juniores","Lisboa"],"articleSection":["Desporto","Futebol"],"inLanguage":"pt-PT"},{"@type":"WebPage","@id":"https:\/\/portaltela.pt\/noticias\/2026\/02\/08\/estrela-de-anisio-brilha-em-30-segundos-e-salva-aguia\/","url":"https:\/\/portaltela.pt\/noticias\/2026\/02\/08\/estrela-de-anisio-brilha-em-30-segundos-e-salva-aguia\/","name":"Estrela de An\u00edsio brilha em 30 segundos e salva \u00e1guia - Portal Tela Portugal","isPartOf":{"@id":"https:\/\/portaltela.pt\/#website"},"primaryImageOfPage":{"@id":"https:\/\/portaltela.pt\/noticias\/2026\/02\/08\/estrela-de-anisio-brilha-em-30-segundos-e-salva-aguia\/#primaryimage"},"image":{"@id":"https:\/\/portaltela.pt\/noticias\/2026\/02\/08\/estrela-de-anisio-brilha-em-30-segundos-e-salva-aguia\/#primaryimage"},"thumbnailUrl":"https:\/\/portaltela.pt\/s.01k8rhncp4jt1\/2026\/02\/image-668.jpg","datePublished":"2026-02-08T23:59:00+00:00","author":{"@id":"https:\/\/portaltela.pt\/#\/schema\/person\/c4278d4a6028830caff9ee44b42d32ed"},"breadcrumb":{"@id":"https:\/\/portaltela.pt\/noticias\/2026\/02\/08\/estrela-de-anisio-brilha-em-30-segundos-e-salva-aguia\/#breadcrumb"},"inLanguage":"pt-PT","potentialAction":[{"@type":"ReadAction","target":["https:\/\/portaltela.pt\/noticias\/2026\/02\/08\/estrela-de-anisio-brilha-em-30-segundos-e-salva-aguia\/"]}]},{"@type":"ImageObject","inLanguage":"pt-PT","@id":"https:\/\/portaltela.pt\/noticias\/2026\/02\/08\/estrela-de-anisio-brilha-em-30-segundos-e-salva-aguia\/#primaryimage","url":"https:\/\/portaltela.pt\/s.01k8rhncp4jt1\/2026\/02\/image-668.jpg","contentUrl":"https:\/\/portaltela.pt\/s.01k8rhncp4jt1\/2026\/02\/image-668.jpg","width":796,"height":448,"caption":"Jovem em grande destaque"},{"@type":"BreadcrumbList","@id":"https:\/\/portaltela.pt\/noticias\/2026\/02\/08\/estrela-de-anisio-brilha-em-30-segundos-e-salva-aguia\/#breadcrumb","itemListElement":[{"@type":"ListItem","position":1,"name":"In\u00edcio","item":"https:\/\/portaltela.pt\/"},{"@type":"ListItem","position":2,"name":"Estrela de An\u00edsio brilha em 30 segundos e salva \u00e1guia"}]},{"@type":"WebSite","@id":"https:\/\/portaltela.pt\/#website","url":"https:\/\/portaltela.pt\/","name":"Portal Tela Portugal","description":"","potentialAction":[{"@type":"SearchAction","target":{"@type":"EntryPoint","urlTemplate":"https:\/\/portaltela.pt\/?s={search_term_string}"},"query-input":{"@type":"PropertyValueSpecification","valueRequired":true,"valueName":"search_term_string"}}],"inLanguage":"pt-PT"},{"@type":"Person","@id":"https:\/\/portaltela.pt\/#\/schema\/person\/c4278d4a6028830caff9ee44b42d32ed","name":"Telinha","image":{"@type":"ImageObject","inLanguage":"pt-PT","@id":"https:\/\/portaltela.pt\/s.01k8rhncp4jt1\/2025\/11\/talking-bot-125x125.png","url":"https:\/\/portaltela.pt\/s.01k8rhncp4jt1\/2025\/11\/talking-bot-125x125.png","contentUrl":"https:\/\/portaltela.pt\/s.01k8rhncp4jt1\/2025\/11\/talking-bot-125x125.png","caption":"Telinha"},"sameAs":["https:\/\/portaltela.pt\/"],"url":"https:\/\/portaltela.pt\/por\/367410592786\/"}]}},"_links":{"self":[{"href":"https:\/\/portaltela.pt\/api\/wp\/v2\/posts\/204744","targetHints":{"allow":["GET"]}}],"collection":[{"href":"https:\/\/portaltela.pt\/api\/wp\/v2\/posts"}],"about":[{"href":"https:\/\/portaltela.pt\/api\/wp\/v2\/types\/post"}],"author":[{"embeddable":true,"href":"https:\/\/portaltela.pt\/api\/wp\/v2\/users\/2"}],"replies":[{"embeddable":true,"href":"https:\/\/portaltela.pt\/api\/wp\/v2\/comments?post=204744"}],"version-history":[{"count":0,"href":"https:\/\/portaltela.pt\/api\/wp\/v2\/posts\/204744\/revisions"}],"wp:featuredmedia":[{"embeddable":true,"href":"https:\/\/portaltela.pt\/api\/wp\/v2\/media\/204745"}],"wp:attachment":[{"href":"https:\/\/portaltela.pt\/api\/wp\/v2\/media?parent=204744"}],"wp:term":[{"taxonomy":"category","embeddable":true,"href":"https:\/\/portaltela.pt\/api\/wp\/v2\/categories?post=204744"},{"taxonomy":"post_tag","embeddable":true,"href":"https:\/\/portaltela.pt\/api\/wp\/v2\/tags?post=204744"}],"curies":[{"name":"wp","href":"https:\/\/api.w.org\/{rel}","templated":true}]}}