{"id":204728,"date":"2026-02-08T20:58:11","date_gmt":"2026-02-08T23:58:11","guid":{"rendered":"https:\/\/portaltela.pt\/noticias\/2026\/02\/08\/mourinho-comenta-prestianni-schjelderup-e-sudakov-e-diz-que-nao-ha-gulosos\/"},"modified":"2026-02-08T20:58:11","modified_gmt":"2026-02-08T23:58:11","slug":"mourinho-comenta-prestianni-schjelderup-e-sudakov-e-diz-que-nao-ha-gulosos","status":"publish","type":"post","link":"https:\/\/portaltela.pt\/desporto\/futebol\/2026\/02\/08\/mourinho-comenta-prestianni-schjelderup-e-sudakov-e-diz-que-nao-ha-gulosos\/","title":{"rendered":"Mourinho comenta Prestianni, Schjelderup e Sudakov e diz que n\u00e3o h\u00e1 gulosos"},"content":{"rendered":"<p>Jos\u00e9 Mourinho voltou a falar da efic\u00e1cia do Benfica ap\u00f3s a vit\u00f3ria frente ao Alverca, por 2-1, na noite de hoje. O treinador aponta que o clube precisa de mais converturas para evitar dissabores em jogos decide-ivos.<\/p>\n<p>O t\u00e9cnico destacou os n\u00fameros de Sudakov, Schjelderup e Prestianni, citando que os atacantes t\u00eam de alcan\u00e7ar d\u00edgitos du\u0301zitos numa \u00e9poca completa. A mensagem central \u00e9 a exig\u00eancia de produ\u00e7\u00e3o ofensiva constante.<\/p>\n<p>No regresso ao triunfo, a equipa manteve a toada de jogo e mostrou espa\u00e7o para melhorar a defini\u00e7\u00e3o frente ao Alverca. O desfecho aponta para quest\u00f5es de efic\u00e1cia que Mourinho pretende resolver rapidamente.<\/p>\n<h3>N\u00fameros em foco<\/h3>\n<p>Sudakov, Schjelderup e Prestianni ficam no centro das aten\u00e7\u00f5es, com o treinador a sublinhar a necessidade de cada um atingir pelo menos dois d\u00edgitos em marcadores ao longo da temporada. O tema surge como prioridade para o ataque encarnado.<\/p>\n","protected":false},"excerpt":{"rendered":"<ul>\n<li>Jos\u00e9 Mourinho comentou os n\u00fameros de Sudakov, Schjelderup e Prestianni ap\u00f3s a vit\u00f3ria do Benfica sobre o Alverca, por 2-1.<\/li>\n<li>O t\u00e9cnico encarnado destacou a falta de efic\u00e1cia da equipa nessa partida.<\/li>\n<li>Salientou os n\u00fameros dos tr\u00eas jogadores de ataque mencionados.<\/li>\n<li>Refor\u00e7ou que os jogadores de ataque t\u00eam de chegar aos dois d\u00edgitos numa \u00e9poca.<\/li>\n<\/ul>\n","protected":false},"author":2,"featured_media":204734,"comment_status":"closed","ping_status":"closed","sticky":false,"template":"","format":"standard","meta":{"footnotes":""},"categories":[21,24],"tags":[1946,227,32,3817,5654,3689],"class_list":["post-204728","post","type-post","status-publish","format-standard","has-post-thumbnail","hentry","category-desporto","category-futebol","tag-benfica","tag-campeonato","tag-futebol","tag-prestianni","tag-schjelderup","tag-sudakov"],"yoast_head":"<!-- This site is optimized with the Yoast SEO plugin v27.2 - https:\/\/yoast.com\/product\/yoast-seo-wordpress\/ -->\n<title>Mourinho comenta Prestianni, Schjelderup e Sudakov e diz que n\u00e3o h\u00e1 gulosos - Portal Tela Portugal<\/title>\n<meta name=\"robots\" content=\"index, follow, max-snippet:-1, max-image-preview:large, max-video-preview:-1\" \/>\n<meta property=\"og:locale\" content=\"pt_PT\" \/>\n<meta property=\"og:type\" content=\"article\" \/>\n<meta property=\"og:title\" content=\"Mourinho comenta Prestianni, Schjelderup e Sudakov e diz que n\u00e3o h\u00e1 gulosos - Portal Tela Portugal\" \/>\n<meta property=\"og:description\" content=\"Jos\u00e9 Mourinho comentou os n\u00fameros de Sudakov, Schjelderup e Prestianni ap\u00f3s a vit\u00f3ria do Benfica sobre o Alverca, por 2-1. O t\u00e9cnico encarnado destacou a falta de efic\u00e1cia da equipa nessa partida. Salientou os n\u00fameros dos tr\u00eas jogadores de ataque mencionados. Refor\u00e7ou que os jogadores de ataque t\u00eam de chegar aos dois d\u00edgitos numa \u00e9poca.\" \/>\n<meta property=\"og:url\" content=\"https:\/\/portaltela.pt\/noticias\/2026\/02\/08\/mourinho-comenta-prestianni-schjelderup-e-sudakov-e-diz-que-nao-ha-gulosos\/\" \/>\n<meta property=\"og:site_name\" content=\"Portal Tela Portugal\" \/>\n<meta property=\"article:published_time\" content=\"2026-02-08T23:58:11+00:00\" \/>\n<meta name=\"author\" content=\"Telinha\" \/>\n<meta name=\"twitter:card\" content=\"summary_large_image\" \/>\n<meta name=\"twitter:label1\" content=\"Escrito por\" \/>\n\t<meta name=\"twitter:data1\" content=\"Telinha\" \/>\n\t<meta name=\"twitter:label2\" content=\"Tempo estimado de leitura\" \/>\n\t<meta name=\"twitter:data2\" content=\"1 minuto\" \/>\n<script type=\"application\/ld+json\" class=\"yoast-schema-graph\">{\"@context\":\"https:\/\/schema.org\",\"@graph\":[{\"@type\":\"Article\",\"@id\":\"https:\/\/portaltela.pt\/noticias\/2026\/02\/08\/mourinho-comenta-prestianni-schjelderup-e-sudakov-e-diz-que-nao-ha-gulosos\/#article\",\"isPartOf\":{\"@id\":\"https:\/\/portaltela.pt\/noticias\/2026\/02\/08\/mourinho-comenta-prestianni-schjelderup-e-sudakov-e-diz-que-nao-ha-gulosos\/\"},\"author\":{\"name\":\"Telinha\",\"@id\":\"https:\/\/portaltela.pt\/#\/schema\/person\/c4278d4a6028830caff9ee44b42d32ed\"},\"headline\":\"Mourinho comenta Prestianni, Schjelderup e Sudakov e diz que n\u00e3o h\u00e1 gulosos\",\"datePublished\":\"2026-02-08T23:58:11+00:00\",\"mainEntityOfPage\":{\"@id\":\"https:\/\/portaltela.pt\/noticias\/2026\/02\/08\/mourinho-comenta-prestianni-schjelderup-e-sudakov-e-diz-que-nao-ha-gulosos\/\"},\"wordCount\":174,\"image\":{\"@id\":\"https:\/\/portaltela.pt\/noticias\/2026\/02\/08\/mourinho-comenta-prestianni-schjelderup-e-sudakov-e-diz-que-nao-ha-gulosos\/#primaryimage\"},\"thumbnailUrl\":\"https:\/\/portaltela.pt\/s.01k8rhncp4jt1\/2026\/02\/img_1200x721uu2026-02-08-23-56-15-2420443.jpg\",\"keywords\":[\"Benfica\",\"campeonato\",\"futebol\",\"Prestianni\",\"Schjelderup\",\"Sudakov\"],\"articleSection\":[\"Desporto\",\"Futebol\"],\"inLanguage\":\"pt-PT\"},{\"@type\":\"WebPage\",\"@id\":\"https:\/\/portaltela.pt\/noticias\/2026\/02\/08\/mourinho-comenta-prestianni-schjelderup-e-sudakov-e-diz-que-nao-ha-gulosos\/\",\"url\":\"https:\/\/portaltela.pt\/noticias\/2026\/02\/08\/mourinho-comenta-prestianni-schjelderup-e-sudakov-e-diz-que-nao-ha-gulosos\/\",\"name\":\"Mourinho comenta Prestianni, Schjelderup e Sudakov e diz que n\u00e3o h\u00e1 gulosos - Portal Tela Portugal\",\"isPartOf\":{\"@id\":\"https:\/\/portaltela.pt\/#website\"},\"primaryImageOfPage\":{\"@id\":\"https:\/\/portaltela.pt\/noticias\/2026\/02\/08\/mourinho-comenta-prestianni-schjelderup-e-sudakov-e-diz-que-nao-ha-gulosos\/#primaryimage\"},\"image\":{\"@id\":\"https:\/\/portaltela.pt\/noticias\/2026\/02\/08\/mourinho-comenta-prestianni-schjelderup-e-sudakov-e-diz-que-nao-ha-gulosos\/#primaryimage\"},\"thumbnailUrl\":\"https:\/\/portaltela.pt\/s.01k8rhncp4jt1\/2026\/02\/img_1200x721uu2026-02-08-23-56-15-2420443.jpg\",\"datePublished\":\"2026-02-08T23:58:11+00:00\",\"author\":{\"@id\":\"https:\/\/portaltela.pt\/#\/schema\/person\/c4278d4a6028830caff9ee44b42d32ed\"},\"breadcrumb\":{\"@id\":\"https:\/\/portaltela.pt\/noticias\/2026\/02\/08\/mourinho-comenta-prestianni-schjelderup-e-sudakov-e-diz-que-nao-ha-gulosos\/#breadcrumb\"},\"inLanguage\":\"pt-PT\",\"potentialAction\":[{\"@type\":\"ReadAction\",\"target\":[\"https:\/\/portaltela.pt\/noticias\/2026\/02\/08\/mourinho-comenta-prestianni-schjelderup-e-sudakov-e-diz-que-nao-ha-gulosos\/\"]}]},{\"@type\":\"ImageObject\",\"inLanguage\":\"pt-PT\",\"@id\":\"https:\/\/portaltela.pt\/noticias\/2026\/02\/08\/mourinho-comenta-prestianni-schjelderup-e-sudakov-e-diz-que-nao-ha-gulosos\/#primaryimage\",\"url\":\"https:\/\/portaltela.pt\/s.01k8rhncp4jt1\/2026\/02\/img_1200x721uu2026-02-08-23-56-15-2420443.jpg\",\"contentUrl\":\"https:\/\/portaltela.pt\/s.01k8rhncp4jt1\/2026\/02\/img_1200x721uu2026-02-08-23-56-15-2420443.jpg\",\"width\":796,\"height\":448,\"caption\":\"Jos\u00e9 Mourinho voltou a lamentar a falta de efic\u00e1cia que o Benfica demonstrou esta noite frente ao Alverca (2-1). O treinador dos encarnados destacou os n\u00fameros de Sudakov, Schjelderup e Prestianni e sublinhou, uma vez mais, que \\\"jogadores de ataque t\u00eam de entrar nos dois d\u00edgitos durante uma \u00e9poca\\\".\"},{\"@type\":\"BreadcrumbList\",\"@id\":\"https:\/\/portaltela.pt\/noticias\/2026\/02\/08\/mourinho-comenta-prestianni-schjelderup-e-sudakov-e-diz-que-nao-ha-gulosos\/#breadcrumb\",\"itemListElement\":[{\"@type\":\"ListItem\",\"position\":1,\"name\":\"In\u00edcio\",\"item\":\"https:\/\/portaltela.pt\/\"},{\"@type\":\"ListItem\",\"position\":2,\"name\":\"Mourinho comenta Prestianni, Schjelderup e Sudakov e diz que n\u00e3o h\u00e1 gulosos\"}]},{\"@type\":\"WebSite\",\"@id\":\"https:\/\/portaltela.pt\/#website\",\"url\":\"https:\/\/portaltela.pt\/\",\"name\":\"Portal Tela Portugal\",\"description\":\"\",\"potentialAction\":[{\"@type\":\"SearchAction\",\"target\":{\"@type\":\"EntryPoint\",\"urlTemplate\":\"https:\/\/portaltela.pt\/?s={search_term_string}\"},\"query-input\":{\"@type\":\"PropertyValueSpecification\",\"valueRequired\":true,\"valueName\":\"search_term_string\"}}],\"inLanguage\":\"pt-PT\"},{\"@type\":\"Person\",\"@id\":\"https:\/\/portaltela.pt\/#\/schema\/person\/c4278d4a6028830caff9ee44b42d32ed\",\"name\":\"Telinha\",\"image\":{\"@type\":\"ImageObject\",\"inLanguage\":\"pt-PT\",\"@id\":\"https:\/\/portaltela.pt\/s.01k8rhncp4jt1\/2025\/11\/talking-bot-125x125.png\",\"url\":\"https:\/\/portaltela.pt\/s.01k8rhncp4jt1\/2025\/11\/talking-bot-125x125.png\",\"contentUrl\":\"https:\/\/portaltela.pt\/s.01k8rhncp4jt1\/2025\/11\/talking-bot-125x125.png\",\"caption\":\"Telinha\"},\"sameAs\":[\"https:\/\/portaltela.pt\/\"],\"url\":\"https:\/\/portaltela.pt\/por\/367410592786\/\"}]}<\/script>\n<!-- \/ Yoast SEO plugin. -->","yoast_head_json":{"title":"Mourinho comenta Prestianni, Schjelderup e Sudakov e diz que n\u00e3o h\u00e1 gulosos - Portal Tela Portugal","robots":{"index":"index","follow":"follow","max-snippet":"max-snippet:-1","max-image-preview":"max-image-preview:large","max-video-preview":"max-video-preview:-1"},"og_locale":"pt_PT","og_type":"article","og_title":"Mourinho comenta Prestianni, Schjelderup e Sudakov e diz que n\u00e3o h\u00e1 gulosos - Portal Tela Portugal","og_description":"Jos\u00e9 Mourinho comentou os n\u00fameros de Sudakov, Schjelderup e Prestianni ap\u00f3s a vit\u00f3ria do Benfica sobre o Alverca, por 2-1. O t\u00e9cnico encarnado destacou a falta de efic\u00e1cia da equipa nessa partida. Salientou os n\u00fameros dos tr\u00eas jogadores de ataque mencionados. Refor\u00e7ou que os jogadores de ataque t\u00eam de chegar aos dois d\u00edgitos numa \u00e9poca.","og_url":"https:\/\/portaltela.pt\/noticias\/2026\/02\/08\/mourinho-comenta-prestianni-schjelderup-e-sudakov-e-diz-que-nao-ha-gulosos\/","og_site_name":"Portal Tela Portugal","article_published_time":"2026-02-08T23:58:11+00:00","author":"Telinha","twitter_card":"summary_large_image","twitter_misc":{"Escrito por":"Telinha","Tempo estimado de leitura":"1 minuto"},"schema":{"@context":"https:\/\/schema.org","@graph":[{"@type":"Article","@id":"https:\/\/portaltela.pt\/noticias\/2026\/02\/08\/mourinho-comenta-prestianni-schjelderup-e-sudakov-e-diz-que-nao-ha-gulosos\/#article","isPartOf":{"@id":"https:\/\/portaltela.pt\/noticias\/2026\/02\/08\/mourinho-comenta-prestianni-schjelderup-e-sudakov-e-diz-que-nao-ha-gulosos\/"},"author":{"name":"Telinha","@id":"https:\/\/portaltela.pt\/#\/schema\/person\/c4278d4a6028830caff9ee44b42d32ed"},"headline":"Mourinho comenta Prestianni, Schjelderup e Sudakov e diz que n\u00e3o h\u00e1 gulosos","datePublished":"2026-02-08T23:58:11+00:00","mainEntityOfPage":{"@id":"https:\/\/portaltela.pt\/noticias\/2026\/02\/08\/mourinho-comenta-prestianni-schjelderup-e-sudakov-e-diz-que-nao-ha-gulosos\/"},"wordCount":174,"image":{"@id":"https:\/\/portaltela.pt\/noticias\/2026\/02\/08\/mourinho-comenta-prestianni-schjelderup-e-sudakov-e-diz-que-nao-ha-gulosos\/#primaryimage"},"thumbnailUrl":"https:\/\/portaltela.pt\/s.01k8rhncp4jt1\/2026\/02\/img_1200x721uu2026-02-08-23-56-15-2420443.jpg","keywords":["Benfica","campeonato","futebol","Prestianni","Schjelderup","Sudakov"],"articleSection":["Desporto","Futebol"],"inLanguage":"pt-PT"},{"@type":"WebPage","@id":"https:\/\/portaltela.pt\/noticias\/2026\/02\/08\/mourinho-comenta-prestianni-schjelderup-e-sudakov-e-diz-que-nao-ha-gulosos\/","url":"https:\/\/portaltela.pt\/noticias\/2026\/02\/08\/mourinho-comenta-prestianni-schjelderup-e-sudakov-e-diz-que-nao-ha-gulosos\/","name":"Mourinho comenta Prestianni, Schjelderup e Sudakov e diz que n\u00e3o h\u00e1 gulosos - Portal Tela Portugal","isPartOf":{"@id":"https:\/\/portaltela.pt\/#website"},"primaryImageOfPage":{"@id":"https:\/\/portaltela.pt\/noticias\/2026\/02\/08\/mourinho-comenta-prestianni-schjelderup-e-sudakov-e-diz-que-nao-ha-gulosos\/#primaryimage"},"image":{"@id":"https:\/\/portaltela.pt\/noticias\/2026\/02\/08\/mourinho-comenta-prestianni-schjelderup-e-sudakov-e-diz-que-nao-ha-gulosos\/#primaryimage"},"thumbnailUrl":"https:\/\/portaltela.pt\/s.01k8rhncp4jt1\/2026\/02\/img_1200x721uu2026-02-08-23-56-15-2420443.jpg","datePublished":"2026-02-08T23:58:11+00:00","author":{"@id":"https:\/\/portaltela.pt\/#\/schema\/person\/c4278d4a6028830caff9ee44b42d32ed"},"breadcrumb":{"@id":"https:\/\/portaltela.pt\/noticias\/2026\/02\/08\/mourinho-comenta-prestianni-schjelderup-e-sudakov-e-diz-que-nao-ha-gulosos\/#breadcrumb"},"inLanguage":"pt-PT","potentialAction":[{"@type":"ReadAction","target":["https:\/\/portaltela.pt\/noticias\/2026\/02\/08\/mourinho-comenta-prestianni-schjelderup-e-sudakov-e-diz-que-nao-ha-gulosos\/"]}]},{"@type":"ImageObject","inLanguage":"pt-PT","@id":"https:\/\/portaltela.pt\/noticias\/2026\/02\/08\/mourinho-comenta-prestianni-schjelderup-e-sudakov-e-diz-que-nao-ha-gulosos\/#primaryimage","url":"https:\/\/portaltela.pt\/s.01k8rhncp4jt1\/2026\/02\/img_1200x721uu2026-02-08-23-56-15-2420443.jpg","contentUrl":"https:\/\/portaltela.pt\/s.01k8rhncp4jt1\/2026\/02\/img_1200x721uu2026-02-08-23-56-15-2420443.jpg","width":796,"height":448,"caption":"Jos\u00e9 Mourinho voltou a lamentar a falta de efic\u00e1cia que o Benfica demonstrou esta noite frente ao Alverca (2-1). O treinador dos encarnados destacou os n\u00fameros de Sudakov, Schjelderup e Prestianni e sublinhou, uma vez mais, que \"jogadores de ataque t\u00eam de entrar nos dois d\u00edgitos durante uma \u00e9poca\"."},{"@type":"BreadcrumbList","@id":"https:\/\/portaltela.pt\/noticias\/2026\/02\/08\/mourinho-comenta-prestianni-schjelderup-e-sudakov-e-diz-que-nao-ha-gulosos\/#breadcrumb","itemListElement":[{"@type":"ListItem","position":1,"name":"In\u00edcio","item":"https:\/\/portaltela.pt\/"},{"@type":"ListItem","position":2,"name":"Mourinho comenta Prestianni, Schjelderup e Sudakov e diz que n\u00e3o h\u00e1 gulosos"}]},{"@type":"WebSite","@id":"https:\/\/portaltela.pt\/#website","url":"https:\/\/portaltela.pt\/","name":"Portal Tela Portugal","description":"","potentialAction":[{"@type":"SearchAction","target":{"@type":"EntryPoint","urlTemplate":"https:\/\/portaltela.pt\/?s={search_term_string}"},"query-input":{"@type":"PropertyValueSpecification","valueRequired":true,"valueName":"search_term_string"}}],"inLanguage":"pt-PT"},{"@type":"Person","@id":"https:\/\/portaltela.pt\/#\/schema\/person\/c4278d4a6028830caff9ee44b42d32ed","name":"Telinha","image":{"@type":"ImageObject","inLanguage":"pt-PT","@id":"https:\/\/portaltela.pt\/s.01k8rhncp4jt1\/2025\/11\/talking-bot-125x125.png","url":"https:\/\/portaltela.pt\/s.01k8rhncp4jt1\/2025\/11\/talking-bot-125x125.png","contentUrl":"https:\/\/portaltela.pt\/s.01k8rhncp4jt1\/2025\/11\/talking-bot-125x125.png","caption":"Telinha"},"sameAs":["https:\/\/portaltela.pt\/"],"url":"https:\/\/portaltela.pt\/por\/367410592786\/"}]}},"_links":{"self":[{"href":"https:\/\/portaltela.pt\/api\/wp\/v2\/posts\/204728","targetHints":{"allow":["GET"]}}],"collection":[{"href":"https:\/\/portaltela.pt\/api\/wp\/v2\/posts"}],"about":[{"href":"https:\/\/portaltela.pt\/api\/wp\/v2\/types\/post"}],"author":[{"embeddable":true,"href":"https:\/\/portaltela.pt\/api\/wp\/v2\/users\/2"}],"replies":[{"embeddable":true,"href":"https:\/\/portaltela.pt\/api\/wp\/v2\/comments?post=204728"}],"version-history":[{"count":0,"href":"https:\/\/portaltela.pt\/api\/wp\/v2\/posts\/204728\/revisions"}],"wp:featuredmedia":[{"embeddable":true,"href":"https:\/\/portaltela.pt\/api\/wp\/v2\/media\/204734"}],"wp:attachment":[{"href":"https:\/\/portaltela.pt\/api\/wp\/v2\/media?parent=204728"}],"wp:term":[{"taxonomy":"category","embeddable":true,"href":"https:\/\/portaltela.pt\/api\/wp\/v2\/categories?post=204728"},{"taxonomy":"post_tag","embeddable":true,"href":"https:\/\/portaltela.pt\/api\/wp\/v2\/tags?post=204728"}],"curies":[{"name":"wp","href":"https:\/\/api.w.org\/{rel}","templated":true}]}}