{"id":204672,"date":"2026-02-08T19:46:00","date_gmt":"2026-02-08T22:46:00","guid":{"rendered":"https:\/\/portaltela.pt\/noticias\/2026\/02\/08\/andre-ventura-vence-votos-do-chega-nas-legislativas-de-2025\/"},"modified":"2026-02-08T19:46:00","modified_gmt":"2026-02-08T22:46:00","slug":"andre-ventura-vence-votos-do-chega-nas-legislativas-de-2025","status":"publish","type":"post","link":"https:\/\/portaltela.pt\/noticias\/politica\/2026\/02\/08\/andre-ventura-vence-votos-do-chega-nas-legislativas-de-2025\/","title":{"rendered":"Andr\u00e9 Ventura vence votos do Chega nas legislativas de 2025"},"content":{"rendered":"<p>Andr\u00e9 Ventura, presidente do Chega, superou a vota\u00e7\u00e3o global do seu partido nas legislativas de 2025, de forma expressiva, na segunda volta das presidenciais de 2025. O dado destaca o desempenho do l\u00edder do partido nas elei\u00e7\u00f5es.<\/p>\n<p>Pelas 22h10, ainda por apurar 23 freguesias e oito consulados, Ventura apresentava mais de 1,72 milh\u00f5es de votos, cerca de 33,2% dos votos expressos, segundo dados provis\u00f3rios da Secretaria-Geral do MAI.<\/p>\n<p>O Chega, fundado em 2019, obteve nas legislativas de 18 de maio de 2025 a sua maior vota\u00e7\u00e3o nacional: 1.437.881 votos, 22,75%, e 60 deputados, a segunda maior bancada.<\/p>\n<p>A manh\u00e3 das elei\u00e7\u00f5es presidenciais contou com a AD (PSD\/CDS-PP) como for\u00e7a mais votada, com 1.971.602 votos, 31,20%, e 88 deputados. A coliga\u00e7\u00e3o PSD\/CDS-PP\/PPM nos A\u00e7ores somou 36.886 votos e mais 3 deputados.<\/p>\n<p>Na primeira volta destas presidenciais, em 18 de janeiro, Ventura ficou em segundo lugar, com 1.327.021 votos, 23,52% dos votos. Em 2021, tinha ficado em terceiro com 497.746 votos (11,93%).<\/p>\n<h3>Resultados das Legislativas e Presidenciais<\/h3>\n<p>Ventura \u00e9 antigo militante do PSD e j\u00e1 tinha concorrido a v\u00e1rias elei\u00e7\u00f5es. Nas presidenciais de 2021, ficou em terceiro lugar. O desempenho de 2025 contrasta com a vota\u00e7\u00e3o do Chega nas legislativas.<\/p>\n","protected":false},"excerpt":{"rendered":"<ul>\n<li>Por volta das 22h10, com resultados de 23 freguesias e oito consulados por apurar, Andr\u00e9 Ventura tinha mais de um milh\u00e3o setecentos mil votos, cerca de 33,2% dos votos, segundo dados provis\u00f3rios.<\/li>\n<li>Ventura superou a vota\u00e7\u00e3o global do Chega nas legislativas de 18 de maio de 2025, totalizando 1.437.881 votos (22,75%), e o partido elegeu sessenta deputados, a segunda maior bancada.<\/li>\n<li>Naquelas legislativas, a for\u00e7a mais votada foi a coliga\u00e7\u00e3o AD (PSD\/CDS-PP), com 1.971.602 votos (31,20%) e 88 deputados; a coliga\u00e7\u00e3o PSD\/CDS-PP\/PPM nos A\u00e7ores teve 36.886 votos e mais tr\u00eas deputados.<\/li>\n<li>Na primeira volta das presidenciais, h\u00e1 tr\u00eas semanas, Andr\u00e9 Ventura ficou em segundo, com 1.327.021 votos (23,52%).<\/li>\n<li>O ex-militante do PSD j\u00e1 tinha concorrido \u00e0s presidenciais de 2021, ficando em terceiro lugar com 497.746 votos (11,93%).<\/li>\n<\/ul>\n","protected":false},"author":2,"featured_media":204673,"comment_status":"closed","ping_status":"closed","sticky":false,"template":"","format":"standard","meta":{"footnotes":""},"categories":[1,5],"tags":[2453,2142,68,1732,1014,3001],"class_list":["post-204672","post","type-post","status-publish","format-standard","has-post-thumbnail","hentry","category-noticias","category-politica","tag-andre-ventura","tag-chega","tag-eleicoes","tag-partidos","tag-portugal","tag-presidenciais"],"yoast_head":"<!-- This site is optimized with the Yoast SEO plugin v27.2 - https:\/\/yoast.com\/product\/yoast-seo-wordpress\/ -->\n<title>Andr\u00e9 Ventura vence votos do Chega nas legislativas de 2025 - Portal Tela Portugal<\/title>\n<meta name=\"robots\" content=\"index, follow, max-snippet:-1, max-image-preview:large, max-video-preview:-1\" \/>\n<meta property=\"og:locale\" content=\"pt_PT\" \/>\n<meta property=\"og:type\" content=\"article\" \/>\n<meta property=\"og:title\" content=\"Andr\u00e9 Ventura vence votos do Chega nas legislativas de 2025 - Portal Tela Portugal\" \/>\n<meta property=\"og:description\" content=\"Por volta das 22h10, com resultados de 23 freguesias e oito consulados por apurar, Andr\u00e9 Ventura tinha mais de um milh\u00e3o setecentos mil votos, cerca de 33,2% dos votos, segundo dados provis\u00f3rios. Ventura superou a vota\u00e7\u00e3o global do Chega nas legislativas de 18 de maio de 2025, totalizando 1.437.881 votos (22,75%), e o partido elegeu sessenta deputados, a segunda maior bancada. Naquelas legislativas, a for\u00e7a mais votada foi a coliga\u00e7\u00e3o AD (PSD\/CDS-PP), com 1.971.602 votos (31,20%) e 88 deputados; a coliga\u00e7\u00e3o PSD\/CDS-PP\/PPM nos A\u00e7ores teve 36.886 votos e mais tr\u00eas deputados. Na primeira volta das presidenciais, h\u00e1 tr\u00eas semanas, Andr\u00e9 Ventura ficou em segundo, com 1.327.021 votos (23,52%). O ex-militante do PSD j\u00e1 tinha concorrido \u00e0s presidenciais de 2021, ficando em terceiro lugar com 497.746 votos (11,93%).\" \/>\n<meta property=\"og:url\" content=\"https:\/\/portaltela.pt\/noticias\/2026\/02\/08\/andre-ventura-vence-votos-do-chega-nas-legislativas-de-2025\/\" \/>\n<meta property=\"og:site_name\" content=\"Portal Tela Portugal\" \/>\n<meta property=\"article:published_time\" content=\"2026-02-08T22:46:00+00:00\" \/>\n<meta name=\"author\" content=\"Telinha\" \/>\n<meta name=\"twitter:card\" content=\"summary_large_image\" \/>\n<meta name=\"twitter:label1\" content=\"Escrito por\" \/>\n\t<meta name=\"twitter:data1\" content=\"Telinha\" \/>\n\t<meta name=\"twitter:label2\" content=\"Tempo estimado de leitura\" \/>\n\t<meta name=\"twitter:data2\" content=\"1 minuto\" \/>\n<script type=\"application\/ld+json\" class=\"yoast-schema-graph\">{\"@context\":\"https:\/\/schema.org\",\"@graph\":[{\"@type\":\"Article\",\"@id\":\"https:\/\/portaltela.pt\/noticias\/2026\/02\/08\/andre-ventura-vence-votos-do-chega-nas-legislativas-de-2025\/#article\",\"isPartOf\":{\"@id\":\"https:\/\/portaltela.pt\/noticias\/2026\/02\/08\/andre-ventura-vence-votos-do-chega-nas-legislativas-de-2025\/\"},\"author\":{\"name\":\"Telinha\",\"@id\":\"https:\/\/portaltela.pt\/#\/schema\/person\/c4278d4a6028830caff9ee44b42d32ed\"},\"headline\":\"Andr\u00e9 Ventura vence votos do Chega nas legislativas de 2025\",\"datePublished\":\"2026-02-08T22:46:00+00:00\",\"mainEntityOfPage\":{\"@id\":\"https:\/\/portaltela.pt\/noticias\/2026\/02\/08\/andre-ventura-vence-votos-do-chega-nas-legislativas-de-2025\/\"},\"wordCount\":198,\"image\":{\"@id\":\"https:\/\/portaltela.pt\/noticias\/2026\/02\/08\/andre-ventura-vence-votos-do-chega-nas-legislativas-de-2025\/#primaryimage\"},\"thumbnailUrl\":\"https:\/\/portaltela.pt\/s.01k8rhncp4jt1\/2026\/02\/img_1500x1000uu2026-02-08-18-59-00-2265641.jpg\",\"keywords\":[\"Andr\u00e9 Ventura\",\"CHEGA\",\"elei\u00e7\u00f5es\",\"partidos\",\"Portugal\",\"Presidenciais\"],\"articleSection\":[\"Not\u00edcias\",\"Pol\u00edtica\"],\"inLanguage\":\"pt-PT\"},{\"@type\":\"WebPage\",\"@id\":\"https:\/\/portaltela.pt\/noticias\/2026\/02\/08\/andre-ventura-vence-votos-do-chega-nas-legislativas-de-2025\/\",\"url\":\"https:\/\/portaltela.pt\/noticias\/2026\/02\/08\/andre-ventura-vence-votos-do-chega-nas-legislativas-de-2025\/\",\"name\":\"Andr\u00e9 Ventura vence votos do Chega nas legislativas de 2025 - Portal Tela Portugal\",\"isPartOf\":{\"@id\":\"https:\/\/portaltela.pt\/#website\"},\"primaryImageOfPage\":{\"@id\":\"https:\/\/portaltela.pt\/noticias\/2026\/02\/08\/andre-ventura-vence-votos-do-chega-nas-legislativas-de-2025\/#primaryimage\"},\"image\":{\"@id\":\"https:\/\/portaltela.pt\/noticias\/2026\/02\/08\/andre-ventura-vence-votos-do-chega-nas-legislativas-de-2025\/#primaryimage\"},\"thumbnailUrl\":\"https:\/\/portaltela.pt\/s.01k8rhncp4jt1\/2026\/02\/img_1500x1000uu2026-02-08-18-59-00-2265641.jpg\",\"datePublished\":\"2026-02-08T22:46:00+00:00\",\"author\":{\"@id\":\"https:\/\/portaltela.pt\/#\/schema\/person\/c4278d4a6028830caff9ee44b42d32ed\"},\"breadcrumb\":{\"@id\":\"https:\/\/portaltela.pt\/noticias\/2026\/02\/08\/andre-ventura-vence-votos-do-chega-nas-legislativas-de-2025\/#breadcrumb\"},\"inLanguage\":\"pt-PT\",\"potentialAction\":[{\"@type\":\"ReadAction\",\"target\":[\"https:\/\/portaltela.pt\/noticias\/2026\/02\/08\/andre-ventura-vence-votos-do-chega-nas-legislativas-de-2025\/\"]}]},{\"@type\":\"ImageObject\",\"inLanguage\":\"pt-PT\",\"@id\":\"https:\/\/portaltela.pt\/noticias\/2026\/02\/08\/andre-ventura-vence-votos-do-chega-nas-legislativas-de-2025\/#primaryimage\",\"url\":\"https:\/\/portaltela.pt\/s.01k8rhncp4jt1\/2026\/02\/img_1500x1000uu2026-02-08-18-59-00-2265641.jpg\",\"contentUrl\":\"https:\/\/portaltela.pt\/s.01k8rhncp4jt1\/2026\/02\/img_1500x1000uu2026-02-08-18-59-00-2265641.jpg\",\"width\":796,\"height\":448,\"caption\":\"Andr\u00e9 Ventura\"},{\"@type\":\"BreadcrumbList\",\"@id\":\"https:\/\/portaltela.pt\/noticias\/2026\/02\/08\/andre-ventura-vence-votos-do-chega-nas-legislativas-de-2025\/#breadcrumb\",\"itemListElement\":[{\"@type\":\"ListItem\",\"position\":1,\"name\":\"In\u00edcio\",\"item\":\"https:\/\/portaltela.pt\/\"},{\"@type\":\"ListItem\",\"position\":2,\"name\":\"Andr\u00e9 Ventura vence votos do Chega nas legislativas de 2025\"}]},{\"@type\":\"WebSite\",\"@id\":\"https:\/\/portaltela.pt\/#website\",\"url\":\"https:\/\/portaltela.pt\/\",\"name\":\"Portal Tela Portugal\",\"description\":\"\",\"potentialAction\":[{\"@type\":\"SearchAction\",\"target\":{\"@type\":\"EntryPoint\",\"urlTemplate\":\"https:\/\/portaltela.pt\/?s={search_term_string}\"},\"query-input\":{\"@type\":\"PropertyValueSpecification\",\"valueRequired\":true,\"valueName\":\"search_term_string\"}}],\"inLanguage\":\"pt-PT\"},{\"@type\":\"Person\",\"@id\":\"https:\/\/portaltela.pt\/#\/schema\/person\/c4278d4a6028830caff9ee44b42d32ed\",\"name\":\"Telinha\",\"image\":{\"@type\":\"ImageObject\",\"inLanguage\":\"pt-PT\",\"@id\":\"https:\/\/portaltela.pt\/s.01k8rhncp4jt1\/2025\/11\/talking-bot-125x125.png\",\"url\":\"https:\/\/portaltela.pt\/s.01k8rhncp4jt1\/2025\/11\/talking-bot-125x125.png\",\"contentUrl\":\"https:\/\/portaltela.pt\/s.01k8rhncp4jt1\/2025\/11\/talking-bot-125x125.png\",\"caption\":\"Telinha\"},\"sameAs\":[\"https:\/\/portaltela.pt\/\"],\"url\":\"https:\/\/portaltela.pt\/por\/367410592786\/\"}]}<\/script>\n<!-- \/ Yoast SEO plugin. -->","yoast_head_json":{"title":"Andr\u00e9 Ventura vence votos do Chega nas legislativas de 2025 - Portal Tela Portugal","robots":{"index":"index","follow":"follow","max-snippet":"max-snippet:-1","max-image-preview":"max-image-preview:large","max-video-preview":"max-video-preview:-1"},"og_locale":"pt_PT","og_type":"article","og_title":"Andr\u00e9 Ventura vence votos do Chega nas legislativas de 2025 - Portal Tela Portugal","og_description":"Por volta das 22h10, com resultados de 23 freguesias e oito consulados por apurar, Andr\u00e9 Ventura tinha mais de um milh\u00e3o setecentos mil votos, cerca de 33,2% dos votos, segundo dados provis\u00f3rios. Ventura superou a vota\u00e7\u00e3o global do Chega nas legislativas de 18 de maio de 2025, totalizando 1.437.881 votos (22,75%), e o partido elegeu sessenta deputados, a segunda maior bancada. Naquelas legislativas, a for\u00e7a mais votada foi a coliga\u00e7\u00e3o AD (PSD\/CDS-PP), com 1.971.602 votos (31,20%) e 88 deputados; a coliga\u00e7\u00e3o PSD\/CDS-PP\/PPM nos A\u00e7ores teve 36.886 votos e mais tr\u00eas deputados. Na primeira volta das presidenciais, h\u00e1 tr\u00eas semanas, Andr\u00e9 Ventura ficou em segundo, com 1.327.021 votos (23,52%). O ex-militante do PSD j\u00e1 tinha concorrido \u00e0s presidenciais de 2021, ficando em terceiro lugar com 497.746 votos (11,93%).","og_url":"https:\/\/portaltela.pt\/noticias\/2026\/02\/08\/andre-ventura-vence-votos-do-chega-nas-legislativas-de-2025\/","og_site_name":"Portal Tela Portugal","article_published_time":"2026-02-08T22:46:00+00:00","author":"Telinha","twitter_card":"summary_large_image","twitter_misc":{"Escrito por":"Telinha","Tempo estimado de leitura":"1 minuto"},"schema":{"@context":"https:\/\/schema.org","@graph":[{"@type":"Article","@id":"https:\/\/portaltela.pt\/noticias\/2026\/02\/08\/andre-ventura-vence-votos-do-chega-nas-legislativas-de-2025\/#article","isPartOf":{"@id":"https:\/\/portaltela.pt\/noticias\/2026\/02\/08\/andre-ventura-vence-votos-do-chega-nas-legislativas-de-2025\/"},"author":{"name":"Telinha","@id":"https:\/\/portaltela.pt\/#\/schema\/person\/c4278d4a6028830caff9ee44b42d32ed"},"headline":"Andr\u00e9 Ventura vence votos do Chega nas legislativas de 2025","datePublished":"2026-02-08T22:46:00+00:00","mainEntityOfPage":{"@id":"https:\/\/portaltela.pt\/noticias\/2026\/02\/08\/andre-ventura-vence-votos-do-chega-nas-legislativas-de-2025\/"},"wordCount":198,"image":{"@id":"https:\/\/portaltela.pt\/noticias\/2026\/02\/08\/andre-ventura-vence-votos-do-chega-nas-legislativas-de-2025\/#primaryimage"},"thumbnailUrl":"https:\/\/portaltela.pt\/s.01k8rhncp4jt1\/2026\/02\/img_1500x1000uu2026-02-08-18-59-00-2265641.jpg","keywords":["Andr\u00e9 Ventura","CHEGA","elei\u00e7\u00f5es","partidos","Portugal","Presidenciais"],"articleSection":["Not\u00edcias","Pol\u00edtica"],"inLanguage":"pt-PT"},{"@type":"WebPage","@id":"https:\/\/portaltela.pt\/noticias\/2026\/02\/08\/andre-ventura-vence-votos-do-chega-nas-legislativas-de-2025\/","url":"https:\/\/portaltela.pt\/noticias\/2026\/02\/08\/andre-ventura-vence-votos-do-chega-nas-legislativas-de-2025\/","name":"Andr\u00e9 Ventura vence votos do Chega nas legislativas de 2025 - Portal Tela Portugal","isPartOf":{"@id":"https:\/\/portaltela.pt\/#website"},"primaryImageOfPage":{"@id":"https:\/\/portaltela.pt\/noticias\/2026\/02\/08\/andre-ventura-vence-votos-do-chega-nas-legislativas-de-2025\/#primaryimage"},"image":{"@id":"https:\/\/portaltela.pt\/noticias\/2026\/02\/08\/andre-ventura-vence-votos-do-chega-nas-legislativas-de-2025\/#primaryimage"},"thumbnailUrl":"https:\/\/portaltela.pt\/s.01k8rhncp4jt1\/2026\/02\/img_1500x1000uu2026-02-08-18-59-00-2265641.jpg","datePublished":"2026-02-08T22:46:00+00:00","author":{"@id":"https:\/\/portaltela.pt\/#\/schema\/person\/c4278d4a6028830caff9ee44b42d32ed"},"breadcrumb":{"@id":"https:\/\/portaltela.pt\/noticias\/2026\/02\/08\/andre-ventura-vence-votos-do-chega-nas-legislativas-de-2025\/#breadcrumb"},"inLanguage":"pt-PT","potentialAction":[{"@type":"ReadAction","target":["https:\/\/portaltela.pt\/noticias\/2026\/02\/08\/andre-ventura-vence-votos-do-chega-nas-legislativas-de-2025\/"]}]},{"@type":"ImageObject","inLanguage":"pt-PT","@id":"https:\/\/portaltela.pt\/noticias\/2026\/02\/08\/andre-ventura-vence-votos-do-chega-nas-legislativas-de-2025\/#primaryimage","url":"https:\/\/portaltela.pt\/s.01k8rhncp4jt1\/2026\/02\/img_1500x1000uu2026-02-08-18-59-00-2265641.jpg","contentUrl":"https:\/\/portaltela.pt\/s.01k8rhncp4jt1\/2026\/02\/img_1500x1000uu2026-02-08-18-59-00-2265641.jpg","width":796,"height":448,"caption":"Andr\u00e9 Ventura"},{"@type":"BreadcrumbList","@id":"https:\/\/portaltela.pt\/noticias\/2026\/02\/08\/andre-ventura-vence-votos-do-chega-nas-legislativas-de-2025\/#breadcrumb","itemListElement":[{"@type":"ListItem","position":1,"name":"In\u00edcio","item":"https:\/\/portaltela.pt\/"},{"@type":"ListItem","position":2,"name":"Andr\u00e9 Ventura vence votos do Chega nas legislativas de 2025"}]},{"@type":"WebSite","@id":"https:\/\/portaltela.pt\/#website","url":"https:\/\/portaltela.pt\/","name":"Portal Tela Portugal","description":"","potentialAction":[{"@type":"SearchAction","target":{"@type":"EntryPoint","urlTemplate":"https:\/\/portaltela.pt\/?s={search_term_string}"},"query-input":{"@type":"PropertyValueSpecification","valueRequired":true,"valueName":"search_term_string"}}],"inLanguage":"pt-PT"},{"@type":"Person","@id":"https:\/\/portaltela.pt\/#\/schema\/person\/c4278d4a6028830caff9ee44b42d32ed","name":"Telinha","image":{"@type":"ImageObject","inLanguage":"pt-PT","@id":"https:\/\/portaltela.pt\/s.01k8rhncp4jt1\/2025\/11\/talking-bot-125x125.png","url":"https:\/\/portaltela.pt\/s.01k8rhncp4jt1\/2025\/11\/talking-bot-125x125.png","contentUrl":"https:\/\/portaltela.pt\/s.01k8rhncp4jt1\/2025\/11\/talking-bot-125x125.png","caption":"Telinha"},"sameAs":["https:\/\/portaltela.pt\/"],"url":"https:\/\/portaltela.pt\/por\/367410592786\/"}]}},"_links":{"self":[{"href":"https:\/\/portaltela.pt\/api\/wp\/v2\/posts\/204672","targetHints":{"allow":["GET"]}}],"collection":[{"href":"https:\/\/portaltela.pt\/api\/wp\/v2\/posts"}],"about":[{"href":"https:\/\/portaltela.pt\/api\/wp\/v2\/types\/post"}],"author":[{"embeddable":true,"href":"https:\/\/portaltela.pt\/api\/wp\/v2\/users\/2"}],"replies":[{"embeddable":true,"href":"https:\/\/portaltela.pt\/api\/wp\/v2\/comments?post=204672"}],"version-history":[{"count":0,"href":"https:\/\/portaltela.pt\/api\/wp\/v2\/posts\/204672\/revisions"}],"wp:featuredmedia":[{"embeddable":true,"href":"https:\/\/portaltela.pt\/api\/wp\/v2\/media\/204673"}],"wp:attachment":[{"href":"https:\/\/portaltela.pt\/api\/wp\/v2\/media?parent=204672"}],"wp:term":[{"taxonomy":"category","embeddable":true,"href":"https:\/\/portaltela.pt\/api\/wp\/v2\/categories?post=204672"},{"taxonomy":"post_tag","embeddable":true,"href":"https:\/\/portaltela.pt\/api\/wp\/v2\/tags?post=204672"}],"curies":[{"name":"wp","href":"https:\/\/api.w.org\/{rel}","templated":true}]}}