{"id":204660,"date":"2026-02-08T18:18:00","date_gmt":"2026-02-08T21:18:00","guid":{"rendered":"https:\/\/portaltela.pt\/noticias\/2026\/02\/08\/e-redes-regista-58-mil-sem-luz-38-mil-em-leiria-as-18-00\/"},"modified":"2026-02-08T18:18:00","modified_gmt":"2026-02-08T21:18:00","slug":"e-redes-regista-58-mil-sem-luz-38-mil-em-leiria-as-18-00","status":"publish","type":"post","link":"https:\/\/portaltela.pt\/noticias\/2026\/02\/08\/e-redes-regista-58-mil-sem-luz-38-mil-em-leiria-as-18-00\/","title":{"rendered":"E-Redes regista 58 mil sem luz, 38 mil em Leiria \u00e0s 18:00"},"content":{"rendered":"<p>A E-Redes anunciou que, \u00e0s 18:00 de hoje, cerca de 58 mil clientes estavam sem fornecimento de eletricidade em Portugal. A informa\u00e7\u00e3o \u00e9 apresentada pela empresa como parte do levantamento de redes em funcionamento.<\/p>\n<p>Deste total, 38 mil afetavam a regi\u00e3o de Leiria, onde v\u00e1rias zonas ficaram sem energia e os servi\u00e7os de emerg\u00eancia e utilidades locais estiveram a acompanhar a situa\u00e7\u00e3o.<\/p>\n<p>A empresa n\u00e3o detalhou as causas das interrup\u00e7\u00f5es nem a previs\u00e3o de restabelecimento. As atualiza\u00e7\u00f5es seguintes dever\u00e3o indicar evolu\u00e7\u00f5es no restabelecimento do servi\u00e7o.<\/p>\n","protected":false},"excerpt":{"rendered":"<ul>\n<li>A E-Redes contabilizava 58 mil pessoas sem eletricidade \u00e0s 18:00.<\/li>\n<li>Destas, 38 mil situavam-se em Leiria.<\/li>\n<li>Os n\u00fameros referem-se ao levantamento feito \u00e0s 18:00.<\/li>\n<li>A not\u00edcia completa est\u00e1 dispon\u00edvel apenas para subscritores.<\/li>\n<\/ul>\n","protected":false},"author":2,"featured_media":204667,"comment_status":"closed","ping_status":"closed","sticky":false,"template":"","format":"standard","meta":{"footnotes":""},"categories":[1],"tags":[4729,1935,174,1385,1014,4427],"class_list":["post-204660","post","type-post","status-publish","format-standard","has-post-thumbnail","hentry","category-noticias","tag-abastecimento-de-energia","tag-emergencias","tag-energia","tag-leiria","tag-portugal","tag-rede-electrica"],"yoast_head":"<!-- This site is optimized with the Yoast SEO plugin v27.2 - https:\/\/yoast.com\/product\/yoast-seo-wordpress\/ -->\n<title>E-Redes regista 58 mil sem luz, 38 mil em Leiria \u00e0s 18:00 - Portal Tela Portugal<\/title>\n<meta name=\"robots\" content=\"index, follow, max-snippet:-1, max-image-preview:large, max-video-preview:-1\" \/>\n<meta property=\"og:locale\" content=\"pt_PT\" \/>\n<meta property=\"og:type\" content=\"article\" \/>\n<meta property=\"og:title\" content=\"E-Redes regista 58 mil sem luz, 38 mil em Leiria \u00e0s 18:00 - Portal Tela Portugal\" \/>\n<meta property=\"og:description\" content=\"A E-Redes contabilizava 58 mil pessoas sem eletricidade \u00e0s 18:00. Destas, 38 mil situavam-se em Leiria. Os n\u00fameros referem-se ao levantamento feito \u00e0s 18:00. A not\u00edcia completa est\u00e1 dispon\u00edvel apenas para subscritores.\" \/>\n<meta property=\"og:url\" content=\"https:\/\/portaltela.pt\/noticias\/2026\/02\/08\/e-redes-regista-58-mil-sem-luz-38-mil-em-leiria-as-18-00\/\" \/>\n<meta property=\"og:site_name\" content=\"Portal Tela Portugal\" \/>\n<meta property=\"article:published_time\" content=\"2026-02-08T21:18:00+00:00\" \/>\n<meta name=\"author\" content=\"Telinha\" \/>\n<meta name=\"twitter:card\" content=\"summary_large_image\" \/>\n<meta name=\"twitter:label1\" content=\"Escrito por\" \/>\n\t<meta name=\"twitter:data1\" content=\"Telinha\" \/>\n<script type=\"application\/ld+json\" class=\"yoast-schema-graph\">{\"@context\":\"https:\/\/schema.org\",\"@graph\":[{\"@type\":\"Article\",\"@id\":\"https:\/\/portaltela.pt\/noticias\/2026\/02\/08\/e-redes-regista-58-mil-sem-luz-38-mil-em-leiria-as-18-00\/#article\",\"isPartOf\":{\"@id\":\"https:\/\/portaltela.pt\/noticias\/2026\/02\/08\/e-redes-regista-58-mil-sem-luz-38-mil-em-leiria-as-18-00\/\"},\"author\":{\"name\":\"Telinha\",\"@id\":\"https:\/\/portaltela.pt\/#\/schema\/person\/c4278d4a6028830caff9ee44b42d32ed\"},\"headline\":\"E-Redes regista 58 mil sem luz, 38 mil em Leiria \u00e0s 18:00\",\"datePublished\":\"2026-02-08T21:18:00+00:00\",\"mainEntityOfPage\":{\"@id\":\"https:\/\/portaltela.pt\/noticias\/2026\/02\/08\/e-redes-regista-58-mil-sem-luz-38-mil-em-leiria-as-18-00\/\"},\"wordCount\":103,\"image\":{\"@id\":\"https:\/\/portaltela.pt\/noticias\/2026\/02\/08\/e-redes-regista-58-mil-sem-luz-38-mil-em-leiria-as-18-00\/#primaryimage\"},\"thumbnailUrl\":\"https:\/\/portaltela.pt\/s.01k8rhncp4jt1\/2026\/02\/CACHE_780X1200_ANALOG_WATERMARKED_46489361_4747341_04022026044154-1.jpg\",\"keywords\":[\"abastecimento de energia\",\"emerg\u00eancias\",\"energia\",\"Leiria\",\"Portugal\",\"rede el\u00e9ctrica\"],\"articleSection\":[\"Not\u00edcias\"],\"inLanguage\":\"pt-PT\"},{\"@type\":\"WebPage\",\"@id\":\"https:\/\/portaltela.pt\/noticias\/2026\/02\/08\/e-redes-regista-58-mil-sem-luz-38-mil-em-leiria-as-18-00\/\",\"url\":\"https:\/\/portaltela.pt\/noticias\/2026\/02\/08\/e-redes-regista-58-mil-sem-luz-38-mil-em-leiria-as-18-00\/\",\"name\":\"E-Redes regista 58 mil sem luz, 38 mil em Leiria \u00e0s 18:00 - Portal Tela Portugal\",\"isPartOf\":{\"@id\":\"https:\/\/portaltela.pt\/#website\"},\"primaryImageOfPage\":{\"@id\":\"https:\/\/portaltela.pt\/noticias\/2026\/02\/08\/e-redes-regista-58-mil-sem-luz-38-mil-em-leiria-as-18-00\/#primaryimage\"},\"image\":{\"@id\":\"https:\/\/portaltela.pt\/noticias\/2026\/02\/08\/e-redes-regista-58-mil-sem-luz-38-mil-em-leiria-as-18-00\/#primaryimage\"},\"thumbnailUrl\":\"https:\/\/portaltela.pt\/s.01k8rhncp4jt1\/2026\/02\/CACHE_780X1200_ANALOG_WATERMARKED_46489361_4747341_04022026044154-1.jpg\",\"datePublished\":\"2026-02-08T21:18:00+00:00\",\"author\":{\"@id\":\"https:\/\/portaltela.pt\/#\/schema\/person\/c4278d4a6028830caff9ee44b42d32ed\"},\"breadcrumb\":{\"@id\":\"https:\/\/portaltela.pt\/noticias\/2026\/02\/08\/e-redes-regista-58-mil-sem-luz-38-mil-em-leiria-as-18-00\/#breadcrumb\"},\"inLanguage\":\"pt-PT\",\"potentialAction\":[{\"@type\":\"ReadAction\",\"target\":[\"https:\/\/portaltela.pt\/noticias\/2026\/02\/08\/e-redes-regista-58-mil-sem-luz-38-mil-em-leiria-as-18-00\/\"]}]},{\"@type\":\"ImageObject\",\"inLanguage\":\"pt-PT\",\"@id\":\"https:\/\/portaltela.pt\/noticias\/2026\/02\/08\/e-redes-regista-58-mil-sem-luz-38-mil-em-leiria-as-18-00\/#primaryimage\",\"url\":\"https:\/\/portaltela.pt\/s.01k8rhncp4jt1\/2026\/02\/CACHE_780X1200_ANALOG_WATERMARKED_46489361_4747341_04022026044154-1.jpg\",\"contentUrl\":\"https:\/\/portaltela.pt\/s.01k8rhncp4jt1\/2026\/02\/CACHE_780X1200_ANALOG_WATERMARKED_46489361_4747341_04022026044154-1.jpg\",\"width\":796,\"height\":448,\"caption\":\"E-Redes contabiliza 58 mil pessoas sem luz, 38 mil delas em Leiria, \u00e0s 18:00\"},{\"@type\":\"BreadcrumbList\",\"@id\":\"https:\/\/portaltela.pt\/noticias\/2026\/02\/08\/e-redes-regista-58-mil-sem-luz-38-mil-em-leiria-as-18-00\/#breadcrumb\",\"itemListElement\":[{\"@type\":\"ListItem\",\"position\":1,\"name\":\"In\u00edcio\",\"item\":\"https:\/\/portaltela.pt\/\"},{\"@type\":\"ListItem\",\"position\":2,\"name\":\"E-Redes regista 58 mil sem luz, 38 mil em Leiria \u00e0s 18:00\"}]},{\"@type\":\"WebSite\",\"@id\":\"https:\/\/portaltela.pt\/#website\",\"url\":\"https:\/\/portaltela.pt\/\",\"name\":\"Portal Tela Portugal\",\"description\":\"\",\"potentialAction\":[{\"@type\":\"SearchAction\",\"target\":{\"@type\":\"EntryPoint\",\"urlTemplate\":\"https:\/\/portaltela.pt\/?s={search_term_string}\"},\"query-input\":{\"@type\":\"PropertyValueSpecification\",\"valueRequired\":true,\"valueName\":\"search_term_string\"}}],\"inLanguage\":\"pt-PT\"},{\"@type\":\"Person\",\"@id\":\"https:\/\/portaltela.pt\/#\/schema\/person\/c4278d4a6028830caff9ee44b42d32ed\",\"name\":\"Telinha\",\"image\":{\"@type\":\"ImageObject\",\"inLanguage\":\"pt-PT\",\"@id\":\"https:\/\/portaltela.pt\/s.01k8rhncp4jt1\/2025\/11\/talking-bot-125x125.png\",\"url\":\"https:\/\/portaltela.pt\/s.01k8rhncp4jt1\/2025\/11\/talking-bot-125x125.png\",\"contentUrl\":\"https:\/\/portaltela.pt\/s.01k8rhncp4jt1\/2025\/11\/talking-bot-125x125.png\",\"caption\":\"Telinha\"},\"sameAs\":[\"https:\/\/portaltela.pt\/\"],\"url\":\"https:\/\/portaltela.pt\/por\/367410592786\/\"}]}<\/script>\n<!-- \/ Yoast SEO plugin. -->","yoast_head_json":{"title":"E-Redes regista 58 mil sem luz, 38 mil em Leiria \u00e0s 18:00 - Portal Tela Portugal","robots":{"index":"index","follow":"follow","max-snippet":"max-snippet:-1","max-image-preview":"max-image-preview:large","max-video-preview":"max-video-preview:-1"},"og_locale":"pt_PT","og_type":"article","og_title":"E-Redes regista 58 mil sem luz, 38 mil em Leiria \u00e0s 18:00 - Portal Tela Portugal","og_description":"A E-Redes contabilizava 58 mil pessoas sem eletricidade \u00e0s 18:00. Destas, 38 mil situavam-se em Leiria. Os n\u00fameros referem-se ao levantamento feito \u00e0s 18:00. A not\u00edcia completa est\u00e1 dispon\u00edvel apenas para subscritores.","og_url":"https:\/\/portaltela.pt\/noticias\/2026\/02\/08\/e-redes-regista-58-mil-sem-luz-38-mil-em-leiria-as-18-00\/","og_site_name":"Portal Tela Portugal","article_published_time":"2026-02-08T21:18:00+00:00","author":"Telinha","twitter_card":"summary_large_image","twitter_misc":{"Escrito por":"Telinha"},"schema":{"@context":"https:\/\/schema.org","@graph":[{"@type":"Article","@id":"https:\/\/portaltela.pt\/noticias\/2026\/02\/08\/e-redes-regista-58-mil-sem-luz-38-mil-em-leiria-as-18-00\/#article","isPartOf":{"@id":"https:\/\/portaltela.pt\/noticias\/2026\/02\/08\/e-redes-regista-58-mil-sem-luz-38-mil-em-leiria-as-18-00\/"},"author":{"name":"Telinha","@id":"https:\/\/portaltela.pt\/#\/schema\/person\/c4278d4a6028830caff9ee44b42d32ed"},"headline":"E-Redes regista 58 mil sem luz, 38 mil em Leiria \u00e0s 18:00","datePublished":"2026-02-08T21:18:00+00:00","mainEntityOfPage":{"@id":"https:\/\/portaltela.pt\/noticias\/2026\/02\/08\/e-redes-regista-58-mil-sem-luz-38-mil-em-leiria-as-18-00\/"},"wordCount":103,"image":{"@id":"https:\/\/portaltela.pt\/noticias\/2026\/02\/08\/e-redes-regista-58-mil-sem-luz-38-mil-em-leiria-as-18-00\/#primaryimage"},"thumbnailUrl":"https:\/\/portaltela.pt\/s.01k8rhncp4jt1\/2026\/02\/CACHE_780X1200_ANALOG_WATERMARKED_46489361_4747341_04022026044154-1.jpg","keywords":["abastecimento de energia","emerg\u00eancias","energia","Leiria","Portugal","rede el\u00e9ctrica"],"articleSection":["Not\u00edcias"],"inLanguage":"pt-PT"},{"@type":"WebPage","@id":"https:\/\/portaltela.pt\/noticias\/2026\/02\/08\/e-redes-regista-58-mil-sem-luz-38-mil-em-leiria-as-18-00\/","url":"https:\/\/portaltela.pt\/noticias\/2026\/02\/08\/e-redes-regista-58-mil-sem-luz-38-mil-em-leiria-as-18-00\/","name":"E-Redes regista 58 mil sem luz, 38 mil em Leiria \u00e0s 18:00 - Portal Tela Portugal","isPartOf":{"@id":"https:\/\/portaltela.pt\/#website"},"primaryImageOfPage":{"@id":"https:\/\/portaltela.pt\/noticias\/2026\/02\/08\/e-redes-regista-58-mil-sem-luz-38-mil-em-leiria-as-18-00\/#primaryimage"},"image":{"@id":"https:\/\/portaltela.pt\/noticias\/2026\/02\/08\/e-redes-regista-58-mil-sem-luz-38-mil-em-leiria-as-18-00\/#primaryimage"},"thumbnailUrl":"https:\/\/portaltela.pt\/s.01k8rhncp4jt1\/2026\/02\/CACHE_780X1200_ANALOG_WATERMARKED_46489361_4747341_04022026044154-1.jpg","datePublished":"2026-02-08T21:18:00+00:00","author":{"@id":"https:\/\/portaltela.pt\/#\/schema\/person\/c4278d4a6028830caff9ee44b42d32ed"},"breadcrumb":{"@id":"https:\/\/portaltela.pt\/noticias\/2026\/02\/08\/e-redes-regista-58-mil-sem-luz-38-mil-em-leiria-as-18-00\/#breadcrumb"},"inLanguage":"pt-PT","potentialAction":[{"@type":"ReadAction","target":["https:\/\/portaltela.pt\/noticias\/2026\/02\/08\/e-redes-regista-58-mil-sem-luz-38-mil-em-leiria-as-18-00\/"]}]},{"@type":"ImageObject","inLanguage":"pt-PT","@id":"https:\/\/portaltela.pt\/noticias\/2026\/02\/08\/e-redes-regista-58-mil-sem-luz-38-mil-em-leiria-as-18-00\/#primaryimage","url":"https:\/\/portaltela.pt\/s.01k8rhncp4jt1\/2026\/02\/CACHE_780X1200_ANALOG_WATERMARKED_46489361_4747341_04022026044154-1.jpg","contentUrl":"https:\/\/portaltela.pt\/s.01k8rhncp4jt1\/2026\/02\/CACHE_780X1200_ANALOG_WATERMARKED_46489361_4747341_04022026044154-1.jpg","width":796,"height":448,"caption":"E-Redes contabiliza 58 mil pessoas sem luz, 38 mil delas em Leiria, \u00e0s 18:00"},{"@type":"BreadcrumbList","@id":"https:\/\/portaltela.pt\/noticias\/2026\/02\/08\/e-redes-regista-58-mil-sem-luz-38-mil-em-leiria-as-18-00\/#breadcrumb","itemListElement":[{"@type":"ListItem","position":1,"name":"In\u00edcio","item":"https:\/\/portaltela.pt\/"},{"@type":"ListItem","position":2,"name":"E-Redes regista 58 mil sem luz, 38 mil em Leiria \u00e0s 18:00"}]},{"@type":"WebSite","@id":"https:\/\/portaltela.pt\/#website","url":"https:\/\/portaltela.pt\/","name":"Portal Tela Portugal","description":"","potentialAction":[{"@type":"SearchAction","target":{"@type":"EntryPoint","urlTemplate":"https:\/\/portaltela.pt\/?s={search_term_string}"},"query-input":{"@type":"PropertyValueSpecification","valueRequired":true,"valueName":"search_term_string"}}],"inLanguage":"pt-PT"},{"@type":"Person","@id":"https:\/\/portaltela.pt\/#\/schema\/person\/c4278d4a6028830caff9ee44b42d32ed","name":"Telinha","image":{"@type":"ImageObject","inLanguage":"pt-PT","@id":"https:\/\/portaltela.pt\/s.01k8rhncp4jt1\/2025\/11\/talking-bot-125x125.png","url":"https:\/\/portaltela.pt\/s.01k8rhncp4jt1\/2025\/11\/talking-bot-125x125.png","contentUrl":"https:\/\/portaltela.pt\/s.01k8rhncp4jt1\/2025\/11\/talking-bot-125x125.png","caption":"Telinha"},"sameAs":["https:\/\/portaltela.pt\/"],"url":"https:\/\/portaltela.pt\/por\/367410592786\/"}]}},"_links":{"self":[{"href":"https:\/\/portaltela.pt\/api\/wp\/v2\/posts\/204660","targetHints":{"allow":["GET"]}}],"collection":[{"href":"https:\/\/portaltela.pt\/api\/wp\/v2\/posts"}],"about":[{"href":"https:\/\/portaltela.pt\/api\/wp\/v2\/types\/post"}],"author":[{"embeddable":true,"href":"https:\/\/portaltela.pt\/api\/wp\/v2\/users\/2"}],"replies":[{"embeddable":true,"href":"https:\/\/portaltela.pt\/api\/wp\/v2\/comments?post=204660"}],"version-history":[{"count":0,"href":"https:\/\/portaltela.pt\/api\/wp\/v2\/posts\/204660\/revisions"}],"wp:featuredmedia":[{"embeddable":true,"href":"https:\/\/portaltela.pt\/api\/wp\/v2\/media\/204667"}],"wp:attachment":[{"href":"https:\/\/portaltela.pt\/api\/wp\/v2\/media?parent=204660"}],"wp:term":[{"taxonomy":"category","embeddable":true,"href":"https:\/\/portaltela.pt\/api\/wp\/v2\/categories?post=204660"},{"taxonomy":"post_tag","embeddable":true,"href":"https:\/\/portaltela.pt\/api\/wp\/v2\/tags?post=204660"}],"curies":[{"name":"wp","href":"https:\/\/api.w.org\/{rel}","templated":true}]}}