{"id":204657,"date":"2026-02-08T19:46:00","date_gmt":"2026-02-08T22:46:00","guid":{"rendered":"https:\/\/portaltela.pt\/noticias\/2026\/02\/08\/eleicoes-presidenciais-o-que-esperar-a-seguir\/"},"modified":"2026-02-08T19:46:00","modified_gmt":"2026-02-08T22:46:00","slug":"eleicoes-presidenciais-o-que-esperar-a-seguir","status":"publish","type":"post","link":"https:\/\/portaltela.pt\/noticias\/politica\/2026\/02\/08\/eleicoes-presidenciais-o-que-esperar-a-seguir\/","title":{"rendered":"Elei\u00e7\u00f5es Presidenciais: o que esperar a seguir"},"content":{"rendered":"<p>O artigo analisa o panorama pol\u00edtico ap\u00f3s as elei\u00e7\u00f5es, destacando o papel de diferentes for\u00e7as e a necessidade de reformas com base na perce\u00e7\u00e3o de que o pa\u00eds est\u00e1 est\u00e1vel e com perspetiva de prosperidade. O texto defende que o Governo e as v\u00e1rias estruturas de poder devem agir com foco no que \u00e9 essencial.<\/p>\n<p>A autora, colunista do P\u00daBLICO, ressalta que o combate ao populismo depende da confian\u00e7a na gest\u00e3o p\u00fablica e no escrut\u00ednio equilibrado. O Presidente eleito, descrito como moderado e sereno, pode contribuir para um ambiente de responsabiliza\u00e7\u00e3o e foco em resultados.<\/p>\n<h3>Contexto e leitura das elei\u00e7\u00f5es<\/h3>\n<p>Segundo a coluna, o PS pode buscar renova\u00e7\u00e3o pol\u00edtica junto de Bel\u00e9m, com a necessidade de reabilitar a imagem ap\u00f3s as elei\u00e7\u00f5es. A leitura aponta para a maior express\u00e3o da direita e para o papel do Chega no espectro pol\u00edtico, sem desvalorizar os resultados.<\/p>\n<p>Para o futuro imediato, o texto defende que o PSD, como Governo em exerc\u00edcio, tenha capacidade de cumprir promessas e gerir autarquias e as regi\u00f5es aut\u00f3nomas. A responsabilidade de agir recai sobre as lideran\u00e7as para evitar cr\u00edticas internas.<\/p>\n<h3>Desafios e agenda de reformas<\/h3>\n<p>O artigo enfatiza que a prioridade \u00e9 cumprir mandatos com a\u00e7\u00f5es concretas, evitando o desgaste de campanhas de desinforma\u00e7\u00e3o. Reforma econ\u00f3mica e administrativa surgem como foco, com aten\u00e7\u00e3o \u00e0 confian\u00e7a p\u00fablica e \u00e0 vis\u00e3o de pa\u00eds para o longo prazo.<\/p>\n<p>O conte\u00fado conclui que, diante de um per\u00edodo sem elei\u00e7\u00f5es iminente, \u00e9 essencial manter o ritmo de reformas, para al\u00e9m de narrativas polarizadoras, envolvendo Presidente, Governo e poder local.<\/p>\n","protected":false},"excerpt":{"rendered":"<ul>\n<li>Ap\u00f3s as elei\u00e7\u00f5es, as for\u00e7as no Parlamento mant\u00eam-se iguais, e o combate ao populismo depende de demonstrar que o pa\u00eds est\u00e1 bem encaminhado e com perspetivas de prosperidade.<\/li>\n<li>O novo Presidente da Rep\u00fablica, com perfil moderado, pode contribuir para o escrut\u00ednio e para o equil\u00edbrio do que \u00e9 importante.<\/li>\n<li>O PS procura reabilitar-se junto de Bel\u00e9m, apontando para uma renova\u00e7\u00e3o interna.<\/li>\n<li>O Chega \u00e9 visto sem desvalorizar-se o fen\u00f3meno, reconhecendo que a direita pode alcan\u00e7ar perto da sua fronteira de vota\u00e7\u00e3o, e a discuss\u00e3o sobre lideran\u00e7a da direita continua.<\/li>\n<li>O PSD, j\u00e1 no Governo e com autarquias e duas regi\u00f5es aut\u00f3nomas, precisa cumprir os seus mandatos; falhas ser\u00e3o da responsabilidade do partido, que deve concentrar-se em reformas urgentes e em apresentar resultados.<\/li>\n<\/ul>\n","protected":false},"author":2,"featured_media":204659,"comment_status":"closed","ping_status":"closed","sticky":false,"template":"","format":"standard","meta":{"footnotes":""},"categories":[1,5],"tags":[68,34,2832,3001,2144,3695],"class_list":["post-204657","post","type-post","status-publish","format-standard","has-post-thumbnail","hentry","category-noticias","category-politica","tag-eleicoes","tag-governo","tag-politica","tag-presidenciais","tag-ps","tag-psd"],"yoast_head":"<!-- This site is optimized with the Yoast SEO plugin v27.2 - https:\/\/yoast.com\/product\/yoast-seo-wordpress\/ -->\n<title>Elei\u00e7\u00f5es Presidenciais: o que esperar a seguir - Portal Tela Portugal<\/title>\n<meta name=\"robots\" content=\"index, follow, max-snippet:-1, max-image-preview:large, max-video-preview:-1\" \/>\n<meta property=\"og:locale\" content=\"pt_PT\" \/>\n<meta property=\"og:type\" content=\"article\" \/>\n<meta property=\"og:title\" content=\"Elei\u00e7\u00f5es Presidenciais: o que esperar a seguir - Portal Tela Portugal\" \/>\n<meta property=\"og:description\" content=\"Ap\u00f3s as elei\u00e7\u00f5es, as for\u00e7as no Parlamento mant\u00eam-se iguais, e o combate ao populismo depende de demonstrar que o pa\u00eds est\u00e1 bem encaminhado e com perspetivas de prosperidade. O novo Presidente da Rep\u00fablica, com perfil moderado, pode contribuir para o escrut\u00ednio e para o equil\u00edbrio do que \u00e9 importante. O PS procura reabilitar-se junto de Bel\u00e9m, apontando para uma renova\u00e7\u00e3o interna. O Chega \u00e9 visto sem desvalorizar-se o fen\u00f3meno, reconhecendo que a direita pode alcan\u00e7ar perto da sua fronteira de vota\u00e7\u00e3o, e a discuss\u00e3o sobre lideran\u00e7a da direita continua. O PSD, j\u00e1 no Governo e com autarquias e duas regi\u00f5es aut\u00f3nomas, precisa cumprir os seus mandatos; falhas ser\u00e3o da responsabilidade do partido, que deve concentrar-se em reformas urgentes e em apresentar resultados.\" \/>\n<meta property=\"og:url\" content=\"https:\/\/portaltela.pt\/noticias\/2026\/02\/08\/eleicoes-presidenciais-o-que-esperar-a-seguir\/\" \/>\n<meta property=\"og:site_name\" content=\"Portal Tela Portugal\" \/>\n<meta property=\"article:published_time\" content=\"2026-02-08T22:46:00+00:00\" \/>\n<meta name=\"author\" content=\"Telinha\" \/>\n<meta name=\"twitter:card\" content=\"summary_large_image\" \/>\n<meta name=\"twitter:label1\" content=\"Escrito por\" \/>\n\t<meta name=\"twitter:data1\" content=\"Telinha\" \/>\n\t<meta name=\"twitter:label2\" content=\"Tempo estimado de leitura\" \/>\n\t<meta name=\"twitter:data2\" content=\"1 minuto\" \/>\n<script type=\"application\/ld+json\" class=\"yoast-schema-graph\">{\"@context\":\"https:\/\/schema.org\",\"@graph\":[{\"@type\":\"Article\",\"@id\":\"https:\/\/portaltela.pt\/noticias\/2026\/02\/08\/eleicoes-presidenciais-o-que-esperar-a-seguir\/#article\",\"isPartOf\":{\"@id\":\"https:\/\/portaltela.pt\/noticias\/2026\/02\/08\/eleicoes-presidenciais-o-que-esperar-a-seguir\/\"},\"author\":{\"name\":\"Telinha\",\"@id\":\"https:\/\/portaltela.pt\/#\/schema\/person\/c4278d4a6028830caff9ee44b42d32ed\"},\"headline\":\"Elei\u00e7\u00f5es Presidenciais: o que esperar a seguir\",\"datePublished\":\"2026-02-08T22:46:00+00:00\",\"mainEntityOfPage\":{\"@id\":\"https:\/\/portaltela.pt\/noticias\/2026\/02\/08\/eleicoes-presidenciais-o-que-esperar-a-seguir\/\"},\"wordCount\":298,\"image\":{\"@id\":\"https:\/\/portaltela.pt\/noticias\/2026\/02\/08\/eleicoes-presidenciais-o-que-esperar-a-seguir\/#primaryimage\"},\"thumbnailUrl\":\"https:\/\/portaltela.pt\/s.01k8rhncp4jt1\/2026\/02\/1931106.jpg\",\"keywords\":[\"elei\u00e7\u00f5es\",\"governo\",\"pol\u00edtica\",\"Presidenciais\",\"PS\",\"PSD\"],\"articleSection\":[\"Not\u00edcias\",\"Pol\u00edtica\"],\"inLanguage\":\"pt-PT\"},{\"@type\":\"WebPage\",\"@id\":\"https:\/\/portaltela.pt\/noticias\/2026\/02\/08\/eleicoes-presidenciais-o-que-esperar-a-seguir\/\",\"url\":\"https:\/\/portaltela.pt\/noticias\/2026\/02\/08\/eleicoes-presidenciais-o-que-esperar-a-seguir\/\",\"name\":\"Elei\u00e7\u00f5es Presidenciais: o que esperar a seguir - Portal Tela Portugal\",\"isPartOf\":{\"@id\":\"https:\/\/portaltela.pt\/#website\"},\"primaryImageOfPage\":{\"@id\":\"https:\/\/portaltela.pt\/noticias\/2026\/02\/08\/eleicoes-presidenciais-o-que-esperar-a-seguir\/#primaryimage\"},\"image\":{\"@id\":\"https:\/\/portaltela.pt\/noticias\/2026\/02\/08\/eleicoes-presidenciais-o-que-esperar-a-seguir\/#primaryimage\"},\"thumbnailUrl\":\"https:\/\/portaltela.pt\/s.01k8rhncp4jt1\/2026\/02\/1931106.jpg\",\"datePublished\":\"2026-02-08T22:46:00+00:00\",\"author\":{\"@id\":\"https:\/\/portaltela.pt\/#\/schema\/person\/c4278d4a6028830caff9ee44b42d32ed\"},\"breadcrumb\":{\"@id\":\"https:\/\/portaltela.pt\/noticias\/2026\/02\/08\/eleicoes-presidenciais-o-que-esperar-a-seguir\/#breadcrumb\"},\"inLanguage\":\"pt-PT\",\"potentialAction\":[{\"@type\":\"ReadAction\",\"target\":[\"https:\/\/portaltela.pt\/noticias\/2026\/02\/08\/eleicoes-presidenciais-o-que-esperar-a-seguir\/\"]}]},{\"@type\":\"ImageObject\",\"inLanguage\":\"pt-PT\",\"@id\":\"https:\/\/portaltela.pt\/noticias\/2026\/02\/08\/eleicoes-presidenciais-o-que-esperar-a-seguir\/#primaryimage\",\"url\":\"https:\/\/portaltela.pt\/s.01k8rhncp4jt1\/2026\/02\/1931106.jpg\",\"contentUrl\":\"https:\/\/portaltela.pt\/s.01k8rhncp4jt1\/2026\/02\/1931106.jpg\",\"width\":796,\"height\":448,\"caption\":\"Photo\"},{\"@type\":\"BreadcrumbList\",\"@id\":\"https:\/\/portaltela.pt\/noticias\/2026\/02\/08\/eleicoes-presidenciais-o-que-esperar-a-seguir\/#breadcrumb\",\"itemListElement\":[{\"@type\":\"ListItem\",\"position\":1,\"name\":\"In\u00edcio\",\"item\":\"https:\/\/portaltela.pt\/\"},{\"@type\":\"ListItem\",\"position\":2,\"name\":\"Elei\u00e7\u00f5es Presidenciais: o que esperar a seguir\"}]},{\"@type\":\"WebSite\",\"@id\":\"https:\/\/portaltela.pt\/#website\",\"url\":\"https:\/\/portaltela.pt\/\",\"name\":\"Portal Tela Portugal\",\"description\":\"\",\"potentialAction\":[{\"@type\":\"SearchAction\",\"target\":{\"@type\":\"EntryPoint\",\"urlTemplate\":\"https:\/\/portaltela.pt\/?s={search_term_string}\"},\"query-input\":{\"@type\":\"PropertyValueSpecification\",\"valueRequired\":true,\"valueName\":\"search_term_string\"}}],\"inLanguage\":\"pt-PT\"},{\"@type\":\"Person\",\"@id\":\"https:\/\/portaltela.pt\/#\/schema\/person\/c4278d4a6028830caff9ee44b42d32ed\",\"name\":\"Telinha\",\"image\":{\"@type\":\"ImageObject\",\"inLanguage\":\"pt-PT\",\"@id\":\"https:\/\/portaltela.pt\/s.01k8rhncp4jt1\/2025\/11\/talking-bot-125x125.png\",\"url\":\"https:\/\/portaltela.pt\/s.01k8rhncp4jt1\/2025\/11\/talking-bot-125x125.png\",\"contentUrl\":\"https:\/\/portaltela.pt\/s.01k8rhncp4jt1\/2025\/11\/talking-bot-125x125.png\",\"caption\":\"Telinha\"},\"sameAs\":[\"https:\/\/portaltela.pt\/\"],\"url\":\"https:\/\/portaltela.pt\/por\/367410592786\/\"}]}<\/script>\n<!-- \/ Yoast SEO plugin. -->","yoast_head_json":{"title":"Elei\u00e7\u00f5es Presidenciais: o que esperar a seguir - Portal Tela Portugal","robots":{"index":"index","follow":"follow","max-snippet":"max-snippet:-1","max-image-preview":"max-image-preview:large","max-video-preview":"max-video-preview:-1"},"og_locale":"pt_PT","og_type":"article","og_title":"Elei\u00e7\u00f5es Presidenciais: o que esperar a seguir - Portal Tela Portugal","og_description":"Ap\u00f3s as elei\u00e7\u00f5es, as for\u00e7as no Parlamento mant\u00eam-se iguais, e o combate ao populismo depende de demonstrar que o pa\u00eds est\u00e1 bem encaminhado e com perspetivas de prosperidade. O novo Presidente da Rep\u00fablica, com perfil moderado, pode contribuir para o escrut\u00ednio e para o equil\u00edbrio do que \u00e9 importante. O PS procura reabilitar-se junto de Bel\u00e9m, apontando para uma renova\u00e7\u00e3o interna. O Chega \u00e9 visto sem desvalorizar-se o fen\u00f3meno, reconhecendo que a direita pode alcan\u00e7ar perto da sua fronteira de vota\u00e7\u00e3o, e a discuss\u00e3o sobre lideran\u00e7a da direita continua. O PSD, j\u00e1 no Governo e com autarquias e duas regi\u00f5es aut\u00f3nomas, precisa cumprir os seus mandatos; falhas ser\u00e3o da responsabilidade do partido, que deve concentrar-se em reformas urgentes e em apresentar resultados.","og_url":"https:\/\/portaltela.pt\/noticias\/2026\/02\/08\/eleicoes-presidenciais-o-que-esperar-a-seguir\/","og_site_name":"Portal Tela Portugal","article_published_time":"2026-02-08T22:46:00+00:00","author":"Telinha","twitter_card":"summary_large_image","twitter_misc":{"Escrito por":"Telinha","Tempo estimado de leitura":"1 minuto"},"schema":{"@context":"https:\/\/schema.org","@graph":[{"@type":"Article","@id":"https:\/\/portaltela.pt\/noticias\/2026\/02\/08\/eleicoes-presidenciais-o-que-esperar-a-seguir\/#article","isPartOf":{"@id":"https:\/\/portaltela.pt\/noticias\/2026\/02\/08\/eleicoes-presidenciais-o-que-esperar-a-seguir\/"},"author":{"name":"Telinha","@id":"https:\/\/portaltela.pt\/#\/schema\/person\/c4278d4a6028830caff9ee44b42d32ed"},"headline":"Elei\u00e7\u00f5es Presidenciais: o que esperar a seguir","datePublished":"2026-02-08T22:46:00+00:00","mainEntityOfPage":{"@id":"https:\/\/portaltela.pt\/noticias\/2026\/02\/08\/eleicoes-presidenciais-o-que-esperar-a-seguir\/"},"wordCount":298,"image":{"@id":"https:\/\/portaltela.pt\/noticias\/2026\/02\/08\/eleicoes-presidenciais-o-que-esperar-a-seguir\/#primaryimage"},"thumbnailUrl":"https:\/\/portaltela.pt\/s.01k8rhncp4jt1\/2026\/02\/1931106.jpg","keywords":["elei\u00e7\u00f5es","governo","pol\u00edtica","Presidenciais","PS","PSD"],"articleSection":["Not\u00edcias","Pol\u00edtica"],"inLanguage":"pt-PT"},{"@type":"WebPage","@id":"https:\/\/portaltela.pt\/noticias\/2026\/02\/08\/eleicoes-presidenciais-o-que-esperar-a-seguir\/","url":"https:\/\/portaltela.pt\/noticias\/2026\/02\/08\/eleicoes-presidenciais-o-que-esperar-a-seguir\/","name":"Elei\u00e7\u00f5es Presidenciais: o que esperar a seguir - Portal Tela Portugal","isPartOf":{"@id":"https:\/\/portaltela.pt\/#website"},"primaryImageOfPage":{"@id":"https:\/\/portaltela.pt\/noticias\/2026\/02\/08\/eleicoes-presidenciais-o-que-esperar-a-seguir\/#primaryimage"},"image":{"@id":"https:\/\/portaltela.pt\/noticias\/2026\/02\/08\/eleicoes-presidenciais-o-que-esperar-a-seguir\/#primaryimage"},"thumbnailUrl":"https:\/\/portaltela.pt\/s.01k8rhncp4jt1\/2026\/02\/1931106.jpg","datePublished":"2026-02-08T22:46:00+00:00","author":{"@id":"https:\/\/portaltela.pt\/#\/schema\/person\/c4278d4a6028830caff9ee44b42d32ed"},"breadcrumb":{"@id":"https:\/\/portaltela.pt\/noticias\/2026\/02\/08\/eleicoes-presidenciais-o-que-esperar-a-seguir\/#breadcrumb"},"inLanguage":"pt-PT","potentialAction":[{"@type":"ReadAction","target":["https:\/\/portaltela.pt\/noticias\/2026\/02\/08\/eleicoes-presidenciais-o-que-esperar-a-seguir\/"]}]},{"@type":"ImageObject","inLanguage":"pt-PT","@id":"https:\/\/portaltela.pt\/noticias\/2026\/02\/08\/eleicoes-presidenciais-o-que-esperar-a-seguir\/#primaryimage","url":"https:\/\/portaltela.pt\/s.01k8rhncp4jt1\/2026\/02\/1931106.jpg","contentUrl":"https:\/\/portaltela.pt\/s.01k8rhncp4jt1\/2026\/02\/1931106.jpg","width":796,"height":448,"caption":"Photo"},{"@type":"BreadcrumbList","@id":"https:\/\/portaltela.pt\/noticias\/2026\/02\/08\/eleicoes-presidenciais-o-que-esperar-a-seguir\/#breadcrumb","itemListElement":[{"@type":"ListItem","position":1,"name":"In\u00edcio","item":"https:\/\/portaltela.pt\/"},{"@type":"ListItem","position":2,"name":"Elei\u00e7\u00f5es Presidenciais: o que esperar a seguir"}]},{"@type":"WebSite","@id":"https:\/\/portaltela.pt\/#website","url":"https:\/\/portaltela.pt\/","name":"Portal Tela Portugal","description":"","potentialAction":[{"@type":"SearchAction","target":{"@type":"EntryPoint","urlTemplate":"https:\/\/portaltela.pt\/?s={search_term_string}"},"query-input":{"@type":"PropertyValueSpecification","valueRequired":true,"valueName":"search_term_string"}}],"inLanguage":"pt-PT"},{"@type":"Person","@id":"https:\/\/portaltela.pt\/#\/schema\/person\/c4278d4a6028830caff9ee44b42d32ed","name":"Telinha","image":{"@type":"ImageObject","inLanguage":"pt-PT","@id":"https:\/\/portaltela.pt\/s.01k8rhncp4jt1\/2025\/11\/talking-bot-125x125.png","url":"https:\/\/portaltela.pt\/s.01k8rhncp4jt1\/2025\/11\/talking-bot-125x125.png","contentUrl":"https:\/\/portaltela.pt\/s.01k8rhncp4jt1\/2025\/11\/talking-bot-125x125.png","caption":"Telinha"},"sameAs":["https:\/\/portaltela.pt\/"],"url":"https:\/\/portaltela.pt\/por\/367410592786\/"}]}},"_links":{"self":[{"href":"https:\/\/portaltela.pt\/api\/wp\/v2\/posts\/204657","targetHints":{"allow":["GET"]}}],"collection":[{"href":"https:\/\/portaltela.pt\/api\/wp\/v2\/posts"}],"about":[{"href":"https:\/\/portaltela.pt\/api\/wp\/v2\/types\/post"}],"author":[{"embeddable":true,"href":"https:\/\/portaltela.pt\/api\/wp\/v2\/users\/2"}],"replies":[{"embeddable":true,"href":"https:\/\/portaltela.pt\/api\/wp\/v2\/comments?post=204657"}],"version-history":[{"count":0,"href":"https:\/\/portaltela.pt\/api\/wp\/v2\/posts\/204657\/revisions"}],"wp:featuredmedia":[{"embeddable":true,"href":"https:\/\/portaltela.pt\/api\/wp\/v2\/media\/204659"}],"wp:attachment":[{"href":"https:\/\/portaltela.pt\/api\/wp\/v2\/media?parent=204657"}],"wp:term":[{"taxonomy":"category","embeddable":true,"href":"https:\/\/portaltela.pt\/api\/wp\/v2\/categories?post=204657"},{"taxonomy":"post_tag","embeddable":true,"href":"https:\/\/portaltela.pt\/api\/wp\/v2\/tags?post=204657"}],"curies":[{"name":"wp","href":"https:\/\/api.w.org\/{rel}","templated":true}]}}