{"id":204649,"date":"2026-02-08T19:40:00","date_gmt":"2026-02-08T22:40:00","guid":{"rendered":"https:\/\/portaltela.pt\/noticias\/2026\/02\/08\/ventura-reage-a-derrota-o-sucesso-de-seguro-sera-o-sucesso-de-todos\/"},"modified":"2026-02-08T19:40:00","modified_gmt":"2026-02-08T22:40:00","slug":"ventura-reage-a-derrota-o-sucesso-de-seguro-sera-o-sucesso-de-todos","status":"publish","type":"post","link":"https:\/\/portaltela.pt\/noticias\/politica\/2026\/02\/08\/ventura-reage-a-derrota-o-sucesso-de-seguro-sera-o-sucesso-de-todos\/","title":{"rendered":"Ventura reage \u00e0 derrota: o sucesso de Seguro ser\u00e1 o sucesso de todos"},"content":{"rendered":"<p>Andr\u00e9 Ventura, l\u00edder do Chega, reagiu \u00e0 derrota nas elei\u00e7\u00f5es presidenciais realizadas neste domingo, afirmando que j\u00e1 felicitou Ant\u00f3nio Jos\u00e9 Seguro e lhe deseja um bom mandato. A declara\u00e7\u00e3o foi feita ap\u00f3s o apuramento parcial dos resultados.<\/p>\n<p>Apesar de terem sido advers\u00e1rios na segunda volta, Ventura sustentou que o sucesso de Seguro ser\u00e1 o sucesso de todos, sublinhando a import\u00e2ncia da estabilidade institucional no pr\u00f3ximo mandato. As palavras chegaram atrav\u00e9s de declara\u00e7\u00f5es p\u00fablicas do l\u00edder do Chega.<\/p>\n<p>O dirigente apontou que o partido mobilizou o pa\u00eds contra um sistema de cinquenta anos de bipartidarismo, defendendo uma mudan\u00e7a de din\u00e2mica pol\u00edtica em Portugal. As afirma\u00e7\u00f5es aparecem numa altura de reac\u00e7\u00f5es diversas \u00e0 derrota de Ventura na corrida presidencial.<\/p>\n","protected":false},"excerpt":{"rendered":"<ul>\n<li>Andr\u00e9 Ventura reagiu \u00e0 derrota nas elei\u00e7\u00f5es presidenciais deste domingo.<\/li>\n<li>Disse ter felicitado Ant\u00f3nio Jos\u00e9 Seguro e desejou-lhe um bom mandato.<\/li>\n<li>Afirma que, independentemente de terem sido advers\u00e1rios na segunda volta, o sucesso de Seguro ser\u00e1 o sucesso de todos.<\/li>\n<li>O l\u00edder do Chega disse que o partido mobilizou o pa\u00eds contra um sistema de cinquenta anos de bipartidarismo.<\/li>\n<\/ul>\n","protected":false},"author":2,"featured_media":204652,"comment_status":"closed","ping_status":"closed","sticky":false,"template":"","format":"standard","meta":{"footnotes":""},"categories":[1,5],"tags":[2142,68,34,2832,3001,2558],"class_list":["post-204649","post","type-post","status-publish","format-standard","has-post-thumbnail","hentry","category-noticias","category-politica","tag-chega","tag-eleicoes","tag-governo","tag-politica","tag-presidenciais","tag-ventura"],"yoast_head":"<!-- This site is optimized with the Yoast SEO plugin v27.2 - https:\/\/yoast.com\/product\/yoast-seo-wordpress\/ -->\n<title>Ventura reage \u00e0 derrota: o sucesso de Seguro ser\u00e1 o sucesso de todos - Portal Tela Portugal<\/title>\n<meta name=\"robots\" content=\"index, follow, max-snippet:-1, max-image-preview:large, max-video-preview:-1\" \/>\n<meta property=\"og:locale\" content=\"pt_PT\" \/>\n<meta property=\"og:type\" content=\"article\" \/>\n<meta property=\"og:title\" content=\"Ventura reage \u00e0 derrota: o sucesso de Seguro ser\u00e1 o sucesso de todos - Portal Tela Portugal\" \/>\n<meta property=\"og:description\" content=\"Andr\u00e9 Ventura reagiu \u00e0 derrota nas elei\u00e7\u00f5es presidenciais deste domingo. Disse ter felicitado Ant\u00f3nio Jos\u00e9 Seguro e desejou-lhe um bom mandato. Afirma que, independentemente de terem sido advers\u00e1rios na segunda volta, o sucesso de Seguro ser\u00e1 o sucesso de todos. O l\u00edder do Chega disse que o partido mobilizou o pa\u00eds contra um sistema de cinquenta anos de bipartidarismo.\" \/>\n<meta property=\"og:url\" content=\"https:\/\/portaltela.pt\/noticias\/2026\/02\/08\/ventura-reage-a-derrota-o-sucesso-de-seguro-sera-o-sucesso-de-todos\/\" \/>\n<meta property=\"og:site_name\" content=\"Portal Tela Portugal\" \/>\n<meta property=\"article:published_time\" content=\"2026-02-08T22:40:00+00:00\" \/>\n<meta name=\"author\" content=\"Telinha\" \/>\n<meta name=\"twitter:card\" content=\"summary_large_image\" \/>\n<meta name=\"twitter:label1\" content=\"Escrito por\" \/>\n\t<meta name=\"twitter:data1\" content=\"Telinha\" \/>\n\t<meta name=\"twitter:label2\" content=\"Tempo estimado de leitura\" \/>\n\t<meta name=\"twitter:data2\" content=\"1 minuto\" \/>\n<script type=\"application\/ld+json\" class=\"yoast-schema-graph\">{\"@context\":\"https:\/\/schema.org\",\"@graph\":[{\"@type\":\"Article\",\"@id\":\"https:\/\/portaltela.pt\/noticias\/2026\/02\/08\/ventura-reage-a-derrota-o-sucesso-de-seguro-sera-o-sucesso-de-todos\/#article\",\"isPartOf\":{\"@id\":\"https:\/\/portaltela.pt\/noticias\/2026\/02\/08\/ventura-reage-a-derrota-o-sucesso-de-seguro-sera-o-sucesso-de-todos\/\"},\"author\":{\"name\":\"Telinha\",\"@id\":\"https:\/\/portaltela.pt\/#\/schema\/person\/c4278d4a6028830caff9ee44b42d32ed\"},\"headline\":\"Ventura reage \u00e0 derrota: o sucesso de Seguro ser\u00e1 o sucesso de todos\",\"datePublished\":\"2026-02-08T22:40:00+00:00\",\"mainEntityOfPage\":{\"@id\":\"https:\/\/portaltela.pt\/noticias\/2026\/02\/08\/ventura-reage-a-derrota-o-sucesso-de-seguro-sera-o-sucesso-de-todos\/\"},\"wordCount\":145,\"image\":{\"@id\":\"https:\/\/portaltela.pt\/noticias\/2026\/02\/08\/ventura-reage-a-derrota-o-sucesso-de-seguro-sera-o-sucesso-de-todos\/#primaryimage\"},\"thumbnailUrl\":\"https:\/\/portaltela.pt\/s.01k8rhncp4jt1\/2026\/02\/img_1500x1000uu2026-02-08-22-41-19-2265745.jpg\",\"keywords\":[\"CHEGA\",\"elei\u00e7\u00f5es\",\"governo\",\"pol\u00edtica\",\"Presidenciais\",\"Ventura\"],\"articleSection\":[\"Not\u00edcias\",\"Pol\u00edtica\"],\"inLanguage\":\"pt-PT\"},{\"@type\":\"WebPage\",\"@id\":\"https:\/\/portaltela.pt\/noticias\/2026\/02\/08\/ventura-reage-a-derrota-o-sucesso-de-seguro-sera-o-sucesso-de-todos\/\",\"url\":\"https:\/\/portaltela.pt\/noticias\/2026\/02\/08\/ventura-reage-a-derrota-o-sucesso-de-seguro-sera-o-sucesso-de-todos\/\",\"name\":\"Ventura reage \u00e0 derrota: o sucesso de Seguro ser\u00e1 o sucesso de todos - Portal Tela Portugal\",\"isPartOf\":{\"@id\":\"https:\/\/portaltela.pt\/#website\"},\"primaryImageOfPage\":{\"@id\":\"https:\/\/portaltela.pt\/noticias\/2026\/02\/08\/ventura-reage-a-derrota-o-sucesso-de-seguro-sera-o-sucesso-de-todos\/#primaryimage\"},\"image\":{\"@id\":\"https:\/\/portaltela.pt\/noticias\/2026\/02\/08\/ventura-reage-a-derrota-o-sucesso-de-seguro-sera-o-sucesso-de-todos\/#primaryimage\"},\"thumbnailUrl\":\"https:\/\/portaltela.pt\/s.01k8rhncp4jt1\/2026\/02\/img_1500x1000uu2026-02-08-22-41-19-2265745.jpg\",\"datePublished\":\"2026-02-08T22:40:00+00:00\",\"author\":{\"@id\":\"https:\/\/portaltela.pt\/#\/schema\/person\/c4278d4a6028830caff9ee44b42d32ed\"},\"breadcrumb\":{\"@id\":\"https:\/\/portaltela.pt\/noticias\/2026\/02\/08\/ventura-reage-a-derrota-o-sucesso-de-seguro-sera-o-sucesso-de-todos\/#breadcrumb\"},\"inLanguage\":\"pt-PT\",\"potentialAction\":[{\"@type\":\"ReadAction\",\"target\":[\"https:\/\/portaltela.pt\/noticias\/2026\/02\/08\/ventura-reage-a-derrota-o-sucesso-de-seguro-sera-o-sucesso-de-todos\/\"]}]},{\"@type\":\"ImageObject\",\"inLanguage\":\"pt-PT\",\"@id\":\"https:\/\/portaltela.pt\/noticias\/2026\/02\/08\/ventura-reage-a-derrota-o-sucesso-de-seguro-sera-o-sucesso-de-todos\/#primaryimage\",\"url\":\"https:\/\/portaltela.pt\/s.01k8rhncp4jt1\/2026\/02\/img_1500x1000uu2026-02-08-22-41-19-2265745.jpg\",\"contentUrl\":\"https:\/\/portaltela.pt\/s.01k8rhncp4jt1\/2026\/02\/img_1500x1000uu2026-02-08-22-41-19-2265745.jpg\",\"width\":796,\"height\":448,\"caption\":\"Andr\u00e9 Ventura\"},{\"@type\":\"BreadcrumbList\",\"@id\":\"https:\/\/portaltela.pt\/noticias\/2026\/02\/08\/ventura-reage-a-derrota-o-sucesso-de-seguro-sera-o-sucesso-de-todos\/#breadcrumb\",\"itemListElement\":[{\"@type\":\"ListItem\",\"position\":1,\"name\":\"In\u00edcio\",\"item\":\"https:\/\/portaltela.pt\/\"},{\"@type\":\"ListItem\",\"position\":2,\"name\":\"Ventura reage \u00e0 derrota: o sucesso de Seguro ser\u00e1 o sucesso de todos\"}]},{\"@type\":\"WebSite\",\"@id\":\"https:\/\/portaltela.pt\/#website\",\"url\":\"https:\/\/portaltela.pt\/\",\"name\":\"Portal Tela Portugal\",\"description\":\"\",\"potentialAction\":[{\"@type\":\"SearchAction\",\"target\":{\"@type\":\"EntryPoint\",\"urlTemplate\":\"https:\/\/portaltela.pt\/?s={search_term_string}\"},\"query-input\":{\"@type\":\"PropertyValueSpecification\",\"valueRequired\":true,\"valueName\":\"search_term_string\"}}],\"inLanguage\":\"pt-PT\"},{\"@type\":\"Person\",\"@id\":\"https:\/\/portaltela.pt\/#\/schema\/person\/c4278d4a6028830caff9ee44b42d32ed\",\"name\":\"Telinha\",\"image\":{\"@type\":\"ImageObject\",\"inLanguage\":\"pt-PT\",\"@id\":\"https:\/\/portaltela.pt\/s.01k8rhncp4jt1\/2025\/11\/talking-bot-125x125.png\",\"url\":\"https:\/\/portaltela.pt\/s.01k8rhncp4jt1\/2025\/11\/talking-bot-125x125.png\",\"contentUrl\":\"https:\/\/portaltela.pt\/s.01k8rhncp4jt1\/2025\/11\/talking-bot-125x125.png\",\"caption\":\"Telinha\"},\"sameAs\":[\"https:\/\/portaltela.pt\/\"],\"url\":\"https:\/\/portaltela.pt\/por\/367410592786\/\"}]}<\/script>\n<!-- \/ Yoast SEO plugin. -->","yoast_head_json":{"title":"Ventura reage \u00e0 derrota: o sucesso de Seguro ser\u00e1 o sucesso de todos - Portal Tela Portugal","robots":{"index":"index","follow":"follow","max-snippet":"max-snippet:-1","max-image-preview":"max-image-preview:large","max-video-preview":"max-video-preview:-1"},"og_locale":"pt_PT","og_type":"article","og_title":"Ventura reage \u00e0 derrota: o sucesso de Seguro ser\u00e1 o sucesso de todos - Portal Tela Portugal","og_description":"Andr\u00e9 Ventura reagiu \u00e0 derrota nas elei\u00e7\u00f5es presidenciais deste domingo. Disse ter felicitado Ant\u00f3nio Jos\u00e9 Seguro e desejou-lhe um bom mandato. Afirma que, independentemente de terem sido advers\u00e1rios na segunda volta, o sucesso de Seguro ser\u00e1 o sucesso de todos. O l\u00edder do Chega disse que o partido mobilizou o pa\u00eds contra um sistema de cinquenta anos de bipartidarismo.","og_url":"https:\/\/portaltela.pt\/noticias\/2026\/02\/08\/ventura-reage-a-derrota-o-sucesso-de-seguro-sera-o-sucesso-de-todos\/","og_site_name":"Portal Tela Portugal","article_published_time":"2026-02-08T22:40:00+00:00","author":"Telinha","twitter_card":"summary_large_image","twitter_misc":{"Escrito por":"Telinha","Tempo estimado de leitura":"1 minuto"},"schema":{"@context":"https:\/\/schema.org","@graph":[{"@type":"Article","@id":"https:\/\/portaltela.pt\/noticias\/2026\/02\/08\/ventura-reage-a-derrota-o-sucesso-de-seguro-sera-o-sucesso-de-todos\/#article","isPartOf":{"@id":"https:\/\/portaltela.pt\/noticias\/2026\/02\/08\/ventura-reage-a-derrota-o-sucesso-de-seguro-sera-o-sucesso-de-todos\/"},"author":{"name":"Telinha","@id":"https:\/\/portaltela.pt\/#\/schema\/person\/c4278d4a6028830caff9ee44b42d32ed"},"headline":"Ventura reage \u00e0 derrota: o sucesso de Seguro ser\u00e1 o sucesso de todos","datePublished":"2026-02-08T22:40:00+00:00","mainEntityOfPage":{"@id":"https:\/\/portaltela.pt\/noticias\/2026\/02\/08\/ventura-reage-a-derrota-o-sucesso-de-seguro-sera-o-sucesso-de-todos\/"},"wordCount":145,"image":{"@id":"https:\/\/portaltela.pt\/noticias\/2026\/02\/08\/ventura-reage-a-derrota-o-sucesso-de-seguro-sera-o-sucesso-de-todos\/#primaryimage"},"thumbnailUrl":"https:\/\/portaltela.pt\/s.01k8rhncp4jt1\/2026\/02\/img_1500x1000uu2026-02-08-22-41-19-2265745.jpg","keywords":["CHEGA","elei\u00e7\u00f5es","governo","pol\u00edtica","Presidenciais","Ventura"],"articleSection":["Not\u00edcias","Pol\u00edtica"],"inLanguage":"pt-PT"},{"@type":"WebPage","@id":"https:\/\/portaltela.pt\/noticias\/2026\/02\/08\/ventura-reage-a-derrota-o-sucesso-de-seguro-sera-o-sucesso-de-todos\/","url":"https:\/\/portaltela.pt\/noticias\/2026\/02\/08\/ventura-reage-a-derrota-o-sucesso-de-seguro-sera-o-sucesso-de-todos\/","name":"Ventura reage \u00e0 derrota: o sucesso de Seguro ser\u00e1 o sucesso de todos - Portal Tela Portugal","isPartOf":{"@id":"https:\/\/portaltela.pt\/#website"},"primaryImageOfPage":{"@id":"https:\/\/portaltela.pt\/noticias\/2026\/02\/08\/ventura-reage-a-derrota-o-sucesso-de-seguro-sera-o-sucesso-de-todos\/#primaryimage"},"image":{"@id":"https:\/\/portaltela.pt\/noticias\/2026\/02\/08\/ventura-reage-a-derrota-o-sucesso-de-seguro-sera-o-sucesso-de-todos\/#primaryimage"},"thumbnailUrl":"https:\/\/portaltela.pt\/s.01k8rhncp4jt1\/2026\/02\/img_1500x1000uu2026-02-08-22-41-19-2265745.jpg","datePublished":"2026-02-08T22:40:00+00:00","author":{"@id":"https:\/\/portaltela.pt\/#\/schema\/person\/c4278d4a6028830caff9ee44b42d32ed"},"breadcrumb":{"@id":"https:\/\/portaltela.pt\/noticias\/2026\/02\/08\/ventura-reage-a-derrota-o-sucesso-de-seguro-sera-o-sucesso-de-todos\/#breadcrumb"},"inLanguage":"pt-PT","potentialAction":[{"@type":"ReadAction","target":["https:\/\/portaltela.pt\/noticias\/2026\/02\/08\/ventura-reage-a-derrota-o-sucesso-de-seguro-sera-o-sucesso-de-todos\/"]}]},{"@type":"ImageObject","inLanguage":"pt-PT","@id":"https:\/\/portaltela.pt\/noticias\/2026\/02\/08\/ventura-reage-a-derrota-o-sucesso-de-seguro-sera-o-sucesso-de-todos\/#primaryimage","url":"https:\/\/portaltela.pt\/s.01k8rhncp4jt1\/2026\/02\/img_1500x1000uu2026-02-08-22-41-19-2265745.jpg","contentUrl":"https:\/\/portaltela.pt\/s.01k8rhncp4jt1\/2026\/02\/img_1500x1000uu2026-02-08-22-41-19-2265745.jpg","width":796,"height":448,"caption":"Andr\u00e9 Ventura"},{"@type":"BreadcrumbList","@id":"https:\/\/portaltela.pt\/noticias\/2026\/02\/08\/ventura-reage-a-derrota-o-sucesso-de-seguro-sera-o-sucesso-de-todos\/#breadcrumb","itemListElement":[{"@type":"ListItem","position":1,"name":"In\u00edcio","item":"https:\/\/portaltela.pt\/"},{"@type":"ListItem","position":2,"name":"Ventura reage \u00e0 derrota: o sucesso de Seguro ser\u00e1 o sucesso de todos"}]},{"@type":"WebSite","@id":"https:\/\/portaltela.pt\/#website","url":"https:\/\/portaltela.pt\/","name":"Portal Tela Portugal","description":"","potentialAction":[{"@type":"SearchAction","target":{"@type":"EntryPoint","urlTemplate":"https:\/\/portaltela.pt\/?s={search_term_string}"},"query-input":{"@type":"PropertyValueSpecification","valueRequired":true,"valueName":"search_term_string"}}],"inLanguage":"pt-PT"},{"@type":"Person","@id":"https:\/\/portaltela.pt\/#\/schema\/person\/c4278d4a6028830caff9ee44b42d32ed","name":"Telinha","image":{"@type":"ImageObject","inLanguage":"pt-PT","@id":"https:\/\/portaltela.pt\/s.01k8rhncp4jt1\/2025\/11\/talking-bot-125x125.png","url":"https:\/\/portaltela.pt\/s.01k8rhncp4jt1\/2025\/11\/talking-bot-125x125.png","contentUrl":"https:\/\/portaltela.pt\/s.01k8rhncp4jt1\/2025\/11\/talking-bot-125x125.png","caption":"Telinha"},"sameAs":["https:\/\/portaltela.pt\/"],"url":"https:\/\/portaltela.pt\/por\/367410592786\/"}]}},"_links":{"self":[{"href":"https:\/\/portaltela.pt\/api\/wp\/v2\/posts\/204649","targetHints":{"allow":["GET"]}}],"collection":[{"href":"https:\/\/portaltela.pt\/api\/wp\/v2\/posts"}],"about":[{"href":"https:\/\/portaltela.pt\/api\/wp\/v2\/types\/post"}],"author":[{"embeddable":true,"href":"https:\/\/portaltela.pt\/api\/wp\/v2\/users\/2"}],"replies":[{"embeddable":true,"href":"https:\/\/portaltela.pt\/api\/wp\/v2\/comments?post=204649"}],"version-history":[{"count":0,"href":"https:\/\/portaltela.pt\/api\/wp\/v2\/posts\/204649\/revisions"}],"wp:featuredmedia":[{"embeddable":true,"href":"https:\/\/portaltela.pt\/api\/wp\/v2\/media\/204652"}],"wp:attachment":[{"href":"https:\/\/portaltela.pt\/api\/wp\/v2\/media?parent=204649"}],"wp:term":[{"taxonomy":"category","embeddable":true,"href":"https:\/\/portaltela.pt\/api\/wp\/v2\/categories?post=204649"},{"taxonomy":"post_tag","embeddable":true,"href":"https:\/\/portaltela.pt\/api\/wp\/v2\/tags?post=204649"}],"curies":[{"name":"wp","href":"https:\/\/api.w.org\/{rel}","templated":true}]}}