{"id":204626,"date":"2026-02-08T19:25:00","date_gmt":"2026-02-08T22:25:00","guid":{"rendered":"https:\/\/portaltela.pt\/noticias\/2026\/02\/08\/esmagado-por-enquanto-atualizacao-sobre-o-caso\/"},"modified":"2026-02-08T19:25:00","modified_gmt":"2026-02-08T22:25:00","slug":"esmagado-por-enquanto-atualizacao-sobre-o-caso","status":"publish","type":"post","link":"https:\/\/portaltela.pt\/noticias\/politica\/2026\/02\/08\/esmagado-por-enquanto-atualizacao-sobre-o-caso\/","title":{"rendered":"Esmagado. Por enquanto: atualiza\u00e7\u00e3o sobre o caso"},"content":{"rendered":"<p>Ventura teve menos de um ter\u00e7o dos votos na segunda volta, um resultado fora do esperado. A derrota aponta para uma dinamica de voto ainda incerta no espectro da direita.<\/p>\n<p>A direita, outrora dominante eleitoralmente, inclui PSD, IL, CDS e Cotrim Figueiredo, que n\u00e3o pediram voto contra Ventura. A an\u00e1lise aponta contributo para a normaliza\u00e7\u00e3o de Ventura, sem que se considere um candidato antidemocrata, segundo Paulo N\u00fancio.<\/p>\n<p>Seguro duplicou a vota\u00e7\u00e3o na segunda volta, enquanto Ventura acrescentou menos de um ter\u00e7o do que obteve na primeira volta. O desfecho refor\u00e7a a surpresa face \u00e0s expectativas anteriores sobre o alinhamento do eleitorado de direita.<\/p>\n","protected":false},"excerpt":{"rendered":"<ul>\n<li>Ventura recebe menos de um ter\u00e7o dos votos, muito aqu\u00e9m do esperado ap\u00f3s a primeira volta.<\/li>\n<li>A direita, com PSD, Il, CDS e Cotrim Figueiredo, n\u00e3o apelou unidamente ao voto contra Ventura, contribuindo para a sua normaliza\u00e7\u00e3o.<\/li>\n<li>Paulo N\u00fancio afirmou que Ventura tem legitimidade democr\u00e1tica e n\u00e3o \u00e9 um candidato antidemocrata.<\/li>\n<li>Seguro duplica a vota\u00e7\u00e3o em rela\u00e7\u00e3o \u00e0 volta anterior, mantendo a vantagem inicial.<\/li>\n<li>A an\u00e1lise aponta que era previs\u00edvel que Ventura reunisse parte do voto da direita, mas o resultado ficou aqu\u00e9m do esperado.<\/li>\n<\/ul>\n","protected":false},"author":2,"featured_media":204627,"comment_status":"closed","ping_status":"closed","sticky":false,"template":"","format":"standard","meta":{"footnotes":""},"categories":[1,5],"tags":[2478,2678,68,1482,2832,3695],"class_list":["post-204626","post","type-post","status-publish","format-standard","has-post-thumbnail","hentry","category-noticias","category-politica","tag-cds","tag-cotrim-de-figueiredo","tag-eleicoes","tag-iniciativa-liberal","tag-politica","tag-psd"],"yoast_head":"<!-- This site is optimized with the Yoast SEO plugin v27.2 - https:\/\/yoast.com\/product\/yoast-seo-wordpress\/ -->\n<title>Esmagado. Por enquanto: atualiza\u00e7\u00e3o sobre o caso - Portal Tela Portugal<\/title>\n<meta name=\"robots\" content=\"index, follow, max-snippet:-1, max-image-preview:large, max-video-preview:-1\" \/>\n<meta property=\"og:locale\" content=\"pt_PT\" \/>\n<meta property=\"og:type\" content=\"article\" \/>\n<meta property=\"og:title\" content=\"Esmagado. Por enquanto: atualiza\u00e7\u00e3o sobre o caso - Portal Tela Portugal\" \/>\n<meta property=\"og:description\" content=\"Ventura recebe menos de um ter\u00e7o dos votos, muito aqu\u00e9m do esperado ap\u00f3s a primeira volta. A direita, com PSD, Il, CDS e Cotrim Figueiredo, n\u00e3o apelou unidamente ao voto contra Ventura, contribuindo para a sua normaliza\u00e7\u00e3o. Paulo N\u00fancio afirmou que Ventura tem legitimidade democr\u00e1tica e n\u00e3o \u00e9 um candidato antidemocrata. Seguro duplica a vota\u00e7\u00e3o em rela\u00e7\u00e3o \u00e0 volta anterior, mantendo a vantagem inicial. A an\u00e1lise aponta que era previs\u00edvel que Ventura reunisse parte do voto da direita, mas o resultado ficou aqu\u00e9m do esperado.\" \/>\n<meta property=\"og:url\" content=\"https:\/\/portaltela.pt\/noticias\/2026\/02\/08\/esmagado-por-enquanto-atualizacao-sobre-o-caso\/\" \/>\n<meta property=\"og:site_name\" content=\"Portal Tela Portugal\" \/>\n<meta property=\"article:published_time\" content=\"2026-02-08T22:25:00+00:00\" \/>\n<meta name=\"author\" content=\"Telinha\" \/>\n<meta name=\"twitter:card\" content=\"summary_large_image\" \/>\n<meta name=\"twitter:label1\" content=\"Escrito por\" \/>\n\t<meta name=\"twitter:data1\" content=\"Telinha\" \/>\n\t<meta name=\"twitter:label2\" content=\"Tempo estimado de leitura\" \/>\n\t<meta name=\"twitter:data2\" content=\"1 minuto\" \/>\n<script type=\"application\/ld+json\" class=\"yoast-schema-graph\">{\"@context\":\"https:\/\/schema.org\",\"@graph\":[{\"@type\":\"Article\",\"@id\":\"https:\/\/portaltela.pt\/noticias\/2026\/02\/08\/esmagado-por-enquanto-atualizacao-sobre-o-caso\/#article\",\"isPartOf\":{\"@id\":\"https:\/\/portaltela.pt\/noticias\/2026\/02\/08\/esmagado-por-enquanto-atualizacao-sobre-o-caso\/\"},\"author\":{\"name\":\"Telinha\",\"@id\":\"https:\/\/portaltela.pt\/#\/schema\/person\/c4278d4a6028830caff9ee44b42d32ed\"},\"headline\":\"Esmagado. Por enquanto: atualiza\u00e7\u00e3o sobre o caso\",\"datePublished\":\"2026-02-08T22:25:00+00:00\",\"mainEntityOfPage\":{\"@id\":\"https:\/\/portaltela.pt\/noticias\/2026\/02\/08\/esmagado-por-enquanto-atualizacao-sobre-o-caso\/\"},\"wordCount\":119,\"image\":{\"@id\":\"https:\/\/portaltela.pt\/noticias\/2026\/02\/08\/esmagado-por-enquanto-atualizacao-sobre-o-caso\/#primaryimage\"},\"thumbnailUrl\":\"https:\/\/portaltela.pt\/s.01k8rhncp4jt1\/2026\/02\/2164107.jpg\",\"keywords\":[\"CDS\",\"Cotrim de Figueiredo\",\"elei\u00e7\u00f5es\",\"Iniciativa Liberal\",\"pol\u00edtica\",\"PSD\"],\"articleSection\":[\"Not\u00edcias\",\"Pol\u00edtica\"],\"inLanguage\":\"pt-PT\"},{\"@type\":\"WebPage\",\"@id\":\"https:\/\/portaltela.pt\/noticias\/2026\/02\/08\/esmagado-por-enquanto-atualizacao-sobre-o-caso\/\",\"url\":\"https:\/\/portaltela.pt\/noticias\/2026\/02\/08\/esmagado-por-enquanto-atualizacao-sobre-o-caso\/\",\"name\":\"Esmagado. Por enquanto: atualiza\u00e7\u00e3o sobre o caso - Portal Tela Portugal\",\"isPartOf\":{\"@id\":\"https:\/\/portaltela.pt\/#website\"},\"primaryImageOfPage\":{\"@id\":\"https:\/\/portaltela.pt\/noticias\/2026\/02\/08\/esmagado-por-enquanto-atualizacao-sobre-o-caso\/#primaryimage\"},\"image\":{\"@id\":\"https:\/\/portaltela.pt\/noticias\/2026\/02\/08\/esmagado-por-enquanto-atualizacao-sobre-o-caso\/#primaryimage\"},\"thumbnailUrl\":\"https:\/\/portaltela.pt\/s.01k8rhncp4jt1\/2026\/02\/2164107.jpg\",\"datePublished\":\"2026-02-08T22:25:00+00:00\",\"author\":{\"@id\":\"https:\/\/portaltela.pt\/#\/schema\/person\/c4278d4a6028830caff9ee44b42d32ed\"},\"breadcrumb\":{\"@id\":\"https:\/\/portaltela.pt\/noticias\/2026\/02\/08\/esmagado-por-enquanto-atualizacao-sobre-o-caso\/#breadcrumb\"},\"inLanguage\":\"pt-PT\",\"potentialAction\":[{\"@type\":\"ReadAction\",\"target\":[\"https:\/\/portaltela.pt\/noticias\/2026\/02\/08\/esmagado-por-enquanto-atualizacao-sobre-o-caso\/\"]}]},{\"@type\":\"ImageObject\",\"inLanguage\":\"pt-PT\",\"@id\":\"https:\/\/portaltela.pt\/noticias\/2026\/02\/08\/esmagado-por-enquanto-atualizacao-sobre-o-caso\/#primaryimage\",\"url\":\"https:\/\/portaltela.pt\/s.01k8rhncp4jt1\/2026\/02\/2164107.jpg\",\"contentUrl\":\"https:\/\/portaltela.pt\/s.01k8rhncp4jt1\/2026\/02\/2164107.jpg\",\"width\":796,\"height\":448,\"caption\":\"Photo\"},{\"@type\":\"BreadcrumbList\",\"@id\":\"https:\/\/portaltela.pt\/noticias\/2026\/02\/08\/esmagado-por-enquanto-atualizacao-sobre-o-caso\/#breadcrumb\",\"itemListElement\":[{\"@type\":\"ListItem\",\"position\":1,\"name\":\"In\u00edcio\",\"item\":\"https:\/\/portaltela.pt\/\"},{\"@type\":\"ListItem\",\"position\":2,\"name\":\"Esmagado. Por enquanto: atualiza\u00e7\u00e3o sobre o caso\"}]},{\"@type\":\"WebSite\",\"@id\":\"https:\/\/portaltela.pt\/#website\",\"url\":\"https:\/\/portaltela.pt\/\",\"name\":\"Portal Tela Portugal\",\"description\":\"\",\"potentialAction\":[{\"@type\":\"SearchAction\",\"target\":{\"@type\":\"EntryPoint\",\"urlTemplate\":\"https:\/\/portaltela.pt\/?s={search_term_string}\"},\"query-input\":{\"@type\":\"PropertyValueSpecification\",\"valueRequired\":true,\"valueName\":\"search_term_string\"}}],\"inLanguage\":\"pt-PT\"},{\"@type\":\"Person\",\"@id\":\"https:\/\/portaltela.pt\/#\/schema\/person\/c4278d4a6028830caff9ee44b42d32ed\",\"name\":\"Telinha\",\"image\":{\"@type\":\"ImageObject\",\"inLanguage\":\"pt-PT\",\"@id\":\"https:\/\/portaltela.pt\/s.01k8rhncp4jt1\/2025\/11\/talking-bot-125x125.png\",\"url\":\"https:\/\/portaltela.pt\/s.01k8rhncp4jt1\/2025\/11\/talking-bot-125x125.png\",\"contentUrl\":\"https:\/\/portaltela.pt\/s.01k8rhncp4jt1\/2025\/11\/talking-bot-125x125.png\",\"caption\":\"Telinha\"},\"sameAs\":[\"https:\/\/portaltela.pt\/\"],\"url\":\"https:\/\/portaltela.pt\/por\/367410592786\/\"}]}<\/script>\n<!-- \/ Yoast SEO plugin. -->","yoast_head_json":{"title":"Esmagado. Por enquanto: atualiza\u00e7\u00e3o sobre o caso - Portal Tela Portugal","robots":{"index":"index","follow":"follow","max-snippet":"max-snippet:-1","max-image-preview":"max-image-preview:large","max-video-preview":"max-video-preview:-1"},"og_locale":"pt_PT","og_type":"article","og_title":"Esmagado. Por enquanto: atualiza\u00e7\u00e3o sobre o caso - Portal Tela Portugal","og_description":"Ventura recebe menos de um ter\u00e7o dos votos, muito aqu\u00e9m do esperado ap\u00f3s a primeira volta. A direita, com PSD, Il, CDS e Cotrim Figueiredo, n\u00e3o apelou unidamente ao voto contra Ventura, contribuindo para a sua normaliza\u00e7\u00e3o. Paulo N\u00fancio afirmou que Ventura tem legitimidade democr\u00e1tica e n\u00e3o \u00e9 um candidato antidemocrata. Seguro duplica a vota\u00e7\u00e3o em rela\u00e7\u00e3o \u00e0 volta anterior, mantendo a vantagem inicial. A an\u00e1lise aponta que era previs\u00edvel que Ventura reunisse parte do voto da direita, mas o resultado ficou aqu\u00e9m do esperado.","og_url":"https:\/\/portaltela.pt\/noticias\/2026\/02\/08\/esmagado-por-enquanto-atualizacao-sobre-o-caso\/","og_site_name":"Portal Tela Portugal","article_published_time":"2026-02-08T22:25:00+00:00","author":"Telinha","twitter_card":"summary_large_image","twitter_misc":{"Escrito por":"Telinha","Tempo estimado de leitura":"1 minuto"},"schema":{"@context":"https:\/\/schema.org","@graph":[{"@type":"Article","@id":"https:\/\/portaltela.pt\/noticias\/2026\/02\/08\/esmagado-por-enquanto-atualizacao-sobre-o-caso\/#article","isPartOf":{"@id":"https:\/\/portaltela.pt\/noticias\/2026\/02\/08\/esmagado-por-enquanto-atualizacao-sobre-o-caso\/"},"author":{"name":"Telinha","@id":"https:\/\/portaltela.pt\/#\/schema\/person\/c4278d4a6028830caff9ee44b42d32ed"},"headline":"Esmagado. Por enquanto: atualiza\u00e7\u00e3o sobre o caso","datePublished":"2026-02-08T22:25:00+00:00","mainEntityOfPage":{"@id":"https:\/\/portaltela.pt\/noticias\/2026\/02\/08\/esmagado-por-enquanto-atualizacao-sobre-o-caso\/"},"wordCount":119,"image":{"@id":"https:\/\/portaltela.pt\/noticias\/2026\/02\/08\/esmagado-por-enquanto-atualizacao-sobre-o-caso\/#primaryimage"},"thumbnailUrl":"https:\/\/portaltela.pt\/s.01k8rhncp4jt1\/2026\/02\/2164107.jpg","keywords":["CDS","Cotrim de Figueiredo","elei\u00e7\u00f5es","Iniciativa Liberal","pol\u00edtica","PSD"],"articleSection":["Not\u00edcias","Pol\u00edtica"],"inLanguage":"pt-PT"},{"@type":"WebPage","@id":"https:\/\/portaltela.pt\/noticias\/2026\/02\/08\/esmagado-por-enquanto-atualizacao-sobre-o-caso\/","url":"https:\/\/portaltela.pt\/noticias\/2026\/02\/08\/esmagado-por-enquanto-atualizacao-sobre-o-caso\/","name":"Esmagado. Por enquanto: atualiza\u00e7\u00e3o sobre o caso - Portal Tela Portugal","isPartOf":{"@id":"https:\/\/portaltela.pt\/#website"},"primaryImageOfPage":{"@id":"https:\/\/portaltela.pt\/noticias\/2026\/02\/08\/esmagado-por-enquanto-atualizacao-sobre-o-caso\/#primaryimage"},"image":{"@id":"https:\/\/portaltela.pt\/noticias\/2026\/02\/08\/esmagado-por-enquanto-atualizacao-sobre-o-caso\/#primaryimage"},"thumbnailUrl":"https:\/\/portaltela.pt\/s.01k8rhncp4jt1\/2026\/02\/2164107.jpg","datePublished":"2026-02-08T22:25:00+00:00","author":{"@id":"https:\/\/portaltela.pt\/#\/schema\/person\/c4278d4a6028830caff9ee44b42d32ed"},"breadcrumb":{"@id":"https:\/\/portaltela.pt\/noticias\/2026\/02\/08\/esmagado-por-enquanto-atualizacao-sobre-o-caso\/#breadcrumb"},"inLanguage":"pt-PT","potentialAction":[{"@type":"ReadAction","target":["https:\/\/portaltela.pt\/noticias\/2026\/02\/08\/esmagado-por-enquanto-atualizacao-sobre-o-caso\/"]}]},{"@type":"ImageObject","inLanguage":"pt-PT","@id":"https:\/\/portaltela.pt\/noticias\/2026\/02\/08\/esmagado-por-enquanto-atualizacao-sobre-o-caso\/#primaryimage","url":"https:\/\/portaltela.pt\/s.01k8rhncp4jt1\/2026\/02\/2164107.jpg","contentUrl":"https:\/\/portaltela.pt\/s.01k8rhncp4jt1\/2026\/02\/2164107.jpg","width":796,"height":448,"caption":"Photo"},{"@type":"BreadcrumbList","@id":"https:\/\/portaltela.pt\/noticias\/2026\/02\/08\/esmagado-por-enquanto-atualizacao-sobre-o-caso\/#breadcrumb","itemListElement":[{"@type":"ListItem","position":1,"name":"In\u00edcio","item":"https:\/\/portaltela.pt\/"},{"@type":"ListItem","position":2,"name":"Esmagado. Por enquanto: atualiza\u00e7\u00e3o sobre o caso"}]},{"@type":"WebSite","@id":"https:\/\/portaltela.pt\/#website","url":"https:\/\/portaltela.pt\/","name":"Portal Tela Portugal","description":"","potentialAction":[{"@type":"SearchAction","target":{"@type":"EntryPoint","urlTemplate":"https:\/\/portaltela.pt\/?s={search_term_string}"},"query-input":{"@type":"PropertyValueSpecification","valueRequired":true,"valueName":"search_term_string"}}],"inLanguage":"pt-PT"},{"@type":"Person","@id":"https:\/\/portaltela.pt\/#\/schema\/person\/c4278d4a6028830caff9ee44b42d32ed","name":"Telinha","image":{"@type":"ImageObject","inLanguage":"pt-PT","@id":"https:\/\/portaltela.pt\/s.01k8rhncp4jt1\/2025\/11\/talking-bot-125x125.png","url":"https:\/\/portaltela.pt\/s.01k8rhncp4jt1\/2025\/11\/talking-bot-125x125.png","contentUrl":"https:\/\/portaltela.pt\/s.01k8rhncp4jt1\/2025\/11\/talking-bot-125x125.png","caption":"Telinha"},"sameAs":["https:\/\/portaltela.pt\/"],"url":"https:\/\/portaltela.pt\/por\/367410592786\/"}]}},"_links":{"self":[{"href":"https:\/\/portaltela.pt\/api\/wp\/v2\/posts\/204626","targetHints":{"allow":["GET"]}}],"collection":[{"href":"https:\/\/portaltela.pt\/api\/wp\/v2\/posts"}],"about":[{"href":"https:\/\/portaltela.pt\/api\/wp\/v2\/types\/post"}],"author":[{"embeddable":true,"href":"https:\/\/portaltela.pt\/api\/wp\/v2\/users\/2"}],"replies":[{"embeddable":true,"href":"https:\/\/portaltela.pt\/api\/wp\/v2\/comments?post=204626"}],"version-history":[{"count":0,"href":"https:\/\/portaltela.pt\/api\/wp\/v2\/posts\/204626\/revisions"}],"wp:featuredmedia":[{"embeddable":true,"href":"https:\/\/portaltela.pt\/api\/wp\/v2\/media\/204627"}],"wp:attachment":[{"href":"https:\/\/portaltela.pt\/api\/wp\/v2\/media?parent=204626"}],"wp:term":[{"taxonomy":"category","embeddable":true,"href":"https:\/\/portaltela.pt\/api\/wp\/v2\/categories?post=204626"},{"taxonomy":"post_tag","embeddable":true,"href":"https:\/\/portaltela.pt\/api\/wp\/v2\/tags?post=204626"}],"curies":[{"name":"wp","href":"https:\/\/api.w.org\/{rel}","templated":true}]}}