{"id":204489,"date":"2026-02-08T17:36:41","date_gmt":"2026-02-08T20:36:41","guid":{"rendered":"https:\/\/portaltela.pt\/noticias\/2026\/02\/08\/pinotes-batista-vitoria-de-seguro-pode-oferecer-a-filha-um-mundo-mais-decente\/"},"modified":"2026-02-08T17:36:41","modified_gmt":"2026-02-08T20:36:41","slug":"pinotes-batista-vitoria-de-seguro-pode-oferecer-a-filha-um-mundo-mais-decente","status":"publish","type":"post","link":"https:\/\/portaltela.pt\/noticias\/politica\/2026\/02\/08\/pinotes-batista-vitoria-de-seguro-pode-oferecer-a-filha-um-mundo-mais-decente\/","title":{"rendered":"Pinotes Batista: vit\u00f3ria de Seguro pode oferecer \u00e0 filha um mundo mais decente"},"content":{"rendered":"<p>Andr\u00e9 Pinotes Batista, comentador da CMTV, reagiu aos resultados da sondagem \u00e0 boca das urnas, afirmando que, na sua leitura, a eventual vit\u00f3ria de Santana Lopes, de Paulo Seguro ou do candidato em quest\u00e3o poderia influenciar a vida da filha de forma positiva. A \u043d\u0430\u0431\u043b\u044eca\u00e7\u00e3o foi partilhada no canal de televis\u00e3o ap\u00f3s a divulga\u00e7\u00e3o dos dados.<\/p>\n<p>A publica\u00e7\u00e3o refere que o coment\u00e1rio decorreu durante a cobertura de resultados eleitorais, com o comentador a vincar que o desfecho da sondagem teria impacto direto no futuro da sua filha, segundo a sua interpreta\u00e7\u00e3o das consequ\u00eancias pol\u00edticas. N\u00e3o houve confirma\u00e7\u00e3o oficial sobre o conte\u00fado exato da sondagem ou sobre o contexto em que a afirma\u00e7\u00e3o foi feita.<\/p>\n<p>At\u00e9 ao momento, n\u00e3o foram apresentadas informa\u00e7\u00f5es adicionais sobre a forma como estas declara\u00e7\u00f5es se enquadram no debate p\u00fablico ou sobre eventuais desdobramentos estrat\u00e9gicos da entrevista. A cobertura mant\u00e9m o foco nos resultados eleitorais e nas rea\u00e7\u00f5es dos intervenientes para melhor compreender o significado pol\u00edtico do momento.<\/p>\n","protected":false},"excerpt":{"rendered":"<ul>\n<li>Andr\u00e9 Pinotes Batista afirmou que a vit\u00f3ria de Seguro significaria que a filha dele iria viver num mundo mais decente.<\/li>\n<li>A declara\u00e7\u00e3o foi feita na rea\u00e7\u00e3o de um comentador da CMTV aos resultados da sondagem \u00e0 boca das urnas.<\/li>\n<li>A not\u00edcia foi publicada a 08 de fevereiro de 2026, \u00e0s 20:36.<\/li>\n<\/ul>\n","protected":false},"author":2,"featured_media":204492,"comment_status":"closed","ping_status":"closed","sticky":false,"template":"","format":"standard","meta":{"footnotes":""},"categories":[1,5],"tags":[2778,68,2832,2759],"class_list":["post-204489","post","type-post","status-publish","format-standard","has-post-thumbnail","hentry","category-noticias","category-politica","tag-cmtv","tag-eleicoes","tag-politica","tag-santana-lopes"],"yoast_head":"<!-- This site is optimized with the Yoast SEO plugin v27.2 - https:\/\/yoast.com\/product\/yoast-seo-wordpress\/ -->\n<title>Pinotes Batista: vit\u00f3ria de Seguro pode oferecer \u00e0 filha um mundo mais decente - Portal Tela Portugal<\/title>\n<meta name=\"robots\" content=\"index, follow, max-snippet:-1, max-image-preview:large, max-video-preview:-1\" \/>\n<meta property=\"og:locale\" content=\"pt_PT\" \/>\n<meta property=\"og:type\" content=\"article\" \/>\n<meta property=\"og:title\" content=\"Pinotes Batista: vit\u00f3ria de Seguro pode oferecer \u00e0 filha um mundo mais decente - Portal Tela Portugal\" \/>\n<meta property=\"og:description\" content=\"Andr\u00e9 Pinotes Batista afirmou que a vit\u00f3ria de Seguro significaria que a filha dele iria viver num mundo mais decente. A declara\u00e7\u00e3o foi feita na rea\u00e7\u00e3o de um comentador da CMTV aos resultados da sondagem \u00e0 boca das urnas. A not\u00edcia foi publicada a 08 de fevereiro de 2026, \u00e0s 20:36.\" \/>\n<meta property=\"og:url\" content=\"https:\/\/portaltela.pt\/noticias\/2026\/02\/08\/pinotes-batista-vitoria-de-seguro-pode-oferecer-a-filha-um-mundo-mais-decente\/\" \/>\n<meta property=\"og:site_name\" content=\"Portal Tela Portugal\" \/>\n<meta property=\"article:published_time\" content=\"2026-02-08T20:36:41+00:00\" \/>\n<meta name=\"author\" content=\"Telinha\" \/>\n<meta name=\"twitter:card\" content=\"summary_large_image\" \/>\n<meta name=\"twitter:label1\" content=\"Escrito por\" \/>\n\t<meta name=\"twitter:data1\" content=\"Telinha\" \/>\n\t<meta name=\"twitter:label2\" content=\"Tempo estimado de leitura\" \/>\n\t<meta name=\"twitter:data2\" content=\"1 minuto\" \/>\n<script type=\"application\/ld+json\" class=\"yoast-schema-graph\">{\"@context\":\"https:\/\/schema.org\",\"@graph\":[{\"@type\":\"Article\",\"@id\":\"https:\/\/portaltela.pt\/noticias\/2026\/02\/08\/pinotes-batista-vitoria-de-seguro-pode-oferecer-a-filha-um-mundo-mais-decente\/#article\",\"isPartOf\":{\"@id\":\"https:\/\/portaltela.pt\/noticias\/2026\/02\/08\/pinotes-batista-vitoria-de-seguro-pode-oferecer-a-filha-um-mundo-mais-decente\/\"},\"author\":{\"name\":\"Telinha\",\"@id\":\"https:\/\/portaltela.pt\/#\/schema\/person\/c4278d4a6028830caff9ee44b42d32ed\"},\"headline\":\"Pinotes Batista: vit\u00f3ria de Seguro pode oferecer \u00e0 filha um mundo mais decente\",\"datePublished\":\"2026-02-08T20:36:41+00:00\",\"mainEntityOfPage\":{\"@id\":\"https:\/\/portaltela.pt\/noticias\/2026\/02\/08\/pinotes-batista-vitoria-de-seguro-pode-oferecer-a-filha-um-mundo-mais-decente\/\"},\"wordCount\":196,\"image\":{\"@id\":\"https:\/\/portaltela.pt\/noticias\/2026\/02\/08\/pinotes-batista-vitoria-de-seguro-pode-oferecer-a-filha-um-mundo-mais-decente\/#primaryimage\"},\"thumbnailUrl\":\"https:\/\/portaltela.pt\/s.01k8rhncp4jt1\/2026\/02\/img_1280x722uu2026-02-08-20-36-21-2265709.jpg\",\"keywords\":[\"CMTV\",\"elei\u00e7\u00f5es\",\"pol\u00edtica\",\"Santana Lopes\"],\"articleSection\":[\"Not\u00edcias\",\"Pol\u00edtica\"],\"inLanguage\":\"pt-PT\"},{\"@type\":\"WebPage\",\"@id\":\"https:\/\/portaltela.pt\/noticias\/2026\/02\/08\/pinotes-batista-vitoria-de-seguro-pode-oferecer-a-filha-um-mundo-mais-decente\/\",\"url\":\"https:\/\/portaltela.pt\/noticias\/2026\/02\/08\/pinotes-batista-vitoria-de-seguro-pode-oferecer-a-filha-um-mundo-mais-decente\/\",\"name\":\"Pinotes Batista: vit\u00f3ria de Seguro pode oferecer \u00e0 filha um mundo mais decente - Portal Tela Portugal\",\"isPartOf\":{\"@id\":\"https:\/\/portaltela.pt\/#website\"},\"primaryImageOfPage\":{\"@id\":\"https:\/\/portaltela.pt\/noticias\/2026\/02\/08\/pinotes-batista-vitoria-de-seguro-pode-oferecer-a-filha-um-mundo-mais-decente\/#primaryimage\"},\"image\":{\"@id\":\"https:\/\/portaltela.pt\/noticias\/2026\/02\/08\/pinotes-batista-vitoria-de-seguro-pode-oferecer-a-filha-um-mundo-mais-decente\/#primaryimage\"},\"thumbnailUrl\":\"https:\/\/portaltela.pt\/s.01k8rhncp4jt1\/2026\/02\/img_1280x722uu2026-02-08-20-36-21-2265709.jpg\",\"datePublished\":\"2026-02-08T20:36:41+00:00\",\"author\":{\"@id\":\"https:\/\/portaltela.pt\/#\/schema\/person\/c4278d4a6028830caff9ee44b42d32ed\"},\"breadcrumb\":{\"@id\":\"https:\/\/portaltela.pt\/noticias\/2026\/02\/08\/pinotes-batista-vitoria-de-seguro-pode-oferecer-a-filha-um-mundo-mais-decente\/#breadcrumb\"},\"inLanguage\":\"pt-PT\",\"potentialAction\":[{\"@type\":\"ReadAction\",\"target\":[\"https:\/\/portaltela.pt\/noticias\/2026\/02\/08\/pinotes-batista-vitoria-de-seguro-pode-oferecer-a-filha-um-mundo-mais-decente\/\"]}]},{\"@type\":\"ImageObject\",\"inLanguage\":\"pt-PT\",\"@id\":\"https:\/\/portaltela.pt\/noticias\/2026\/02\/08\/pinotes-batista-vitoria-de-seguro-pode-oferecer-a-filha-um-mundo-mais-decente\/#primaryimage\",\"url\":\"https:\/\/portaltela.pt\/s.01k8rhncp4jt1\/2026\/02\/img_1280x722uu2026-02-08-20-36-21-2265709.jpg\",\"contentUrl\":\"https:\/\/portaltela.pt\/s.01k8rhncp4jt1\/2026\/02\/img_1280x722uu2026-02-08-20-36-21-2265709.jpg\",\"width\":796,\"height\":448,\"caption\":\"Andr\u00e9 Pinotes Batista considera que vit\u00f3ria de Seguro significa que filha vai \u201cviver num mundo mais decente\u201d\"},{\"@type\":\"BreadcrumbList\",\"@id\":\"https:\/\/portaltela.pt\/noticias\/2026\/02\/08\/pinotes-batista-vitoria-de-seguro-pode-oferecer-a-filha-um-mundo-mais-decente\/#breadcrumb\",\"itemListElement\":[{\"@type\":\"ListItem\",\"position\":1,\"name\":\"In\u00edcio\",\"item\":\"https:\/\/portaltela.pt\/\"},{\"@type\":\"ListItem\",\"position\":2,\"name\":\"Pinotes Batista: vit\u00f3ria de Seguro pode oferecer \u00e0 filha um mundo mais decente\"}]},{\"@type\":\"WebSite\",\"@id\":\"https:\/\/portaltela.pt\/#website\",\"url\":\"https:\/\/portaltela.pt\/\",\"name\":\"Portal Tela Portugal\",\"description\":\"\",\"potentialAction\":[{\"@type\":\"SearchAction\",\"target\":{\"@type\":\"EntryPoint\",\"urlTemplate\":\"https:\/\/portaltela.pt\/?s={search_term_string}\"},\"query-input\":{\"@type\":\"PropertyValueSpecification\",\"valueRequired\":true,\"valueName\":\"search_term_string\"}}],\"inLanguage\":\"pt-PT\"},{\"@type\":\"Person\",\"@id\":\"https:\/\/portaltela.pt\/#\/schema\/person\/c4278d4a6028830caff9ee44b42d32ed\",\"name\":\"Telinha\",\"image\":{\"@type\":\"ImageObject\",\"inLanguage\":\"pt-PT\",\"@id\":\"https:\/\/portaltela.pt\/s.01k8rhncp4jt1\/2025\/11\/talking-bot-125x125.png\",\"url\":\"https:\/\/portaltela.pt\/s.01k8rhncp4jt1\/2025\/11\/talking-bot-125x125.png\",\"contentUrl\":\"https:\/\/portaltela.pt\/s.01k8rhncp4jt1\/2025\/11\/talking-bot-125x125.png\",\"caption\":\"Telinha\"},\"sameAs\":[\"https:\/\/portaltela.pt\/\"],\"url\":\"https:\/\/portaltela.pt\/por\/367410592786\/\"}]}<\/script>\n<!-- \/ Yoast SEO plugin. -->","yoast_head_json":{"title":"Pinotes Batista: vit\u00f3ria de Seguro pode oferecer \u00e0 filha um mundo mais decente - Portal Tela Portugal","robots":{"index":"index","follow":"follow","max-snippet":"max-snippet:-1","max-image-preview":"max-image-preview:large","max-video-preview":"max-video-preview:-1"},"og_locale":"pt_PT","og_type":"article","og_title":"Pinotes Batista: vit\u00f3ria de Seguro pode oferecer \u00e0 filha um mundo mais decente - Portal Tela Portugal","og_description":"Andr\u00e9 Pinotes Batista afirmou que a vit\u00f3ria de Seguro significaria que a filha dele iria viver num mundo mais decente. A declara\u00e7\u00e3o foi feita na rea\u00e7\u00e3o de um comentador da CMTV aos resultados da sondagem \u00e0 boca das urnas. A not\u00edcia foi publicada a 08 de fevereiro de 2026, \u00e0s 20:36.","og_url":"https:\/\/portaltela.pt\/noticias\/2026\/02\/08\/pinotes-batista-vitoria-de-seguro-pode-oferecer-a-filha-um-mundo-mais-decente\/","og_site_name":"Portal Tela Portugal","article_published_time":"2026-02-08T20:36:41+00:00","author":"Telinha","twitter_card":"summary_large_image","twitter_misc":{"Escrito por":"Telinha","Tempo estimado de leitura":"1 minuto"},"schema":{"@context":"https:\/\/schema.org","@graph":[{"@type":"Article","@id":"https:\/\/portaltela.pt\/noticias\/2026\/02\/08\/pinotes-batista-vitoria-de-seguro-pode-oferecer-a-filha-um-mundo-mais-decente\/#article","isPartOf":{"@id":"https:\/\/portaltela.pt\/noticias\/2026\/02\/08\/pinotes-batista-vitoria-de-seguro-pode-oferecer-a-filha-um-mundo-mais-decente\/"},"author":{"name":"Telinha","@id":"https:\/\/portaltela.pt\/#\/schema\/person\/c4278d4a6028830caff9ee44b42d32ed"},"headline":"Pinotes Batista: vit\u00f3ria de Seguro pode oferecer \u00e0 filha um mundo mais decente","datePublished":"2026-02-08T20:36:41+00:00","mainEntityOfPage":{"@id":"https:\/\/portaltela.pt\/noticias\/2026\/02\/08\/pinotes-batista-vitoria-de-seguro-pode-oferecer-a-filha-um-mundo-mais-decente\/"},"wordCount":196,"image":{"@id":"https:\/\/portaltela.pt\/noticias\/2026\/02\/08\/pinotes-batista-vitoria-de-seguro-pode-oferecer-a-filha-um-mundo-mais-decente\/#primaryimage"},"thumbnailUrl":"https:\/\/portaltela.pt\/s.01k8rhncp4jt1\/2026\/02\/img_1280x722uu2026-02-08-20-36-21-2265709.jpg","keywords":["CMTV","elei\u00e7\u00f5es","pol\u00edtica","Santana Lopes"],"articleSection":["Not\u00edcias","Pol\u00edtica"],"inLanguage":"pt-PT"},{"@type":"WebPage","@id":"https:\/\/portaltela.pt\/noticias\/2026\/02\/08\/pinotes-batista-vitoria-de-seguro-pode-oferecer-a-filha-um-mundo-mais-decente\/","url":"https:\/\/portaltela.pt\/noticias\/2026\/02\/08\/pinotes-batista-vitoria-de-seguro-pode-oferecer-a-filha-um-mundo-mais-decente\/","name":"Pinotes Batista: vit\u00f3ria de Seguro pode oferecer \u00e0 filha um mundo mais decente - Portal Tela Portugal","isPartOf":{"@id":"https:\/\/portaltela.pt\/#website"},"primaryImageOfPage":{"@id":"https:\/\/portaltela.pt\/noticias\/2026\/02\/08\/pinotes-batista-vitoria-de-seguro-pode-oferecer-a-filha-um-mundo-mais-decente\/#primaryimage"},"image":{"@id":"https:\/\/portaltela.pt\/noticias\/2026\/02\/08\/pinotes-batista-vitoria-de-seguro-pode-oferecer-a-filha-um-mundo-mais-decente\/#primaryimage"},"thumbnailUrl":"https:\/\/portaltela.pt\/s.01k8rhncp4jt1\/2026\/02\/img_1280x722uu2026-02-08-20-36-21-2265709.jpg","datePublished":"2026-02-08T20:36:41+00:00","author":{"@id":"https:\/\/portaltela.pt\/#\/schema\/person\/c4278d4a6028830caff9ee44b42d32ed"},"breadcrumb":{"@id":"https:\/\/portaltela.pt\/noticias\/2026\/02\/08\/pinotes-batista-vitoria-de-seguro-pode-oferecer-a-filha-um-mundo-mais-decente\/#breadcrumb"},"inLanguage":"pt-PT","potentialAction":[{"@type":"ReadAction","target":["https:\/\/portaltela.pt\/noticias\/2026\/02\/08\/pinotes-batista-vitoria-de-seguro-pode-oferecer-a-filha-um-mundo-mais-decente\/"]}]},{"@type":"ImageObject","inLanguage":"pt-PT","@id":"https:\/\/portaltela.pt\/noticias\/2026\/02\/08\/pinotes-batista-vitoria-de-seguro-pode-oferecer-a-filha-um-mundo-mais-decente\/#primaryimage","url":"https:\/\/portaltela.pt\/s.01k8rhncp4jt1\/2026\/02\/img_1280x722uu2026-02-08-20-36-21-2265709.jpg","contentUrl":"https:\/\/portaltela.pt\/s.01k8rhncp4jt1\/2026\/02\/img_1280x722uu2026-02-08-20-36-21-2265709.jpg","width":796,"height":448,"caption":"Andr\u00e9 Pinotes Batista considera que vit\u00f3ria de Seguro significa que filha vai \u201cviver num mundo mais decente\u201d"},{"@type":"BreadcrumbList","@id":"https:\/\/portaltela.pt\/noticias\/2026\/02\/08\/pinotes-batista-vitoria-de-seguro-pode-oferecer-a-filha-um-mundo-mais-decente\/#breadcrumb","itemListElement":[{"@type":"ListItem","position":1,"name":"In\u00edcio","item":"https:\/\/portaltela.pt\/"},{"@type":"ListItem","position":2,"name":"Pinotes Batista: vit\u00f3ria de Seguro pode oferecer \u00e0 filha um mundo mais decente"}]},{"@type":"WebSite","@id":"https:\/\/portaltela.pt\/#website","url":"https:\/\/portaltela.pt\/","name":"Portal Tela Portugal","description":"","potentialAction":[{"@type":"SearchAction","target":{"@type":"EntryPoint","urlTemplate":"https:\/\/portaltela.pt\/?s={search_term_string}"},"query-input":{"@type":"PropertyValueSpecification","valueRequired":true,"valueName":"search_term_string"}}],"inLanguage":"pt-PT"},{"@type":"Person","@id":"https:\/\/portaltela.pt\/#\/schema\/person\/c4278d4a6028830caff9ee44b42d32ed","name":"Telinha","image":{"@type":"ImageObject","inLanguage":"pt-PT","@id":"https:\/\/portaltela.pt\/s.01k8rhncp4jt1\/2025\/11\/talking-bot-125x125.png","url":"https:\/\/portaltela.pt\/s.01k8rhncp4jt1\/2025\/11\/talking-bot-125x125.png","contentUrl":"https:\/\/portaltela.pt\/s.01k8rhncp4jt1\/2025\/11\/talking-bot-125x125.png","caption":"Telinha"},"sameAs":["https:\/\/portaltela.pt\/"],"url":"https:\/\/portaltela.pt\/por\/367410592786\/"}]}},"_links":{"self":[{"href":"https:\/\/portaltela.pt\/api\/wp\/v2\/posts\/204489","targetHints":{"allow":["GET"]}}],"collection":[{"href":"https:\/\/portaltela.pt\/api\/wp\/v2\/posts"}],"about":[{"href":"https:\/\/portaltela.pt\/api\/wp\/v2\/types\/post"}],"author":[{"embeddable":true,"href":"https:\/\/portaltela.pt\/api\/wp\/v2\/users\/2"}],"replies":[{"embeddable":true,"href":"https:\/\/portaltela.pt\/api\/wp\/v2\/comments?post=204489"}],"version-history":[{"count":0,"href":"https:\/\/portaltela.pt\/api\/wp\/v2\/posts\/204489\/revisions"}],"wp:featuredmedia":[{"embeddable":true,"href":"https:\/\/portaltela.pt\/api\/wp\/v2\/media\/204492"}],"wp:attachment":[{"href":"https:\/\/portaltela.pt\/api\/wp\/v2\/media?parent=204489"}],"wp:term":[{"taxonomy":"category","embeddable":true,"href":"https:\/\/portaltela.pt\/api\/wp\/v2\/categories?post=204489"},{"taxonomy":"post_tag","embeddable":true,"href":"https:\/\/portaltela.pt\/api\/wp\/v2\/tags?post=204489"}],"curies":[{"name":"wp","href":"https:\/\/api.w.org\/{rel}","templated":true}]}}