{"id":204471,"date":"2026-02-08T17:06:42","date_gmt":"2026-02-08T20:06:42","guid":{"rendered":"https:\/\/portaltela.pt\/noticias\/2026\/02\/08\/derrocada-junto-ao-tribunal-de-torres-novas-forca-evacuacao-de-tres-habitacoes\/"},"modified":"2026-02-08T17:06:42","modified_gmt":"2026-02-08T20:06:42","slug":"derrocada-junto-ao-tribunal-de-torres-novas-forca-evacuacao-de-tres-habitacoes","status":"publish","type":"post","link":"https:\/\/portaltela.pt\/noticias\/2026\/02\/08\/derrocada-junto-ao-tribunal-de-torres-novas-forca-evacuacao-de-tres-habitacoes\/","title":{"rendered":"Derrocada junto ao Tribunal de Torres Novas for\u00e7a evacua\u00e7\u00e3o de tr\u00eas habita\u00e7\u00f5es"},"content":{"rendered":"<p>Uma derrocada junto ao Tribunal de Torres Novas obrigou \u00e0 evacua\u00e7\u00e3o do edif\u00edcio adjacente e de tr\u00eas habita\u00e7\u00f5es cont\u00edguas, no seguimento da chuva intensa associada \u00e0s tempestades Kristin e Marta. O incidente ocorreu na zona e levou \u00e0 interven\u00e7\u00e3o r\u00e1pida das autoridades, conforme anunciou o presidente da C\u00e2mara \u00e0 Lusa.<\/p>\n<p>Segundo o autarca, n\u00e3o houve danos humanos observados nas habita\u00e7\u00f5es pr\u00f3ximas, mas o muro de suporte, antigo e inst\u00e1vel, cedia sob a precipita\u00e7\u00e3o persistente. O LNEC passou a realizar inspe\u00e7\u00f5es t\u00e9cnicas para avaliar o terreno, emitir um relat\u00f3rio e orientar a consolida\u00e7\u00e3o necess\u00e1ria.<\/p>\n<p>A cidade recebeu hoje a visita de militares do Regimento de Engenharia n.\u00ba 1, que v\u00e3o estudar uma interven\u00e7\u00e3o de engenharia urgente com meios do Ex\u00e9rcito. O Tribunal esteve encerrado na sexta-feira devido \u00e0s obras em curso, cabendo ao Minist\u00e9rio da Justi\u00e7a decidir sobre a reabertura.<\/p>\n<h3>A\u00e7\u00f5es e perspetivas de prote\u00e7\u00e3o civil<\/h3>\n<p>As tr\u00eas fam\u00edlias desalojadas foram realojadas em casas de familiares ou em locais provis\u00f3rios. O autarca destacou que o problema n\u00e3o \u00e9 isolado e indicou a exist\u00eancia de outras derrocadas potencialmente perigosas, que exigem vigil\u00e2ncia constante e planejamento a m\u00e9dio e longo prazo.<\/p>\n<p>Ap\u00f3s a reuni\u00e3o da prote\u00e7\u00e3o civil, foram avaliadas as ruas cortadas ou condicionadas no concelho, incluindo diversas vias nas zonas urbanas. Falhas de eletricidade em Assentis e Zibreira tamb\u00e9m est\u00e3o a ser resolvidas pela E-Redes, num contexto de solos saturados pelas chuvas.<\/p>\n<h3>Contexto mais amplo<\/h3>\n<p>As tempestades Kristin, Leonardo e Marta deixaram o pa\u00eds sob chuva intensa, com 14 mortes registadas at\u00e9 ao momento e impactos significativos no Centro, Lisboa e Vale do Tejo, bem como no Alentejo. O Governo prolongou o estado de calamidade at\u00e9 15 de abril para 68 concelhos, com medidas de apoio em prepara\u00e7\u00e3o.<\/p>\n","protected":false},"excerpt":{"rendered":"<ul>\n<li>Derrocada junto ao Tribunal de Torres Novas levou \u00e0 evacua\u00e7\u00e3o do edif\u00edcio e de tr\u00eas habita\u00e7\u00f5es adjacentes, em contexto de chuva intensa das tempestades Kristin e Marta.<\/li>\n<li>O muro de suporte antigo cedeu na traseira do tribunal, agravado pela precipita\u00e7\u00e3o cont\u00ednua, obrigando a retirada tempor\u00e1ria das fam\u00edlias.<\/li>\n<li>O LNEC realizou inspe\u00e7\u00f5es t\u00e9cnicas para avaliar o terreno e orientar a consolida\u00e7\u00e3o, com elei\u00e7\u00f5es de interven\u00e7\u00e3o de engenharia urgente a ser estudadas por militares do Regimento de Engenharia n.\u00ba 1.<\/li>\n<li>O Tribunal esteve encerrado na sexta-feira; caber\u00e1 ao Minist\u00e9rio da Justi\u00e7a decidir a reabertura ao p\u00fablico.<\/li>\n<li>As tr\u00eas fam\u00edlias foram realojadas de forma provis\u00f3ria; o autarca alerta para outros riscos semelhantes na regi\u00e3o e destaca a necessidade de planeamento de longo prazo.<\/li>\n<\/ul>\n","protected":false},"author":2,"featured_media":204474,"comment_status":"closed","ping_status":"closed","sticky":false,"template":"","format":"standard","meta":{"footnotes":""},"categories":[1],"tags":[3812,4687,5329,2293,320,1741],"class_list":["post-204471","post","type-post","status-publish","format-standard","has-post-thumbnail","hentry","category-noticias","tag-alagamentos","tag-calamidade-publica","tag-chuva","tag-inundacoes","tag-protecao-civil","tag-torres-novas"],"yoast_head":"<!-- This site is optimized with the Yoast SEO plugin v27.2 - https:\/\/yoast.com\/product\/yoast-seo-wordpress\/ -->\n<title>Derrocada junto ao Tribunal de Torres Novas for\u00e7a evacua\u00e7\u00e3o de tr\u00eas habita\u00e7\u00f5es - Portal Tela Portugal<\/title>\n<meta name=\"robots\" content=\"index, follow, max-snippet:-1, max-image-preview:large, max-video-preview:-1\" \/>\n<meta property=\"og:locale\" content=\"pt_PT\" \/>\n<meta property=\"og:type\" content=\"article\" \/>\n<meta property=\"og:title\" content=\"Derrocada junto ao Tribunal de Torres Novas for\u00e7a evacua\u00e7\u00e3o de tr\u00eas habita\u00e7\u00f5es - Portal Tela Portugal\" \/>\n<meta property=\"og:description\" content=\"Derrocada junto ao Tribunal de Torres Novas levou \u00e0 evacua\u00e7\u00e3o do edif\u00edcio e de tr\u00eas habita\u00e7\u00f5es adjacentes, em contexto de chuva intensa das tempestades Kristin e Marta. O muro de suporte antigo cedeu na traseira do tribunal, agravado pela precipita\u00e7\u00e3o cont\u00ednua, obrigando a retirada tempor\u00e1ria das fam\u00edlias. O LNEC realizou inspe\u00e7\u00f5es t\u00e9cnicas para avaliar o terreno e orientar a consolida\u00e7\u00e3o, com elei\u00e7\u00f5es de interven\u00e7\u00e3o de engenharia urgente a ser estudadas por militares do Regimento de Engenharia n.\u00ba 1. O Tribunal esteve encerrado na sexta-feira; caber\u00e1 ao Minist\u00e9rio da Justi\u00e7a decidir a reabertura ao p\u00fablico. As tr\u00eas fam\u00edlias foram realojadas de forma provis\u00f3ria; o autarca alerta para outros riscos semelhantes na regi\u00e3o e destaca a necessidade de planeamento de longo prazo.\" \/>\n<meta property=\"og:url\" content=\"https:\/\/portaltela.pt\/noticias\/2026\/02\/08\/derrocada-junto-ao-tribunal-de-torres-novas-forca-evacuacao-de-tres-habitacoes\/\" \/>\n<meta property=\"og:site_name\" content=\"Portal Tela Portugal\" \/>\n<meta property=\"article:published_time\" content=\"2026-02-08T20:06:42+00:00\" \/>\n<meta name=\"author\" content=\"Telinha\" \/>\n<meta name=\"twitter:card\" content=\"summary_large_image\" \/>\n<meta name=\"twitter:label1\" content=\"Escrito por\" \/>\n\t<meta name=\"twitter:data1\" content=\"Telinha\" \/>\n\t<meta name=\"twitter:label2\" content=\"Tempo estimado de leitura\" \/>\n\t<meta name=\"twitter:data2\" content=\"2 minutos\" \/>\n<script type=\"application\/ld+json\" class=\"yoast-schema-graph\">{\"@context\":\"https:\/\/schema.org\",\"@graph\":[{\"@type\":\"Article\",\"@id\":\"https:\/\/portaltela.pt\/noticias\/2026\/02\/08\/derrocada-junto-ao-tribunal-de-torres-novas-forca-evacuacao-de-tres-habitacoes\/#article\",\"isPartOf\":{\"@id\":\"https:\/\/portaltela.pt\/noticias\/2026\/02\/08\/derrocada-junto-ao-tribunal-de-torres-novas-forca-evacuacao-de-tres-habitacoes\/\"},\"author\":{\"name\":\"Telinha\",\"@id\":\"https:\/\/portaltela.pt\/#\/schema\/person\/c4278d4a6028830caff9ee44b42d32ed\"},\"headline\":\"Derrocada junto ao Tribunal de Torres Novas for\u00e7a evacua\u00e7\u00e3o de tr\u00eas habita\u00e7\u00f5es\",\"datePublished\":\"2026-02-08T20:06:42+00:00\",\"mainEntityOfPage\":{\"@id\":\"https:\/\/portaltela.pt\/noticias\/2026\/02\/08\/derrocada-junto-ao-tribunal-de-torres-novas-forca-evacuacao-de-tres-habitacoes\/\"},\"wordCount\":333,\"image\":{\"@id\":\"https:\/\/portaltela.pt\/noticias\/2026\/02\/08\/derrocada-junto-ao-tribunal-de-torres-novas-forca-evacuacao-de-tres-habitacoes\/#primaryimage\"},\"thumbnailUrl\":\"https:\/\/portaltela.pt\/s.01k8rhncp4jt1\/2026\/02\/img_1500x1000uu2019-01-26-23-38-32-816346.jpg\",\"keywords\":[\"alagamentos\",\"calamidade p\u00fablica\",\"chuva\",\"inunda\u00e7\u00f5es\",\"prote\u00e7\u00e3o civil\",\"Torres Novas\"],\"articleSection\":[\"Not\u00edcias\"],\"inLanguage\":\"pt-PT\"},{\"@type\":\"WebPage\",\"@id\":\"https:\/\/portaltela.pt\/noticias\/2026\/02\/08\/derrocada-junto-ao-tribunal-de-torres-novas-forca-evacuacao-de-tres-habitacoes\/\",\"url\":\"https:\/\/portaltela.pt\/noticias\/2026\/02\/08\/derrocada-junto-ao-tribunal-de-torres-novas-forca-evacuacao-de-tres-habitacoes\/\",\"name\":\"Derrocada junto ao Tribunal de Torres Novas for\u00e7a evacua\u00e7\u00e3o de tr\u00eas habita\u00e7\u00f5es - Portal Tela Portugal\",\"isPartOf\":{\"@id\":\"https:\/\/portaltela.pt\/#website\"},\"primaryImageOfPage\":{\"@id\":\"https:\/\/portaltela.pt\/noticias\/2026\/02\/08\/derrocada-junto-ao-tribunal-de-torres-novas-forca-evacuacao-de-tres-habitacoes\/#primaryimage\"},\"image\":{\"@id\":\"https:\/\/portaltela.pt\/noticias\/2026\/02\/08\/derrocada-junto-ao-tribunal-de-torres-novas-forca-evacuacao-de-tres-habitacoes\/#primaryimage\"},\"thumbnailUrl\":\"https:\/\/portaltela.pt\/s.01k8rhncp4jt1\/2026\/02\/img_1500x1000uu2019-01-26-23-38-32-816346.jpg\",\"datePublished\":\"2026-02-08T20:06:42+00:00\",\"author\":{\"@id\":\"https:\/\/portaltela.pt\/#\/schema\/person\/c4278d4a6028830caff9ee44b42d32ed\"},\"breadcrumb\":{\"@id\":\"https:\/\/portaltela.pt\/noticias\/2026\/02\/08\/derrocada-junto-ao-tribunal-de-torres-novas-forca-evacuacao-de-tres-habitacoes\/#breadcrumb\"},\"inLanguage\":\"pt-PT\",\"potentialAction\":[{\"@type\":\"ReadAction\",\"target\":[\"https:\/\/portaltela.pt\/noticias\/2026\/02\/08\/derrocada-junto-ao-tribunal-de-torres-novas-forca-evacuacao-de-tres-habitacoes\/\"]}]},{\"@type\":\"ImageObject\",\"inLanguage\":\"pt-PT\",\"@id\":\"https:\/\/portaltela.pt\/noticias\/2026\/02\/08\/derrocada-junto-ao-tribunal-de-torres-novas-forca-evacuacao-de-tres-habitacoes\/#primaryimage\",\"url\":\"https:\/\/portaltela.pt\/s.01k8rhncp4jt1\/2026\/02\/img_1500x1000uu2019-01-26-23-38-32-816346.jpg\",\"contentUrl\":\"https:\/\/portaltela.pt\/s.01k8rhncp4jt1\/2026\/02\/img_1500x1000uu2019-01-26-23-38-32-816346.jpg\",\"width\":796,\"height\":448,\"caption\":\"Tribunal de Torres Novas\"},{\"@type\":\"BreadcrumbList\",\"@id\":\"https:\/\/portaltela.pt\/noticias\/2026\/02\/08\/derrocada-junto-ao-tribunal-de-torres-novas-forca-evacuacao-de-tres-habitacoes\/#breadcrumb\",\"itemListElement\":[{\"@type\":\"ListItem\",\"position\":1,\"name\":\"In\u00edcio\",\"item\":\"https:\/\/portaltela.pt\/\"},{\"@type\":\"ListItem\",\"position\":2,\"name\":\"Derrocada junto ao Tribunal de Torres Novas for\u00e7a evacua\u00e7\u00e3o de tr\u00eas habita\u00e7\u00f5es\"}]},{\"@type\":\"WebSite\",\"@id\":\"https:\/\/portaltela.pt\/#website\",\"url\":\"https:\/\/portaltela.pt\/\",\"name\":\"Portal Tela Portugal\",\"description\":\"\",\"potentialAction\":[{\"@type\":\"SearchAction\",\"target\":{\"@type\":\"EntryPoint\",\"urlTemplate\":\"https:\/\/portaltela.pt\/?s={search_term_string}\"},\"query-input\":{\"@type\":\"PropertyValueSpecification\",\"valueRequired\":true,\"valueName\":\"search_term_string\"}}],\"inLanguage\":\"pt-PT\"},{\"@type\":\"Person\",\"@id\":\"https:\/\/portaltela.pt\/#\/schema\/person\/c4278d4a6028830caff9ee44b42d32ed\",\"name\":\"Telinha\",\"image\":{\"@type\":\"ImageObject\",\"inLanguage\":\"pt-PT\",\"@id\":\"https:\/\/portaltela.pt\/s.01k8rhncp4jt1\/2025\/11\/talking-bot-125x125.png\",\"url\":\"https:\/\/portaltela.pt\/s.01k8rhncp4jt1\/2025\/11\/talking-bot-125x125.png\",\"contentUrl\":\"https:\/\/portaltela.pt\/s.01k8rhncp4jt1\/2025\/11\/talking-bot-125x125.png\",\"caption\":\"Telinha\"},\"sameAs\":[\"https:\/\/portaltela.pt\/\"],\"url\":\"https:\/\/portaltela.pt\/por\/367410592786\/\"}]}<\/script>\n<!-- \/ Yoast SEO plugin. -->","yoast_head_json":{"title":"Derrocada junto ao Tribunal de Torres Novas for\u00e7a evacua\u00e7\u00e3o de tr\u00eas habita\u00e7\u00f5es - Portal Tela Portugal","robots":{"index":"index","follow":"follow","max-snippet":"max-snippet:-1","max-image-preview":"max-image-preview:large","max-video-preview":"max-video-preview:-1"},"og_locale":"pt_PT","og_type":"article","og_title":"Derrocada junto ao Tribunal de Torres Novas for\u00e7a evacua\u00e7\u00e3o de tr\u00eas habita\u00e7\u00f5es - Portal Tela Portugal","og_description":"Derrocada junto ao Tribunal de Torres Novas levou \u00e0 evacua\u00e7\u00e3o do edif\u00edcio e de tr\u00eas habita\u00e7\u00f5es adjacentes, em contexto de chuva intensa das tempestades Kristin e Marta. O muro de suporte antigo cedeu na traseira do tribunal, agravado pela precipita\u00e7\u00e3o cont\u00ednua, obrigando a retirada tempor\u00e1ria das fam\u00edlias. O LNEC realizou inspe\u00e7\u00f5es t\u00e9cnicas para avaliar o terreno e orientar a consolida\u00e7\u00e3o, com elei\u00e7\u00f5es de interven\u00e7\u00e3o de engenharia urgente a ser estudadas por militares do Regimento de Engenharia n.\u00ba 1. O Tribunal esteve encerrado na sexta-feira; caber\u00e1 ao Minist\u00e9rio da Justi\u00e7a decidir a reabertura ao p\u00fablico. As tr\u00eas fam\u00edlias foram realojadas de forma provis\u00f3ria; o autarca alerta para outros riscos semelhantes na regi\u00e3o e destaca a necessidade de planeamento de longo prazo.","og_url":"https:\/\/portaltela.pt\/noticias\/2026\/02\/08\/derrocada-junto-ao-tribunal-de-torres-novas-forca-evacuacao-de-tres-habitacoes\/","og_site_name":"Portal Tela Portugal","article_published_time":"2026-02-08T20:06:42+00:00","author":"Telinha","twitter_card":"summary_large_image","twitter_misc":{"Escrito por":"Telinha","Tempo estimado de leitura":"2 minutos"},"schema":{"@context":"https:\/\/schema.org","@graph":[{"@type":"Article","@id":"https:\/\/portaltela.pt\/noticias\/2026\/02\/08\/derrocada-junto-ao-tribunal-de-torres-novas-forca-evacuacao-de-tres-habitacoes\/#article","isPartOf":{"@id":"https:\/\/portaltela.pt\/noticias\/2026\/02\/08\/derrocada-junto-ao-tribunal-de-torres-novas-forca-evacuacao-de-tres-habitacoes\/"},"author":{"name":"Telinha","@id":"https:\/\/portaltela.pt\/#\/schema\/person\/c4278d4a6028830caff9ee44b42d32ed"},"headline":"Derrocada junto ao Tribunal de Torres Novas for\u00e7a evacua\u00e7\u00e3o de tr\u00eas habita\u00e7\u00f5es","datePublished":"2026-02-08T20:06:42+00:00","mainEntityOfPage":{"@id":"https:\/\/portaltela.pt\/noticias\/2026\/02\/08\/derrocada-junto-ao-tribunal-de-torres-novas-forca-evacuacao-de-tres-habitacoes\/"},"wordCount":333,"image":{"@id":"https:\/\/portaltela.pt\/noticias\/2026\/02\/08\/derrocada-junto-ao-tribunal-de-torres-novas-forca-evacuacao-de-tres-habitacoes\/#primaryimage"},"thumbnailUrl":"https:\/\/portaltela.pt\/s.01k8rhncp4jt1\/2026\/02\/img_1500x1000uu2019-01-26-23-38-32-816346.jpg","keywords":["alagamentos","calamidade p\u00fablica","chuva","inunda\u00e7\u00f5es","prote\u00e7\u00e3o civil","Torres Novas"],"articleSection":["Not\u00edcias"],"inLanguage":"pt-PT"},{"@type":"WebPage","@id":"https:\/\/portaltela.pt\/noticias\/2026\/02\/08\/derrocada-junto-ao-tribunal-de-torres-novas-forca-evacuacao-de-tres-habitacoes\/","url":"https:\/\/portaltela.pt\/noticias\/2026\/02\/08\/derrocada-junto-ao-tribunal-de-torres-novas-forca-evacuacao-de-tres-habitacoes\/","name":"Derrocada junto ao Tribunal de Torres Novas for\u00e7a evacua\u00e7\u00e3o de tr\u00eas habita\u00e7\u00f5es - Portal Tela Portugal","isPartOf":{"@id":"https:\/\/portaltela.pt\/#website"},"primaryImageOfPage":{"@id":"https:\/\/portaltela.pt\/noticias\/2026\/02\/08\/derrocada-junto-ao-tribunal-de-torres-novas-forca-evacuacao-de-tres-habitacoes\/#primaryimage"},"image":{"@id":"https:\/\/portaltela.pt\/noticias\/2026\/02\/08\/derrocada-junto-ao-tribunal-de-torres-novas-forca-evacuacao-de-tres-habitacoes\/#primaryimage"},"thumbnailUrl":"https:\/\/portaltela.pt\/s.01k8rhncp4jt1\/2026\/02\/img_1500x1000uu2019-01-26-23-38-32-816346.jpg","datePublished":"2026-02-08T20:06:42+00:00","author":{"@id":"https:\/\/portaltela.pt\/#\/schema\/person\/c4278d4a6028830caff9ee44b42d32ed"},"breadcrumb":{"@id":"https:\/\/portaltela.pt\/noticias\/2026\/02\/08\/derrocada-junto-ao-tribunal-de-torres-novas-forca-evacuacao-de-tres-habitacoes\/#breadcrumb"},"inLanguage":"pt-PT","potentialAction":[{"@type":"ReadAction","target":["https:\/\/portaltela.pt\/noticias\/2026\/02\/08\/derrocada-junto-ao-tribunal-de-torres-novas-forca-evacuacao-de-tres-habitacoes\/"]}]},{"@type":"ImageObject","inLanguage":"pt-PT","@id":"https:\/\/portaltela.pt\/noticias\/2026\/02\/08\/derrocada-junto-ao-tribunal-de-torres-novas-forca-evacuacao-de-tres-habitacoes\/#primaryimage","url":"https:\/\/portaltela.pt\/s.01k8rhncp4jt1\/2026\/02\/img_1500x1000uu2019-01-26-23-38-32-816346.jpg","contentUrl":"https:\/\/portaltela.pt\/s.01k8rhncp4jt1\/2026\/02\/img_1500x1000uu2019-01-26-23-38-32-816346.jpg","width":796,"height":448,"caption":"Tribunal de Torres Novas"},{"@type":"BreadcrumbList","@id":"https:\/\/portaltela.pt\/noticias\/2026\/02\/08\/derrocada-junto-ao-tribunal-de-torres-novas-forca-evacuacao-de-tres-habitacoes\/#breadcrumb","itemListElement":[{"@type":"ListItem","position":1,"name":"In\u00edcio","item":"https:\/\/portaltela.pt\/"},{"@type":"ListItem","position":2,"name":"Derrocada junto ao Tribunal de Torres Novas for\u00e7a evacua\u00e7\u00e3o de tr\u00eas habita\u00e7\u00f5es"}]},{"@type":"WebSite","@id":"https:\/\/portaltela.pt\/#website","url":"https:\/\/portaltela.pt\/","name":"Portal Tela Portugal","description":"","potentialAction":[{"@type":"SearchAction","target":{"@type":"EntryPoint","urlTemplate":"https:\/\/portaltela.pt\/?s={search_term_string}"},"query-input":{"@type":"PropertyValueSpecification","valueRequired":true,"valueName":"search_term_string"}}],"inLanguage":"pt-PT"},{"@type":"Person","@id":"https:\/\/portaltela.pt\/#\/schema\/person\/c4278d4a6028830caff9ee44b42d32ed","name":"Telinha","image":{"@type":"ImageObject","inLanguage":"pt-PT","@id":"https:\/\/portaltela.pt\/s.01k8rhncp4jt1\/2025\/11\/talking-bot-125x125.png","url":"https:\/\/portaltela.pt\/s.01k8rhncp4jt1\/2025\/11\/talking-bot-125x125.png","contentUrl":"https:\/\/portaltela.pt\/s.01k8rhncp4jt1\/2025\/11\/talking-bot-125x125.png","caption":"Telinha"},"sameAs":["https:\/\/portaltela.pt\/"],"url":"https:\/\/portaltela.pt\/por\/367410592786\/"}]}},"_links":{"self":[{"href":"https:\/\/portaltela.pt\/api\/wp\/v2\/posts\/204471","targetHints":{"allow":["GET"]}}],"collection":[{"href":"https:\/\/portaltela.pt\/api\/wp\/v2\/posts"}],"about":[{"href":"https:\/\/portaltela.pt\/api\/wp\/v2\/types\/post"}],"author":[{"embeddable":true,"href":"https:\/\/portaltela.pt\/api\/wp\/v2\/users\/2"}],"replies":[{"embeddable":true,"href":"https:\/\/portaltela.pt\/api\/wp\/v2\/comments?post=204471"}],"version-history":[{"count":0,"href":"https:\/\/portaltela.pt\/api\/wp\/v2\/posts\/204471\/revisions"}],"wp:featuredmedia":[{"embeddable":true,"href":"https:\/\/portaltela.pt\/api\/wp\/v2\/media\/204474"}],"wp:attachment":[{"href":"https:\/\/portaltela.pt\/api\/wp\/v2\/media?parent=204471"}],"wp:term":[{"taxonomy":"category","embeddable":true,"href":"https:\/\/portaltela.pt\/api\/wp\/v2\/categories?post=204471"},{"taxonomy":"post_tag","embeddable":true,"href":"https:\/\/portaltela.pt\/api\/wp\/v2\/tags?post=204471"}],"curies":[{"name":"wp","href":"https:\/\/api.w.org\/{rel}","templated":true}]}}