{"id":204457,"date":"2026-02-08T17:05:24","date_gmt":"2026-02-08T20:05:24","guid":{"rendered":"https:\/\/portaltela.pt\/noticias\/2026\/02\/08\/fundo-da-caritas-de-leiria-angaria-13-milhoes-de-euros\/"},"modified":"2026-02-08T17:05:24","modified_gmt":"2026-02-08T20:05:24","slug":"fundo-da-caritas-de-leiria-angaria-13-milhoes-de-euros","status":"publish","type":"post","link":"https:\/\/portaltela.pt\/noticias\/2026\/02\/08\/fundo-da-caritas-de-leiria-angaria-13-milhoes-de-euros\/","title":{"rendered":"Fundo da C\u00e1ritas de Leiria angaria 1,3 milh\u00f5es de euros"},"content":{"rendered":"<p>O Fundo de Emerg\u00eancia Social de Apoio \u00e0s V\u00edtimas da Tempestade Kristin, criado pela C\u00e1ritas Diocesana de Leiria-F\u00e1tima, angariou mais de 1,3 milh\u00f5es de euros at\u00e9 \u00e0s 11h00 de domingo. O montante soma 1.308.163,57 euros, segundo a institui\u00e7\u00e3o.<\/p>\n<p>Al\u00e9m do apoio financeiro, foram j\u00e1 distribu\u00eddas cerca de 55 toneladas de alimentos, garantindo resposta \u00e0s necessidades mais urgentes das fam\u00edlias atingidas pelo mau tempo. A C\u00e1ritas mant\u00e9m a monitoriza\u00e7\u00e3o das entregas e a comunica\u00e7\u00e3o com os benefici\u00e1rios.<\/p>\n<h3>Novo protocolo de distribui\u00e7\u00e3o de cabazes<\/h3>\n<p>A partir de segunda-feira, a distribui\u00e7\u00e3o de cabazes ter\u00e1 periodicidade de oito em oito dias, para assegurar uma atribui\u00e7\u00e3o mais justa. Ser\u00e3o exigidos consentimento para tratamento de dados, documentos de identifica\u00e7\u00e3o, comprovativo de morada, contacto e declara\u00e7\u00e3o de n\u00e3o recorrer a outros centros.<\/p>\n<p>Mant\u00e9m-se a abertura de entrega de cabazes na segunda-feira, entre as 9h30 e as 17h00, com equipas t\u00e9cnicas no terreno a acompanhar as situa\u00e7\u00f5es j\u00e1 reportadas. A C\u00e1ritas manter\u00e1 informa\u00e7\u00e3o atualizada nos seus canais oficiais.<\/p>\n<p>14 pessoas faleceram em Portugal desde a semana passada em consequ\u00eancia das depress\u00f5es Kristin, Leonardo e Marta. Houve centenas de feridos e desalojados, com danos materiais extensos.<\/p>\n<p>As zonas mais afetadas s\u00e3o o Centro, Lisboa e Vale do Tejo e o Alentejo. O Governo prolongou a calamidade at\u00e9 dia 15 para 68 concelhos e anunciou medidas de apoio at\u00e9 2,5 mil milh\u00f5es de euros.<\/p>\n","protected":false},"excerpt":{"rendered":"<ul>\n<li>O Fundo de Emerg\u00eancia Social de Apoio \u00e0s V\u00edtimas da Tempestade Kristin angariou at\u00e9 \u00e0s 11h00 de domingo 1.308.163,57 euros.<\/li>\n<li>Foram distribu\u00eddas cerca de 55 toneladas de comida para responder \u00e0s necessidades mais urgentes das fam\u00edlias afetadas.<\/li>\n<li>A partir de segunda-feira v\u00e3o ser implementados novos procedimentos de distribui\u00e7\u00e3o de cabazes alimentares, com periodicidade de oito em oito dias.<\/li>\n<li>Entre os requisitos, os benefici\u00e1rios devem assinar o consentimento para tratamento de dados, apresentar documentos de identifica\u00e7\u00e3o, comprovativo de morada, n\u00famero de contacto e declara\u00e7\u00e3o de n\u00e3o recorrer a outros centros.<\/li>\n<li>A entrega de cabazes mant\u00e9m-se \u00e0s segundas, entre as 9h30 e as 17h00, com equipas t\u00e9cnicas no terreno a acompanhar as situa\u00e7\u00f5es j\u00e1 reportadas; a C\u00e1ritas manter\u00e1 atualiza\u00e7\u00e3o pelos canais oficiais.<\/li>\n<li>At\u00e9 ao momento,14 pessoas morreram em Portugal na sequ\u00eancia das depress\u00f5es Kristin, Leonardo e Marta; dezenas de locais continuam afetados e o Governo prolongou a calamidade at\u00e9 dia 15 para 68 concelhos, com medidas de apoio at\u00e9 2,5 mil milh\u00f5es de euros.<\/li>\n<\/ul>\n","protected":false},"author":2,"featured_media":204460,"comment_status":"closed","ping_status":"closed","sticky":false,"template":"","format":"standard","meta":{"footnotes":""},"categories":[1],"tags":[3289,1211,4687,5304,5215,1385],"class_list":["post-204457","post","type-post","status-publish","format-standard","has-post-thumbnail","hentry","category-noticias","tag-alimentos","tag-apoio-social","tag-calamidade-publica","tag-caritas-diocesana-de-leiria","tag-catastrofes-naturais","tag-leiria"],"yoast_head":"<!-- This site is optimized with the Yoast SEO plugin v27.2 - https:\/\/yoast.com\/product\/yoast-seo-wordpress\/ -->\n<title>Fundo da C\u00e1ritas de Leiria angaria 1,3 milh\u00f5es de euros - Portal Tela Portugal<\/title>\n<meta name=\"robots\" content=\"index, follow, max-snippet:-1, max-image-preview:large, max-video-preview:-1\" \/>\n<meta property=\"og:locale\" content=\"pt_PT\" \/>\n<meta property=\"og:type\" content=\"article\" \/>\n<meta property=\"og:title\" content=\"Fundo da C\u00e1ritas de Leiria angaria 1,3 milh\u00f5es de euros - Portal Tela Portugal\" \/>\n<meta property=\"og:description\" content=\"O Fundo de Emerg\u00eancia Social de Apoio \u00e0s V\u00edtimas da Tempestade Kristin angariou at\u00e9 \u00e0s 11h00 de domingo 1.308.163,57 euros. Foram distribu\u00eddas cerca de 55 toneladas de comida para responder \u00e0s necessidades mais urgentes das fam\u00edlias afetadas. A partir de segunda-feira v\u00e3o ser implementados novos procedimentos de distribui\u00e7\u00e3o de cabazes alimentares, com periodicidade de oito em oito dias. Entre os requisitos, os benefici\u00e1rios devem assinar o consentimento para tratamento de dados, apresentar documentos de identifica\u00e7\u00e3o, comprovativo de morada, n\u00famero de contacto e declara\u00e7\u00e3o de n\u00e3o recorrer a outros centros. A entrega de cabazes mant\u00e9m-se \u00e0s segundas, entre as 9h30 e as 17h00, com equipas t\u00e9cnicas no terreno a acompanhar as situa\u00e7\u00f5es j\u00e1 reportadas; a C\u00e1ritas manter\u00e1 atualiza\u00e7\u00e3o pelos canais oficiais. At\u00e9 ao momento,14 pessoas morreram em Portugal na sequ\u00eancia das depress\u00f5es Kristin, Leonardo e Marta; dezenas de locais continuam afetados e o Governo prolongou a calamidade at\u00e9 dia 15 para 68 concelhos, com medidas de apoio at\u00e9 2,5 mil milh\u00f5es de euros.\" \/>\n<meta property=\"og:url\" content=\"https:\/\/portaltela.pt\/noticias\/2026\/02\/08\/fundo-da-caritas-de-leiria-angaria-13-milhoes-de-euros\/\" \/>\n<meta property=\"og:site_name\" content=\"Portal Tela Portugal\" \/>\n<meta property=\"article:published_time\" content=\"2026-02-08T20:05:24+00:00\" \/>\n<meta name=\"author\" content=\"Telinha\" \/>\n<meta name=\"twitter:card\" content=\"summary_large_image\" \/>\n<meta name=\"twitter:label1\" content=\"Escrito por\" \/>\n\t<meta name=\"twitter:data1\" content=\"Telinha\" \/>\n\t<meta name=\"twitter:label2\" content=\"Tempo estimado de leitura\" \/>\n\t<meta name=\"twitter:data2\" content=\"1 minuto\" \/>\n<script type=\"application\/ld+json\" class=\"yoast-schema-graph\">{\"@context\":\"https:\/\/schema.org\",\"@graph\":[{\"@type\":\"Article\",\"@id\":\"https:\/\/portaltela.pt\/noticias\/2026\/02\/08\/fundo-da-caritas-de-leiria-angaria-13-milhoes-de-euros\/#article\",\"isPartOf\":{\"@id\":\"https:\/\/portaltela.pt\/noticias\/2026\/02\/08\/fundo-da-caritas-de-leiria-angaria-13-milhoes-de-euros\/\"},\"author\":{\"name\":\"Telinha\",\"@id\":\"https:\/\/portaltela.pt\/#\/schema\/person\/c4278d4a6028830caff9ee44b42d32ed\"},\"headline\":\"Fundo da C\u00e1ritas de Leiria angaria 1,3 milh\u00f5es de euros\",\"datePublished\":\"2026-02-08T20:05:24+00:00\",\"mainEntityOfPage\":{\"@id\":\"https:\/\/portaltela.pt\/noticias\/2026\/02\/08\/fundo-da-caritas-de-leiria-angaria-13-milhoes-de-euros\/\"},\"wordCount\":258,\"image\":{\"@id\":\"https:\/\/portaltela.pt\/noticias\/2026\/02\/08\/fundo-da-caritas-de-leiria-angaria-13-milhoes-de-euros\/#primaryimage\"},\"thumbnailUrl\":\"https:\/\/portaltela.pt\/s.01k8rhncp4jt1\/2026\/02\/img_1500x1000uu2026-01-29-18-04-48-2263420.jpg\",\"keywords\":[\"alimentos\",\"Apoio Social\",\"calamidade p\u00fablica\",\"C\u00e1ritas Diocesana de Leiria\",\"cat\u00e1strofes naturais\",\"Leiria\"],\"articleSection\":[\"Not\u00edcias\"],\"inLanguage\":\"pt-PT\"},{\"@type\":\"WebPage\",\"@id\":\"https:\/\/portaltela.pt\/noticias\/2026\/02\/08\/fundo-da-caritas-de-leiria-angaria-13-milhoes-de-euros\/\",\"url\":\"https:\/\/portaltela.pt\/noticias\/2026\/02\/08\/fundo-da-caritas-de-leiria-angaria-13-milhoes-de-euros\/\",\"name\":\"Fundo da C\u00e1ritas de Leiria angaria 1,3 milh\u00f5es de euros - Portal Tela Portugal\",\"isPartOf\":{\"@id\":\"https:\/\/portaltela.pt\/#website\"},\"primaryImageOfPage\":{\"@id\":\"https:\/\/portaltela.pt\/noticias\/2026\/02\/08\/fundo-da-caritas-de-leiria-angaria-13-milhoes-de-euros\/#primaryimage\"},\"image\":{\"@id\":\"https:\/\/portaltela.pt\/noticias\/2026\/02\/08\/fundo-da-caritas-de-leiria-angaria-13-milhoes-de-euros\/#primaryimage\"},\"thumbnailUrl\":\"https:\/\/portaltela.pt\/s.01k8rhncp4jt1\/2026\/02\/img_1500x1000uu2026-01-29-18-04-48-2263420.jpg\",\"datePublished\":\"2026-02-08T20:05:24+00:00\",\"author\":{\"@id\":\"https:\/\/portaltela.pt\/#\/schema\/person\/c4278d4a6028830caff9ee44b42d32ed\"},\"breadcrumb\":{\"@id\":\"https:\/\/portaltela.pt\/noticias\/2026\/02\/08\/fundo-da-caritas-de-leiria-angaria-13-milhoes-de-euros\/#breadcrumb\"},\"inLanguage\":\"pt-PT\",\"potentialAction\":[{\"@type\":\"ReadAction\",\"target\":[\"https:\/\/portaltela.pt\/noticias\/2026\/02\/08\/fundo-da-caritas-de-leiria-angaria-13-milhoes-de-euros\/\"]}]},{\"@type\":\"ImageObject\",\"inLanguage\":\"pt-PT\",\"@id\":\"https:\/\/portaltela.pt\/noticias\/2026\/02\/08\/fundo-da-caritas-de-leiria-angaria-13-milhoes-de-euros\/#primaryimage\",\"url\":\"https:\/\/portaltela.pt\/s.01k8rhncp4jt1\/2026\/02\/img_1500x1000uu2026-01-29-18-04-48-2263420.jpg\",\"contentUrl\":\"https:\/\/portaltela.pt\/s.01k8rhncp4jt1\/2026\/02\/img_1500x1000uu2026-01-29-18-04-48-2263420.jpg\",\"width\":796,\"height\":448,\"caption\":\"C\u00e1ritas de Leiria angariou mais de um milh\u00e3o de euros at\u00e9 agora\"},{\"@type\":\"BreadcrumbList\",\"@id\":\"https:\/\/portaltela.pt\/noticias\/2026\/02\/08\/fundo-da-caritas-de-leiria-angaria-13-milhoes-de-euros\/#breadcrumb\",\"itemListElement\":[{\"@type\":\"ListItem\",\"position\":1,\"name\":\"In\u00edcio\",\"item\":\"https:\/\/portaltela.pt\/\"},{\"@type\":\"ListItem\",\"position\":2,\"name\":\"Fundo da C\u00e1ritas de Leiria angaria 1,3 milh\u00f5es de euros\"}]},{\"@type\":\"WebSite\",\"@id\":\"https:\/\/portaltela.pt\/#website\",\"url\":\"https:\/\/portaltela.pt\/\",\"name\":\"Portal Tela Portugal\",\"description\":\"\",\"potentialAction\":[{\"@type\":\"SearchAction\",\"target\":{\"@type\":\"EntryPoint\",\"urlTemplate\":\"https:\/\/portaltela.pt\/?s={search_term_string}\"},\"query-input\":{\"@type\":\"PropertyValueSpecification\",\"valueRequired\":true,\"valueName\":\"search_term_string\"}}],\"inLanguage\":\"pt-PT\"},{\"@type\":\"Person\",\"@id\":\"https:\/\/portaltela.pt\/#\/schema\/person\/c4278d4a6028830caff9ee44b42d32ed\",\"name\":\"Telinha\",\"image\":{\"@type\":\"ImageObject\",\"inLanguage\":\"pt-PT\",\"@id\":\"https:\/\/portaltela.pt\/s.01k8rhncp4jt1\/2025\/11\/talking-bot-125x125.png\",\"url\":\"https:\/\/portaltela.pt\/s.01k8rhncp4jt1\/2025\/11\/talking-bot-125x125.png\",\"contentUrl\":\"https:\/\/portaltela.pt\/s.01k8rhncp4jt1\/2025\/11\/talking-bot-125x125.png\",\"caption\":\"Telinha\"},\"sameAs\":[\"https:\/\/portaltela.pt\/\"],\"url\":\"https:\/\/portaltela.pt\/por\/367410592786\/\"}]}<\/script>\n<!-- \/ Yoast SEO plugin. -->","yoast_head_json":{"title":"Fundo da C\u00e1ritas de Leiria angaria 1,3 milh\u00f5es de euros - Portal Tela Portugal","robots":{"index":"index","follow":"follow","max-snippet":"max-snippet:-1","max-image-preview":"max-image-preview:large","max-video-preview":"max-video-preview:-1"},"og_locale":"pt_PT","og_type":"article","og_title":"Fundo da C\u00e1ritas de Leiria angaria 1,3 milh\u00f5es de euros - Portal Tela Portugal","og_description":"O Fundo de Emerg\u00eancia Social de Apoio \u00e0s V\u00edtimas da Tempestade Kristin angariou at\u00e9 \u00e0s 11h00 de domingo 1.308.163,57 euros. Foram distribu\u00eddas cerca de 55 toneladas de comida para responder \u00e0s necessidades mais urgentes das fam\u00edlias afetadas. A partir de segunda-feira v\u00e3o ser implementados novos procedimentos de distribui\u00e7\u00e3o de cabazes alimentares, com periodicidade de oito em oito dias. Entre os requisitos, os benefici\u00e1rios devem assinar o consentimento para tratamento de dados, apresentar documentos de identifica\u00e7\u00e3o, comprovativo de morada, n\u00famero de contacto e declara\u00e7\u00e3o de n\u00e3o recorrer a outros centros. A entrega de cabazes mant\u00e9m-se \u00e0s segundas, entre as 9h30 e as 17h00, com equipas t\u00e9cnicas no terreno a acompanhar as situa\u00e7\u00f5es j\u00e1 reportadas; a C\u00e1ritas manter\u00e1 atualiza\u00e7\u00e3o pelos canais oficiais. At\u00e9 ao momento,14 pessoas morreram em Portugal na sequ\u00eancia das depress\u00f5es Kristin, Leonardo e Marta; dezenas de locais continuam afetados e o Governo prolongou a calamidade at\u00e9 dia 15 para 68 concelhos, com medidas de apoio at\u00e9 2,5 mil milh\u00f5es de euros.","og_url":"https:\/\/portaltela.pt\/noticias\/2026\/02\/08\/fundo-da-caritas-de-leiria-angaria-13-milhoes-de-euros\/","og_site_name":"Portal Tela Portugal","article_published_time":"2026-02-08T20:05:24+00:00","author":"Telinha","twitter_card":"summary_large_image","twitter_misc":{"Escrito por":"Telinha","Tempo estimado de leitura":"1 minuto"},"schema":{"@context":"https:\/\/schema.org","@graph":[{"@type":"Article","@id":"https:\/\/portaltela.pt\/noticias\/2026\/02\/08\/fundo-da-caritas-de-leiria-angaria-13-milhoes-de-euros\/#article","isPartOf":{"@id":"https:\/\/portaltela.pt\/noticias\/2026\/02\/08\/fundo-da-caritas-de-leiria-angaria-13-milhoes-de-euros\/"},"author":{"name":"Telinha","@id":"https:\/\/portaltela.pt\/#\/schema\/person\/c4278d4a6028830caff9ee44b42d32ed"},"headline":"Fundo da C\u00e1ritas de Leiria angaria 1,3 milh\u00f5es de euros","datePublished":"2026-02-08T20:05:24+00:00","mainEntityOfPage":{"@id":"https:\/\/portaltela.pt\/noticias\/2026\/02\/08\/fundo-da-caritas-de-leiria-angaria-13-milhoes-de-euros\/"},"wordCount":258,"image":{"@id":"https:\/\/portaltela.pt\/noticias\/2026\/02\/08\/fundo-da-caritas-de-leiria-angaria-13-milhoes-de-euros\/#primaryimage"},"thumbnailUrl":"https:\/\/portaltela.pt\/s.01k8rhncp4jt1\/2026\/02\/img_1500x1000uu2026-01-29-18-04-48-2263420.jpg","keywords":["alimentos","Apoio Social","calamidade p\u00fablica","C\u00e1ritas Diocesana de Leiria","cat\u00e1strofes naturais","Leiria"],"articleSection":["Not\u00edcias"],"inLanguage":"pt-PT"},{"@type":"WebPage","@id":"https:\/\/portaltela.pt\/noticias\/2026\/02\/08\/fundo-da-caritas-de-leiria-angaria-13-milhoes-de-euros\/","url":"https:\/\/portaltela.pt\/noticias\/2026\/02\/08\/fundo-da-caritas-de-leiria-angaria-13-milhoes-de-euros\/","name":"Fundo da C\u00e1ritas de Leiria angaria 1,3 milh\u00f5es de euros - Portal Tela Portugal","isPartOf":{"@id":"https:\/\/portaltela.pt\/#website"},"primaryImageOfPage":{"@id":"https:\/\/portaltela.pt\/noticias\/2026\/02\/08\/fundo-da-caritas-de-leiria-angaria-13-milhoes-de-euros\/#primaryimage"},"image":{"@id":"https:\/\/portaltela.pt\/noticias\/2026\/02\/08\/fundo-da-caritas-de-leiria-angaria-13-milhoes-de-euros\/#primaryimage"},"thumbnailUrl":"https:\/\/portaltela.pt\/s.01k8rhncp4jt1\/2026\/02\/img_1500x1000uu2026-01-29-18-04-48-2263420.jpg","datePublished":"2026-02-08T20:05:24+00:00","author":{"@id":"https:\/\/portaltela.pt\/#\/schema\/person\/c4278d4a6028830caff9ee44b42d32ed"},"breadcrumb":{"@id":"https:\/\/portaltela.pt\/noticias\/2026\/02\/08\/fundo-da-caritas-de-leiria-angaria-13-milhoes-de-euros\/#breadcrumb"},"inLanguage":"pt-PT","potentialAction":[{"@type":"ReadAction","target":["https:\/\/portaltela.pt\/noticias\/2026\/02\/08\/fundo-da-caritas-de-leiria-angaria-13-milhoes-de-euros\/"]}]},{"@type":"ImageObject","inLanguage":"pt-PT","@id":"https:\/\/portaltela.pt\/noticias\/2026\/02\/08\/fundo-da-caritas-de-leiria-angaria-13-milhoes-de-euros\/#primaryimage","url":"https:\/\/portaltela.pt\/s.01k8rhncp4jt1\/2026\/02\/img_1500x1000uu2026-01-29-18-04-48-2263420.jpg","contentUrl":"https:\/\/portaltela.pt\/s.01k8rhncp4jt1\/2026\/02\/img_1500x1000uu2026-01-29-18-04-48-2263420.jpg","width":796,"height":448,"caption":"C\u00e1ritas de Leiria angariou mais de um milh\u00e3o de euros at\u00e9 agora"},{"@type":"BreadcrumbList","@id":"https:\/\/portaltela.pt\/noticias\/2026\/02\/08\/fundo-da-caritas-de-leiria-angaria-13-milhoes-de-euros\/#breadcrumb","itemListElement":[{"@type":"ListItem","position":1,"name":"In\u00edcio","item":"https:\/\/portaltela.pt\/"},{"@type":"ListItem","position":2,"name":"Fundo da C\u00e1ritas de Leiria angaria 1,3 milh\u00f5es de euros"}]},{"@type":"WebSite","@id":"https:\/\/portaltela.pt\/#website","url":"https:\/\/portaltela.pt\/","name":"Portal Tela Portugal","description":"","potentialAction":[{"@type":"SearchAction","target":{"@type":"EntryPoint","urlTemplate":"https:\/\/portaltela.pt\/?s={search_term_string}"},"query-input":{"@type":"PropertyValueSpecification","valueRequired":true,"valueName":"search_term_string"}}],"inLanguage":"pt-PT"},{"@type":"Person","@id":"https:\/\/portaltela.pt\/#\/schema\/person\/c4278d4a6028830caff9ee44b42d32ed","name":"Telinha","image":{"@type":"ImageObject","inLanguage":"pt-PT","@id":"https:\/\/portaltela.pt\/s.01k8rhncp4jt1\/2025\/11\/talking-bot-125x125.png","url":"https:\/\/portaltela.pt\/s.01k8rhncp4jt1\/2025\/11\/talking-bot-125x125.png","contentUrl":"https:\/\/portaltela.pt\/s.01k8rhncp4jt1\/2025\/11\/talking-bot-125x125.png","caption":"Telinha"},"sameAs":["https:\/\/portaltela.pt\/"],"url":"https:\/\/portaltela.pt\/por\/367410592786\/"}]}},"_links":{"self":[{"href":"https:\/\/portaltela.pt\/api\/wp\/v2\/posts\/204457","targetHints":{"allow":["GET"]}}],"collection":[{"href":"https:\/\/portaltela.pt\/api\/wp\/v2\/posts"}],"about":[{"href":"https:\/\/portaltela.pt\/api\/wp\/v2\/types\/post"}],"author":[{"embeddable":true,"href":"https:\/\/portaltela.pt\/api\/wp\/v2\/users\/2"}],"replies":[{"embeddable":true,"href":"https:\/\/portaltela.pt\/api\/wp\/v2\/comments?post=204457"}],"version-history":[{"count":0,"href":"https:\/\/portaltela.pt\/api\/wp\/v2\/posts\/204457\/revisions"}],"wp:featuredmedia":[{"embeddable":true,"href":"https:\/\/portaltela.pt\/api\/wp\/v2\/media\/204460"}],"wp:attachment":[{"href":"https:\/\/portaltela.pt\/api\/wp\/v2\/media?parent=204457"}],"wp:term":[{"taxonomy":"category","embeddable":true,"href":"https:\/\/portaltela.pt\/api\/wp\/v2\/categories?post=204457"},{"taxonomy":"post_tag","embeddable":true,"href":"https:\/\/portaltela.pt\/api\/wp\/v2\/tags?post=204457"}],"curies":[{"name":"wp","href":"https:\/\/api.w.org\/{rel}","templated":true}]}}