{"id":204449,"date":"2026-02-08T16:47:59","date_gmt":"2026-02-08T19:47:59","guid":{"rendered":"https:\/\/portaltela.pt\/noticias\/2026\/02\/08\/pentacampeoes-nacionais-de-clubes-ganham-forca-no-algarve\/"},"modified":"2026-02-08T16:47:59","modified_gmt":"2026-02-08T19:47:59","slug":"pentacampeoes-nacionais-de-clubes-ganham-forca-no-algarve","status":"publish","type":"post","link":"https:\/\/portaltela.pt\/desporto\/2026\/02\/08\/pentacampeoes-nacionais-de-clubes-ganham-forca-no-algarve\/","title":{"rendered":"Pentacampe\u00f5es nacionais de clubes ganham for\u00e7a no Algarve"},"content":{"rendered":"<p>Tres campe\u00f5es da Escola de T\u00e9nis da Maia estiveram em Vila Real de Santo Ant\u00f3nio para o 7.\u00ba Open Internacional de T\u00e9nis, que decorre no clube local at\u00e9 15 de fevereiro. O evento faz parte do ITF World Tennis Tour e distribui 30 mil d\u00f3lares em pr\u00e9mios.<\/p>\n<p>Jo\u00e3o Dinis da Silva, 18 anos, venceu hoje na fase de qualifica\u00e7\u00e3o frente ao espanhol Victor Mora Mu\u00f1oz, por 6-0, 6-1, assegurando confronto com o indiano Rohan Mehra na ronda seguinte. O jovem portugu\u00eas soma entradas fortes em torneios internacionais.<\/p>\n<p>Guilherme Valdoleiros, 26, procura repetir o acesso \u00e0 fase seguinte de qualifica\u00e7\u00e3o que alcan\u00e7ou no ano passado. O seu embate com o espanhol Cristian Kouchnarev foi adiado para amanh\u00e3 devido a chuva que atrasou o programa de jogos.<\/p>\n<p>Francisco Rocha, 26, integra diretamente o quadro principal, com o encontro marcado para ter\u00e7a-feira. Esteve nos oitavos de final de singulares e nas meias-finais de pares em 2024 e 2025, contribuindo para o tetra e o pentacampeonato da Maia.<\/p>\n<p>A Federa\u00e7\u00e3o Portuguesa de T\u00e9nis reservou wild cards para Francisco Rocha, Tiago Ca\u00e7\u00e3o e Tom\u00e1s Lu\u00eds, evitando assim a necessidade de qualifica\u00e7\u00e3o. J\u00e1 Jo\u00e3o Domingues, Jo\u00e3o Gra\u00e7a e Hugo Maia ficaram com os wild cards atribu\u00eddos pela FPT, permitindo a participa\u00e7\u00e3o no quadro principal.<\/p>\n<p>O sorteio do quadro principal est\u00e1 marcado para amanh\u00e3, com o juiz-\u00e1rbitro brit\u00e2nico Sultan Gangji a dirigir o ato. Jo\u00e3o Domingos tamb\u00e9m acabou por receber o wild card e torna-se no segundo portugu\u00eas da Ta\u00e7a Davis a disputar o quadro principal neste torneio.<\/p>\n<p>Entre os resultados j\u00e1 apurados, outros tr\u00eas lusos asseguraram passagem \u00e0 segunda eliminat\u00f3ria do qualifying: Francisco Faria venceu Bernardo Balancho por 6-1, 6-1; Dino Molokova Ferreira derrotou Samin Abduraufov por 6-3, 7-5; Tom\u00e1s Vila\u00e7a bateu Jorge Gomez Danvila por 6-3, 7-5.<\/p>\n<p>At\u00e9 ao momento da interrup\u00e7\u00e3o provocada pela chuva, Martim Couto, filho do antigo internacional Emanuel Couto, disputava o seu embate com o espanhol Adam Martin Espinar e perdeu o primeiro set. Guilherme Valdoleiros e Gon\u00e7alo Marques tamb\u00e9m adiaram os seus jogos para amanh\u00e3 contra Crist\u00edan Kouchnarev e Nacho Cepeda Martinez, respetivamente.<\/p>\n<p>O 7.\u00ba Open Internacional de T\u00e9nis de Vila Real de Santo Ant\u00f3nio termina no dia 15 de fevereiro. \u00c9 organizado pelo Clube de T\u00e9nis de Vila Real de Santo Ant\u00f3nio, em parceria com a Federa\u00e7\u00e3o Portuguesa de T\u00e9nis e a C\u00e2mara Municipal. O evento integra o ITF World Tennis Tour na categoria M25 e est\u00e1 classificado no circuito mundial de t\u00eanis.<\/p>\n","protected":false},"excerpt":{"rendered":"<ul>\n<li>O s\u00e9timo Open Internacional de T\u00e9nis de Vila Real de Santo Ant\u00f3nio, no Algarve, integra o ITF World Tennis Tour (categoria M25) e distribui 30 mil d\u00f3lares em pr\u00e9mios; a prova termina no dia 15.<\/li>\n<li>Francisco Rocha, 26 anos, entrou diretamente no quadro principal e pode atuar j\u00e1 na ter\u00e7a-feira; integrou as equipas da Maia, respons\u00e1vel pelos cinco t\u00edtulos consecutivos.<\/li>\n<li>Jo\u00e3o Dinis da Silva, 18 anos, j\u00e1 venceu hoje na qualifica\u00e7\u00e3o por 6-0 e 6-1 e amanh\u00e3 enfrenta o indiano Rohan Mehra, quarto cabe\u00e7a de s\u00e9rie.<\/li>\n<li>Guilherme Valdoleiros, 26 anos, tenta repetir o sucesso de 2024 na qualifica\u00e7\u00e3o; o seu jogo com o espanhol Cristian Kouchnarev foi adiado para amanh\u00e3 devido chuva.<\/li>\n<li>Os wild cards da Federa\u00e7\u00e3o Portuguesa de T\u00e9nis ficaram reservados para Jo\u00e3o Domingues, Jo\u00e3o Gra\u00e7a e Hugo Maia; Rocha entrou diretamente, tal como Tiago Ca\u00e7\u00e3o e Tom\u00e1s Lu\u00eds.<\/li>\n<\/ul>\n","protected":false},"author":2,"featured_media":204451,"comment_status":"closed","ping_status":"closed","sticky":false,"template":"","format":"standard","meta":{"footnotes":""},"categories":[21],"tags":[928,152,5356,3945,94,4976],"class_list":["post-204449","post","type-post","status-publish","format-standard","has-post-thumbnail","hentry","category-desporto","tag-algarve","tag-desporto","tag-itf","tag-taca-davis","tag-tenis","tag-torneios-internacionais"],"yoast_head":"<!-- This site is optimized with the Yoast SEO plugin v27.2 - https:\/\/yoast.com\/product\/yoast-seo-wordpress\/ -->\n<title>Pentacampe\u00f5es nacionais de clubes ganham for\u00e7a no Algarve - Portal Tela Portugal<\/title>\n<meta name=\"robots\" content=\"index, follow, max-snippet:-1, max-image-preview:large, max-video-preview:-1\" \/>\n<meta property=\"og:locale\" content=\"pt_PT\" \/>\n<meta property=\"og:type\" content=\"article\" \/>\n<meta property=\"og:title\" content=\"Pentacampe\u00f5es nacionais de clubes ganham for\u00e7a no Algarve - Portal Tela Portugal\" \/>\n<meta property=\"og:description\" content=\"O s\u00e9timo Open Internacional de T\u00e9nis de Vila Real de Santo Ant\u00f3nio, no Algarve, integra o ITF World Tennis Tour (categoria M25) e distribui 30 mil d\u00f3lares em pr\u00e9mios; a prova termina no dia 15. Francisco Rocha, 26 anos, entrou diretamente no quadro principal e pode atuar j\u00e1 na ter\u00e7a-feira; integrou as equipas da Maia, respons\u00e1vel pelos cinco t\u00edtulos consecutivos. Jo\u00e3o Dinis da Silva, 18 anos, j\u00e1 venceu hoje na qualifica\u00e7\u00e3o por 6-0 e 6-1 e amanh\u00e3 enfrenta o indiano Rohan Mehra, quarto cabe\u00e7a de s\u00e9rie. Guilherme Valdoleiros, 26 anos, tenta repetir o sucesso de 2024 na qualifica\u00e7\u00e3o; o seu jogo com o espanhol Cristian Kouchnarev foi adiado para amanh\u00e3 devido chuva. Os wild cards da Federa\u00e7\u00e3o Portuguesa de T\u00e9nis ficaram reservados para Jo\u00e3o Domingues, Jo\u00e3o Gra\u00e7a e Hugo Maia; Rocha entrou diretamente, tal como Tiago Ca\u00e7\u00e3o e Tom\u00e1s Lu\u00eds.\" \/>\n<meta property=\"og:url\" content=\"https:\/\/portaltela.pt\/noticias\/2026\/02\/08\/pentacampeoes-nacionais-de-clubes-ganham-forca-no-algarve\/\" \/>\n<meta property=\"og:site_name\" content=\"Portal Tela Portugal\" \/>\n<meta property=\"article:published_time\" content=\"2026-02-08T19:47:59+00:00\" \/>\n<meta name=\"author\" content=\"Telinha\" \/>\n<meta name=\"twitter:card\" content=\"summary_large_image\" \/>\n<meta name=\"twitter:label1\" content=\"Escrito por\" \/>\n\t<meta name=\"twitter:data1\" content=\"Telinha\" \/>\n\t<meta name=\"twitter:label2\" content=\"Tempo estimado de leitura\" \/>\n\t<meta name=\"twitter:data2\" content=\"2 minutos\" \/>\n<script type=\"application\/ld+json\" class=\"yoast-schema-graph\">{\"@context\":\"https:\/\/schema.org\",\"@graph\":[{\"@type\":\"Article\",\"@id\":\"https:\/\/portaltela.pt\/noticias\/2026\/02\/08\/pentacampeoes-nacionais-de-clubes-ganham-forca-no-algarve\/#article\",\"isPartOf\":{\"@id\":\"https:\/\/portaltela.pt\/noticias\/2026\/02\/08\/pentacampeoes-nacionais-de-clubes-ganham-forca-no-algarve\/\"},\"author\":{\"name\":\"Telinha\",\"@id\":\"https:\/\/portaltela.pt\/#\/schema\/person\/c4278d4a6028830caff9ee44b42d32ed\"},\"headline\":\"Pentacampe\u00f5es nacionais de clubes ganham for\u00e7a no Algarve\",\"datePublished\":\"2026-02-08T19:47:59+00:00\",\"mainEntityOfPage\":{\"@id\":\"https:\/\/portaltela.pt\/noticias\/2026\/02\/08\/pentacampeoes-nacionais-de-clubes-ganham-forca-no-algarve\/\"},\"wordCount\":447,\"image\":{\"@id\":\"https:\/\/portaltela.pt\/noticias\/2026\/02\/08\/pentacampeoes-nacionais-de-clubes-ganham-forca-no-algarve\/#primaryimage\"},\"thumbnailUrl\":\"https:\/\/portaltela.pt\/s.01k8rhncp4jt1\/2026\/02\/img_1200x721uu2026-02-08-19-46-43-2420346.jpg\",\"keywords\":[\"Algarve\",\"desporto\",\"ITF\",\"Ta\u00e7a Davis\",\"t\u00eanis\",\"torneios internacionais\"],\"articleSection\":[\"Desporto\"],\"inLanguage\":\"pt-PT\"},{\"@type\":\"WebPage\",\"@id\":\"https:\/\/portaltela.pt\/noticias\/2026\/02\/08\/pentacampeoes-nacionais-de-clubes-ganham-forca-no-algarve\/\",\"url\":\"https:\/\/portaltela.pt\/noticias\/2026\/02\/08\/pentacampeoes-nacionais-de-clubes-ganham-forca-no-algarve\/\",\"name\":\"Pentacampe\u00f5es nacionais de clubes ganham for\u00e7a no Algarve - Portal Tela Portugal\",\"isPartOf\":{\"@id\":\"https:\/\/portaltela.pt\/#website\"},\"primaryImageOfPage\":{\"@id\":\"https:\/\/portaltela.pt\/noticias\/2026\/02\/08\/pentacampeoes-nacionais-de-clubes-ganham-forca-no-algarve\/#primaryimage\"},\"image\":{\"@id\":\"https:\/\/portaltela.pt\/noticias\/2026\/02\/08\/pentacampeoes-nacionais-de-clubes-ganham-forca-no-algarve\/#primaryimage\"},\"thumbnailUrl\":\"https:\/\/portaltela.pt\/s.01k8rhncp4jt1\/2026\/02\/img_1200x721uu2026-02-08-19-46-43-2420346.jpg\",\"datePublished\":\"2026-02-08T19:47:59+00:00\",\"author\":{\"@id\":\"https:\/\/portaltela.pt\/#\/schema\/person\/c4278d4a6028830caff9ee44b42d32ed\"},\"breadcrumb\":{\"@id\":\"https:\/\/portaltela.pt\/noticias\/2026\/02\/08\/pentacampeoes-nacionais-de-clubes-ganham-forca-no-algarve\/#breadcrumb\"},\"inLanguage\":\"pt-PT\",\"potentialAction\":[{\"@type\":\"ReadAction\",\"target\":[\"https:\/\/portaltela.pt\/noticias\/2026\/02\/08\/pentacampeoes-nacionais-de-clubes-ganham-forca-no-algarve\/\"]}]},{\"@type\":\"ImageObject\",\"inLanguage\":\"pt-PT\",\"@id\":\"https:\/\/portaltela.pt\/noticias\/2026\/02\/08\/pentacampeoes-nacionais-de-clubes-ganham-forca-no-algarve\/#primaryimage\",\"url\":\"https:\/\/portaltela.pt\/s.01k8rhncp4jt1\/2026\/02\/img_1200x721uu2026-02-08-19-46-43-2420346.jpg\",\"contentUrl\":\"https:\/\/portaltela.pt\/s.01k8rhncp4jt1\/2026\/02\/img_1200x721uu2026-02-08-19-46-43-2420346.jpg\",\"width\":796,\"height\":448,\"caption\":\"Jo\u00e3o Dinis Silva\"},{\"@type\":\"BreadcrumbList\",\"@id\":\"https:\/\/portaltela.pt\/noticias\/2026\/02\/08\/pentacampeoes-nacionais-de-clubes-ganham-forca-no-algarve\/#breadcrumb\",\"itemListElement\":[{\"@type\":\"ListItem\",\"position\":1,\"name\":\"In\u00edcio\",\"item\":\"https:\/\/portaltela.pt\/\"},{\"@type\":\"ListItem\",\"position\":2,\"name\":\"Pentacampe\u00f5es nacionais de clubes ganham for\u00e7a no Algarve\"}]},{\"@type\":\"WebSite\",\"@id\":\"https:\/\/portaltela.pt\/#website\",\"url\":\"https:\/\/portaltela.pt\/\",\"name\":\"Portal Tela Portugal\",\"description\":\"\",\"potentialAction\":[{\"@type\":\"SearchAction\",\"target\":{\"@type\":\"EntryPoint\",\"urlTemplate\":\"https:\/\/portaltela.pt\/?s={search_term_string}\"},\"query-input\":{\"@type\":\"PropertyValueSpecification\",\"valueRequired\":true,\"valueName\":\"search_term_string\"}}],\"inLanguage\":\"pt-PT\"},{\"@type\":\"Person\",\"@id\":\"https:\/\/portaltela.pt\/#\/schema\/person\/c4278d4a6028830caff9ee44b42d32ed\",\"name\":\"Telinha\",\"image\":{\"@type\":\"ImageObject\",\"inLanguage\":\"pt-PT\",\"@id\":\"https:\/\/portaltela.pt\/s.01k8rhncp4jt1\/2025\/11\/talking-bot-125x125.png\",\"url\":\"https:\/\/portaltela.pt\/s.01k8rhncp4jt1\/2025\/11\/talking-bot-125x125.png\",\"contentUrl\":\"https:\/\/portaltela.pt\/s.01k8rhncp4jt1\/2025\/11\/talking-bot-125x125.png\",\"caption\":\"Telinha\"},\"sameAs\":[\"https:\/\/portaltela.pt\/\"],\"url\":\"https:\/\/portaltela.pt\/por\/367410592786\/\"}]}<\/script>\n<!-- \/ Yoast SEO plugin. -->","yoast_head_json":{"title":"Pentacampe\u00f5es nacionais de clubes ganham for\u00e7a no Algarve - Portal Tela Portugal","robots":{"index":"index","follow":"follow","max-snippet":"max-snippet:-1","max-image-preview":"max-image-preview:large","max-video-preview":"max-video-preview:-1"},"og_locale":"pt_PT","og_type":"article","og_title":"Pentacampe\u00f5es nacionais de clubes ganham for\u00e7a no Algarve - Portal Tela Portugal","og_description":"O s\u00e9timo Open Internacional de T\u00e9nis de Vila Real de Santo Ant\u00f3nio, no Algarve, integra o ITF World Tennis Tour (categoria M25) e distribui 30 mil d\u00f3lares em pr\u00e9mios; a prova termina no dia 15. Francisco Rocha, 26 anos, entrou diretamente no quadro principal e pode atuar j\u00e1 na ter\u00e7a-feira; integrou as equipas da Maia, respons\u00e1vel pelos cinco t\u00edtulos consecutivos. Jo\u00e3o Dinis da Silva, 18 anos, j\u00e1 venceu hoje na qualifica\u00e7\u00e3o por 6-0 e 6-1 e amanh\u00e3 enfrenta o indiano Rohan Mehra, quarto cabe\u00e7a de s\u00e9rie. Guilherme Valdoleiros, 26 anos, tenta repetir o sucesso de 2024 na qualifica\u00e7\u00e3o; o seu jogo com o espanhol Cristian Kouchnarev foi adiado para amanh\u00e3 devido chuva. Os wild cards da Federa\u00e7\u00e3o Portuguesa de T\u00e9nis ficaram reservados para Jo\u00e3o Domingues, Jo\u00e3o Gra\u00e7a e Hugo Maia; Rocha entrou diretamente, tal como Tiago Ca\u00e7\u00e3o e Tom\u00e1s Lu\u00eds.","og_url":"https:\/\/portaltela.pt\/noticias\/2026\/02\/08\/pentacampeoes-nacionais-de-clubes-ganham-forca-no-algarve\/","og_site_name":"Portal Tela Portugal","article_published_time":"2026-02-08T19:47:59+00:00","author":"Telinha","twitter_card":"summary_large_image","twitter_misc":{"Escrito por":"Telinha","Tempo estimado de leitura":"2 minutos"},"schema":{"@context":"https:\/\/schema.org","@graph":[{"@type":"Article","@id":"https:\/\/portaltela.pt\/noticias\/2026\/02\/08\/pentacampeoes-nacionais-de-clubes-ganham-forca-no-algarve\/#article","isPartOf":{"@id":"https:\/\/portaltela.pt\/noticias\/2026\/02\/08\/pentacampeoes-nacionais-de-clubes-ganham-forca-no-algarve\/"},"author":{"name":"Telinha","@id":"https:\/\/portaltela.pt\/#\/schema\/person\/c4278d4a6028830caff9ee44b42d32ed"},"headline":"Pentacampe\u00f5es nacionais de clubes ganham for\u00e7a no Algarve","datePublished":"2026-02-08T19:47:59+00:00","mainEntityOfPage":{"@id":"https:\/\/portaltela.pt\/noticias\/2026\/02\/08\/pentacampeoes-nacionais-de-clubes-ganham-forca-no-algarve\/"},"wordCount":447,"image":{"@id":"https:\/\/portaltela.pt\/noticias\/2026\/02\/08\/pentacampeoes-nacionais-de-clubes-ganham-forca-no-algarve\/#primaryimage"},"thumbnailUrl":"https:\/\/portaltela.pt\/s.01k8rhncp4jt1\/2026\/02\/img_1200x721uu2026-02-08-19-46-43-2420346.jpg","keywords":["Algarve","desporto","ITF","Ta\u00e7a Davis","t\u00eanis","torneios internacionais"],"articleSection":["Desporto"],"inLanguage":"pt-PT"},{"@type":"WebPage","@id":"https:\/\/portaltela.pt\/noticias\/2026\/02\/08\/pentacampeoes-nacionais-de-clubes-ganham-forca-no-algarve\/","url":"https:\/\/portaltela.pt\/noticias\/2026\/02\/08\/pentacampeoes-nacionais-de-clubes-ganham-forca-no-algarve\/","name":"Pentacampe\u00f5es nacionais de clubes ganham for\u00e7a no Algarve - Portal Tela Portugal","isPartOf":{"@id":"https:\/\/portaltela.pt\/#website"},"primaryImageOfPage":{"@id":"https:\/\/portaltela.pt\/noticias\/2026\/02\/08\/pentacampeoes-nacionais-de-clubes-ganham-forca-no-algarve\/#primaryimage"},"image":{"@id":"https:\/\/portaltela.pt\/noticias\/2026\/02\/08\/pentacampeoes-nacionais-de-clubes-ganham-forca-no-algarve\/#primaryimage"},"thumbnailUrl":"https:\/\/portaltela.pt\/s.01k8rhncp4jt1\/2026\/02\/img_1200x721uu2026-02-08-19-46-43-2420346.jpg","datePublished":"2026-02-08T19:47:59+00:00","author":{"@id":"https:\/\/portaltela.pt\/#\/schema\/person\/c4278d4a6028830caff9ee44b42d32ed"},"breadcrumb":{"@id":"https:\/\/portaltela.pt\/noticias\/2026\/02\/08\/pentacampeoes-nacionais-de-clubes-ganham-forca-no-algarve\/#breadcrumb"},"inLanguage":"pt-PT","potentialAction":[{"@type":"ReadAction","target":["https:\/\/portaltela.pt\/noticias\/2026\/02\/08\/pentacampeoes-nacionais-de-clubes-ganham-forca-no-algarve\/"]}]},{"@type":"ImageObject","inLanguage":"pt-PT","@id":"https:\/\/portaltela.pt\/noticias\/2026\/02\/08\/pentacampeoes-nacionais-de-clubes-ganham-forca-no-algarve\/#primaryimage","url":"https:\/\/portaltela.pt\/s.01k8rhncp4jt1\/2026\/02\/img_1200x721uu2026-02-08-19-46-43-2420346.jpg","contentUrl":"https:\/\/portaltela.pt\/s.01k8rhncp4jt1\/2026\/02\/img_1200x721uu2026-02-08-19-46-43-2420346.jpg","width":796,"height":448,"caption":"Jo\u00e3o Dinis Silva"},{"@type":"BreadcrumbList","@id":"https:\/\/portaltela.pt\/noticias\/2026\/02\/08\/pentacampeoes-nacionais-de-clubes-ganham-forca-no-algarve\/#breadcrumb","itemListElement":[{"@type":"ListItem","position":1,"name":"In\u00edcio","item":"https:\/\/portaltela.pt\/"},{"@type":"ListItem","position":2,"name":"Pentacampe\u00f5es nacionais de clubes ganham for\u00e7a no Algarve"}]},{"@type":"WebSite","@id":"https:\/\/portaltela.pt\/#website","url":"https:\/\/portaltela.pt\/","name":"Portal Tela Portugal","description":"","potentialAction":[{"@type":"SearchAction","target":{"@type":"EntryPoint","urlTemplate":"https:\/\/portaltela.pt\/?s={search_term_string}"},"query-input":{"@type":"PropertyValueSpecification","valueRequired":true,"valueName":"search_term_string"}}],"inLanguage":"pt-PT"},{"@type":"Person","@id":"https:\/\/portaltela.pt\/#\/schema\/person\/c4278d4a6028830caff9ee44b42d32ed","name":"Telinha","image":{"@type":"ImageObject","inLanguage":"pt-PT","@id":"https:\/\/portaltela.pt\/s.01k8rhncp4jt1\/2025\/11\/talking-bot-125x125.png","url":"https:\/\/portaltela.pt\/s.01k8rhncp4jt1\/2025\/11\/talking-bot-125x125.png","contentUrl":"https:\/\/portaltela.pt\/s.01k8rhncp4jt1\/2025\/11\/talking-bot-125x125.png","caption":"Telinha"},"sameAs":["https:\/\/portaltela.pt\/"],"url":"https:\/\/portaltela.pt\/por\/367410592786\/"}]}},"_links":{"self":[{"href":"https:\/\/portaltela.pt\/api\/wp\/v2\/posts\/204449","targetHints":{"allow":["GET"]}}],"collection":[{"href":"https:\/\/portaltela.pt\/api\/wp\/v2\/posts"}],"about":[{"href":"https:\/\/portaltela.pt\/api\/wp\/v2\/types\/post"}],"author":[{"embeddable":true,"href":"https:\/\/portaltela.pt\/api\/wp\/v2\/users\/2"}],"replies":[{"embeddable":true,"href":"https:\/\/portaltela.pt\/api\/wp\/v2\/comments?post=204449"}],"version-history":[{"count":0,"href":"https:\/\/portaltela.pt\/api\/wp\/v2\/posts\/204449\/revisions"}],"wp:featuredmedia":[{"embeddable":true,"href":"https:\/\/portaltela.pt\/api\/wp\/v2\/media\/204451"}],"wp:attachment":[{"href":"https:\/\/portaltela.pt\/api\/wp\/v2\/media?parent=204449"}],"wp:term":[{"taxonomy":"category","embeddable":true,"href":"https:\/\/portaltela.pt\/api\/wp\/v2\/categories?post=204449"},{"taxonomy":"post_tag","embeddable":true,"href":"https:\/\/portaltela.pt\/api\/wp\/v2\/tags?post=204449"}],"curies":[{"name":"wp","href":"https:\/\/api.w.org\/{rel}","templated":true}]}}