{"id":204436,"date":"2026-02-08T16:52:38","date_gmt":"2026-02-08T19:52:38","guid":{"rendered":"https:\/\/portaltela.pt\/noticias\/2026\/02\/08\/af-algarve-vence-taca-das-regioes\/"},"modified":"2026-02-08T16:52:38","modified_gmt":"2026-02-08T19:52:38","slug":"af-algarve-vence-taca-das-regioes","status":"publish","type":"post","link":"https:\/\/portaltela.pt\/desporto\/futebol\/2026\/02\/08\/af-algarve-vence-taca-das-regioes\/","title":{"rendered":"AF Algarve vence Ta\u00e7a das Regi\u00f5es"},"content":{"rendered":"<p>A AF Algarve conquistou a Ta\u00e7a das Regi\u00f5es ao vencer a AF Braga nos pen\u00e1ltis, por 4-3, ap\u00f3s empatar 1-1 no tempo regulamentar. O trof\u00e9u valeu \u00e0 forma\u00e7\u00e3o algarvia a presenxa na Ta\u00e7a das Regi\u00f5es UEFA, a competi\u00e7\u00e3o internacional.<\/p>\n<p>O duelo decisivo decorreu no Est\u00e1dio Municipal do Bombarral, este domingo. A partida s\u00f3 foi decidida nas grandes penalidades, com Pedro Xavier, da Dire\u00e7\u00e3o da FPF, a entregar o trof\u00e9u aos algarvios. Tamb\u00e9m marcaram presen\u00e7a \u00d3scar Tojo e treinadores nacionais.<\/p>\n<p>Na fase final, a AF Algarve j\u00e1 tinha passado pela AF Leiria (5-1) e pela AF Castelo Branco (1-0). A AF Braga venceu a AF Coimbra (4-1) e a AF Ponta Delgada (4-1). As duas equipas disputaram a final ap\u00f3s o fim da fase de grupos.<\/p>\n<p>Na Ta\u00e7a das Regi\u00f5es UEFA, a Algarve integra o Grupo 3 da fase interm\u00e9dia, frente a Finl\u00e2ndia, Inglaterra e Su\u00e9cia. Os jogos deste est\u00e1gio devem realizar-se entre 21 de agosto e 4 de dezembro.<\/p>\n","protected":false},"excerpt":{"rendered":"<ul>\n<li>A AF Algarve venceu a AF Braga por quatro a tr\u00eas nos pen\u00e1ltis para conquistar a Ta\u00e7a das Regi\u00f5es, garantindo lugar na Ta\u00e7a das Regi\u00f5es UEFA.<\/li>\n<li>A final realizou-se no Est\u00e1dio Municipal do Bombarral, com o jogo empatado a um golo no tempo regulamentar.<\/li>\n<li>A AF Algarve tinha j\u00e1 vencido a AF Leiria (cinco\u2014uma) e a AF Castelo Branco (um\u2014zero) na fase final; a AF Braga eliminou a AF Coimbra (quatro\u2014um) e a AF Ponta Delgada (quatro\u2014um).<\/li>\n<li>O trof\u00e9u foi entregue por Pedro Xavier, da Dire\u00e7\u00e3o da Federa\u00e7\u00e3o Portuguesa de Futebol, com a presen\u00e7a do \u00d3scar Tojo, Diretor T\u00e9cnico Nacional.<\/li>\n<li>Na Ta\u00e7a das Regi\u00f5es UEFA, a Algarve fica no Grupo Tr\u00eas, frente a Finl\u00e2ndia, Inglaterra e Su\u00e9cia; a ronda interm\u00e9dia depende de jogos entre vinte e um de agosto e quatro de dezembro.<\/li>\n<\/ul>\n","protected":false},"author":2,"featured_media":204440,"comment_status":"closed","ping_status":"closed","sticky":false,"template":"","format":"standard","meta":{"footnotes":""},"categories":[21,24],"tags":[5578,3103,3113,3088,152,32],"class_list":["post-204436","post","type-post","status-publish","format-standard","has-post-thumbnail","hentry","category-desporto","category-futebol","tag-af-algarve","tag-af-braga","tag-af-castelo-branco","tag-af-leiria","tag-desporto","tag-futebol"],"yoast_head":"<!-- This site is optimized with the Yoast SEO plugin v27.2 - https:\/\/yoast.com\/product\/yoast-seo-wordpress\/ -->\n<title>AF Algarve vence Ta\u00e7a das Regi\u00f5es - Portal Tela Portugal<\/title>\n<meta name=\"robots\" content=\"index, follow, max-snippet:-1, max-image-preview:large, max-video-preview:-1\" \/>\n<meta property=\"og:locale\" content=\"pt_PT\" \/>\n<meta property=\"og:type\" content=\"article\" \/>\n<meta property=\"og:title\" content=\"AF Algarve vence Ta\u00e7a das Regi\u00f5es - Portal Tela Portugal\" \/>\n<meta property=\"og:description\" content=\"A AF Algarve venceu a AF Braga por quatro a tr\u00eas nos pen\u00e1ltis para conquistar a Ta\u00e7a das Regi\u00f5es, garantindo lugar na Ta\u00e7a das Regi\u00f5es UEFA. A final realizou-se no Est\u00e1dio Municipal do Bombarral, com o jogo empatado a um golo no tempo regulamentar. A AF Algarve tinha j\u00e1 vencido a AF Leiria (cinco\u2014uma) e a AF Castelo Branco (um\u2014zero) na fase final; a AF Braga eliminou a AF Coimbra (quatro\u2014um) e a AF Ponta Delgada (quatro\u2014um). O trof\u00e9u foi entregue por Pedro Xavier, da Dire\u00e7\u00e3o da Federa\u00e7\u00e3o Portuguesa de Futebol, com a presen\u00e7a do \u00d3scar Tojo, Diretor T\u00e9cnico Nacional. Na Ta\u00e7a das Regi\u00f5es UEFA, a Algarve fica no Grupo Tr\u00eas, frente a Finl\u00e2ndia, Inglaterra e Su\u00e9cia; a ronda interm\u00e9dia depende de jogos entre vinte e um de agosto e quatro de dezembro.\" \/>\n<meta property=\"og:url\" content=\"https:\/\/portaltela.pt\/noticias\/2026\/02\/08\/af-algarve-vence-taca-das-regioes\/\" \/>\n<meta property=\"og:site_name\" content=\"Portal Tela Portugal\" \/>\n<meta property=\"article:published_time\" content=\"2026-02-08T19:52:38+00:00\" \/>\n<meta name=\"author\" content=\"Telinha\" \/>\n<meta name=\"twitter:card\" content=\"summary_large_image\" \/>\n<meta name=\"twitter:label1\" content=\"Escrito por\" \/>\n\t<meta name=\"twitter:data1\" content=\"Telinha\" \/>\n\t<meta name=\"twitter:label2\" content=\"Tempo estimado de leitura\" \/>\n\t<meta name=\"twitter:data2\" content=\"1 minuto\" \/>\n<script type=\"application\/ld+json\" class=\"yoast-schema-graph\">{\"@context\":\"https:\/\/schema.org\",\"@graph\":[{\"@type\":\"Article\",\"@id\":\"https:\/\/portaltela.pt\/noticias\/2026\/02\/08\/af-algarve-vence-taca-das-regioes\/#article\",\"isPartOf\":{\"@id\":\"https:\/\/portaltela.pt\/noticias\/2026\/02\/08\/af-algarve-vence-taca-das-regioes\/\"},\"author\":{\"name\":\"Telinha\",\"@id\":\"https:\/\/portaltela.pt\/#\/schema\/person\/c4278d4a6028830caff9ee44b42d32ed\"},\"headline\":\"AF Algarve vence Ta\u00e7a das Regi\u00f5es\",\"datePublished\":\"2026-02-08T19:52:38+00:00\",\"mainEntityOfPage\":{\"@id\":\"https:\/\/portaltela.pt\/noticias\/2026\/02\/08\/af-algarve-vence-taca-das-regioes\/\"},\"wordCount\":184,\"image\":{\"@id\":\"https:\/\/portaltela.pt\/noticias\/2026\/02\/08\/af-algarve-vence-taca-das-regioes\/#primaryimage\"},\"thumbnailUrl\":\"https:\/\/portaltela.pt\/s.01k8rhncp4jt1\/2026\/02\/img_920x518uu2026-02-08-19-50-19-2420347-im-639061770498475051.jpg\",\"keywords\":[\"AF Algarve\",\"AF Braga\",\"AF Castelo Branco\",\"AF Leiria\",\"desporto\",\"futebol\"],\"articleSection\":[\"Desporto\",\"Futebol\"],\"inLanguage\":\"pt-PT\"},{\"@type\":\"WebPage\",\"@id\":\"https:\/\/portaltela.pt\/noticias\/2026\/02\/08\/af-algarve-vence-taca-das-regioes\/\",\"url\":\"https:\/\/portaltela.pt\/noticias\/2026\/02\/08\/af-algarve-vence-taca-das-regioes\/\",\"name\":\"AF Algarve vence Ta\u00e7a das Regi\u00f5es - Portal Tela Portugal\",\"isPartOf\":{\"@id\":\"https:\/\/portaltela.pt\/#website\"},\"primaryImageOfPage\":{\"@id\":\"https:\/\/portaltela.pt\/noticias\/2026\/02\/08\/af-algarve-vence-taca-das-regioes\/#primaryimage\"},\"image\":{\"@id\":\"https:\/\/portaltela.pt\/noticias\/2026\/02\/08\/af-algarve-vence-taca-das-regioes\/#primaryimage\"},\"thumbnailUrl\":\"https:\/\/portaltela.pt\/s.01k8rhncp4jt1\/2026\/02\/img_920x518uu2026-02-08-19-50-19-2420347-im-639061770498475051.jpg\",\"datePublished\":\"2026-02-08T19:52:38+00:00\",\"author\":{\"@id\":\"https:\/\/portaltela.pt\/#\/schema\/person\/c4278d4a6028830caff9ee44b42d32ed\"},\"breadcrumb\":{\"@id\":\"https:\/\/portaltela.pt\/noticias\/2026\/02\/08\/af-algarve-vence-taca-das-regioes\/#breadcrumb\"},\"inLanguage\":\"pt-PT\",\"potentialAction\":[{\"@type\":\"ReadAction\",\"target\":[\"https:\/\/portaltela.pt\/noticias\/2026\/02\/08\/af-algarve-vence-taca-das-regioes\/\"]}]},{\"@type\":\"ImageObject\",\"inLanguage\":\"pt-PT\",\"@id\":\"https:\/\/portaltela.pt\/noticias\/2026\/02\/08\/af-algarve-vence-taca-das-regioes\/#primaryimage\",\"url\":\"https:\/\/portaltela.pt\/s.01k8rhncp4jt1\/2026\/02\/img_920x518uu2026-02-08-19-50-19-2420347-im-639061770498475051.jpg\",\"contentUrl\":\"https:\/\/portaltela.pt\/s.01k8rhncp4jt1\/2026\/02\/img_920x518uu2026-02-08-19-50-19-2420347-im-639061770498475051.jpg\",\"width\":796,\"height\":448,\"caption\":\"AF Algarve conquista Ta\u00e7a das Regi\u00f5es\"},{\"@type\":\"BreadcrumbList\",\"@id\":\"https:\/\/portaltela.pt\/noticias\/2026\/02\/08\/af-algarve-vence-taca-das-regioes\/#breadcrumb\",\"itemListElement\":[{\"@type\":\"ListItem\",\"position\":1,\"name\":\"In\u00edcio\",\"item\":\"https:\/\/portaltela.pt\/\"},{\"@type\":\"ListItem\",\"position\":2,\"name\":\"AF Algarve vence Ta\u00e7a das Regi\u00f5es\"}]},{\"@type\":\"WebSite\",\"@id\":\"https:\/\/portaltela.pt\/#website\",\"url\":\"https:\/\/portaltela.pt\/\",\"name\":\"Portal Tela Portugal\",\"description\":\"\",\"potentialAction\":[{\"@type\":\"SearchAction\",\"target\":{\"@type\":\"EntryPoint\",\"urlTemplate\":\"https:\/\/portaltela.pt\/?s={search_term_string}\"},\"query-input\":{\"@type\":\"PropertyValueSpecification\",\"valueRequired\":true,\"valueName\":\"search_term_string\"}}],\"inLanguage\":\"pt-PT\"},{\"@type\":\"Person\",\"@id\":\"https:\/\/portaltela.pt\/#\/schema\/person\/c4278d4a6028830caff9ee44b42d32ed\",\"name\":\"Telinha\",\"image\":{\"@type\":\"ImageObject\",\"inLanguage\":\"pt-PT\",\"@id\":\"https:\/\/portaltela.pt\/s.01k8rhncp4jt1\/2025\/11\/talking-bot-125x125.png\",\"url\":\"https:\/\/portaltela.pt\/s.01k8rhncp4jt1\/2025\/11\/talking-bot-125x125.png\",\"contentUrl\":\"https:\/\/portaltela.pt\/s.01k8rhncp4jt1\/2025\/11\/talking-bot-125x125.png\",\"caption\":\"Telinha\"},\"sameAs\":[\"https:\/\/portaltela.pt\/\"],\"url\":\"https:\/\/portaltela.pt\/por\/367410592786\/\"}]}<\/script>\n<!-- \/ Yoast SEO plugin. -->","yoast_head_json":{"title":"AF Algarve vence Ta\u00e7a das Regi\u00f5es - Portal Tela Portugal","robots":{"index":"index","follow":"follow","max-snippet":"max-snippet:-1","max-image-preview":"max-image-preview:large","max-video-preview":"max-video-preview:-1"},"og_locale":"pt_PT","og_type":"article","og_title":"AF Algarve vence Ta\u00e7a das Regi\u00f5es - Portal Tela Portugal","og_description":"A AF Algarve venceu a AF Braga por quatro a tr\u00eas nos pen\u00e1ltis para conquistar a Ta\u00e7a das Regi\u00f5es, garantindo lugar na Ta\u00e7a das Regi\u00f5es UEFA. A final realizou-se no Est\u00e1dio Municipal do Bombarral, com o jogo empatado a um golo no tempo regulamentar. A AF Algarve tinha j\u00e1 vencido a AF Leiria (cinco\u2014uma) e a AF Castelo Branco (um\u2014zero) na fase final; a AF Braga eliminou a AF Coimbra (quatro\u2014um) e a AF Ponta Delgada (quatro\u2014um). O trof\u00e9u foi entregue por Pedro Xavier, da Dire\u00e7\u00e3o da Federa\u00e7\u00e3o Portuguesa de Futebol, com a presen\u00e7a do \u00d3scar Tojo, Diretor T\u00e9cnico Nacional. Na Ta\u00e7a das Regi\u00f5es UEFA, a Algarve fica no Grupo Tr\u00eas, frente a Finl\u00e2ndia, Inglaterra e Su\u00e9cia; a ronda interm\u00e9dia depende de jogos entre vinte e um de agosto e quatro de dezembro.","og_url":"https:\/\/portaltela.pt\/noticias\/2026\/02\/08\/af-algarve-vence-taca-das-regioes\/","og_site_name":"Portal Tela Portugal","article_published_time":"2026-02-08T19:52:38+00:00","author":"Telinha","twitter_card":"summary_large_image","twitter_misc":{"Escrito por":"Telinha","Tempo estimado de leitura":"1 minuto"},"schema":{"@context":"https:\/\/schema.org","@graph":[{"@type":"Article","@id":"https:\/\/portaltela.pt\/noticias\/2026\/02\/08\/af-algarve-vence-taca-das-regioes\/#article","isPartOf":{"@id":"https:\/\/portaltela.pt\/noticias\/2026\/02\/08\/af-algarve-vence-taca-das-regioes\/"},"author":{"name":"Telinha","@id":"https:\/\/portaltela.pt\/#\/schema\/person\/c4278d4a6028830caff9ee44b42d32ed"},"headline":"AF Algarve vence Ta\u00e7a das Regi\u00f5es","datePublished":"2026-02-08T19:52:38+00:00","mainEntityOfPage":{"@id":"https:\/\/portaltela.pt\/noticias\/2026\/02\/08\/af-algarve-vence-taca-das-regioes\/"},"wordCount":184,"image":{"@id":"https:\/\/portaltela.pt\/noticias\/2026\/02\/08\/af-algarve-vence-taca-das-regioes\/#primaryimage"},"thumbnailUrl":"https:\/\/portaltela.pt\/s.01k8rhncp4jt1\/2026\/02\/img_920x518uu2026-02-08-19-50-19-2420347-im-639061770498475051.jpg","keywords":["AF Algarve","AF Braga","AF Castelo Branco","AF Leiria","desporto","futebol"],"articleSection":["Desporto","Futebol"],"inLanguage":"pt-PT"},{"@type":"WebPage","@id":"https:\/\/portaltela.pt\/noticias\/2026\/02\/08\/af-algarve-vence-taca-das-regioes\/","url":"https:\/\/portaltela.pt\/noticias\/2026\/02\/08\/af-algarve-vence-taca-das-regioes\/","name":"AF Algarve vence Ta\u00e7a das Regi\u00f5es - Portal Tela Portugal","isPartOf":{"@id":"https:\/\/portaltela.pt\/#website"},"primaryImageOfPage":{"@id":"https:\/\/portaltela.pt\/noticias\/2026\/02\/08\/af-algarve-vence-taca-das-regioes\/#primaryimage"},"image":{"@id":"https:\/\/portaltela.pt\/noticias\/2026\/02\/08\/af-algarve-vence-taca-das-regioes\/#primaryimage"},"thumbnailUrl":"https:\/\/portaltela.pt\/s.01k8rhncp4jt1\/2026\/02\/img_920x518uu2026-02-08-19-50-19-2420347-im-639061770498475051.jpg","datePublished":"2026-02-08T19:52:38+00:00","author":{"@id":"https:\/\/portaltela.pt\/#\/schema\/person\/c4278d4a6028830caff9ee44b42d32ed"},"breadcrumb":{"@id":"https:\/\/portaltela.pt\/noticias\/2026\/02\/08\/af-algarve-vence-taca-das-regioes\/#breadcrumb"},"inLanguage":"pt-PT","potentialAction":[{"@type":"ReadAction","target":["https:\/\/portaltela.pt\/noticias\/2026\/02\/08\/af-algarve-vence-taca-das-regioes\/"]}]},{"@type":"ImageObject","inLanguage":"pt-PT","@id":"https:\/\/portaltela.pt\/noticias\/2026\/02\/08\/af-algarve-vence-taca-das-regioes\/#primaryimage","url":"https:\/\/portaltela.pt\/s.01k8rhncp4jt1\/2026\/02\/img_920x518uu2026-02-08-19-50-19-2420347-im-639061770498475051.jpg","contentUrl":"https:\/\/portaltela.pt\/s.01k8rhncp4jt1\/2026\/02\/img_920x518uu2026-02-08-19-50-19-2420347-im-639061770498475051.jpg","width":796,"height":448,"caption":"AF Algarve conquista Ta\u00e7a das Regi\u00f5es"},{"@type":"BreadcrumbList","@id":"https:\/\/portaltela.pt\/noticias\/2026\/02\/08\/af-algarve-vence-taca-das-regioes\/#breadcrumb","itemListElement":[{"@type":"ListItem","position":1,"name":"In\u00edcio","item":"https:\/\/portaltela.pt\/"},{"@type":"ListItem","position":2,"name":"AF Algarve vence Ta\u00e7a das Regi\u00f5es"}]},{"@type":"WebSite","@id":"https:\/\/portaltela.pt\/#website","url":"https:\/\/portaltela.pt\/","name":"Portal Tela Portugal","description":"","potentialAction":[{"@type":"SearchAction","target":{"@type":"EntryPoint","urlTemplate":"https:\/\/portaltela.pt\/?s={search_term_string}"},"query-input":{"@type":"PropertyValueSpecification","valueRequired":true,"valueName":"search_term_string"}}],"inLanguage":"pt-PT"},{"@type":"Person","@id":"https:\/\/portaltela.pt\/#\/schema\/person\/c4278d4a6028830caff9ee44b42d32ed","name":"Telinha","image":{"@type":"ImageObject","inLanguage":"pt-PT","@id":"https:\/\/portaltela.pt\/s.01k8rhncp4jt1\/2025\/11\/talking-bot-125x125.png","url":"https:\/\/portaltela.pt\/s.01k8rhncp4jt1\/2025\/11\/talking-bot-125x125.png","contentUrl":"https:\/\/portaltela.pt\/s.01k8rhncp4jt1\/2025\/11\/talking-bot-125x125.png","caption":"Telinha"},"sameAs":["https:\/\/portaltela.pt\/"],"url":"https:\/\/portaltela.pt\/por\/367410592786\/"}]}},"_links":{"self":[{"href":"https:\/\/portaltela.pt\/api\/wp\/v2\/posts\/204436","targetHints":{"allow":["GET"]}}],"collection":[{"href":"https:\/\/portaltela.pt\/api\/wp\/v2\/posts"}],"about":[{"href":"https:\/\/portaltela.pt\/api\/wp\/v2\/types\/post"}],"author":[{"embeddable":true,"href":"https:\/\/portaltela.pt\/api\/wp\/v2\/users\/2"}],"replies":[{"embeddable":true,"href":"https:\/\/portaltela.pt\/api\/wp\/v2\/comments?post=204436"}],"version-history":[{"count":0,"href":"https:\/\/portaltela.pt\/api\/wp\/v2\/posts\/204436\/revisions"}],"wp:featuredmedia":[{"embeddable":true,"href":"https:\/\/portaltela.pt\/api\/wp\/v2\/media\/204440"}],"wp:attachment":[{"href":"https:\/\/portaltela.pt\/api\/wp\/v2\/media?parent=204436"}],"wp:term":[{"taxonomy":"category","embeddable":true,"href":"https:\/\/portaltela.pt\/api\/wp\/v2\/categories?post=204436"},{"taxonomy":"post_tag","embeddable":true,"href":"https:\/\/portaltela.pt\/api\/wp\/v2\/tags?post=204436"}],"curies":[{"name":"wp","href":"https:\/\/api.w.org\/{rel}","templated":true}]}}