{"id":204433,"date":"2026-02-08T13:34:00","date_gmt":"2026-02-08T16:34:00","guid":{"rendered":"https:\/\/portaltela.pt\/noticias\/2026\/02\/08\/alvaiazere-cria-fundo-municipal-de-emergencia-de-meio-milhao-de-euros\/"},"modified":"2026-02-08T13:34:00","modified_gmt":"2026-02-08T16:34:00","slug":"alvaiazere-cria-fundo-municipal-de-emergencia-de-meio-milhao-de-euros","status":"publish","type":"post","link":"https:\/\/portaltela.pt\/noticias\/2026\/02\/08\/alvaiazere-cria-fundo-municipal-de-emergencia-de-meio-milhao-de-euros\/","title":{"rendered":"Alvai\u00e1zere cria Fundo Municipal de Emerg\u00eancia de meio milh\u00e3o de euros"},"content":{"rendered":"<p>Em Alvai\u00e1zere, foi anunciado a cria\u00e7\u00e3o de um Fundo Municipal de Emerg\u00eancia no valor de 500 mil euros.<\/p>\n<p>O fundo destina-se a apoiar situa\u00e7\u00f5es de emerg\u00eancia no concelho e ser\u00e1 gerido pela C\u00e2mara Municipal.<\/p>\n<p>N\u00e3o foram divulgadas informa\u00e7\u00f5es sobre a data de entrada em vigor ou fontes de financiamento adicionais.<\/p>\n","protected":false},"excerpt":{"rendered":"<ul>\n<li>Alvai\u00e1zere criou um Fundo Municipal de Emerg\u00eancia no valor de meio milh\u00e3o de euros.<\/li>\n<li>O conte\u00fado completo est\u00e1 dispon\u00edvel apenas para subscritores.<\/li>\n<li>O trecho dispon\u00edvel n\u00e3o detalha \u0432\u0435\u0447 outras medidas ou destinat\u00e1rios do fundo.<\/li>\n<\/ul>\n","protected":false},"author":2,"featured_media":204434,"comment_status":"closed","ping_status":"closed","sticky":false,"template":"","format":"standard","meta":{"footnotes":""},"categories":[1],"tags":[168,4941,2706,5449,320,5099],"class_list":["post-204433","post","type-post","status-publish","format-standard","has-post-thumbnail","hentry","category-noticias","tag-administracao-publica","tag-alvaiazere","tag-autarquias","tag-camara-municipal","tag-protecao-civil","tag-protecao-civil-municipal"],"yoast_head":"<!-- This site is optimized with the Yoast SEO plugin v27.2 - https:\/\/yoast.com\/product\/yoast-seo-wordpress\/ -->\n<title>Alvai\u00e1zere cria Fundo Municipal de Emerg\u00eancia de meio milh\u00e3o de euros - Portal Tela Portugal<\/title>\n<meta name=\"robots\" content=\"index, follow, max-snippet:-1, max-image-preview:large, max-video-preview:-1\" \/>\n<meta property=\"og:locale\" content=\"pt_PT\" \/>\n<meta property=\"og:type\" content=\"article\" \/>\n<meta property=\"og:title\" content=\"Alvai\u00e1zere cria Fundo Municipal de Emerg\u00eancia de meio milh\u00e3o de euros - Portal Tela Portugal\" \/>\n<meta property=\"og:description\" content=\"Alvai\u00e1zere criou um Fundo Municipal de Emerg\u00eancia no valor de meio milh\u00e3o de euros. O conte\u00fado completo est\u00e1 dispon\u00edvel apenas para subscritores. O trecho dispon\u00edvel n\u00e3o detalha \u0432\u0435\u0447 outras medidas ou destinat\u00e1rios do fundo.\" \/>\n<meta property=\"og:url\" content=\"https:\/\/portaltela.pt\/noticias\/2026\/02\/08\/alvaiazere-cria-fundo-municipal-de-emergencia-de-meio-milhao-de-euros\/\" \/>\n<meta property=\"og:site_name\" content=\"Portal Tela Portugal\" \/>\n<meta property=\"article:published_time\" content=\"2026-02-08T16:34:00+00:00\" \/>\n<meta name=\"author\" content=\"Telinha\" \/>\n<meta name=\"twitter:card\" content=\"summary_large_image\" \/>\n<meta name=\"twitter:label1\" content=\"Escrito por\" \/>\n\t<meta name=\"twitter:data1\" content=\"Telinha\" \/>\n<script type=\"application\/ld+json\" class=\"yoast-schema-graph\">{\"@context\":\"https:\/\/schema.org\",\"@graph\":[{\"@type\":\"Article\",\"@id\":\"https:\/\/portaltela.pt\/noticias\/2026\/02\/08\/alvaiazere-cria-fundo-municipal-de-emergencia-de-meio-milhao-de-euros\/#article\",\"isPartOf\":{\"@id\":\"https:\/\/portaltela.pt\/noticias\/2026\/02\/08\/alvaiazere-cria-fundo-municipal-de-emergencia-de-meio-milhao-de-euros\/\"},\"author\":{\"name\":\"Telinha\",\"@id\":\"https:\/\/portaltela.pt\/#\/schema\/person\/c4278d4a6028830caff9ee44b42d32ed\"},\"headline\":\"Alvai\u00e1zere cria Fundo Municipal de Emerg\u00eancia de meio milh\u00e3o de euros\",\"datePublished\":\"2026-02-08T16:34:00+00:00\",\"mainEntityOfPage\":{\"@id\":\"https:\/\/portaltela.pt\/noticias\/2026\/02\/08\/alvaiazere-cria-fundo-municipal-de-emergencia-de-meio-milhao-de-euros\/\"},\"wordCount\":71,\"image\":{\"@id\":\"https:\/\/portaltela.pt\/noticias\/2026\/02\/08\/alvaiazere-cria-fundo-municipal-de-emergencia-de-meio-milhao-de-euros\/#primaryimage\"},\"thumbnailUrl\":\"https:\/\/portaltela.pt\/s.01k8rhncp4jt1\/2026\/02\/CACHE_780X1200_ANALOG_WATERMARKED_46481929_4188033_03022026030200-1.jpg\",\"keywords\":[\"administra\u00e7\u00e3o p\u00fablica\",\"Alvai\u00e1zere\",\"autarquias\",\"C\u00e2mara Municipal\",\"prote\u00e7\u00e3o civil\",\"Prote\u00e7\u00e3o Civil Municipal\"],\"articleSection\":[\"Not\u00edcias\"],\"inLanguage\":\"pt-PT\"},{\"@type\":\"WebPage\",\"@id\":\"https:\/\/portaltela.pt\/noticias\/2026\/02\/08\/alvaiazere-cria-fundo-municipal-de-emergencia-de-meio-milhao-de-euros\/\",\"url\":\"https:\/\/portaltela.pt\/noticias\/2026\/02\/08\/alvaiazere-cria-fundo-municipal-de-emergencia-de-meio-milhao-de-euros\/\",\"name\":\"Alvai\u00e1zere cria Fundo Municipal de Emerg\u00eancia de meio milh\u00e3o de euros - Portal Tela Portugal\",\"isPartOf\":{\"@id\":\"https:\/\/portaltela.pt\/#website\"},\"primaryImageOfPage\":{\"@id\":\"https:\/\/portaltela.pt\/noticias\/2026\/02\/08\/alvaiazere-cria-fundo-municipal-de-emergencia-de-meio-milhao-de-euros\/#primaryimage\"},\"image\":{\"@id\":\"https:\/\/portaltela.pt\/noticias\/2026\/02\/08\/alvaiazere-cria-fundo-municipal-de-emergencia-de-meio-milhao-de-euros\/#primaryimage\"},\"thumbnailUrl\":\"https:\/\/portaltela.pt\/s.01k8rhncp4jt1\/2026\/02\/CACHE_780X1200_ANALOG_WATERMARKED_46481929_4188033_03022026030200-1.jpg\",\"datePublished\":\"2026-02-08T16:34:00+00:00\",\"author\":{\"@id\":\"https:\/\/portaltela.pt\/#\/schema\/person\/c4278d4a6028830caff9ee44b42d32ed\"},\"breadcrumb\":{\"@id\":\"https:\/\/portaltela.pt\/noticias\/2026\/02\/08\/alvaiazere-cria-fundo-municipal-de-emergencia-de-meio-milhao-de-euros\/#breadcrumb\"},\"inLanguage\":\"pt-PT\",\"potentialAction\":[{\"@type\":\"ReadAction\",\"target\":[\"https:\/\/portaltela.pt\/noticias\/2026\/02\/08\/alvaiazere-cria-fundo-municipal-de-emergencia-de-meio-milhao-de-euros\/\"]}]},{\"@type\":\"ImageObject\",\"inLanguage\":\"pt-PT\",\"@id\":\"https:\/\/portaltela.pt\/noticias\/2026\/02\/08\/alvaiazere-cria-fundo-municipal-de-emergencia-de-meio-milhao-de-euros\/#primaryimage\",\"url\":\"https:\/\/portaltela.pt\/s.01k8rhncp4jt1\/2026\/02\/CACHE_780X1200_ANALOG_WATERMARKED_46481929_4188033_03022026030200-1.jpg\",\"contentUrl\":\"https:\/\/portaltela.pt\/s.01k8rhncp4jt1\/2026\/02\/CACHE_780X1200_ANALOG_WATERMARKED_46481929_4188033_03022026030200-1.jpg\",\"width\":768,\"height\":512,\"caption\":\"Alvai\u00e1zere cria Fundo Municipal de Emerg\u00eancia de meio milh\u00e3o de euros\"},{\"@type\":\"BreadcrumbList\",\"@id\":\"https:\/\/portaltela.pt\/noticias\/2026\/02\/08\/alvaiazere-cria-fundo-municipal-de-emergencia-de-meio-milhao-de-euros\/#breadcrumb\",\"itemListElement\":[{\"@type\":\"ListItem\",\"position\":1,\"name\":\"In\u00edcio\",\"item\":\"https:\/\/portaltela.pt\/\"},{\"@type\":\"ListItem\",\"position\":2,\"name\":\"Alvai\u00e1zere cria Fundo Municipal de Emerg\u00eancia de meio milh\u00e3o de euros\"}]},{\"@type\":\"WebSite\",\"@id\":\"https:\/\/portaltela.pt\/#website\",\"url\":\"https:\/\/portaltela.pt\/\",\"name\":\"Portal Tela Portugal\",\"description\":\"\",\"potentialAction\":[{\"@type\":\"SearchAction\",\"target\":{\"@type\":\"EntryPoint\",\"urlTemplate\":\"https:\/\/portaltela.pt\/?s={search_term_string}\"},\"query-input\":{\"@type\":\"PropertyValueSpecification\",\"valueRequired\":true,\"valueName\":\"search_term_string\"}}],\"inLanguage\":\"pt-PT\"},{\"@type\":\"Person\",\"@id\":\"https:\/\/portaltela.pt\/#\/schema\/person\/c4278d4a6028830caff9ee44b42d32ed\",\"name\":\"Telinha\",\"image\":{\"@type\":\"ImageObject\",\"inLanguage\":\"pt-PT\",\"@id\":\"https:\/\/portaltela.pt\/s.01k8rhncp4jt1\/2025\/11\/talking-bot-125x125.png\",\"url\":\"https:\/\/portaltela.pt\/s.01k8rhncp4jt1\/2025\/11\/talking-bot-125x125.png\",\"contentUrl\":\"https:\/\/portaltela.pt\/s.01k8rhncp4jt1\/2025\/11\/talking-bot-125x125.png\",\"caption\":\"Telinha\"},\"sameAs\":[\"https:\/\/portaltela.pt\/\"],\"url\":\"https:\/\/portaltela.pt\/por\/367410592786\/\"}]}<\/script>\n<!-- \/ Yoast SEO plugin. -->","yoast_head_json":{"title":"Alvai\u00e1zere cria Fundo Municipal de Emerg\u00eancia de meio milh\u00e3o de euros - Portal Tela Portugal","robots":{"index":"index","follow":"follow","max-snippet":"max-snippet:-1","max-image-preview":"max-image-preview:large","max-video-preview":"max-video-preview:-1"},"og_locale":"pt_PT","og_type":"article","og_title":"Alvai\u00e1zere cria Fundo Municipal de Emerg\u00eancia de meio milh\u00e3o de euros - Portal Tela Portugal","og_description":"Alvai\u00e1zere criou um Fundo Municipal de Emerg\u00eancia no valor de meio milh\u00e3o de euros. O conte\u00fado completo est\u00e1 dispon\u00edvel apenas para subscritores. O trecho dispon\u00edvel n\u00e3o detalha \u0432\u0435\u0447 outras medidas ou destinat\u00e1rios do fundo.","og_url":"https:\/\/portaltela.pt\/noticias\/2026\/02\/08\/alvaiazere-cria-fundo-municipal-de-emergencia-de-meio-milhao-de-euros\/","og_site_name":"Portal Tela Portugal","article_published_time":"2026-02-08T16:34:00+00:00","author":"Telinha","twitter_card":"summary_large_image","twitter_misc":{"Escrito por":"Telinha"},"schema":{"@context":"https:\/\/schema.org","@graph":[{"@type":"Article","@id":"https:\/\/portaltela.pt\/noticias\/2026\/02\/08\/alvaiazere-cria-fundo-municipal-de-emergencia-de-meio-milhao-de-euros\/#article","isPartOf":{"@id":"https:\/\/portaltela.pt\/noticias\/2026\/02\/08\/alvaiazere-cria-fundo-municipal-de-emergencia-de-meio-milhao-de-euros\/"},"author":{"name":"Telinha","@id":"https:\/\/portaltela.pt\/#\/schema\/person\/c4278d4a6028830caff9ee44b42d32ed"},"headline":"Alvai\u00e1zere cria Fundo Municipal de Emerg\u00eancia de meio milh\u00e3o de euros","datePublished":"2026-02-08T16:34:00+00:00","mainEntityOfPage":{"@id":"https:\/\/portaltela.pt\/noticias\/2026\/02\/08\/alvaiazere-cria-fundo-municipal-de-emergencia-de-meio-milhao-de-euros\/"},"wordCount":71,"image":{"@id":"https:\/\/portaltela.pt\/noticias\/2026\/02\/08\/alvaiazere-cria-fundo-municipal-de-emergencia-de-meio-milhao-de-euros\/#primaryimage"},"thumbnailUrl":"https:\/\/portaltela.pt\/s.01k8rhncp4jt1\/2026\/02\/CACHE_780X1200_ANALOG_WATERMARKED_46481929_4188033_03022026030200-1.jpg","keywords":["administra\u00e7\u00e3o p\u00fablica","Alvai\u00e1zere","autarquias","C\u00e2mara Municipal","prote\u00e7\u00e3o civil","Prote\u00e7\u00e3o Civil Municipal"],"articleSection":["Not\u00edcias"],"inLanguage":"pt-PT"},{"@type":"WebPage","@id":"https:\/\/portaltela.pt\/noticias\/2026\/02\/08\/alvaiazere-cria-fundo-municipal-de-emergencia-de-meio-milhao-de-euros\/","url":"https:\/\/portaltela.pt\/noticias\/2026\/02\/08\/alvaiazere-cria-fundo-municipal-de-emergencia-de-meio-milhao-de-euros\/","name":"Alvai\u00e1zere cria Fundo Municipal de Emerg\u00eancia de meio milh\u00e3o de euros - Portal Tela Portugal","isPartOf":{"@id":"https:\/\/portaltela.pt\/#website"},"primaryImageOfPage":{"@id":"https:\/\/portaltela.pt\/noticias\/2026\/02\/08\/alvaiazere-cria-fundo-municipal-de-emergencia-de-meio-milhao-de-euros\/#primaryimage"},"image":{"@id":"https:\/\/portaltela.pt\/noticias\/2026\/02\/08\/alvaiazere-cria-fundo-municipal-de-emergencia-de-meio-milhao-de-euros\/#primaryimage"},"thumbnailUrl":"https:\/\/portaltela.pt\/s.01k8rhncp4jt1\/2026\/02\/CACHE_780X1200_ANALOG_WATERMARKED_46481929_4188033_03022026030200-1.jpg","datePublished":"2026-02-08T16:34:00+00:00","author":{"@id":"https:\/\/portaltela.pt\/#\/schema\/person\/c4278d4a6028830caff9ee44b42d32ed"},"breadcrumb":{"@id":"https:\/\/portaltela.pt\/noticias\/2026\/02\/08\/alvaiazere-cria-fundo-municipal-de-emergencia-de-meio-milhao-de-euros\/#breadcrumb"},"inLanguage":"pt-PT","potentialAction":[{"@type":"ReadAction","target":["https:\/\/portaltela.pt\/noticias\/2026\/02\/08\/alvaiazere-cria-fundo-municipal-de-emergencia-de-meio-milhao-de-euros\/"]}]},{"@type":"ImageObject","inLanguage":"pt-PT","@id":"https:\/\/portaltela.pt\/noticias\/2026\/02\/08\/alvaiazere-cria-fundo-municipal-de-emergencia-de-meio-milhao-de-euros\/#primaryimage","url":"https:\/\/portaltela.pt\/s.01k8rhncp4jt1\/2026\/02\/CACHE_780X1200_ANALOG_WATERMARKED_46481929_4188033_03022026030200-1.jpg","contentUrl":"https:\/\/portaltela.pt\/s.01k8rhncp4jt1\/2026\/02\/CACHE_780X1200_ANALOG_WATERMARKED_46481929_4188033_03022026030200-1.jpg","width":768,"height":512,"caption":"Alvai\u00e1zere cria Fundo Municipal de Emerg\u00eancia de meio milh\u00e3o de euros"},{"@type":"BreadcrumbList","@id":"https:\/\/portaltela.pt\/noticias\/2026\/02\/08\/alvaiazere-cria-fundo-municipal-de-emergencia-de-meio-milhao-de-euros\/#breadcrumb","itemListElement":[{"@type":"ListItem","position":1,"name":"In\u00edcio","item":"https:\/\/portaltela.pt\/"},{"@type":"ListItem","position":2,"name":"Alvai\u00e1zere cria Fundo Municipal de Emerg\u00eancia de meio milh\u00e3o de euros"}]},{"@type":"WebSite","@id":"https:\/\/portaltela.pt\/#website","url":"https:\/\/portaltela.pt\/","name":"Portal Tela Portugal","description":"","potentialAction":[{"@type":"SearchAction","target":{"@type":"EntryPoint","urlTemplate":"https:\/\/portaltela.pt\/?s={search_term_string}"},"query-input":{"@type":"PropertyValueSpecification","valueRequired":true,"valueName":"search_term_string"}}],"inLanguage":"pt-PT"},{"@type":"Person","@id":"https:\/\/portaltela.pt\/#\/schema\/person\/c4278d4a6028830caff9ee44b42d32ed","name":"Telinha","image":{"@type":"ImageObject","inLanguage":"pt-PT","@id":"https:\/\/portaltela.pt\/s.01k8rhncp4jt1\/2025\/11\/talking-bot-125x125.png","url":"https:\/\/portaltela.pt\/s.01k8rhncp4jt1\/2025\/11\/talking-bot-125x125.png","contentUrl":"https:\/\/portaltela.pt\/s.01k8rhncp4jt1\/2025\/11\/talking-bot-125x125.png","caption":"Telinha"},"sameAs":["https:\/\/portaltela.pt\/"],"url":"https:\/\/portaltela.pt\/por\/367410592786\/"}]}},"_links":{"self":[{"href":"https:\/\/portaltela.pt\/api\/wp\/v2\/posts\/204433","targetHints":{"allow":["GET"]}}],"collection":[{"href":"https:\/\/portaltela.pt\/api\/wp\/v2\/posts"}],"about":[{"href":"https:\/\/portaltela.pt\/api\/wp\/v2\/types\/post"}],"author":[{"embeddable":true,"href":"https:\/\/portaltela.pt\/api\/wp\/v2\/users\/2"}],"replies":[{"embeddable":true,"href":"https:\/\/portaltela.pt\/api\/wp\/v2\/comments?post=204433"}],"version-history":[{"count":0,"href":"https:\/\/portaltela.pt\/api\/wp\/v2\/posts\/204433\/revisions"}],"wp:featuredmedia":[{"embeddable":true,"href":"https:\/\/portaltela.pt\/api\/wp\/v2\/media\/204434"}],"wp:attachment":[{"href":"https:\/\/portaltela.pt\/api\/wp\/v2\/media?parent=204433"}],"wp:term":[{"taxonomy":"category","embeddable":true,"href":"https:\/\/portaltela.pt\/api\/wp\/v2\/categories?post=204433"},{"taxonomy":"post_tag","embeddable":true,"href":"https:\/\/portaltela.pt\/api\/wp\/v2\/tags?post=204433"}],"curies":[{"name":"wp","href":"https:\/\/api.w.org\/{rel}","templated":true}]}}