{"id":204390,"date":"2026-02-08T16:03:00","date_gmt":"2026-02-08T19:03:00","guid":{"rendered":"https:\/\/portaltela.pt\/noticias\/2026\/02\/08\/benfica-aponta-acusacoes-falsas-e-despropositadas-no-caso-de-andebol\/"},"modified":"2026-02-08T16:03:00","modified_gmt":"2026-02-08T19:03:00","slug":"benfica-aponta-acusacoes-falsas-e-despropositadas-no-caso-de-andebol","status":"publish","type":"post","link":"https:\/\/portaltela.pt\/desporto\/2026\/02\/08\/benfica-aponta-acusacoes-falsas-e-despropositadas-no-caso-de-andebol\/","title":{"rendered":"Benfica aponta acusa\u00e7\u00f5es falsas e despropositadas no caso de andebol"},"content":{"rendered":"<p>O Benfica denunciou nesta tarde de domingo que as acusa\u00e7\u00f5es da Associa\u00e7\u00e3o Art\u00edstica de Avanca sobre o desafio da Ta\u00e7a de Portugal de andebol s\u00e3o falsas e despropositadas. O clube reagiu \u00e0 elimina\u00e7\u00e3o na ronda dos 16 avos de final, disputada entre Avanca e Benfica.<\/p>\n<p>No comunicado, o Benfica explica que o encontro da quarta-feira, 4 de fevereiro, n\u00e3o reuniu condi\u00e7\u00f5es para a pr\u00e1tica da modalidade em Avanca e Estarreja. A equipa deslocou-se pela segunda vez a Avanca para retomar a eliminat\u00f3ria, assumindo os custos log\u00edsticos e financeiros.<\/p>\n<p>No dia 7 de fevereiro, a delegada do jogo, com a equipa de arbitragem, determinou que o pavil\u00e3o n\u00e3o reunia condi\u00e7\u00f5es para a realiza\u00e7\u00e3o da partida. A decis\u00e3o seguiu o regulamento da Federa\u00e7\u00e3o de Andebol de Portugal, segundo o clube.<\/p>\n<p>O Benfica assegura que o pavilh\u00e3o advers\u00e1rio n\u00e3o atende aos requisitos para jogos oficiais, independentemente do estado do tempo, e rejeita as acusa\u00e7\u00f5es sobre o comportamento da equipa e dos atletas. O texto encerra com solidariedade \u00e0s pessoas afetadas pelas condi\u00e7\u00f5es atmosf\u00e9ricas no pa\u00eds.<\/p>\n<p>A Associa\u00e7\u00e3o Art\u00edstica de Avanca j\u00e1 tinha criticado a Federa\u00e7\u00e3o de Andebol de Portugal e o Benfica ap\u00f3s a elimina\u00e7\u00e3o administrativa na fase da Ta\u00e7a de Portugal.<\/p>\n","protected":false},"excerpt":{"rendered":"<ul>\n<li>O Benfica anunciou repudiar de forma veemente as acusa\u00e7\u00f5es da Associa\u00e7\u00e3o Art\u00edstica de Avanca relativamente ao jogo dos 16 avos de final da Ta\u00e7a de Portugal de andebol.<\/li>\n<li>O encontro de 4 de fevereiro n\u00e3o reuniu condi\u00e7\u00f5es para a pr\u00e1tica em Avanca e Estarreja; a equipa deslocou\u2011se pela segunda vez a Avanca para retomar a eliminat\u00f3ria, suportando custos log\u00edsticos e financeiros.<\/li>\n<li>No dia 7 de fevereiro, a delegada do jogo, em conjunto com a equipa de arbitragem, considerou que o pavilh\u00e3o n\u00e3o reunia condi\u00e7\u00f5es para a realiza\u00e7\u00e3o da partida, decis\u00e3o que levou \u00e0 aplica\u00e7\u00e3o do regulamento pela Federa\u00e7\u00e3o de Andebol de Portugal.<\/li>\n<li>O Benfica afirma que o pavilh\u00e3o advers\u00e1rio apresenta falta de condi\u00e7\u00f5es para jogos oficiais, independentemente das quest\u00f5es meteorol\u00f3gicas, e rejeita acusa\u00e7\u00f5es falsas sobre o comportamento da equipa e dos atletas.<\/li>\n<li>O clube termina o comunicado em solidariedade com quem enfrenta dificuldades devido \u00e0s condi\u00e7\u00f5es atmosf\u00e9ricas e referencia a uma campanha liderada pela Funda\u00e7\u00e3o Benfica. A AA Avanca tinha criticado a Federa\u00e7\u00e3o de Andebol de Portugal e o Benfica ap\u00f3s a elimina\u00e7\u00e3o \u201cna secretaria\u201d nos 16\u2011avos.<\/li>\n<\/ul>\n","protected":false},"author":2,"featured_media":204398,"comment_status":"closed","ping_status":"closed","sticky":false,"template":"","format":"standard","meta":{"footnotes":""},"categories":[21],"tags":[180,3572,1946,3576,1266],"class_list":["post-204390","post","type-post","status-publish","format-standard","has-post-thumbnail","hentry","category-desporto","tag-andebol","tag-avanca","tag-benfica","tag-estarreja","tag-taca-de-portugal"],"yoast_head":"<!-- This site is optimized with the Yoast SEO plugin v27.2 - https:\/\/yoast.com\/product\/yoast-seo-wordpress\/ -->\n<title>Benfica aponta acusa\u00e7\u00f5es falsas e despropositadas no caso de andebol - Portal Tela Portugal<\/title>\n<meta name=\"robots\" content=\"index, follow, max-snippet:-1, max-image-preview:large, max-video-preview:-1\" \/>\n<meta property=\"og:locale\" content=\"pt_PT\" \/>\n<meta property=\"og:type\" content=\"article\" \/>\n<meta property=\"og:title\" content=\"Benfica aponta acusa\u00e7\u00f5es falsas e despropositadas no caso de andebol - Portal Tela Portugal\" \/>\n<meta property=\"og:description\" content=\"O Benfica anunciou repudiar de forma veemente as acusa\u00e7\u00f5es da Associa\u00e7\u00e3o Art\u00edstica de Avanca relativamente ao jogo dos 16 avos de final da Ta\u00e7a de Portugal de andebol. O encontro de 4 de fevereiro n\u00e3o reuniu condi\u00e7\u00f5es para a pr\u00e1tica em Avanca e Estarreja; a equipa deslocou\u2011se pela segunda vez a Avanca para retomar a eliminat\u00f3ria, suportando custos log\u00edsticos e financeiros. No dia 7 de fevereiro, a delegada do jogo, em conjunto com a equipa de arbitragem, considerou que o pavilh\u00e3o n\u00e3o reunia condi\u00e7\u00f5es para a realiza\u00e7\u00e3o da partida, decis\u00e3o que levou \u00e0 aplica\u00e7\u00e3o do regulamento pela Federa\u00e7\u00e3o de Andebol de Portugal. O Benfica afirma que o pavilh\u00e3o advers\u00e1rio apresenta falta de condi\u00e7\u00f5es para jogos oficiais, independentemente das quest\u00f5es meteorol\u00f3gicas, e rejeita acusa\u00e7\u00f5es falsas sobre o comportamento da equipa e dos atletas. O clube termina o comunicado em solidariedade com quem enfrenta dificuldades devido \u00e0s condi\u00e7\u00f5es atmosf\u00e9ricas e referencia a uma campanha liderada pela Funda\u00e7\u00e3o Benfica. A AA Avanca tinha criticado a Federa\u00e7\u00e3o de Andebol de Portugal e o Benfica ap\u00f3s a elimina\u00e7\u00e3o \u201cna secretaria\u201d nos 16\u2011avos.\" \/>\n<meta property=\"og:url\" content=\"https:\/\/portaltela.pt\/noticias\/2026\/02\/08\/benfica-aponta-acusacoes-falsas-e-despropositadas-no-caso-de-andebol\/\" \/>\n<meta property=\"og:site_name\" content=\"Portal Tela Portugal\" \/>\n<meta property=\"article:published_time\" content=\"2026-02-08T19:03:00+00:00\" \/>\n<meta name=\"author\" content=\"Telinha\" \/>\n<meta name=\"twitter:card\" content=\"summary_large_image\" \/>\n<meta name=\"twitter:label1\" content=\"Escrito por\" \/>\n\t<meta name=\"twitter:data1\" content=\"Telinha\" \/>\n\t<meta name=\"twitter:label2\" content=\"Tempo estimado de leitura\" \/>\n\t<meta name=\"twitter:data2\" content=\"1 minuto\" \/>\n<script type=\"application\/ld+json\" class=\"yoast-schema-graph\">{\"@context\":\"https:\/\/schema.org\",\"@graph\":[{\"@type\":\"Article\",\"@id\":\"https:\/\/portaltela.pt\/noticias\/2026\/02\/08\/benfica-aponta-acusacoes-falsas-e-despropositadas-no-caso-de-andebol\/#article\",\"isPartOf\":{\"@id\":\"https:\/\/portaltela.pt\/noticias\/2026\/02\/08\/benfica-aponta-acusacoes-falsas-e-despropositadas-no-caso-de-andebol\/\"},\"author\":{\"name\":\"Telinha\",\"@id\":\"https:\/\/portaltela.pt\/#\/schema\/person\/c4278d4a6028830caff9ee44b42d32ed\"},\"headline\":\"Benfica aponta acusa\u00e7\u00f5es falsas e despropositadas no caso de andebol\",\"datePublished\":\"2026-02-08T19:03:00+00:00\",\"mainEntityOfPage\":{\"@id\":\"https:\/\/portaltela.pt\/noticias\/2026\/02\/08\/benfica-aponta-acusacoes-falsas-e-despropositadas-no-caso-de-andebol\/\"},\"wordCount\":236,\"image\":{\"@id\":\"https:\/\/portaltela.pt\/noticias\/2026\/02\/08\/benfica-aponta-acusacoes-falsas-e-despropositadas-no-caso-de-andebol\/#primaryimage\"},\"thumbnailUrl\":\"https:\/\/portaltela.pt\/s.01k8rhncp4jt1\/2026\/02\/image-654.jpg\",\"keywords\":[\"andebol\",\"Avanca\",\"Benfica\",\"Estarreja\",\"Ta\u00e7a de Portugal\"],\"articleSection\":[\"Desporto\"],\"inLanguage\":\"pt-PT\"},{\"@type\":\"WebPage\",\"@id\":\"https:\/\/portaltela.pt\/noticias\/2026\/02\/08\/benfica-aponta-acusacoes-falsas-e-despropositadas-no-caso-de-andebol\/\",\"url\":\"https:\/\/portaltela.pt\/noticias\/2026\/02\/08\/benfica-aponta-acusacoes-falsas-e-despropositadas-no-caso-de-andebol\/\",\"name\":\"Benfica aponta acusa\u00e7\u00f5es falsas e despropositadas no caso de andebol - Portal Tela Portugal\",\"isPartOf\":{\"@id\":\"https:\/\/portaltela.pt\/#website\"},\"primaryImageOfPage\":{\"@id\":\"https:\/\/portaltela.pt\/noticias\/2026\/02\/08\/benfica-aponta-acusacoes-falsas-e-despropositadas-no-caso-de-andebol\/#primaryimage\"},\"image\":{\"@id\":\"https:\/\/portaltela.pt\/noticias\/2026\/02\/08\/benfica-aponta-acusacoes-falsas-e-despropositadas-no-caso-de-andebol\/#primaryimage\"},\"thumbnailUrl\":\"https:\/\/portaltela.pt\/s.01k8rhncp4jt1\/2026\/02\/image-654.jpg\",\"datePublished\":\"2026-02-08T19:03:00+00:00\",\"author\":{\"@id\":\"https:\/\/portaltela.pt\/#\/schema\/person\/c4278d4a6028830caff9ee44b42d32ed\"},\"breadcrumb\":{\"@id\":\"https:\/\/portaltela.pt\/noticias\/2026\/02\/08\/benfica-aponta-acusacoes-falsas-e-despropositadas-no-caso-de-andebol\/#breadcrumb\"},\"inLanguage\":\"pt-PT\",\"potentialAction\":[{\"@type\":\"ReadAction\",\"target\":[\"https:\/\/portaltela.pt\/noticias\/2026\/02\/08\/benfica-aponta-acusacoes-falsas-e-despropositadas-no-caso-de-andebol\/\"]}]},{\"@type\":\"ImageObject\",\"inLanguage\":\"pt-PT\",\"@id\":\"https:\/\/portaltela.pt\/noticias\/2026\/02\/08\/benfica-aponta-acusacoes-falsas-e-despropositadas-no-caso-de-andebol\/#primaryimage\",\"url\":\"https:\/\/portaltela.pt\/s.01k8rhncp4jt1\/2026\/02\/image-654.jpg\",\"contentUrl\":\"https:\/\/portaltela.pt\/s.01k8rhncp4jt1\/2026\/02\/image-654.jpg\",\"width\":796,\"height\":448,\"caption\":\"\u00c1guias consideram-se alheias ao acontecimento\"},{\"@type\":\"BreadcrumbList\",\"@id\":\"https:\/\/portaltela.pt\/noticias\/2026\/02\/08\/benfica-aponta-acusacoes-falsas-e-despropositadas-no-caso-de-andebol\/#breadcrumb\",\"itemListElement\":[{\"@type\":\"ListItem\",\"position\":1,\"name\":\"In\u00edcio\",\"item\":\"https:\/\/portaltela.pt\/\"},{\"@type\":\"ListItem\",\"position\":2,\"name\":\"Benfica aponta acusa\u00e7\u00f5es falsas e despropositadas no caso de andebol\"}]},{\"@type\":\"WebSite\",\"@id\":\"https:\/\/portaltela.pt\/#website\",\"url\":\"https:\/\/portaltela.pt\/\",\"name\":\"Portal Tela Portugal\",\"description\":\"\",\"potentialAction\":[{\"@type\":\"SearchAction\",\"target\":{\"@type\":\"EntryPoint\",\"urlTemplate\":\"https:\/\/portaltela.pt\/?s={search_term_string}\"},\"query-input\":{\"@type\":\"PropertyValueSpecification\",\"valueRequired\":true,\"valueName\":\"search_term_string\"}}],\"inLanguage\":\"pt-PT\"},{\"@type\":\"Person\",\"@id\":\"https:\/\/portaltela.pt\/#\/schema\/person\/c4278d4a6028830caff9ee44b42d32ed\",\"name\":\"Telinha\",\"image\":{\"@type\":\"ImageObject\",\"inLanguage\":\"pt-PT\",\"@id\":\"https:\/\/portaltela.pt\/s.01k8rhncp4jt1\/2025\/11\/talking-bot-125x125.png\",\"url\":\"https:\/\/portaltela.pt\/s.01k8rhncp4jt1\/2025\/11\/talking-bot-125x125.png\",\"contentUrl\":\"https:\/\/portaltela.pt\/s.01k8rhncp4jt1\/2025\/11\/talking-bot-125x125.png\",\"caption\":\"Telinha\"},\"sameAs\":[\"https:\/\/portaltela.pt\/\"],\"url\":\"https:\/\/portaltela.pt\/por\/367410592786\/\"}]}<\/script>\n<!-- \/ Yoast SEO plugin. -->","yoast_head_json":{"title":"Benfica aponta acusa\u00e7\u00f5es falsas e despropositadas no caso de andebol - Portal Tela Portugal","robots":{"index":"index","follow":"follow","max-snippet":"max-snippet:-1","max-image-preview":"max-image-preview:large","max-video-preview":"max-video-preview:-1"},"og_locale":"pt_PT","og_type":"article","og_title":"Benfica aponta acusa\u00e7\u00f5es falsas e despropositadas no caso de andebol - Portal Tela Portugal","og_description":"O Benfica anunciou repudiar de forma veemente as acusa\u00e7\u00f5es da Associa\u00e7\u00e3o Art\u00edstica de Avanca relativamente ao jogo dos 16 avos de final da Ta\u00e7a de Portugal de andebol. O encontro de 4 de fevereiro n\u00e3o reuniu condi\u00e7\u00f5es para a pr\u00e1tica em Avanca e Estarreja; a equipa deslocou\u2011se pela segunda vez a Avanca para retomar a eliminat\u00f3ria, suportando custos log\u00edsticos e financeiros. No dia 7 de fevereiro, a delegada do jogo, em conjunto com a equipa de arbitragem, considerou que o pavilh\u00e3o n\u00e3o reunia condi\u00e7\u00f5es para a realiza\u00e7\u00e3o da partida, decis\u00e3o que levou \u00e0 aplica\u00e7\u00e3o do regulamento pela Federa\u00e7\u00e3o de Andebol de Portugal. O Benfica afirma que o pavilh\u00e3o advers\u00e1rio apresenta falta de condi\u00e7\u00f5es para jogos oficiais, independentemente das quest\u00f5es meteorol\u00f3gicas, e rejeita acusa\u00e7\u00f5es falsas sobre o comportamento da equipa e dos atletas. O clube termina o comunicado em solidariedade com quem enfrenta dificuldades devido \u00e0s condi\u00e7\u00f5es atmosf\u00e9ricas e referencia a uma campanha liderada pela Funda\u00e7\u00e3o Benfica. A AA Avanca tinha criticado a Federa\u00e7\u00e3o de Andebol de Portugal e o Benfica ap\u00f3s a elimina\u00e7\u00e3o \u201cna secretaria\u201d nos 16\u2011avos.","og_url":"https:\/\/portaltela.pt\/noticias\/2026\/02\/08\/benfica-aponta-acusacoes-falsas-e-despropositadas-no-caso-de-andebol\/","og_site_name":"Portal Tela Portugal","article_published_time":"2026-02-08T19:03:00+00:00","author":"Telinha","twitter_card":"summary_large_image","twitter_misc":{"Escrito por":"Telinha","Tempo estimado de leitura":"1 minuto"},"schema":{"@context":"https:\/\/schema.org","@graph":[{"@type":"Article","@id":"https:\/\/portaltela.pt\/noticias\/2026\/02\/08\/benfica-aponta-acusacoes-falsas-e-despropositadas-no-caso-de-andebol\/#article","isPartOf":{"@id":"https:\/\/portaltela.pt\/noticias\/2026\/02\/08\/benfica-aponta-acusacoes-falsas-e-despropositadas-no-caso-de-andebol\/"},"author":{"name":"Telinha","@id":"https:\/\/portaltela.pt\/#\/schema\/person\/c4278d4a6028830caff9ee44b42d32ed"},"headline":"Benfica aponta acusa\u00e7\u00f5es falsas e despropositadas no caso de andebol","datePublished":"2026-02-08T19:03:00+00:00","mainEntityOfPage":{"@id":"https:\/\/portaltela.pt\/noticias\/2026\/02\/08\/benfica-aponta-acusacoes-falsas-e-despropositadas-no-caso-de-andebol\/"},"wordCount":236,"image":{"@id":"https:\/\/portaltela.pt\/noticias\/2026\/02\/08\/benfica-aponta-acusacoes-falsas-e-despropositadas-no-caso-de-andebol\/#primaryimage"},"thumbnailUrl":"https:\/\/portaltela.pt\/s.01k8rhncp4jt1\/2026\/02\/image-654.jpg","keywords":["andebol","Avanca","Benfica","Estarreja","Ta\u00e7a de Portugal"],"articleSection":["Desporto"],"inLanguage":"pt-PT"},{"@type":"WebPage","@id":"https:\/\/portaltela.pt\/noticias\/2026\/02\/08\/benfica-aponta-acusacoes-falsas-e-despropositadas-no-caso-de-andebol\/","url":"https:\/\/portaltela.pt\/noticias\/2026\/02\/08\/benfica-aponta-acusacoes-falsas-e-despropositadas-no-caso-de-andebol\/","name":"Benfica aponta acusa\u00e7\u00f5es falsas e despropositadas no caso de andebol - Portal Tela Portugal","isPartOf":{"@id":"https:\/\/portaltela.pt\/#website"},"primaryImageOfPage":{"@id":"https:\/\/portaltela.pt\/noticias\/2026\/02\/08\/benfica-aponta-acusacoes-falsas-e-despropositadas-no-caso-de-andebol\/#primaryimage"},"image":{"@id":"https:\/\/portaltela.pt\/noticias\/2026\/02\/08\/benfica-aponta-acusacoes-falsas-e-despropositadas-no-caso-de-andebol\/#primaryimage"},"thumbnailUrl":"https:\/\/portaltela.pt\/s.01k8rhncp4jt1\/2026\/02\/image-654.jpg","datePublished":"2026-02-08T19:03:00+00:00","author":{"@id":"https:\/\/portaltela.pt\/#\/schema\/person\/c4278d4a6028830caff9ee44b42d32ed"},"breadcrumb":{"@id":"https:\/\/portaltela.pt\/noticias\/2026\/02\/08\/benfica-aponta-acusacoes-falsas-e-despropositadas-no-caso-de-andebol\/#breadcrumb"},"inLanguage":"pt-PT","potentialAction":[{"@type":"ReadAction","target":["https:\/\/portaltela.pt\/noticias\/2026\/02\/08\/benfica-aponta-acusacoes-falsas-e-despropositadas-no-caso-de-andebol\/"]}]},{"@type":"ImageObject","inLanguage":"pt-PT","@id":"https:\/\/portaltela.pt\/noticias\/2026\/02\/08\/benfica-aponta-acusacoes-falsas-e-despropositadas-no-caso-de-andebol\/#primaryimage","url":"https:\/\/portaltela.pt\/s.01k8rhncp4jt1\/2026\/02\/image-654.jpg","contentUrl":"https:\/\/portaltela.pt\/s.01k8rhncp4jt1\/2026\/02\/image-654.jpg","width":796,"height":448,"caption":"\u00c1guias consideram-se alheias ao acontecimento"},{"@type":"BreadcrumbList","@id":"https:\/\/portaltela.pt\/noticias\/2026\/02\/08\/benfica-aponta-acusacoes-falsas-e-despropositadas-no-caso-de-andebol\/#breadcrumb","itemListElement":[{"@type":"ListItem","position":1,"name":"In\u00edcio","item":"https:\/\/portaltela.pt\/"},{"@type":"ListItem","position":2,"name":"Benfica aponta acusa\u00e7\u00f5es falsas e despropositadas no caso de andebol"}]},{"@type":"WebSite","@id":"https:\/\/portaltela.pt\/#website","url":"https:\/\/portaltela.pt\/","name":"Portal Tela Portugal","description":"","potentialAction":[{"@type":"SearchAction","target":{"@type":"EntryPoint","urlTemplate":"https:\/\/portaltela.pt\/?s={search_term_string}"},"query-input":{"@type":"PropertyValueSpecification","valueRequired":true,"valueName":"search_term_string"}}],"inLanguage":"pt-PT"},{"@type":"Person","@id":"https:\/\/portaltela.pt\/#\/schema\/person\/c4278d4a6028830caff9ee44b42d32ed","name":"Telinha","image":{"@type":"ImageObject","inLanguage":"pt-PT","@id":"https:\/\/portaltela.pt\/s.01k8rhncp4jt1\/2025\/11\/talking-bot-125x125.png","url":"https:\/\/portaltela.pt\/s.01k8rhncp4jt1\/2025\/11\/talking-bot-125x125.png","contentUrl":"https:\/\/portaltela.pt\/s.01k8rhncp4jt1\/2025\/11\/talking-bot-125x125.png","caption":"Telinha"},"sameAs":["https:\/\/portaltela.pt\/"],"url":"https:\/\/portaltela.pt\/por\/367410592786\/"}]}},"_links":{"self":[{"href":"https:\/\/portaltela.pt\/api\/wp\/v2\/posts\/204390","targetHints":{"allow":["GET"]}}],"collection":[{"href":"https:\/\/portaltela.pt\/api\/wp\/v2\/posts"}],"about":[{"href":"https:\/\/portaltela.pt\/api\/wp\/v2\/types\/post"}],"author":[{"embeddable":true,"href":"https:\/\/portaltela.pt\/api\/wp\/v2\/users\/2"}],"replies":[{"embeddable":true,"href":"https:\/\/portaltela.pt\/api\/wp\/v2\/comments?post=204390"}],"version-history":[{"count":0,"href":"https:\/\/portaltela.pt\/api\/wp\/v2\/posts\/204390\/revisions"}],"wp:featuredmedia":[{"embeddable":true,"href":"https:\/\/portaltela.pt\/api\/wp\/v2\/media\/204398"}],"wp:attachment":[{"href":"https:\/\/portaltela.pt\/api\/wp\/v2\/media?parent=204390"}],"wp:term":[{"taxonomy":"category","embeddable":true,"href":"https:\/\/portaltela.pt\/api\/wp\/v2\/categories?post=204390"},{"taxonomy":"post_tag","embeddable":true,"href":"https:\/\/portaltela.pt\/api\/wp\/v2\/tags?post=204390"}],"curies":[{"name":"wp","href":"https:\/\/api.w.org\/{rel}","templated":true}]}}