{"id":204389,"date":"2026-02-08T16:11:00","date_gmt":"2026-02-08T19:11:00","guid":{"rendered":"https:\/\/portaltela.pt\/noticias\/2026\/02\/08\/arruda-dos-vinhos-e-sobral-de-monte-agraco-encerram-escolas-por-falta-de-agua\/"},"modified":"2026-02-08T16:11:00","modified_gmt":"2026-02-08T19:11:00","slug":"arruda-dos-vinhos-e-sobral-de-monte-agraco-encerram-escolas-por-falta-de-agua","status":"publish","type":"post","link":"https:\/\/portaltela.pt\/noticias\/2026\/02\/08\/arruda-dos-vinhos-e-sobral-de-monte-agraco-encerram-escolas-por-falta-de-agua\/","title":{"rendered":"Arruda dos Vinhos e Sobral de Monte Agra\u00e7o encerram escolas por falta de \u00e1gua"},"content":{"rendered":"<p>Os munic\u00edpios de Arruda dos Vinhos e Sobral de Monte Agra\u00e7o anunciaram o encerramento das escolas na segunda-feira, devido \u00e0 falta de \u00e1gua causada pelo mau tempo. Em Sobral de Monte Agra\u00e7o, todas as escolas do concelho v\u00e3o encerrar por constrangimentos no abastecimento, provocados por uma rotura na conduta da EPAL.<\/p>\n<p>Cami\u00f5es-cisterna dos bombeiros est\u00e3o a abastecer os reservat\u00f3rios, com os encargos a serem suportados pelo munic\u00edpio. A maioria das liga\u00e7\u00f5es de \u00e1gua ainda n\u00e3o est\u00e1 est\u00e1vel, segundo o comunicado. A avaria j\u00e1 provocou desabastecimento em grande parte do concelho desde s\u00e1bado.<\/p>\n<p>O presidente da C\u00e2mara de Arruda dos Vinhos afirmou \u00e0 Lusa que, na segunda-feira, a maioria das escolas tamb\u00e9m ficar\u00e1 encerrada pelo mesmo motivo. O temporal causou danos numa conduta, deixando sem \u00e1gua cerca de sete mil habitantes. O n\u00famero de desalojados subiu para 47, ap\u00f3s deslizamento de terras.<\/p>\n<h3>Impacto no territ\u00f3rio<\/h3>\n<p>Vias de circula\u00e7\u00e3o est\u00e3o interrompidas: a EN 248 est\u00e1 cortada nos acessos a Vila Franca de Xira e a Torres Vedras; a EN 115 est\u00e1 indispon\u00edvel em Bucelas e Sobral de Monte Agra\u00e7o; a EN 115-4 est\u00e1 transit\u00e1vel apenas por via n\u00e3o comercial. Cardosas, Arranh\u00f3 e Carvalha encontram-se isoladas.<\/p>\n<p>Devido ao elevado n\u00famero de estradas cortadas, a autarquia adiou para 15 de outubro as elei\u00e7\u00f5es presidenciais no concelho. O temporal j\u00e1 provocou 14 mortes no pa\u00eds, com centenas de feridos e desalojados. As regi\u00f5es mais afetadas s\u00e3o Centro, Lisboa e Vale do Tejo e Alentejo.<\/p>\n<p>O Governo prolongou a situa\u00e7\u00e3o de calamidade at\u00e9 ao dia 15 para 68 concelhos e apresentou medidas de apoio at\u00e9 2,5 mil milh\u00f5es de euros. O balan\u00e7o das culturas, habita\u00e7\u00f5es e infraestruturas danificadas permanece em atualiza\u00e7\u00e3o pelas autoridades.<\/p>\n","protected":false},"excerpt":{"rendered":"<ul>\n<li>Arruda dos Vinhos e Sobral de Monte Agra\u00e7o v\u00e3o encerrar escolas na segunda-feira por falta de \u00e1gua, com cami\u00f5es-cisterna dos bombeiros a abastecer os reservat\u00f3rios e encargos a cargo do munic\u00edpio.<\/li>\n<li>A falta de \u00e1gua deve-se a uma rotura na conduta da EPAL, mantendo-se o fornecimento ainda n\u00e3o regularizado.<\/li>\n<li>Em Arruda dos Vinhos, cerca de sete mil habitantes ficaram sem \u00e1gua desde s\u00e1bado, com o n\u00famero de desalojados a subir para 47 ap\u00f3s deslizamento de terras.<\/li>\n<li>As principais vias est\u00e3o cortadas: EN 248 e EN 115, com exce\u00e7\u00e3o da EN 248-3 via Alverca, e a EN 115-4 apenas transit\u00e1vel por via, isolando Cardosas, Arranh\u00f3 e Carvalha.<\/li>\n<li>Face aos deslizamentos, as elei\u00e7\u00f5es presidenciais no concelho foram adiadas para 15 do m\u00eas; o pa\u00eds regista 14 mortes e o Governo mant\u00e9m a calamidade at\u00e9 dia 15 para 68 concelhos.<\/li>\n<\/ul>\n","protected":false},"author":2,"featured_media":204393,"comment_status":"closed","ping_status":"closed","sticky":false,"template":"","format":"standard","meta":{"footnotes":""},"categories":[1],"tags":[1503,4770,4687,3004,5648,5537],"class_list":["post-204389","post","type-post","status-publish","format-standard","has-post-thumbnail","hentry","category-noticias","tag-abastecimento-de-agua","tag-arruda-dos-vinhos","tag-calamidade-publica","tag-desalojados","tag-sobral-de-monte-agraco","tag-vias-cortadas"],"yoast_head":"<!-- This site is optimized with the Yoast SEO plugin v27.2 - https:\/\/yoast.com\/product\/yoast-seo-wordpress\/ -->\n<title>Arruda dos Vinhos e Sobral de Monte Agra\u00e7o encerram escolas por falta de \u00e1gua - Portal Tela Portugal<\/title>\n<meta name=\"robots\" content=\"index, follow, max-snippet:-1, max-image-preview:large, max-video-preview:-1\" \/>\n<meta property=\"og:locale\" content=\"pt_PT\" \/>\n<meta property=\"og:type\" content=\"article\" \/>\n<meta property=\"og:title\" content=\"Arruda dos Vinhos e Sobral de Monte Agra\u00e7o encerram escolas por falta de \u00e1gua - Portal Tela Portugal\" \/>\n<meta property=\"og:description\" content=\"Arruda dos Vinhos e Sobral de Monte Agra\u00e7o v\u00e3o encerrar escolas na segunda-feira por falta de \u00e1gua, com cami\u00f5es-cisterna dos bombeiros a abastecer os reservat\u00f3rios e encargos a cargo do munic\u00edpio. A falta de \u00e1gua deve-se a uma rotura na conduta da EPAL, mantendo-se o fornecimento ainda n\u00e3o regularizado. Em Arruda dos Vinhos, cerca de sete mil habitantes ficaram sem \u00e1gua desde s\u00e1bado, com o n\u00famero de desalojados a subir para 47 ap\u00f3s deslizamento de terras. As principais vias est\u00e3o cortadas: EN 248 e EN 115, com exce\u00e7\u00e3o da EN 248-3 via Alverca, e a EN 115-4 apenas transit\u00e1vel por via, isolando Cardosas, Arranh\u00f3 e Carvalha. Face aos deslizamentos, as elei\u00e7\u00f5es presidenciais no concelho foram adiadas para 15 do m\u00eas; o pa\u00eds regista 14 mortes e o Governo mant\u00e9m a calamidade at\u00e9 dia 15 para 68 concelhos.\" \/>\n<meta property=\"og:url\" content=\"https:\/\/portaltela.pt\/noticias\/2026\/02\/08\/arruda-dos-vinhos-e-sobral-de-monte-agraco-encerram-escolas-por-falta-de-agua\/\" \/>\n<meta property=\"og:site_name\" content=\"Portal Tela Portugal\" \/>\n<meta property=\"article:published_time\" content=\"2026-02-08T19:11:00+00:00\" \/>\n<meta name=\"author\" content=\"Telinha\" \/>\n<meta name=\"twitter:card\" content=\"summary_large_image\" \/>\n<meta name=\"twitter:label1\" content=\"Escrito por\" \/>\n\t<meta name=\"twitter:data1\" content=\"Telinha\" \/>\n\t<meta name=\"twitter:label2\" content=\"Tempo estimado de leitura\" \/>\n\t<meta name=\"twitter:data2\" content=\"2 minutos\" \/>\n<script type=\"application\/ld+json\" class=\"yoast-schema-graph\">{\"@context\":\"https:\/\/schema.org\",\"@graph\":[{\"@type\":\"Article\",\"@id\":\"https:\/\/portaltela.pt\/noticias\/2026\/02\/08\/arruda-dos-vinhos-e-sobral-de-monte-agraco-encerram-escolas-por-falta-de-agua\/#article\",\"isPartOf\":{\"@id\":\"https:\/\/portaltela.pt\/noticias\/2026\/02\/08\/arruda-dos-vinhos-e-sobral-de-monte-agraco-encerram-escolas-por-falta-de-agua\/\"},\"author\":{\"name\":\"Telinha\",\"@id\":\"https:\/\/portaltela.pt\/#\/schema\/person\/c4278d4a6028830caff9ee44b42d32ed\"},\"headline\":\"Arruda dos Vinhos e Sobral de Monte Agra\u00e7o encerram escolas por falta de \u00e1gua\",\"datePublished\":\"2026-02-08T19:11:00+00:00\",\"mainEntityOfPage\":{\"@id\":\"https:\/\/portaltela.pt\/noticias\/2026\/02\/08\/arruda-dos-vinhos-e-sobral-de-monte-agraco-encerram-escolas-por-falta-de-agua\/\"},\"wordCount\":315,\"image\":{\"@id\":\"https:\/\/portaltela.pt\/noticias\/2026\/02\/08\/arruda-dos-vinhos-e-sobral-de-monte-agraco-encerram-escolas-por-falta-de-agua\/#primaryimage\"},\"thumbnailUrl\":\"https:\/\/portaltela.pt\/s.01k8rhncp4jt1\/2026\/02\/img_1500x1000uu2026-02-08-19-10-33-2265653.jpg\",\"keywords\":[\"abastecimento de \u00e1gua\",\"Arruda dos Vinhos\",\"calamidade p\u00fablica\",\"desalojados\",\"Sobral de Monte Agra\u00e7o\",\"vias cortadas\"],\"articleSection\":[\"Not\u00edcias\"],\"inLanguage\":\"pt-PT\"},{\"@type\":\"WebPage\",\"@id\":\"https:\/\/portaltela.pt\/noticias\/2026\/02\/08\/arruda-dos-vinhos-e-sobral-de-monte-agraco-encerram-escolas-por-falta-de-agua\/\",\"url\":\"https:\/\/portaltela.pt\/noticias\/2026\/02\/08\/arruda-dos-vinhos-e-sobral-de-monte-agraco-encerram-escolas-por-falta-de-agua\/\",\"name\":\"Arruda dos Vinhos e Sobral de Monte Agra\u00e7o encerram escolas por falta de \u00e1gua - Portal Tela Portugal\",\"isPartOf\":{\"@id\":\"https:\/\/portaltela.pt\/#website\"},\"primaryImageOfPage\":{\"@id\":\"https:\/\/portaltela.pt\/noticias\/2026\/02\/08\/arruda-dos-vinhos-e-sobral-de-monte-agraco-encerram-escolas-por-falta-de-agua\/#primaryimage\"},\"image\":{\"@id\":\"https:\/\/portaltela.pt\/noticias\/2026\/02\/08\/arruda-dos-vinhos-e-sobral-de-monte-agraco-encerram-escolas-por-falta-de-agua\/#primaryimage\"},\"thumbnailUrl\":\"https:\/\/portaltela.pt\/s.01k8rhncp4jt1\/2026\/02\/img_1500x1000uu2026-02-08-19-10-33-2265653.jpg\",\"datePublished\":\"2026-02-08T19:11:00+00:00\",\"author\":{\"@id\":\"https:\/\/portaltela.pt\/#\/schema\/person\/c4278d4a6028830caff9ee44b42d32ed\"},\"breadcrumb\":{\"@id\":\"https:\/\/portaltela.pt\/noticias\/2026\/02\/08\/arruda-dos-vinhos-e-sobral-de-monte-agraco-encerram-escolas-por-falta-de-agua\/#breadcrumb\"},\"inLanguage\":\"pt-PT\",\"potentialAction\":[{\"@type\":\"ReadAction\",\"target\":[\"https:\/\/portaltela.pt\/noticias\/2026\/02\/08\/arruda-dos-vinhos-e-sobral-de-monte-agraco-encerram-escolas-por-falta-de-agua\/\"]}]},{\"@type\":\"ImageObject\",\"inLanguage\":\"pt-PT\",\"@id\":\"https:\/\/portaltela.pt\/noticias\/2026\/02\/08\/arruda-dos-vinhos-e-sobral-de-monte-agraco-encerram-escolas-por-falta-de-agua\/#primaryimage\",\"url\":\"https:\/\/portaltela.pt\/s.01k8rhncp4jt1\/2026\/02\/img_1500x1000uu2026-02-08-19-10-33-2265653.jpg\",\"contentUrl\":\"https:\/\/portaltela.pt\/s.01k8rhncp4jt1\/2026\/02\/img_1500x1000uu2026-02-08-19-10-33-2265653.jpg\",\"width\":796,\"height\":448,\"caption\":\"Escola Sobral de Monte Agra\u00e7o\"},{\"@type\":\"BreadcrumbList\",\"@id\":\"https:\/\/portaltela.pt\/noticias\/2026\/02\/08\/arruda-dos-vinhos-e-sobral-de-monte-agraco-encerram-escolas-por-falta-de-agua\/#breadcrumb\",\"itemListElement\":[{\"@type\":\"ListItem\",\"position\":1,\"name\":\"In\u00edcio\",\"item\":\"https:\/\/portaltela.pt\/\"},{\"@type\":\"ListItem\",\"position\":2,\"name\":\"Arruda dos Vinhos e Sobral de Monte Agra\u00e7o encerram escolas por falta de \u00e1gua\"}]},{\"@type\":\"WebSite\",\"@id\":\"https:\/\/portaltela.pt\/#website\",\"url\":\"https:\/\/portaltela.pt\/\",\"name\":\"Portal Tela Portugal\",\"description\":\"\",\"potentialAction\":[{\"@type\":\"SearchAction\",\"target\":{\"@type\":\"EntryPoint\",\"urlTemplate\":\"https:\/\/portaltela.pt\/?s={search_term_string}\"},\"query-input\":{\"@type\":\"PropertyValueSpecification\",\"valueRequired\":true,\"valueName\":\"search_term_string\"}}],\"inLanguage\":\"pt-PT\"},{\"@type\":\"Person\",\"@id\":\"https:\/\/portaltela.pt\/#\/schema\/person\/c4278d4a6028830caff9ee44b42d32ed\",\"name\":\"Telinha\",\"image\":{\"@type\":\"ImageObject\",\"inLanguage\":\"pt-PT\",\"@id\":\"https:\/\/portaltela.pt\/s.01k8rhncp4jt1\/2025\/11\/talking-bot-125x125.png\",\"url\":\"https:\/\/portaltela.pt\/s.01k8rhncp4jt1\/2025\/11\/talking-bot-125x125.png\",\"contentUrl\":\"https:\/\/portaltela.pt\/s.01k8rhncp4jt1\/2025\/11\/talking-bot-125x125.png\",\"caption\":\"Telinha\"},\"sameAs\":[\"https:\/\/portaltela.pt\/\"],\"url\":\"https:\/\/portaltela.pt\/por\/367410592786\/\"}]}<\/script>\n<!-- \/ Yoast SEO plugin. -->","yoast_head_json":{"title":"Arruda dos Vinhos e Sobral de Monte Agra\u00e7o encerram escolas por falta de \u00e1gua - Portal Tela Portugal","robots":{"index":"index","follow":"follow","max-snippet":"max-snippet:-1","max-image-preview":"max-image-preview:large","max-video-preview":"max-video-preview:-1"},"og_locale":"pt_PT","og_type":"article","og_title":"Arruda dos Vinhos e Sobral de Monte Agra\u00e7o encerram escolas por falta de \u00e1gua - Portal Tela Portugal","og_description":"Arruda dos Vinhos e Sobral de Monte Agra\u00e7o v\u00e3o encerrar escolas na segunda-feira por falta de \u00e1gua, com cami\u00f5es-cisterna dos bombeiros a abastecer os reservat\u00f3rios e encargos a cargo do munic\u00edpio. A falta de \u00e1gua deve-se a uma rotura na conduta da EPAL, mantendo-se o fornecimento ainda n\u00e3o regularizado. Em Arruda dos Vinhos, cerca de sete mil habitantes ficaram sem \u00e1gua desde s\u00e1bado, com o n\u00famero de desalojados a subir para 47 ap\u00f3s deslizamento de terras. As principais vias est\u00e3o cortadas: EN 248 e EN 115, com exce\u00e7\u00e3o da EN 248-3 via Alverca, e a EN 115-4 apenas transit\u00e1vel por via, isolando Cardosas, Arranh\u00f3 e Carvalha. Face aos deslizamentos, as elei\u00e7\u00f5es presidenciais no concelho foram adiadas para 15 do m\u00eas; o pa\u00eds regista 14 mortes e o Governo mant\u00e9m a calamidade at\u00e9 dia 15 para 68 concelhos.","og_url":"https:\/\/portaltela.pt\/noticias\/2026\/02\/08\/arruda-dos-vinhos-e-sobral-de-monte-agraco-encerram-escolas-por-falta-de-agua\/","og_site_name":"Portal Tela Portugal","article_published_time":"2026-02-08T19:11:00+00:00","author":"Telinha","twitter_card":"summary_large_image","twitter_misc":{"Escrito por":"Telinha","Tempo estimado de leitura":"2 minutos"},"schema":{"@context":"https:\/\/schema.org","@graph":[{"@type":"Article","@id":"https:\/\/portaltela.pt\/noticias\/2026\/02\/08\/arruda-dos-vinhos-e-sobral-de-monte-agraco-encerram-escolas-por-falta-de-agua\/#article","isPartOf":{"@id":"https:\/\/portaltela.pt\/noticias\/2026\/02\/08\/arruda-dos-vinhos-e-sobral-de-monte-agraco-encerram-escolas-por-falta-de-agua\/"},"author":{"name":"Telinha","@id":"https:\/\/portaltela.pt\/#\/schema\/person\/c4278d4a6028830caff9ee44b42d32ed"},"headline":"Arruda dos Vinhos e Sobral de Monte Agra\u00e7o encerram escolas por falta de \u00e1gua","datePublished":"2026-02-08T19:11:00+00:00","mainEntityOfPage":{"@id":"https:\/\/portaltela.pt\/noticias\/2026\/02\/08\/arruda-dos-vinhos-e-sobral-de-monte-agraco-encerram-escolas-por-falta-de-agua\/"},"wordCount":315,"image":{"@id":"https:\/\/portaltela.pt\/noticias\/2026\/02\/08\/arruda-dos-vinhos-e-sobral-de-monte-agraco-encerram-escolas-por-falta-de-agua\/#primaryimage"},"thumbnailUrl":"https:\/\/portaltela.pt\/s.01k8rhncp4jt1\/2026\/02\/img_1500x1000uu2026-02-08-19-10-33-2265653.jpg","keywords":["abastecimento de \u00e1gua","Arruda dos Vinhos","calamidade p\u00fablica","desalojados","Sobral de Monte Agra\u00e7o","vias cortadas"],"articleSection":["Not\u00edcias"],"inLanguage":"pt-PT"},{"@type":"WebPage","@id":"https:\/\/portaltela.pt\/noticias\/2026\/02\/08\/arruda-dos-vinhos-e-sobral-de-monte-agraco-encerram-escolas-por-falta-de-agua\/","url":"https:\/\/portaltela.pt\/noticias\/2026\/02\/08\/arruda-dos-vinhos-e-sobral-de-monte-agraco-encerram-escolas-por-falta-de-agua\/","name":"Arruda dos Vinhos e Sobral de Monte Agra\u00e7o encerram escolas por falta de \u00e1gua - Portal Tela Portugal","isPartOf":{"@id":"https:\/\/portaltela.pt\/#website"},"primaryImageOfPage":{"@id":"https:\/\/portaltela.pt\/noticias\/2026\/02\/08\/arruda-dos-vinhos-e-sobral-de-monte-agraco-encerram-escolas-por-falta-de-agua\/#primaryimage"},"image":{"@id":"https:\/\/portaltela.pt\/noticias\/2026\/02\/08\/arruda-dos-vinhos-e-sobral-de-monte-agraco-encerram-escolas-por-falta-de-agua\/#primaryimage"},"thumbnailUrl":"https:\/\/portaltela.pt\/s.01k8rhncp4jt1\/2026\/02\/img_1500x1000uu2026-02-08-19-10-33-2265653.jpg","datePublished":"2026-02-08T19:11:00+00:00","author":{"@id":"https:\/\/portaltela.pt\/#\/schema\/person\/c4278d4a6028830caff9ee44b42d32ed"},"breadcrumb":{"@id":"https:\/\/portaltela.pt\/noticias\/2026\/02\/08\/arruda-dos-vinhos-e-sobral-de-monte-agraco-encerram-escolas-por-falta-de-agua\/#breadcrumb"},"inLanguage":"pt-PT","potentialAction":[{"@type":"ReadAction","target":["https:\/\/portaltela.pt\/noticias\/2026\/02\/08\/arruda-dos-vinhos-e-sobral-de-monte-agraco-encerram-escolas-por-falta-de-agua\/"]}]},{"@type":"ImageObject","inLanguage":"pt-PT","@id":"https:\/\/portaltela.pt\/noticias\/2026\/02\/08\/arruda-dos-vinhos-e-sobral-de-monte-agraco-encerram-escolas-por-falta-de-agua\/#primaryimage","url":"https:\/\/portaltela.pt\/s.01k8rhncp4jt1\/2026\/02\/img_1500x1000uu2026-02-08-19-10-33-2265653.jpg","contentUrl":"https:\/\/portaltela.pt\/s.01k8rhncp4jt1\/2026\/02\/img_1500x1000uu2026-02-08-19-10-33-2265653.jpg","width":796,"height":448,"caption":"Escola Sobral de Monte Agra\u00e7o"},{"@type":"BreadcrumbList","@id":"https:\/\/portaltela.pt\/noticias\/2026\/02\/08\/arruda-dos-vinhos-e-sobral-de-monte-agraco-encerram-escolas-por-falta-de-agua\/#breadcrumb","itemListElement":[{"@type":"ListItem","position":1,"name":"In\u00edcio","item":"https:\/\/portaltela.pt\/"},{"@type":"ListItem","position":2,"name":"Arruda dos Vinhos e Sobral de Monte Agra\u00e7o encerram escolas por falta de \u00e1gua"}]},{"@type":"WebSite","@id":"https:\/\/portaltela.pt\/#website","url":"https:\/\/portaltela.pt\/","name":"Portal Tela Portugal","description":"","potentialAction":[{"@type":"SearchAction","target":{"@type":"EntryPoint","urlTemplate":"https:\/\/portaltela.pt\/?s={search_term_string}"},"query-input":{"@type":"PropertyValueSpecification","valueRequired":true,"valueName":"search_term_string"}}],"inLanguage":"pt-PT"},{"@type":"Person","@id":"https:\/\/portaltela.pt\/#\/schema\/person\/c4278d4a6028830caff9ee44b42d32ed","name":"Telinha","image":{"@type":"ImageObject","inLanguage":"pt-PT","@id":"https:\/\/portaltela.pt\/s.01k8rhncp4jt1\/2025\/11\/talking-bot-125x125.png","url":"https:\/\/portaltela.pt\/s.01k8rhncp4jt1\/2025\/11\/talking-bot-125x125.png","contentUrl":"https:\/\/portaltela.pt\/s.01k8rhncp4jt1\/2025\/11\/talking-bot-125x125.png","caption":"Telinha"},"sameAs":["https:\/\/portaltela.pt\/"],"url":"https:\/\/portaltela.pt\/por\/367410592786\/"}]}},"_links":{"self":[{"href":"https:\/\/portaltela.pt\/api\/wp\/v2\/posts\/204389","targetHints":{"allow":["GET"]}}],"collection":[{"href":"https:\/\/portaltela.pt\/api\/wp\/v2\/posts"}],"about":[{"href":"https:\/\/portaltela.pt\/api\/wp\/v2\/types\/post"}],"author":[{"embeddable":true,"href":"https:\/\/portaltela.pt\/api\/wp\/v2\/users\/2"}],"replies":[{"embeddable":true,"href":"https:\/\/portaltela.pt\/api\/wp\/v2\/comments?post=204389"}],"version-history":[{"count":0,"href":"https:\/\/portaltela.pt\/api\/wp\/v2\/posts\/204389\/revisions"}],"wp:featuredmedia":[{"embeddable":true,"href":"https:\/\/portaltela.pt\/api\/wp\/v2\/media\/204393"}],"wp:attachment":[{"href":"https:\/\/portaltela.pt\/api\/wp\/v2\/media?parent=204389"}],"wp:term":[{"taxonomy":"category","embeddable":true,"href":"https:\/\/portaltela.pt\/api\/wp\/v2\/categories?post=204389"},{"taxonomy":"post_tag","embeddable":true,"href":"https:\/\/portaltela.pt\/api\/wp\/v2\/tags?post=204389"}],"curies":[{"name":"wp","href":"https:\/\/api.w.org\/{rel}","templated":true}]}}