{"id":204384,"date":"2026-02-08T16:06:00","date_gmt":"2026-02-08T19:06:00","guid":{"rendered":"https:\/\/portaltela.pt\/noticias\/2026\/02\/08\/projecoes-das-televisoes-apontam-abstencao-entre-375-e-48\/"},"modified":"2026-02-08T16:06:00","modified_gmt":"2026-02-08T19:06:00","slug":"projecoes-das-televisoes-apontam-abstencao-entre-375-e-48","status":"publish","type":"post","link":"https:\/\/portaltela.pt\/noticias\/politica\/2026\/02\/08\/projecoes-das-televisoes-apontam-abstencao-entre-375-e-48\/","title":{"rendered":"Proje\u00e7\u00f5es das televis\u00f5es apontam absten\u00e7\u00e3o entre 37,5% e 48%"},"content":{"rendered":"<p>As proje\u00e7\u00f5es das televis\u00f5es para a absten\u00e7\u00e3o na segunda volta das elei\u00e7\u00f5es presidenciais de hoje apontam para uma taxa entre 37,5% e 48%.<\/p>\n<p>As estimativas refletem o comportamento esperado dos eleitores no recenseamento, com n\u00fameros a variar conforme m\u00e9todos de recolha e amostras utilizadas pelas redes.<\/p>\n<p>O conte\u00fado completo est\u00e1 dispon\u00edvel apenas para subscritores.<\/p>\n","protected":false},"excerpt":{"rendered":"<ul>\n<li>Proje\u00e7\u00f5es das televis\u00f5es indicam absten\u00e7\u00e3o entre 37,5% e 48% na segunda volta das elei\u00e7\u00f5es presidenciais de hoje.<\/li>\n<li>O intervalo sugerido representa uma participa\u00e7\u00e3o elevada na vota\u00e7\u00e3o.<\/li>\n<li>O conte\u00fado completo est\u00e1 dispon\u00edvel apenas para subscritores.<\/li>\n<\/ul>\n","protected":false},"author":2,"featured_media":204386,"comment_status":"closed","ping_status":"closed","sticky":false,"template":"","format":"standard","meta":{"footnotes":""},"categories":[1,5],"tags":[3412,68,41,2832,3001],"class_list":["post-204384","post","type-post","status-publish","format-standard","has-post-thumbnail","hentry","category-noticias","category-politica","tag-abstencao","tag-eleicoes","tag-noticia","tag-politica","tag-presidenciais"],"yoast_head":"<!-- This site is optimized with the Yoast SEO plugin v27.2 - https:\/\/yoast.com\/product\/yoast-seo-wordpress\/ -->\n<title>Proje\u00e7\u00f5es das televis\u00f5es apontam absten\u00e7\u00e3o entre 37,5% e 48% - Portal Tela Portugal<\/title>\n<meta name=\"robots\" content=\"index, follow, max-snippet:-1, max-image-preview:large, max-video-preview:-1\" \/>\n<meta property=\"og:locale\" content=\"pt_PT\" \/>\n<meta property=\"og:type\" content=\"article\" \/>\n<meta property=\"og:title\" content=\"Proje\u00e7\u00f5es das televis\u00f5es apontam absten\u00e7\u00e3o entre 37,5% e 48% - Portal Tela Portugal\" \/>\n<meta property=\"og:description\" content=\"Proje\u00e7\u00f5es das televis\u00f5es indicam absten\u00e7\u00e3o entre 37,5% e 48% na segunda volta das elei\u00e7\u00f5es presidenciais de hoje. O intervalo sugerido representa uma participa\u00e7\u00e3o elevada na vota\u00e7\u00e3o. O conte\u00fado completo est\u00e1 dispon\u00edvel apenas para subscritores.\" \/>\n<meta property=\"og:url\" content=\"https:\/\/portaltela.pt\/noticias\/2026\/02\/08\/projecoes-das-televisoes-apontam-abstencao-entre-375-e-48\/\" \/>\n<meta property=\"og:site_name\" content=\"Portal Tela Portugal\" \/>\n<meta property=\"article:published_time\" content=\"2026-02-08T19:06:00+00:00\" \/>\n<meta name=\"author\" content=\"Telinha\" \/>\n<meta name=\"twitter:card\" content=\"summary_large_image\" \/>\n<meta name=\"twitter:label1\" content=\"Escrito por\" \/>\n\t<meta name=\"twitter:data1\" content=\"Telinha\" \/>\n<script type=\"application\/ld+json\" class=\"yoast-schema-graph\">{\"@context\":\"https:\/\/schema.org\",\"@graph\":[{\"@type\":\"Article\",\"@id\":\"https:\/\/portaltela.pt\/noticias\/2026\/02\/08\/projecoes-das-televisoes-apontam-abstencao-entre-375-e-48\/#article\",\"isPartOf\":{\"@id\":\"https:\/\/portaltela.pt\/noticias\/2026\/02\/08\/projecoes-das-televisoes-apontam-abstencao-entre-375-e-48\/\"},\"author\":{\"name\":\"Telinha\",\"@id\":\"https:\/\/portaltela.pt\/#\/schema\/person\/c4278d4a6028830caff9ee44b42d32ed\"},\"headline\":\"Proje\u00e7\u00f5es das televis\u00f5es apontam absten\u00e7\u00e3o entre 37,5% e 48%\",\"datePublished\":\"2026-02-08T19:06:00+00:00\",\"mainEntityOfPage\":{\"@id\":\"https:\/\/portaltela.pt\/noticias\/2026\/02\/08\/projecoes-das-televisoes-apontam-abstencao-entre-375-e-48\/\"},\"wordCount\":70,\"image\":{\"@id\":\"https:\/\/portaltela.pt\/noticias\/2026\/02\/08\/projecoes-das-televisoes-apontam-abstencao-entre-375-e-48\/#primaryimage\"},\"thumbnailUrl\":\"https:\/\/portaltela.pt\/s.01k8rhncp4jt1\/2026\/02\/CACHE_780X1200_ANALOG_WATERMARKED_46517794_5762214_08022026052325.jpg\",\"keywords\":[\"absten\u00e7\u00e3o\",\"elei\u00e7\u00f5es\",\"not\u00edcia\",\"pol\u00edtica\",\"Presidenciais\"],\"articleSection\":[\"Not\u00edcias\",\"Pol\u00edtica\"],\"inLanguage\":\"pt-PT\"},{\"@type\":\"WebPage\",\"@id\":\"https:\/\/portaltela.pt\/noticias\/2026\/02\/08\/projecoes-das-televisoes-apontam-abstencao-entre-375-e-48\/\",\"url\":\"https:\/\/portaltela.pt\/noticias\/2026\/02\/08\/projecoes-das-televisoes-apontam-abstencao-entre-375-e-48\/\",\"name\":\"Proje\u00e7\u00f5es das televis\u00f5es apontam absten\u00e7\u00e3o entre 37,5% e 48% - Portal Tela Portugal\",\"isPartOf\":{\"@id\":\"https:\/\/portaltela.pt\/#website\"},\"primaryImageOfPage\":{\"@id\":\"https:\/\/portaltela.pt\/noticias\/2026\/02\/08\/projecoes-das-televisoes-apontam-abstencao-entre-375-e-48\/#primaryimage\"},\"image\":{\"@id\":\"https:\/\/portaltela.pt\/noticias\/2026\/02\/08\/projecoes-das-televisoes-apontam-abstencao-entre-375-e-48\/#primaryimage\"},\"thumbnailUrl\":\"https:\/\/portaltela.pt\/s.01k8rhncp4jt1\/2026\/02\/CACHE_780X1200_ANALOG_WATERMARKED_46517794_5762214_08022026052325.jpg\",\"datePublished\":\"2026-02-08T19:06:00+00:00\",\"author\":{\"@id\":\"https:\/\/portaltela.pt\/#\/schema\/person\/c4278d4a6028830caff9ee44b42d32ed\"},\"breadcrumb\":{\"@id\":\"https:\/\/portaltela.pt\/noticias\/2026\/02\/08\/projecoes-das-televisoes-apontam-abstencao-entre-375-e-48\/#breadcrumb\"},\"inLanguage\":\"pt-PT\",\"potentialAction\":[{\"@type\":\"ReadAction\",\"target\":[\"https:\/\/portaltela.pt\/noticias\/2026\/02\/08\/projecoes-das-televisoes-apontam-abstencao-entre-375-e-48\/\"]}]},{\"@type\":\"ImageObject\",\"inLanguage\":\"pt-PT\",\"@id\":\"https:\/\/portaltela.pt\/noticias\/2026\/02\/08\/projecoes-das-televisoes-apontam-abstencao-entre-375-e-48\/#primaryimage\",\"url\":\"https:\/\/portaltela.pt\/s.01k8rhncp4jt1\/2026\/02\/CACHE_780X1200_ANALOG_WATERMARKED_46517794_5762214_08022026052325.jpg\",\"contentUrl\":\"https:\/\/portaltela.pt\/s.01k8rhncp4jt1\/2026\/02\/CACHE_780X1200_ANALOG_WATERMARKED_46517794_5762214_08022026052325.jpg\",\"width\":796,\"height\":448,\"caption\":\"Proje\u00e7\u00f5es das televis\u00f5es apontam para absten\u00e7\u00e3o entre 37,5 % e os 48%\"},{\"@type\":\"BreadcrumbList\",\"@id\":\"https:\/\/portaltela.pt\/noticias\/2026\/02\/08\/projecoes-das-televisoes-apontam-abstencao-entre-375-e-48\/#breadcrumb\",\"itemListElement\":[{\"@type\":\"ListItem\",\"position\":1,\"name\":\"In\u00edcio\",\"item\":\"https:\/\/portaltela.pt\/\"},{\"@type\":\"ListItem\",\"position\":2,\"name\":\"Proje\u00e7\u00f5es das televis\u00f5es apontam absten\u00e7\u00e3o entre 37,5% e 48%\"}]},{\"@type\":\"WebSite\",\"@id\":\"https:\/\/portaltela.pt\/#website\",\"url\":\"https:\/\/portaltela.pt\/\",\"name\":\"Portal Tela Portugal\",\"description\":\"\",\"potentialAction\":[{\"@type\":\"SearchAction\",\"target\":{\"@type\":\"EntryPoint\",\"urlTemplate\":\"https:\/\/portaltela.pt\/?s={search_term_string}\"},\"query-input\":{\"@type\":\"PropertyValueSpecification\",\"valueRequired\":true,\"valueName\":\"search_term_string\"}}],\"inLanguage\":\"pt-PT\"},{\"@type\":\"Person\",\"@id\":\"https:\/\/portaltela.pt\/#\/schema\/person\/c4278d4a6028830caff9ee44b42d32ed\",\"name\":\"Telinha\",\"image\":{\"@type\":\"ImageObject\",\"inLanguage\":\"pt-PT\",\"@id\":\"https:\/\/portaltela.pt\/s.01k8rhncp4jt1\/2025\/11\/talking-bot-125x125.png\",\"url\":\"https:\/\/portaltela.pt\/s.01k8rhncp4jt1\/2025\/11\/talking-bot-125x125.png\",\"contentUrl\":\"https:\/\/portaltela.pt\/s.01k8rhncp4jt1\/2025\/11\/talking-bot-125x125.png\",\"caption\":\"Telinha\"},\"sameAs\":[\"https:\/\/portaltela.pt\/\"],\"url\":\"https:\/\/portaltela.pt\/por\/367410592786\/\"}]}<\/script>\n<!-- \/ Yoast SEO plugin. -->","yoast_head_json":{"title":"Proje\u00e7\u00f5es das televis\u00f5es apontam absten\u00e7\u00e3o entre 37,5% e 48% - Portal Tela Portugal","robots":{"index":"index","follow":"follow","max-snippet":"max-snippet:-1","max-image-preview":"max-image-preview:large","max-video-preview":"max-video-preview:-1"},"og_locale":"pt_PT","og_type":"article","og_title":"Proje\u00e7\u00f5es das televis\u00f5es apontam absten\u00e7\u00e3o entre 37,5% e 48% - Portal Tela Portugal","og_description":"Proje\u00e7\u00f5es das televis\u00f5es indicam absten\u00e7\u00e3o entre 37,5% e 48% na segunda volta das elei\u00e7\u00f5es presidenciais de hoje. O intervalo sugerido representa uma participa\u00e7\u00e3o elevada na vota\u00e7\u00e3o. O conte\u00fado completo est\u00e1 dispon\u00edvel apenas para subscritores.","og_url":"https:\/\/portaltela.pt\/noticias\/2026\/02\/08\/projecoes-das-televisoes-apontam-abstencao-entre-375-e-48\/","og_site_name":"Portal Tela Portugal","article_published_time":"2026-02-08T19:06:00+00:00","author":"Telinha","twitter_card":"summary_large_image","twitter_misc":{"Escrito por":"Telinha"},"schema":{"@context":"https:\/\/schema.org","@graph":[{"@type":"Article","@id":"https:\/\/portaltela.pt\/noticias\/2026\/02\/08\/projecoes-das-televisoes-apontam-abstencao-entre-375-e-48\/#article","isPartOf":{"@id":"https:\/\/portaltela.pt\/noticias\/2026\/02\/08\/projecoes-das-televisoes-apontam-abstencao-entre-375-e-48\/"},"author":{"name":"Telinha","@id":"https:\/\/portaltela.pt\/#\/schema\/person\/c4278d4a6028830caff9ee44b42d32ed"},"headline":"Proje\u00e7\u00f5es das televis\u00f5es apontam absten\u00e7\u00e3o entre 37,5% e 48%","datePublished":"2026-02-08T19:06:00+00:00","mainEntityOfPage":{"@id":"https:\/\/portaltela.pt\/noticias\/2026\/02\/08\/projecoes-das-televisoes-apontam-abstencao-entre-375-e-48\/"},"wordCount":70,"image":{"@id":"https:\/\/portaltela.pt\/noticias\/2026\/02\/08\/projecoes-das-televisoes-apontam-abstencao-entre-375-e-48\/#primaryimage"},"thumbnailUrl":"https:\/\/portaltela.pt\/s.01k8rhncp4jt1\/2026\/02\/CACHE_780X1200_ANALOG_WATERMARKED_46517794_5762214_08022026052325.jpg","keywords":["absten\u00e7\u00e3o","elei\u00e7\u00f5es","not\u00edcia","pol\u00edtica","Presidenciais"],"articleSection":["Not\u00edcias","Pol\u00edtica"],"inLanguage":"pt-PT"},{"@type":"WebPage","@id":"https:\/\/portaltela.pt\/noticias\/2026\/02\/08\/projecoes-das-televisoes-apontam-abstencao-entre-375-e-48\/","url":"https:\/\/portaltela.pt\/noticias\/2026\/02\/08\/projecoes-das-televisoes-apontam-abstencao-entre-375-e-48\/","name":"Proje\u00e7\u00f5es das televis\u00f5es apontam absten\u00e7\u00e3o entre 37,5% e 48% - Portal Tela Portugal","isPartOf":{"@id":"https:\/\/portaltela.pt\/#website"},"primaryImageOfPage":{"@id":"https:\/\/portaltela.pt\/noticias\/2026\/02\/08\/projecoes-das-televisoes-apontam-abstencao-entre-375-e-48\/#primaryimage"},"image":{"@id":"https:\/\/portaltela.pt\/noticias\/2026\/02\/08\/projecoes-das-televisoes-apontam-abstencao-entre-375-e-48\/#primaryimage"},"thumbnailUrl":"https:\/\/portaltela.pt\/s.01k8rhncp4jt1\/2026\/02\/CACHE_780X1200_ANALOG_WATERMARKED_46517794_5762214_08022026052325.jpg","datePublished":"2026-02-08T19:06:00+00:00","author":{"@id":"https:\/\/portaltela.pt\/#\/schema\/person\/c4278d4a6028830caff9ee44b42d32ed"},"breadcrumb":{"@id":"https:\/\/portaltela.pt\/noticias\/2026\/02\/08\/projecoes-das-televisoes-apontam-abstencao-entre-375-e-48\/#breadcrumb"},"inLanguage":"pt-PT","potentialAction":[{"@type":"ReadAction","target":["https:\/\/portaltela.pt\/noticias\/2026\/02\/08\/projecoes-das-televisoes-apontam-abstencao-entre-375-e-48\/"]}]},{"@type":"ImageObject","inLanguage":"pt-PT","@id":"https:\/\/portaltela.pt\/noticias\/2026\/02\/08\/projecoes-das-televisoes-apontam-abstencao-entre-375-e-48\/#primaryimage","url":"https:\/\/portaltela.pt\/s.01k8rhncp4jt1\/2026\/02\/CACHE_780X1200_ANALOG_WATERMARKED_46517794_5762214_08022026052325.jpg","contentUrl":"https:\/\/portaltela.pt\/s.01k8rhncp4jt1\/2026\/02\/CACHE_780X1200_ANALOG_WATERMARKED_46517794_5762214_08022026052325.jpg","width":796,"height":448,"caption":"Proje\u00e7\u00f5es das televis\u00f5es apontam para absten\u00e7\u00e3o entre 37,5 % e os 48%"},{"@type":"BreadcrumbList","@id":"https:\/\/portaltela.pt\/noticias\/2026\/02\/08\/projecoes-das-televisoes-apontam-abstencao-entre-375-e-48\/#breadcrumb","itemListElement":[{"@type":"ListItem","position":1,"name":"In\u00edcio","item":"https:\/\/portaltela.pt\/"},{"@type":"ListItem","position":2,"name":"Proje\u00e7\u00f5es das televis\u00f5es apontam absten\u00e7\u00e3o entre 37,5% e 48%"}]},{"@type":"WebSite","@id":"https:\/\/portaltela.pt\/#website","url":"https:\/\/portaltela.pt\/","name":"Portal Tela Portugal","description":"","potentialAction":[{"@type":"SearchAction","target":{"@type":"EntryPoint","urlTemplate":"https:\/\/portaltela.pt\/?s={search_term_string}"},"query-input":{"@type":"PropertyValueSpecification","valueRequired":true,"valueName":"search_term_string"}}],"inLanguage":"pt-PT"},{"@type":"Person","@id":"https:\/\/portaltela.pt\/#\/schema\/person\/c4278d4a6028830caff9ee44b42d32ed","name":"Telinha","image":{"@type":"ImageObject","inLanguage":"pt-PT","@id":"https:\/\/portaltela.pt\/s.01k8rhncp4jt1\/2025\/11\/talking-bot-125x125.png","url":"https:\/\/portaltela.pt\/s.01k8rhncp4jt1\/2025\/11\/talking-bot-125x125.png","contentUrl":"https:\/\/portaltela.pt\/s.01k8rhncp4jt1\/2025\/11\/talking-bot-125x125.png","caption":"Telinha"},"sameAs":["https:\/\/portaltela.pt\/"],"url":"https:\/\/portaltela.pt\/por\/367410592786\/"}]}},"_links":{"self":[{"href":"https:\/\/portaltela.pt\/api\/wp\/v2\/posts\/204384","targetHints":{"allow":["GET"]}}],"collection":[{"href":"https:\/\/portaltela.pt\/api\/wp\/v2\/posts"}],"about":[{"href":"https:\/\/portaltela.pt\/api\/wp\/v2\/types\/post"}],"author":[{"embeddable":true,"href":"https:\/\/portaltela.pt\/api\/wp\/v2\/users\/2"}],"replies":[{"embeddable":true,"href":"https:\/\/portaltela.pt\/api\/wp\/v2\/comments?post=204384"}],"version-history":[{"count":0,"href":"https:\/\/portaltela.pt\/api\/wp\/v2\/posts\/204384\/revisions"}],"wp:featuredmedia":[{"embeddable":true,"href":"https:\/\/portaltela.pt\/api\/wp\/v2\/media\/204386"}],"wp:attachment":[{"href":"https:\/\/portaltela.pt\/api\/wp\/v2\/media?parent=204384"}],"wp:term":[{"taxonomy":"category","embeddable":true,"href":"https:\/\/portaltela.pt\/api\/wp\/v2\/categories?post=204384"},{"taxonomy":"post_tag","embeddable":true,"href":"https:\/\/portaltela.pt\/api\/wp\/v2\/tags?post=204384"}],"curies":[{"name":"wp","href":"https:\/\/api.w.org\/{rel}","templated":true}]}}