{"id":204383,"date":"2026-02-08T16:06:00","date_gmt":"2026-02-08T19:06:00","guid":{"rendered":"https:\/\/portaltela.pt\/noticias\/2026\/02\/08\/paul-thomas-anderson-soma-nova-vitoria-na-corrida-aos-oscars\/"},"modified":"2026-02-08T16:06:00","modified_gmt":"2026-02-08T19:06:00","slug":"paul-thomas-anderson-soma-nova-vitoria-na-corrida-aos-oscars","status":"publish","type":"post","link":"https:\/\/portaltela.pt\/noticias\/2026\/02\/08\/paul-thomas-anderson-soma-nova-vitoria-na-corrida-aos-oscars\/","title":{"rendered":"Paul Thomas Anderson soma nova vit\u00f3ria na corrida aos \u00d3scars"},"content":{"rendered":"<p>Paul Thomas Anderson somou mais uma vit\u00f3ria na corrida aos \u00d3scares ao vencer o pr\u00e9mio principal da Directors Guild of America (DGA) no s\u00e1bado, em Beverly Hills. O galard\u00e3o, atribu\u00eddo pelos pares, refor\u00e7a a perspetiva de que o realizador est\u00e1 perto de alcan\u00e7ar a primeira estatueta na cerim\u00f3nia de 2026.<\/p>\n<p>Batalha Atr\u00e1s de Batalha consolidou-se como favorito entre as nomea\u00e7\u00f5es de cinema, com 13 nomea\u00e7\u00f5es na lista de 2026. O filme de Anderson, protagonizado por Leonardo DiCaprio e Sean Penn, \u00e9 visto como uma pe\u00e7a-chave na antec\u00e2mara dos \u00d3scares.<\/p>\n<p>O duelo entre Anderson e Bryan Coogler ganhou forma ap\u00f3s a divulga\u00e7\u00e3o das nomea\u00e7\u00f5es para os \u00d3scares. Pecadores recebeu 16 nomea\u00e7\u00f5es, um recorde superado apenas por t\u00edtulos hist\u00f3ricos. Batalha Atr\u00e1s de Batalha ficou pr\u00f3ximo, com 13.<\/p>\n<p>Al\u00e9m de Anderson e Coogler, estavam nomeados na DGA Josh Safdie, Chlo\u00e9 Zhao e Guillermo del Toro. Na lista de \u00d3scares, Joachim Trier surge na substitui\u00e7\u00e3o de Del Toro, mantendo o grupo de favoritos pr\u00f3ximo da defini\u00e7\u00e3o final.<\/p>\n<p>Neste dia, a cerim\u00f3nia da DGA foi apresentada por Kal Penn, com distin\u00e7\u00f5es a outros profissionais do cinema. O evento abriu caminho para a leitura das probabilidades que se repetem na passadeira para os \u00d3scares, que se realiza a 15 de mar\u00e7o.<\/p>\n","protected":false},"excerpt":{"rendered":"<ul>\n<li>Paul Thomas Anderson ganhou o pr\u00e9mio principal da Directors Guild of America (DGA) com o filme Batalha Atr\u00e1s de Batalha, em Beverly Hills, consolidando-se como principal candidato aos \u00d3scares.<\/li>\n<li>A DGA costuma prever o vencedor da categoria de Melhor Realizador nos \u00d3scares, que decorrem a 15 de mar\u00e7o de 2026.<\/li>\n<li>Anderson soma catorze nomea\u00e7\u00f5es ao longo da carreira, sem ter ainda uma estatueta; Pecadores lidera neste duelo de nomes, com mais indica\u00e7\u00f5es.<\/li>\n<li>Batalha Atr\u00e1s de Batalha recebeu treze nomea\u00e7\u00f5es, confrontando-se com Pecadores, que somou dezasseis indica\u00e7\u00f5es, quebrando o recorde anterior.<\/li>\n<li>O elenco do filme inclui Leonardo di Caprio e Sean Penn; a produ\u00e7\u00e3o j\u00e1 lidera pr\u00e9mios na antec\u00e2mara dos \u00d3scares, como Gotham Awards, Critics Choice Awards e Globos de Ouro.<\/li>\n<\/ul>\n","protected":false},"author":2,"featured_media":204385,"comment_status":"closed","ping_status":"closed","sticky":false,"template":"","format":"standard","meta":{"footnotes":""},"categories":[12,1],"tags":[112,2939,5242,2411,4523,3430],"class_list":["post-204383","post","type-post","status-publish","format-standard","has-post-thumbnail","hentry","category-entretenimento","category-noticias","tag-cinema","tag-direcao","tag-filmes","tag-leonardo-dicaprio","tag-nomeacoes","tag-oscares"],"yoast_head":"<!-- This site is optimized with the Yoast SEO plugin v27.2 - https:\/\/yoast.com\/product\/yoast-seo-wordpress\/ -->\n<title>Paul Thomas Anderson soma nova vit\u00f3ria na corrida aos \u00d3scars - Portal Tela Portugal<\/title>\n<meta name=\"robots\" content=\"index, follow, max-snippet:-1, max-image-preview:large, max-video-preview:-1\" \/>\n<meta property=\"og:locale\" content=\"pt_PT\" \/>\n<meta property=\"og:type\" content=\"article\" \/>\n<meta property=\"og:title\" content=\"Paul Thomas Anderson soma nova vit\u00f3ria na corrida aos \u00d3scars - Portal Tela Portugal\" \/>\n<meta property=\"og:description\" content=\"Paul Thomas Anderson ganhou o pr\u00e9mio principal da Directors Guild of America (DGA) com o filme Batalha Atr\u00e1s de Batalha, em Beverly Hills, consolidando-se como principal candidato aos \u00d3scares. A DGA costuma prever o vencedor da categoria de Melhor Realizador nos \u00d3scares, que decorrem a 15 de mar\u00e7o de 2026. Anderson soma catorze nomea\u00e7\u00f5es ao longo da carreira, sem ter ainda uma estatueta; Pecadores lidera neste duelo de nomes, com mais indica\u00e7\u00f5es. Batalha Atr\u00e1s de Batalha recebeu treze nomea\u00e7\u00f5es, confrontando-se com Pecadores, que somou dezasseis indica\u00e7\u00f5es, quebrando o recorde anterior. O elenco do filme inclui Leonardo di Caprio e Sean Penn; a produ\u00e7\u00e3o j\u00e1 lidera pr\u00e9mios na antec\u00e2mara dos \u00d3scares, como Gotham Awards, Critics Choice Awards e Globos de Ouro.\" \/>\n<meta property=\"og:url\" content=\"https:\/\/portaltela.pt\/noticias\/2026\/02\/08\/paul-thomas-anderson-soma-nova-vitoria-na-corrida-aos-oscars\/\" \/>\n<meta property=\"og:site_name\" content=\"Portal Tela Portugal\" \/>\n<meta property=\"article:published_time\" content=\"2026-02-08T19:06:00+00:00\" \/>\n<meta name=\"author\" content=\"Telinha\" \/>\n<meta name=\"twitter:card\" content=\"summary_large_image\" \/>\n<meta name=\"twitter:label1\" content=\"Escrito por\" \/>\n\t<meta name=\"twitter:data1\" content=\"Telinha\" \/>\n\t<meta name=\"twitter:label2\" content=\"Tempo estimado de leitura\" \/>\n\t<meta name=\"twitter:data2\" content=\"1 minuto\" \/>\n<script type=\"application\/ld+json\" class=\"yoast-schema-graph\">{\"@context\":\"https:\/\/schema.org\",\"@graph\":[{\"@type\":\"Article\",\"@id\":\"https:\/\/portaltela.pt\/noticias\/2026\/02\/08\/paul-thomas-anderson-soma-nova-vitoria-na-corrida-aos-oscars\/#article\",\"isPartOf\":{\"@id\":\"https:\/\/portaltela.pt\/noticias\/2026\/02\/08\/paul-thomas-anderson-soma-nova-vitoria-na-corrida-aos-oscars\/\"},\"author\":{\"name\":\"Telinha\",\"@id\":\"https:\/\/portaltela.pt\/#\/schema\/person\/c4278d4a6028830caff9ee44b42d32ed\"},\"headline\":\"Paul Thomas Anderson soma nova vit\u00f3ria na corrida aos \u00d3scars\",\"datePublished\":\"2026-02-08T19:06:00+00:00\",\"mainEntityOfPage\":{\"@id\":\"https:\/\/portaltela.pt\/noticias\/2026\/02\/08\/paul-thomas-anderson-soma-nova-vitoria-na-corrida-aos-oscars\/\"},\"wordCount\":237,\"image\":{\"@id\":\"https:\/\/portaltela.pt\/noticias\/2026\/02\/08\/paul-thomas-anderson-soma-nova-vitoria-na-corrida-aos-oscars\/#primaryimage\"},\"thumbnailUrl\":\"https:\/\/portaltela.pt\/s.01k8rhncp4jt1\/2026\/02\/2065620.jpg\",\"keywords\":[\"cinema\",\"Dire\u00e7\u00e3o\",\"filmes\",\"Leonardo DiCaprio\",\"nomea\u00e7\u00f5es\",\"\u00d3scares\"],\"articleSection\":[\"Entretenimento\",\"Not\u00edcias\"],\"inLanguage\":\"pt-PT\"},{\"@type\":\"WebPage\",\"@id\":\"https:\/\/portaltela.pt\/noticias\/2026\/02\/08\/paul-thomas-anderson-soma-nova-vitoria-na-corrida-aos-oscars\/\",\"url\":\"https:\/\/portaltela.pt\/noticias\/2026\/02\/08\/paul-thomas-anderson-soma-nova-vitoria-na-corrida-aos-oscars\/\",\"name\":\"Paul Thomas Anderson soma nova vit\u00f3ria na corrida aos \u00d3scars - Portal Tela Portugal\",\"isPartOf\":{\"@id\":\"https:\/\/portaltela.pt\/#website\"},\"primaryImageOfPage\":{\"@id\":\"https:\/\/portaltela.pt\/noticias\/2026\/02\/08\/paul-thomas-anderson-soma-nova-vitoria-na-corrida-aos-oscars\/#primaryimage\"},\"image\":{\"@id\":\"https:\/\/portaltela.pt\/noticias\/2026\/02\/08\/paul-thomas-anderson-soma-nova-vitoria-na-corrida-aos-oscars\/#primaryimage\"},\"thumbnailUrl\":\"https:\/\/portaltela.pt\/s.01k8rhncp4jt1\/2026\/02\/2065620.jpg\",\"datePublished\":\"2026-02-08T19:06:00+00:00\",\"author\":{\"@id\":\"https:\/\/portaltela.pt\/#\/schema\/person\/c4278d4a6028830caff9ee44b42d32ed\"},\"breadcrumb\":{\"@id\":\"https:\/\/portaltela.pt\/noticias\/2026\/02\/08\/paul-thomas-anderson-soma-nova-vitoria-na-corrida-aos-oscars\/#breadcrumb\"},\"inLanguage\":\"pt-PT\",\"potentialAction\":[{\"@type\":\"ReadAction\",\"target\":[\"https:\/\/portaltela.pt\/noticias\/2026\/02\/08\/paul-thomas-anderson-soma-nova-vitoria-na-corrida-aos-oscars\/\"]}]},{\"@type\":\"ImageObject\",\"inLanguage\":\"pt-PT\",\"@id\":\"https:\/\/portaltela.pt\/noticias\/2026\/02\/08\/paul-thomas-anderson-soma-nova-vitoria-na-corrida-aos-oscars\/#primaryimage\",\"url\":\"https:\/\/portaltela.pt\/s.01k8rhncp4jt1\/2026\/02\/2065620.jpg\",\"contentUrl\":\"https:\/\/portaltela.pt\/s.01k8rhncp4jt1\/2026\/02\/2065620.jpg\",\"width\":796,\"height\":448,\"caption\":\"Paul Thomas Anderson saiu tamb\u00e9m vitorioso nos Golden Globes, em Janeiro\"},{\"@type\":\"BreadcrumbList\",\"@id\":\"https:\/\/portaltela.pt\/noticias\/2026\/02\/08\/paul-thomas-anderson-soma-nova-vitoria-na-corrida-aos-oscars\/#breadcrumb\",\"itemListElement\":[{\"@type\":\"ListItem\",\"position\":1,\"name\":\"In\u00edcio\",\"item\":\"https:\/\/portaltela.pt\/\"},{\"@type\":\"ListItem\",\"position\":2,\"name\":\"Paul Thomas Anderson soma nova vit\u00f3ria na corrida aos \u00d3scars\"}]},{\"@type\":\"WebSite\",\"@id\":\"https:\/\/portaltela.pt\/#website\",\"url\":\"https:\/\/portaltela.pt\/\",\"name\":\"Portal Tela Portugal\",\"description\":\"\",\"potentialAction\":[{\"@type\":\"SearchAction\",\"target\":{\"@type\":\"EntryPoint\",\"urlTemplate\":\"https:\/\/portaltela.pt\/?s={search_term_string}\"},\"query-input\":{\"@type\":\"PropertyValueSpecification\",\"valueRequired\":true,\"valueName\":\"search_term_string\"}}],\"inLanguage\":\"pt-PT\"},{\"@type\":\"Person\",\"@id\":\"https:\/\/portaltela.pt\/#\/schema\/person\/c4278d4a6028830caff9ee44b42d32ed\",\"name\":\"Telinha\",\"image\":{\"@type\":\"ImageObject\",\"inLanguage\":\"pt-PT\",\"@id\":\"https:\/\/portaltela.pt\/s.01k8rhncp4jt1\/2025\/11\/talking-bot-125x125.png\",\"url\":\"https:\/\/portaltela.pt\/s.01k8rhncp4jt1\/2025\/11\/talking-bot-125x125.png\",\"contentUrl\":\"https:\/\/portaltela.pt\/s.01k8rhncp4jt1\/2025\/11\/talking-bot-125x125.png\",\"caption\":\"Telinha\"},\"sameAs\":[\"https:\/\/portaltela.pt\/\"],\"url\":\"https:\/\/portaltela.pt\/por\/367410592786\/\"}]}<\/script>\n<!-- \/ Yoast SEO plugin. -->","yoast_head_json":{"title":"Paul Thomas Anderson soma nova vit\u00f3ria na corrida aos \u00d3scars - Portal Tela Portugal","robots":{"index":"index","follow":"follow","max-snippet":"max-snippet:-1","max-image-preview":"max-image-preview:large","max-video-preview":"max-video-preview:-1"},"og_locale":"pt_PT","og_type":"article","og_title":"Paul Thomas Anderson soma nova vit\u00f3ria na corrida aos \u00d3scars - Portal Tela Portugal","og_description":"Paul Thomas Anderson ganhou o pr\u00e9mio principal da Directors Guild of America (DGA) com o filme Batalha Atr\u00e1s de Batalha, em Beverly Hills, consolidando-se como principal candidato aos \u00d3scares. A DGA costuma prever o vencedor da categoria de Melhor Realizador nos \u00d3scares, que decorrem a 15 de mar\u00e7o de 2026. Anderson soma catorze nomea\u00e7\u00f5es ao longo da carreira, sem ter ainda uma estatueta; Pecadores lidera neste duelo de nomes, com mais indica\u00e7\u00f5es. Batalha Atr\u00e1s de Batalha recebeu treze nomea\u00e7\u00f5es, confrontando-se com Pecadores, que somou dezasseis indica\u00e7\u00f5es, quebrando o recorde anterior. O elenco do filme inclui Leonardo di Caprio e Sean Penn; a produ\u00e7\u00e3o j\u00e1 lidera pr\u00e9mios na antec\u00e2mara dos \u00d3scares, como Gotham Awards, Critics Choice Awards e Globos de Ouro.","og_url":"https:\/\/portaltela.pt\/noticias\/2026\/02\/08\/paul-thomas-anderson-soma-nova-vitoria-na-corrida-aos-oscars\/","og_site_name":"Portal Tela Portugal","article_published_time":"2026-02-08T19:06:00+00:00","author":"Telinha","twitter_card":"summary_large_image","twitter_misc":{"Escrito por":"Telinha","Tempo estimado de leitura":"1 minuto"},"schema":{"@context":"https:\/\/schema.org","@graph":[{"@type":"Article","@id":"https:\/\/portaltela.pt\/noticias\/2026\/02\/08\/paul-thomas-anderson-soma-nova-vitoria-na-corrida-aos-oscars\/#article","isPartOf":{"@id":"https:\/\/portaltela.pt\/noticias\/2026\/02\/08\/paul-thomas-anderson-soma-nova-vitoria-na-corrida-aos-oscars\/"},"author":{"name":"Telinha","@id":"https:\/\/portaltela.pt\/#\/schema\/person\/c4278d4a6028830caff9ee44b42d32ed"},"headline":"Paul Thomas Anderson soma nova vit\u00f3ria na corrida aos \u00d3scars","datePublished":"2026-02-08T19:06:00+00:00","mainEntityOfPage":{"@id":"https:\/\/portaltela.pt\/noticias\/2026\/02\/08\/paul-thomas-anderson-soma-nova-vitoria-na-corrida-aos-oscars\/"},"wordCount":237,"image":{"@id":"https:\/\/portaltela.pt\/noticias\/2026\/02\/08\/paul-thomas-anderson-soma-nova-vitoria-na-corrida-aos-oscars\/#primaryimage"},"thumbnailUrl":"https:\/\/portaltela.pt\/s.01k8rhncp4jt1\/2026\/02\/2065620.jpg","keywords":["cinema","Dire\u00e7\u00e3o","filmes","Leonardo DiCaprio","nomea\u00e7\u00f5es","\u00d3scares"],"articleSection":["Entretenimento","Not\u00edcias"],"inLanguage":"pt-PT"},{"@type":"WebPage","@id":"https:\/\/portaltela.pt\/noticias\/2026\/02\/08\/paul-thomas-anderson-soma-nova-vitoria-na-corrida-aos-oscars\/","url":"https:\/\/portaltela.pt\/noticias\/2026\/02\/08\/paul-thomas-anderson-soma-nova-vitoria-na-corrida-aos-oscars\/","name":"Paul Thomas Anderson soma nova vit\u00f3ria na corrida aos \u00d3scars - Portal Tela Portugal","isPartOf":{"@id":"https:\/\/portaltela.pt\/#website"},"primaryImageOfPage":{"@id":"https:\/\/portaltela.pt\/noticias\/2026\/02\/08\/paul-thomas-anderson-soma-nova-vitoria-na-corrida-aos-oscars\/#primaryimage"},"image":{"@id":"https:\/\/portaltela.pt\/noticias\/2026\/02\/08\/paul-thomas-anderson-soma-nova-vitoria-na-corrida-aos-oscars\/#primaryimage"},"thumbnailUrl":"https:\/\/portaltela.pt\/s.01k8rhncp4jt1\/2026\/02\/2065620.jpg","datePublished":"2026-02-08T19:06:00+00:00","author":{"@id":"https:\/\/portaltela.pt\/#\/schema\/person\/c4278d4a6028830caff9ee44b42d32ed"},"breadcrumb":{"@id":"https:\/\/portaltela.pt\/noticias\/2026\/02\/08\/paul-thomas-anderson-soma-nova-vitoria-na-corrida-aos-oscars\/#breadcrumb"},"inLanguage":"pt-PT","potentialAction":[{"@type":"ReadAction","target":["https:\/\/portaltela.pt\/noticias\/2026\/02\/08\/paul-thomas-anderson-soma-nova-vitoria-na-corrida-aos-oscars\/"]}]},{"@type":"ImageObject","inLanguage":"pt-PT","@id":"https:\/\/portaltela.pt\/noticias\/2026\/02\/08\/paul-thomas-anderson-soma-nova-vitoria-na-corrida-aos-oscars\/#primaryimage","url":"https:\/\/portaltela.pt\/s.01k8rhncp4jt1\/2026\/02\/2065620.jpg","contentUrl":"https:\/\/portaltela.pt\/s.01k8rhncp4jt1\/2026\/02\/2065620.jpg","width":796,"height":448,"caption":"Paul Thomas Anderson saiu tamb\u00e9m vitorioso nos Golden Globes, em Janeiro"},{"@type":"BreadcrumbList","@id":"https:\/\/portaltela.pt\/noticias\/2026\/02\/08\/paul-thomas-anderson-soma-nova-vitoria-na-corrida-aos-oscars\/#breadcrumb","itemListElement":[{"@type":"ListItem","position":1,"name":"In\u00edcio","item":"https:\/\/portaltela.pt\/"},{"@type":"ListItem","position":2,"name":"Paul Thomas Anderson soma nova vit\u00f3ria na corrida aos \u00d3scars"}]},{"@type":"WebSite","@id":"https:\/\/portaltela.pt\/#website","url":"https:\/\/portaltela.pt\/","name":"Portal Tela Portugal","description":"","potentialAction":[{"@type":"SearchAction","target":{"@type":"EntryPoint","urlTemplate":"https:\/\/portaltela.pt\/?s={search_term_string}"},"query-input":{"@type":"PropertyValueSpecification","valueRequired":true,"valueName":"search_term_string"}}],"inLanguage":"pt-PT"},{"@type":"Person","@id":"https:\/\/portaltela.pt\/#\/schema\/person\/c4278d4a6028830caff9ee44b42d32ed","name":"Telinha","image":{"@type":"ImageObject","inLanguage":"pt-PT","@id":"https:\/\/portaltela.pt\/s.01k8rhncp4jt1\/2025\/11\/talking-bot-125x125.png","url":"https:\/\/portaltela.pt\/s.01k8rhncp4jt1\/2025\/11\/talking-bot-125x125.png","contentUrl":"https:\/\/portaltela.pt\/s.01k8rhncp4jt1\/2025\/11\/talking-bot-125x125.png","caption":"Telinha"},"sameAs":["https:\/\/portaltela.pt\/"],"url":"https:\/\/portaltela.pt\/por\/367410592786\/"}]}},"_links":{"self":[{"href":"https:\/\/portaltela.pt\/api\/wp\/v2\/posts\/204383","targetHints":{"allow":["GET"]}}],"collection":[{"href":"https:\/\/portaltela.pt\/api\/wp\/v2\/posts"}],"about":[{"href":"https:\/\/portaltela.pt\/api\/wp\/v2\/types\/post"}],"author":[{"embeddable":true,"href":"https:\/\/portaltela.pt\/api\/wp\/v2\/users\/2"}],"replies":[{"embeddable":true,"href":"https:\/\/portaltela.pt\/api\/wp\/v2\/comments?post=204383"}],"version-history":[{"count":0,"href":"https:\/\/portaltela.pt\/api\/wp\/v2\/posts\/204383\/revisions"}],"wp:featuredmedia":[{"embeddable":true,"href":"https:\/\/portaltela.pt\/api\/wp\/v2\/media\/204385"}],"wp:attachment":[{"href":"https:\/\/portaltela.pt\/api\/wp\/v2\/media?parent=204383"}],"wp:term":[{"taxonomy":"category","embeddable":true,"href":"https:\/\/portaltela.pt\/api\/wp\/v2\/categories?post=204383"},{"taxonomy":"post_tag","embeddable":true,"href":"https:\/\/portaltela.pt\/api\/wp\/v2\/tags?post=204383"}],"curies":[{"name":"wp","href":"https:\/\/api.w.org\/{rel}","templated":true}]}}