{"id":204377,"date":"2026-02-08T16:02:00","date_gmt":"2026-02-08T19:02:00","guid":{"rendered":"https:\/\/portaltela.pt\/noticias\/2026\/02\/08\/braga-e-benfica-sagraram-se-campeoes-europeus-de-corta-mato\/"},"modified":"2026-02-08T16:02:00","modified_gmt":"2026-02-08T19:02:00","slug":"braga-e-benfica-sagraram-se-campeoes-europeus-de-corta-mato","status":"publish","type":"post","link":"https:\/\/portaltela.pt\/desporto\/2026\/02\/08\/braga-e-benfica-sagraram-se-campeoes-europeus-de-corta-mato\/","title":{"rendered":"Braga e Benfica sagraram-se campe\u00f5es europeus de corta-mato"},"content":{"rendered":"<p>O Sporting de Braga, na prova feminina, e o Benfica, na estafeta mista, sagraram-se este domingo campe\u00f5es europeus de corta-mato, repetindo os triunfos de 2025. A competi\u00e7\u00e3o ocorreu na Aldeia das A\u00e7oteias, em Albufeira, integrada no Crosse das Amendoeiras em Flor.<\/p>\n<p>A vit\u00f3ria permite a revalida\u00e7\u00e3o do t\u00edtulo conquistado na \u00e9poca 2024\/25, elevando o palmar\u00e9s do Braga para nove diplomas europeus no corta-mato feminino.<\/p>\n<h3>Campe\u00f5es e resultados<\/h3>\n<p>A runner queniana Jackline Rotich destacou-se ao vencer o ouro individual, contribuindo decisivamente para o t\u00edtulo do Braga. Mariana Machado ficou em 6.\u00ba, Laura Taborda em 10.\u00ba e Solange Jesus em 21.\u00ba, completando a participa\u00e7\u00e3o feminina minhota.<\/p>\n<p>O Benfica repetiu o triunfo na estafeta mista, com a contagem de ouro garantida por Isaac Nader, Etson Barros, Teresiah Gatieri e Salom\u00e9 Afonso. O Sporting ficou com a prata na estafeta mista, com Nuno Pereira, Jos\u00e9 Pinto, Patr\u00edcia Silva e Purity Chepkirui.<\/p>\n<p>Na prova de seniores masculinos, o Sporting terminou na 4.\u00aa posi\u00e7\u00e3o, com Charles Rotich a conquistar o bronze individual. Duarte Gomes ficou em 14.\u00ba e Rui Pinto em 15.\u00ba. O Benfica foi 6.\u00ba coletivamente, com Victor Kimosop em 4.\u00ba, Miguel Moreira em 23.\u00ba e Samuel Barata em 31.\u00ba.<\/p>\n<p>Nos sub-20, o Sporting conquistou a prata coletiva. Franline Kibet conquistou o ouro individual, Dinis Ferreira ficou com o bronze coletivo, enquanto Afonso Oliveira chegou na 29.\u00aa posi\u00e7\u00e3o e Bernardo Arvelos, na 66.\u00aa.<\/p>\n","protected":false},"excerpt":{"rendered":"<ul>\n<li>Braga, na prova feminina, sagra-se campe\u00e3 europeia de corta-mato em Albufeira, repetindo o t\u00edtulo de 2025.<\/li>\n<li>Benfica conquista o ouro na estafeta mista, repetindo tamb\u00e9m a vit\u00f3ria de 2025.<\/li>\n<li>Sportings Braga soma prata na estafeta mista e prata nos juniores masculinos; o DNA fica com bronze.<\/li>\n<li>Nos seniores masculinos, o Sporting fica em quarto lugar, com Charles Rotich a ganhar bronze individual; o Benfica fica em sexto e Victor Kimosop em quarto.<\/li>\n<li>Nos sub\u201120, o Sporting conquista prata coletiva, com Franline Kibet (ouro individual) e Dinis Ferreira (bronze).<\/li>\n<\/ul>\n","protected":false},"author":2,"featured_media":204378,"comment_status":"closed","ping_status":"closed","sticky":false,"template":"","format":"standard","meta":{"footnotes":""},"categories":[21],"tags":[1202,137,1946,1207,4527,2487],"class_list":["post-204377","post","type-post","status-publish","format-standard","has-post-thumbnail","hentry","category-desporto","tag-albufeira","tag-atletismo","tag-benfica","tag-braga","tag-corta-mato","tag-europa"],"yoast_head":"<!-- This site is optimized with the Yoast SEO plugin v27.2 - https:\/\/yoast.com\/product\/yoast-seo-wordpress\/ -->\n<title>Braga e Benfica sagraram-se campe\u00f5es europeus de corta-mato - Portal Tela Portugal<\/title>\n<meta name=\"robots\" content=\"index, follow, max-snippet:-1, max-image-preview:large, max-video-preview:-1\" \/>\n<meta property=\"og:locale\" content=\"pt_PT\" \/>\n<meta property=\"og:type\" content=\"article\" \/>\n<meta property=\"og:title\" content=\"Braga e Benfica sagraram-se campe\u00f5es europeus de corta-mato - Portal Tela Portugal\" \/>\n<meta property=\"og:description\" content=\"Braga, na prova feminina, sagra-se campe\u00e3 europeia de corta-mato em Albufeira, repetindo o t\u00edtulo de 2025. Benfica conquista o ouro na estafeta mista, repetindo tamb\u00e9m a vit\u00f3ria de 2025. Sportings Braga soma prata na estafeta mista e prata nos juniores masculinos; o DNA fica com bronze. Nos seniores masculinos, o Sporting fica em quarto lugar, com Charles Rotich a ganhar bronze individual; o Benfica fica em sexto e Victor Kimosop em quarto. Nos sub\u201120, o Sporting conquista prata coletiva, com Franline Kibet (ouro individual) e Dinis Ferreira (bronze).\" \/>\n<meta property=\"og:url\" content=\"https:\/\/portaltela.pt\/noticias\/2026\/02\/08\/braga-e-benfica-sagraram-se-campeoes-europeus-de-corta-mato\/\" \/>\n<meta property=\"og:site_name\" content=\"Portal Tela Portugal\" \/>\n<meta property=\"article:published_time\" content=\"2026-02-08T19:02:00+00:00\" \/>\n<meta name=\"author\" content=\"Telinha\" \/>\n<meta name=\"twitter:card\" content=\"summary_large_image\" \/>\n<meta name=\"twitter:label1\" content=\"Escrito por\" \/>\n\t<meta name=\"twitter:data1\" content=\"Telinha\" \/>\n\t<meta name=\"twitter:label2\" content=\"Tempo estimado de leitura\" \/>\n\t<meta name=\"twitter:data2\" content=\"1 minuto\" \/>\n<script type=\"application\/ld+json\" class=\"yoast-schema-graph\">{\"@context\":\"https:\/\/schema.org\",\"@graph\":[{\"@type\":\"Article\",\"@id\":\"https:\/\/portaltela.pt\/noticias\/2026\/02\/08\/braga-e-benfica-sagraram-se-campeoes-europeus-de-corta-mato\/#article\",\"isPartOf\":{\"@id\":\"https:\/\/portaltela.pt\/noticias\/2026\/02\/08\/braga-e-benfica-sagraram-se-campeoes-europeus-de-corta-mato\/\"},\"author\":{\"name\":\"Telinha\",\"@id\":\"https:\/\/portaltela.pt\/#\/schema\/person\/c4278d4a6028830caff9ee44b42d32ed\"},\"headline\":\"Braga e Benfica sagraram-se campe\u00f5es europeus de corta-mato\",\"datePublished\":\"2026-02-08T19:02:00+00:00\",\"mainEntityOfPage\":{\"@id\":\"https:\/\/portaltela.pt\/noticias\/2026\/02\/08\/braga-e-benfica-sagraram-se-campeoes-europeus-de-corta-mato\/\"},\"wordCount\":236,\"image\":{\"@id\":\"https:\/\/portaltela.pt\/noticias\/2026\/02\/08\/braga-e-benfica-sagraram-se-campeoes-europeus-de-corta-mato\/#primaryimage\"},\"thumbnailUrl\":\"https:\/\/portaltela.pt\/s.01k8rhncp4jt1\/2026\/02\/9df48ec4-6200-45c0-b4d1-e11d6bebcd32_1200x675.jpg\",\"keywords\":[\"Albufeira\",\"atletismo\",\"Benfica\",\"Braga\",\"corta-mato\",\"Europa\"],\"articleSection\":[\"Desporto\"],\"inLanguage\":\"pt-PT\"},{\"@type\":\"WebPage\",\"@id\":\"https:\/\/portaltela.pt\/noticias\/2026\/02\/08\/braga-e-benfica-sagraram-se-campeoes-europeus-de-corta-mato\/\",\"url\":\"https:\/\/portaltela.pt\/noticias\/2026\/02\/08\/braga-e-benfica-sagraram-se-campeoes-europeus-de-corta-mato\/\",\"name\":\"Braga e Benfica sagraram-se campe\u00f5es europeus de corta-mato - Portal Tela Portugal\",\"isPartOf\":{\"@id\":\"https:\/\/portaltela.pt\/#website\"},\"primaryImageOfPage\":{\"@id\":\"https:\/\/portaltela.pt\/noticias\/2026\/02\/08\/braga-e-benfica-sagraram-se-campeoes-europeus-de-corta-mato\/#primaryimage\"},\"image\":{\"@id\":\"https:\/\/portaltela.pt\/noticias\/2026\/02\/08\/braga-e-benfica-sagraram-se-campeoes-europeus-de-corta-mato\/#primaryimage\"},\"thumbnailUrl\":\"https:\/\/portaltela.pt\/s.01k8rhncp4jt1\/2026\/02\/9df48ec4-6200-45c0-b4d1-e11d6bebcd32_1200x675.jpg\",\"datePublished\":\"2026-02-08T19:02:00+00:00\",\"author\":{\"@id\":\"https:\/\/portaltela.pt\/#\/schema\/person\/c4278d4a6028830caff9ee44b42d32ed\"},\"breadcrumb\":{\"@id\":\"https:\/\/portaltela.pt\/noticias\/2026\/02\/08\/braga-e-benfica-sagraram-se-campeoes-europeus-de-corta-mato\/#breadcrumb\"},\"inLanguage\":\"pt-PT\",\"potentialAction\":[{\"@type\":\"ReadAction\",\"target\":[\"https:\/\/portaltela.pt\/noticias\/2026\/02\/08\/braga-e-benfica-sagraram-se-campeoes-europeus-de-corta-mato\/\"]}]},{\"@type\":\"ImageObject\",\"inLanguage\":\"pt-PT\",\"@id\":\"https:\/\/portaltela.pt\/noticias\/2026\/02\/08\/braga-e-benfica-sagraram-se-campeoes-europeus-de-corta-mato\/#primaryimage\",\"url\":\"https:\/\/portaltela.pt\/s.01k8rhncp4jt1\/2026\/02\/9df48ec4-6200-45c0-b4d1-e11d6bebcd32_1200x675.jpg\",\"contentUrl\":\"https:\/\/portaltela.pt\/s.01k8rhncp4jt1\/2026\/02\/9df48ec4-6200-45c0-b4d1-e11d6bebcd32_1200x675.jpg\",\"width\":796,\"height\":448,\"caption\":\"Portugueses em destaque na prova\"},{\"@type\":\"BreadcrumbList\",\"@id\":\"https:\/\/portaltela.pt\/noticias\/2026\/02\/08\/braga-e-benfica-sagraram-se-campeoes-europeus-de-corta-mato\/#breadcrumb\",\"itemListElement\":[{\"@type\":\"ListItem\",\"position\":1,\"name\":\"In\u00edcio\",\"item\":\"https:\/\/portaltela.pt\/\"},{\"@type\":\"ListItem\",\"position\":2,\"name\":\"Braga e Benfica sagraram-se campe\u00f5es europeus de corta-mato\"}]},{\"@type\":\"WebSite\",\"@id\":\"https:\/\/portaltela.pt\/#website\",\"url\":\"https:\/\/portaltela.pt\/\",\"name\":\"Portal Tela Portugal\",\"description\":\"\",\"potentialAction\":[{\"@type\":\"SearchAction\",\"target\":{\"@type\":\"EntryPoint\",\"urlTemplate\":\"https:\/\/portaltela.pt\/?s={search_term_string}\"},\"query-input\":{\"@type\":\"PropertyValueSpecification\",\"valueRequired\":true,\"valueName\":\"search_term_string\"}}],\"inLanguage\":\"pt-PT\"},{\"@type\":\"Person\",\"@id\":\"https:\/\/portaltela.pt\/#\/schema\/person\/c4278d4a6028830caff9ee44b42d32ed\",\"name\":\"Telinha\",\"image\":{\"@type\":\"ImageObject\",\"inLanguage\":\"pt-PT\",\"@id\":\"https:\/\/portaltela.pt\/s.01k8rhncp4jt1\/2025\/11\/talking-bot-125x125.png\",\"url\":\"https:\/\/portaltela.pt\/s.01k8rhncp4jt1\/2025\/11\/talking-bot-125x125.png\",\"contentUrl\":\"https:\/\/portaltela.pt\/s.01k8rhncp4jt1\/2025\/11\/talking-bot-125x125.png\",\"caption\":\"Telinha\"},\"sameAs\":[\"https:\/\/portaltela.pt\/\"],\"url\":\"https:\/\/portaltela.pt\/por\/367410592786\/\"}]}<\/script>\n<!-- \/ Yoast SEO plugin. -->","yoast_head_json":{"title":"Braga e Benfica sagraram-se campe\u00f5es europeus de corta-mato - Portal Tela Portugal","robots":{"index":"index","follow":"follow","max-snippet":"max-snippet:-1","max-image-preview":"max-image-preview:large","max-video-preview":"max-video-preview:-1"},"og_locale":"pt_PT","og_type":"article","og_title":"Braga e Benfica sagraram-se campe\u00f5es europeus de corta-mato - Portal Tela Portugal","og_description":"Braga, na prova feminina, sagra-se campe\u00e3 europeia de corta-mato em Albufeira, repetindo o t\u00edtulo de 2025. Benfica conquista o ouro na estafeta mista, repetindo tamb\u00e9m a vit\u00f3ria de 2025. Sportings Braga soma prata na estafeta mista e prata nos juniores masculinos; o DNA fica com bronze. Nos seniores masculinos, o Sporting fica em quarto lugar, com Charles Rotich a ganhar bronze individual; o Benfica fica em sexto e Victor Kimosop em quarto. Nos sub\u201120, o Sporting conquista prata coletiva, com Franline Kibet (ouro individual) e Dinis Ferreira (bronze).","og_url":"https:\/\/portaltela.pt\/noticias\/2026\/02\/08\/braga-e-benfica-sagraram-se-campeoes-europeus-de-corta-mato\/","og_site_name":"Portal Tela Portugal","article_published_time":"2026-02-08T19:02:00+00:00","author":"Telinha","twitter_card":"summary_large_image","twitter_misc":{"Escrito por":"Telinha","Tempo estimado de leitura":"1 minuto"},"schema":{"@context":"https:\/\/schema.org","@graph":[{"@type":"Article","@id":"https:\/\/portaltela.pt\/noticias\/2026\/02\/08\/braga-e-benfica-sagraram-se-campeoes-europeus-de-corta-mato\/#article","isPartOf":{"@id":"https:\/\/portaltela.pt\/noticias\/2026\/02\/08\/braga-e-benfica-sagraram-se-campeoes-europeus-de-corta-mato\/"},"author":{"name":"Telinha","@id":"https:\/\/portaltela.pt\/#\/schema\/person\/c4278d4a6028830caff9ee44b42d32ed"},"headline":"Braga e Benfica sagraram-se campe\u00f5es europeus de corta-mato","datePublished":"2026-02-08T19:02:00+00:00","mainEntityOfPage":{"@id":"https:\/\/portaltela.pt\/noticias\/2026\/02\/08\/braga-e-benfica-sagraram-se-campeoes-europeus-de-corta-mato\/"},"wordCount":236,"image":{"@id":"https:\/\/portaltela.pt\/noticias\/2026\/02\/08\/braga-e-benfica-sagraram-se-campeoes-europeus-de-corta-mato\/#primaryimage"},"thumbnailUrl":"https:\/\/portaltela.pt\/s.01k8rhncp4jt1\/2026\/02\/9df48ec4-6200-45c0-b4d1-e11d6bebcd32_1200x675.jpg","keywords":["Albufeira","atletismo","Benfica","Braga","corta-mato","Europa"],"articleSection":["Desporto"],"inLanguage":"pt-PT"},{"@type":"WebPage","@id":"https:\/\/portaltela.pt\/noticias\/2026\/02\/08\/braga-e-benfica-sagraram-se-campeoes-europeus-de-corta-mato\/","url":"https:\/\/portaltela.pt\/noticias\/2026\/02\/08\/braga-e-benfica-sagraram-se-campeoes-europeus-de-corta-mato\/","name":"Braga e Benfica sagraram-se campe\u00f5es europeus de corta-mato - Portal Tela Portugal","isPartOf":{"@id":"https:\/\/portaltela.pt\/#website"},"primaryImageOfPage":{"@id":"https:\/\/portaltela.pt\/noticias\/2026\/02\/08\/braga-e-benfica-sagraram-se-campeoes-europeus-de-corta-mato\/#primaryimage"},"image":{"@id":"https:\/\/portaltela.pt\/noticias\/2026\/02\/08\/braga-e-benfica-sagraram-se-campeoes-europeus-de-corta-mato\/#primaryimage"},"thumbnailUrl":"https:\/\/portaltela.pt\/s.01k8rhncp4jt1\/2026\/02\/9df48ec4-6200-45c0-b4d1-e11d6bebcd32_1200x675.jpg","datePublished":"2026-02-08T19:02:00+00:00","author":{"@id":"https:\/\/portaltela.pt\/#\/schema\/person\/c4278d4a6028830caff9ee44b42d32ed"},"breadcrumb":{"@id":"https:\/\/portaltela.pt\/noticias\/2026\/02\/08\/braga-e-benfica-sagraram-se-campeoes-europeus-de-corta-mato\/#breadcrumb"},"inLanguage":"pt-PT","potentialAction":[{"@type":"ReadAction","target":["https:\/\/portaltela.pt\/noticias\/2026\/02\/08\/braga-e-benfica-sagraram-se-campeoes-europeus-de-corta-mato\/"]}]},{"@type":"ImageObject","inLanguage":"pt-PT","@id":"https:\/\/portaltela.pt\/noticias\/2026\/02\/08\/braga-e-benfica-sagraram-se-campeoes-europeus-de-corta-mato\/#primaryimage","url":"https:\/\/portaltela.pt\/s.01k8rhncp4jt1\/2026\/02\/9df48ec4-6200-45c0-b4d1-e11d6bebcd32_1200x675.jpg","contentUrl":"https:\/\/portaltela.pt\/s.01k8rhncp4jt1\/2026\/02\/9df48ec4-6200-45c0-b4d1-e11d6bebcd32_1200x675.jpg","width":796,"height":448,"caption":"Portugueses em destaque na prova"},{"@type":"BreadcrumbList","@id":"https:\/\/portaltela.pt\/noticias\/2026\/02\/08\/braga-e-benfica-sagraram-se-campeoes-europeus-de-corta-mato\/#breadcrumb","itemListElement":[{"@type":"ListItem","position":1,"name":"In\u00edcio","item":"https:\/\/portaltela.pt\/"},{"@type":"ListItem","position":2,"name":"Braga e Benfica sagraram-se campe\u00f5es europeus de corta-mato"}]},{"@type":"WebSite","@id":"https:\/\/portaltela.pt\/#website","url":"https:\/\/portaltela.pt\/","name":"Portal Tela Portugal","description":"","potentialAction":[{"@type":"SearchAction","target":{"@type":"EntryPoint","urlTemplate":"https:\/\/portaltela.pt\/?s={search_term_string}"},"query-input":{"@type":"PropertyValueSpecification","valueRequired":true,"valueName":"search_term_string"}}],"inLanguage":"pt-PT"},{"@type":"Person","@id":"https:\/\/portaltela.pt\/#\/schema\/person\/c4278d4a6028830caff9ee44b42d32ed","name":"Telinha","image":{"@type":"ImageObject","inLanguage":"pt-PT","@id":"https:\/\/portaltela.pt\/s.01k8rhncp4jt1\/2025\/11\/talking-bot-125x125.png","url":"https:\/\/portaltela.pt\/s.01k8rhncp4jt1\/2025\/11\/talking-bot-125x125.png","contentUrl":"https:\/\/portaltela.pt\/s.01k8rhncp4jt1\/2025\/11\/talking-bot-125x125.png","caption":"Telinha"},"sameAs":["https:\/\/portaltela.pt\/"],"url":"https:\/\/portaltela.pt\/por\/367410592786\/"}]}},"_links":{"self":[{"href":"https:\/\/portaltela.pt\/api\/wp\/v2\/posts\/204377","targetHints":{"allow":["GET"]}}],"collection":[{"href":"https:\/\/portaltela.pt\/api\/wp\/v2\/posts"}],"about":[{"href":"https:\/\/portaltela.pt\/api\/wp\/v2\/types\/post"}],"author":[{"embeddable":true,"href":"https:\/\/portaltela.pt\/api\/wp\/v2\/users\/2"}],"replies":[{"embeddable":true,"href":"https:\/\/portaltela.pt\/api\/wp\/v2\/comments?post=204377"}],"version-history":[{"count":0,"href":"https:\/\/portaltela.pt\/api\/wp\/v2\/posts\/204377\/revisions"}],"wp:featuredmedia":[{"embeddable":true,"href":"https:\/\/portaltela.pt\/api\/wp\/v2\/media\/204378"}],"wp:attachment":[{"href":"https:\/\/portaltela.pt\/api\/wp\/v2\/media?parent=204377"}],"wp:term":[{"taxonomy":"category","embeddable":true,"href":"https:\/\/portaltela.pt\/api\/wp\/v2\/categories?post=204377"},{"taxonomy":"post_tag","embeddable":true,"href":"https:\/\/portaltela.pt\/api\/wp\/v2\/tags?post=204377"}],"curies":[{"name":"wp","href":"https:\/\/api.w.org\/{rel}","templated":true}]}}