{"id":204375,"date":"2026-02-08T15:57:15","date_gmt":"2026-02-08T18:57:15","guid":{"rendered":"https:\/\/portaltela.pt\/noticias\/2026\/02\/08\/claudio-ramos-alvo-de-insultos-homofobos-durante-incidente\/"},"modified":"2026-02-08T15:57:15","modified_gmt":"2026-02-08T18:57:15","slug":"claudio-ramos-alvo-de-insultos-homofobos-durante-incidente","status":"publish","type":"post","link":"https:\/\/portaltela.pt\/noticias\/2026\/02\/08\/claudio-ramos-alvo-de-insultos-homofobos-durante-incidente\/","title":{"rendered":"Cl\u00e1udio Ramos alvo de insultos homof\u00f3bos durante incidente"},"content":{"rendered":"<p>Cl\u00e1udio Ramos foi alvo de uma vaga de insultos nas redes sociais ap\u00f3s o epis\u00f3dio em que \u00e9 acusado de ter feito bullying a Helena Laureano, em direto no programa Dois \u00e0s 10, da TVI. A pol\u00eamica ganhou notoriedade nas plataformas digitais.<\/p>\n<p>O apresentador reagiu, chamando a onda de ataques de uma hipot\u00e9tica \u201conda de carinho civilizado\u201d e afirmou estar habituado a lidar com o escrut\u00ednio online. Disse que coment\u00e1rios desse tipo n\u00e3o o afetam, apenas fazem-no refletir.<\/p>\n<p>Segundo Ramos, as mensagens recebidas inclu\u00edram termos ofensivos com conota\u00e7\u00f5es homof\u00f3bicas e desvaloriza\u00e7\u00f5es pessoais, o que o levou a considerar o impacto do incidente para si e para o p\u00fablico. Referiu ainda que a discuss\u00e3o evoluiu de forma desproporcionada.<\/p>\n<p>Helena Laureano foi convidada para o Dois \u00e0s 10 por Cristina Ferreira, na \u00faltima sexta-feira. Na abertura do programa, o apresentador questionou a modelo sobre aspetos da sua apar\u00eancia, tendo em conta a pol\u00e9mica que envolveu Ramos.<\/p>\n<h3>Rea\u00e7\u00e3o e contexto<\/h3>\n<p>Entre apoiantes e cr\u00edticos, o tema divide opini\u00f5es sobre o tratamento dado aos convidados e \u00e0 discuss\u00e3o em direto. A situa\u00e7\u00e3o evidencia a tens\u00e3o entre apresentadores, convidados e a audi\u00eancia nas plataformas digitais.<\/p>\n","protected":false},"excerpt":{"rendered":"<ul>\n<li>Cl\u00e1udio Ramos foi alvo de insultos nas redes sociais ap\u00f3s ter sido acusado de bullying a Helena Laureano, em direto no programa Dois \u00e0s 10, da TVI, com mensagens como \u201cbicha velha, gay mis\u00f3gino, ignorante, parasita, lambe-botas\u201d.<\/li>\n<li>O apresentador reagiu \u00e0 \u201conda de carinho civilizado\u201d, dizendo que est\u00e1 acostumado a lidar com esgoto virtual e que esse tipo de elogios n\u00e3o aquece nem arrefece.<\/li>\n<li>Ramos criticou quem ficou incomodado com a situa\u00e7\u00e3o, dizendo que alguns pioraram as coisas e dizendo: \u201csejam brancos, amarelos, sejam gay, heteros, bi ou n\u00e3o\u2026 o problema \u00e9 vosso\u201d.<\/li>\n<li>Acrescentou que as pessoas devem ser felizes e fazer o que quiserem, desde que n\u00e3o prejudiquem os outros, desejando sa\u00fade e paz a todos.<\/li>\n<li>Lembrar que Helena Laureano esteve no Dois \u00e0s 10 na sexta-feira, com a conversa a come\u00e7ar pela pergunta de Ramos sobre mudan\u00e7as f\u00edsicas, chamando as coisas pelos nomes.<\/li>\n<\/ul>\n","protected":false},"author":2,"featured_media":204376,"comment_status":"closed","ping_status":"closed","sticky":false,"template":"","format":"standard","meta":{"footnotes":""},"categories":[12,1],"tags":[3200,1039,1695,1904,78,2780],"class_list":["post-204375","post","type-post","status-publish","format-standard","has-post-thumbnail","hentry","category-entretenimento","category-noticias","tag-assedio","tag-assedio-sexista","tag-discriminacao","tag-discurso-de-odio","tag-famosos","tag-transmissoes-televisivas"],"yoast_head":"<!-- This site is optimized with the Yoast SEO plugin v27.2 - https:\/\/yoast.com\/product\/yoast-seo-wordpress\/ -->\n<title>Cl\u00e1udio Ramos alvo de insultos homof\u00f3bos durante incidente - Portal Tela Portugal<\/title>\n<meta name=\"robots\" content=\"index, follow, max-snippet:-1, max-image-preview:large, max-video-preview:-1\" \/>\n<meta property=\"og:locale\" content=\"pt_PT\" \/>\n<meta property=\"og:type\" content=\"article\" \/>\n<meta property=\"og:title\" content=\"Cl\u00e1udio Ramos alvo de insultos homof\u00f3bos durante incidente - Portal Tela Portugal\" \/>\n<meta property=\"og:description\" content=\"Cl\u00e1udio Ramos foi alvo de insultos nas redes sociais ap\u00f3s ter sido acusado de bullying a Helena Laureano, em direto no programa Dois \u00e0s 10, da TVI, com mensagens como \u201cbicha velha, gay mis\u00f3gino, ignorante, parasita, lambe-botas\u201d. O apresentador reagiu \u00e0 \u201conda de carinho civilizado\u201d, dizendo que est\u00e1 acostumado a lidar com esgoto virtual e que esse tipo de elogios n\u00e3o aquece nem arrefece. Ramos criticou quem ficou incomodado com a situa\u00e7\u00e3o, dizendo que alguns pioraram as coisas e dizendo: \u201csejam brancos, amarelos, sejam gay, heteros, bi ou n\u00e3o\u2026 o problema \u00e9 vosso\u201d. Acrescentou que as pessoas devem ser felizes e fazer o que quiserem, desde que n\u00e3o prejudiquem os outros, desejando sa\u00fade e paz a todos. Lembrar que Helena Laureano esteve no Dois \u00e0s 10 na sexta-feira, com a conversa a come\u00e7ar pela pergunta de Ramos sobre mudan\u00e7as f\u00edsicas, chamando as coisas pelos nomes.\" \/>\n<meta property=\"og:url\" content=\"https:\/\/portaltela.pt\/noticias\/2026\/02\/08\/claudio-ramos-alvo-de-insultos-homofobos-durante-incidente\/\" \/>\n<meta property=\"og:site_name\" content=\"Portal Tela Portugal\" \/>\n<meta property=\"article:published_time\" content=\"2026-02-08T18:57:15+00:00\" \/>\n<meta name=\"author\" content=\"Telinha\" \/>\n<meta name=\"twitter:card\" content=\"summary_large_image\" \/>\n<meta name=\"twitter:label1\" content=\"Escrito por\" \/>\n\t<meta name=\"twitter:data1\" content=\"Telinha\" \/>\n\t<meta name=\"twitter:label2\" content=\"Tempo estimado de leitura\" \/>\n\t<meta name=\"twitter:data2\" content=\"1 minuto\" \/>\n<script type=\"application\/ld+json\" class=\"yoast-schema-graph\">{\"@context\":\"https:\/\/schema.org\",\"@graph\":[{\"@type\":\"Article\",\"@id\":\"https:\/\/portaltela.pt\/noticias\/2026\/02\/08\/claudio-ramos-alvo-de-insultos-homofobos-durante-incidente\/#article\",\"isPartOf\":{\"@id\":\"https:\/\/portaltela.pt\/noticias\/2026\/02\/08\/claudio-ramos-alvo-de-insultos-homofobos-durante-incidente\/\"},\"author\":{\"name\":\"Telinha\",\"@id\":\"https:\/\/portaltela.pt\/#\/schema\/person\/c4278d4a6028830caff9ee44b42d32ed\"},\"headline\":\"Cl\u00e1udio Ramos alvo de insultos homof\u00f3bos durante incidente\",\"datePublished\":\"2026-02-08T18:57:15+00:00\",\"mainEntityOfPage\":{\"@id\":\"https:\/\/portaltela.pt\/noticias\/2026\/02\/08\/claudio-ramos-alvo-de-insultos-homofobos-durante-incidente\/\"},\"wordCount\":219,\"image\":{\"@id\":\"https:\/\/portaltela.pt\/noticias\/2026\/02\/08\/claudio-ramos-alvo-de-insultos-homofobos-durante-incidente\/#primaryimage\"},\"thumbnailUrl\":\"https:\/\/portaltela.pt\/s.01k8rhncp4jt1\/2026\/02\/img_1500x1000uu2025-10-19-11-51-46-2242569-im-639061735314920426.jpg\",\"keywords\":[\"ass\u00e9dio\",\"ass\u00e9dio sexista\",\"discrimina\u00e7\u00e3o\",\"discurso de \u00f3dio\",\"famosos\",\"transmiss\u00f5es televisivas\"],\"articleSection\":[\"Entretenimento\",\"Not\u00edcias\"],\"inLanguage\":\"pt-PT\"},{\"@type\":\"WebPage\",\"@id\":\"https:\/\/portaltela.pt\/noticias\/2026\/02\/08\/claudio-ramos-alvo-de-insultos-homofobos-durante-incidente\/\",\"url\":\"https:\/\/portaltela.pt\/noticias\/2026\/02\/08\/claudio-ramos-alvo-de-insultos-homofobos-durante-incidente\/\",\"name\":\"Cl\u00e1udio Ramos alvo de insultos homof\u00f3bos durante incidente - Portal Tela Portugal\",\"isPartOf\":{\"@id\":\"https:\/\/portaltela.pt\/#website\"},\"primaryImageOfPage\":{\"@id\":\"https:\/\/portaltela.pt\/noticias\/2026\/02\/08\/claudio-ramos-alvo-de-insultos-homofobos-durante-incidente\/#primaryimage\"},\"image\":{\"@id\":\"https:\/\/portaltela.pt\/noticias\/2026\/02\/08\/claudio-ramos-alvo-de-insultos-homofobos-durante-incidente\/#primaryimage\"},\"thumbnailUrl\":\"https:\/\/portaltela.pt\/s.01k8rhncp4jt1\/2026\/02\/img_1500x1000uu2025-10-19-11-51-46-2242569-im-639061735314920426.jpg\",\"datePublished\":\"2026-02-08T18:57:15+00:00\",\"author\":{\"@id\":\"https:\/\/portaltela.pt\/#\/schema\/person\/c4278d4a6028830caff9ee44b42d32ed\"},\"breadcrumb\":{\"@id\":\"https:\/\/portaltela.pt\/noticias\/2026\/02\/08\/claudio-ramos-alvo-de-insultos-homofobos-durante-incidente\/#breadcrumb\"},\"inLanguage\":\"pt-PT\",\"potentialAction\":[{\"@type\":\"ReadAction\",\"target\":[\"https:\/\/portaltela.pt\/noticias\/2026\/02\/08\/claudio-ramos-alvo-de-insultos-homofobos-durante-incidente\/\"]}]},{\"@type\":\"ImageObject\",\"inLanguage\":\"pt-PT\",\"@id\":\"https:\/\/portaltela.pt\/noticias\/2026\/02\/08\/claudio-ramos-alvo-de-insultos-homofobos-durante-incidente\/#primaryimage\",\"url\":\"https:\/\/portaltela.pt\/s.01k8rhncp4jt1\/2026\/02\/img_1500x1000uu2025-10-19-11-51-46-2242569-im-639061735314920426.jpg\",\"contentUrl\":\"https:\/\/portaltela.pt\/s.01k8rhncp4jt1\/2026\/02\/img_1500x1000uu2025-10-19-11-51-46-2242569-im-639061735314920426.jpg\",\"width\":796,\"height\":448,\"caption\":\"Cl\u00e1udio Ramos\"},{\"@type\":\"BreadcrumbList\",\"@id\":\"https:\/\/portaltela.pt\/noticias\/2026\/02\/08\/claudio-ramos-alvo-de-insultos-homofobos-durante-incidente\/#breadcrumb\",\"itemListElement\":[{\"@type\":\"ListItem\",\"position\":1,\"name\":\"In\u00edcio\",\"item\":\"https:\/\/portaltela.pt\/\"},{\"@type\":\"ListItem\",\"position\":2,\"name\":\"Cl\u00e1udio Ramos alvo de insultos homof\u00f3bos durante incidente\"}]},{\"@type\":\"WebSite\",\"@id\":\"https:\/\/portaltela.pt\/#website\",\"url\":\"https:\/\/portaltela.pt\/\",\"name\":\"Portal Tela Portugal\",\"description\":\"\",\"potentialAction\":[{\"@type\":\"SearchAction\",\"target\":{\"@type\":\"EntryPoint\",\"urlTemplate\":\"https:\/\/portaltela.pt\/?s={search_term_string}\"},\"query-input\":{\"@type\":\"PropertyValueSpecification\",\"valueRequired\":true,\"valueName\":\"search_term_string\"}}],\"inLanguage\":\"pt-PT\"},{\"@type\":\"Person\",\"@id\":\"https:\/\/portaltela.pt\/#\/schema\/person\/c4278d4a6028830caff9ee44b42d32ed\",\"name\":\"Telinha\",\"image\":{\"@type\":\"ImageObject\",\"inLanguage\":\"pt-PT\",\"@id\":\"https:\/\/portaltela.pt\/s.01k8rhncp4jt1\/2025\/11\/talking-bot-125x125.png\",\"url\":\"https:\/\/portaltela.pt\/s.01k8rhncp4jt1\/2025\/11\/talking-bot-125x125.png\",\"contentUrl\":\"https:\/\/portaltela.pt\/s.01k8rhncp4jt1\/2025\/11\/talking-bot-125x125.png\",\"caption\":\"Telinha\"},\"sameAs\":[\"https:\/\/portaltela.pt\/\"],\"url\":\"https:\/\/portaltela.pt\/por\/367410592786\/\"}]}<\/script>\n<!-- \/ Yoast SEO plugin. -->","yoast_head_json":{"title":"Cl\u00e1udio Ramos alvo de insultos homof\u00f3bos durante incidente - Portal Tela Portugal","robots":{"index":"index","follow":"follow","max-snippet":"max-snippet:-1","max-image-preview":"max-image-preview:large","max-video-preview":"max-video-preview:-1"},"og_locale":"pt_PT","og_type":"article","og_title":"Cl\u00e1udio Ramos alvo de insultos homof\u00f3bos durante incidente - Portal Tela Portugal","og_description":"Cl\u00e1udio Ramos foi alvo de insultos nas redes sociais ap\u00f3s ter sido acusado de bullying a Helena Laureano, em direto no programa Dois \u00e0s 10, da TVI, com mensagens como \u201cbicha velha, gay mis\u00f3gino, ignorante, parasita, lambe-botas\u201d. O apresentador reagiu \u00e0 \u201conda de carinho civilizado\u201d, dizendo que est\u00e1 acostumado a lidar com esgoto virtual e que esse tipo de elogios n\u00e3o aquece nem arrefece. Ramos criticou quem ficou incomodado com a situa\u00e7\u00e3o, dizendo que alguns pioraram as coisas e dizendo: \u201csejam brancos, amarelos, sejam gay, heteros, bi ou n\u00e3o\u2026 o problema \u00e9 vosso\u201d. Acrescentou que as pessoas devem ser felizes e fazer o que quiserem, desde que n\u00e3o prejudiquem os outros, desejando sa\u00fade e paz a todos. Lembrar que Helena Laureano esteve no Dois \u00e0s 10 na sexta-feira, com a conversa a come\u00e7ar pela pergunta de Ramos sobre mudan\u00e7as f\u00edsicas, chamando as coisas pelos nomes.","og_url":"https:\/\/portaltela.pt\/noticias\/2026\/02\/08\/claudio-ramos-alvo-de-insultos-homofobos-durante-incidente\/","og_site_name":"Portal Tela Portugal","article_published_time":"2026-02-08T18:57:15+00:00","author":"Telinha","twitter_card":"summary_large_image","twitter_misc":{"Escrito por":"Telinha","Tempo estimado de leitura":"1 minuto"},"schema":{"@context":"https:\/\/schema.org","@graph":[{"@type":"Article","@id":"https:\/\/portaltela.pt\/noticias\/2026\/02\/08\/claudio-ramos-alvo-de-insultos-homofobos-durante-incidente\/#article","isPartOf":{"@id":"https:\/\/portaltela.pt\/noticias\/2026\/02\/08\/claudio-ramos-alvo-de-insultos-homofobos-durante-incidente\/"},"author":{"name":"Telinha","@id":"https:\/\/portaltela.pt\/#\/schema\/person\/c4278d4a6028830caff9ee44b42d32ed"},"headline":"Cl\u00e1udio Ramos alvo de insultos homof\u00f3bos durante incidente","datePublished":"2026-02-08T18:57:15+00:00","mainEntityOfPage":{"@id":"https:\/\/portaltela.pt\/noticias\/2026\/02\/08\/claudio-ramos-alvo-de-insultos-homofobos-durante-incidente\/"},"wordCount":219,"image":{"@id":"https:\/\/portaltela.pt\/noticias\/2026\/02\/08\/claudio-ramos-alvo-de-insultos-homofobos-durante-incidente\/#primaryimage"},"thumbnailUrl":"https:\/\/portaltela.pt\/s.01k8rhncp4jt1\/2026\/02\/img_1500x1000uu2025-10-19-11-51-46-2242569-im-639061735314920426.jpg","keywords":["ass\u00e9dio","ass\u00e9dio sexista","discrimina\u00e7\u00e3o","discurso de \u00f3dio","famosos","transmiss\u00f5es televisivas"],"articleSection":["Entretenimento","Not\u00edcias"],"inLanguage":"pt-PT"},{"@type":"WebPage","@id":"https:\/\/portaltela.pt\/noticias\/2026\/02\/08\/claudio-ramos-alvo-de-insultos-homofobos-durante-incidente\/","url":"https:\/\/portaltela.pt\/noticias\/2026\/02\/08\/claudio-ramos-alvo-de-insultos-homofobos-durante-incidente\/","name":"Cl\u00e1udio Ramos alvo de insultos homof\u00f3bos durante incidente - Portal Tela Portugal","isPartOf":{"@id":"https:\/\/portaltela.pt\/#website"},"primaryImageOfPage":{"@id":"https:\/\/portaltela.pt\/noticias\/2026\/02\/08\/claudio-ramos-alvo-de-insultos-homofobos-durante-incidente\/#primaryimage"},"image":{"@id":"https:\/\/portaltela.pt\/noticias\/2026\/02\/08\/claudio-ramos-alvo-de-insultos-homofobos-durante-incidente\/#primaryimage"},"thumbnailUrl":"https:\/\/portaltela.pt\/s.01k8rhncp4jt1\/2026\/02\/img_1500x1000uu2025-10-19-11-51-46-2242569-im-639061735314920426.jpg","datePublished":"2026-02-08T18:57:15+00:00","author":{"@id":"https:\/\/portaltela.pt\/#\/schema\/person\/c4278d4a6028830caff9ee44b42d32ed"},"breadcrumb":{"@id":"https:\/\/portaltela.pt\/noticias\/2026\/02\/08\/claudio-ramos-alvo-de-insultos-homofobos-durante-incidente\/#breadcrumb"},"inLanguage":"pt-PT","potentialAction":[{"@type":"ReadAction","target":["https:\/\/portaltela.pt\/noticias\/2026\/02\/08\/claudio-ramos-alvo-de-insultos-homofobos-durante-incidente\/"]}]},{"@type":"ImageObject","inLanguage":"pt-PT","@id":"https:\/\/portaltela.pt\/noticias\/2026\/02\/08\/claudio-ramos-alvo-de-insultos-homofobos-durante-incidente\/#primaryimage","url":"https:\/\/portaltela.pt\/s.01k8rhncp4jt1\/2026\/02\/img_1500x1000uu2025-10-19-11-51-46-2242569-im-639061735314920426.jpg","contentUrl":"https:\/\/portaltela.pt\/s.01k8rhncp4jt1\/2026\/02\/img_1500x1000uu2025-10-19-11-51-46-2242569-im-639061735314920426.jpg","width":796,"height":448,"caption":"Cl\u00e1udio Ramos"},{"@type":"BreadcrumbList","@id":"https:\/\/portaltela.pt\/noticias\/2026\/02\/08\/claudio-ramos-alvo-de-insultos-homofobos-durante-incidente\/#breadcrumb","itemListElement":[{"@type":"ListItem","position":1,"name":"In\u00edcio","item":"https:\/\/portaltela.pt\/"},{"@type":"ListItem","position":2,"name":"Cl\u00e1udio Ramos alvo de insultos homof\u00f3bos durante incidente"}]},{"@type":"WebSite","@id":"https:\/\/portaltela.pt\/#website","url":"https:\/\/portaltela.pt\/","name":"Portal Tela Portugal","description":"","potentialAction":[{"@type":"SearchAction","target":{"@type":"EntryPoint","urlTemplate":"https:\/\/portaltela.pt\/?s={search_term_string}"},"query-input":{"@type":"PropertyValueSpecification","valueRequired":true,"valueName":"search_term_string"}}],"inLanguage":"pt-PT"},{"@type":"Person","@id":"https:\/\/portaltela.pt\/#\/schema\/person\/c4278d4a6028830caff9ee44b42d32ed","name":"Telinha","image":{"@type":"ImageObject","inLanguage":"pt-PT","@id":"https:\/\/portaltela.pt\/s.01k8rhncp4jt1\/2025\/11\/talking-bot-125x125.png","url":"https:\/\/portaltela.pt\/s.01k8rhncp4jt1\/2025\/11\/talking-bot-125x125.png","contentUrl":"https:\/\/portaltela.pt\/s.01k8rhncp4jt1\/2025\/11\/talking-bot-125x125.png","caption":"Telinha"},"sameAs":["https:\/\/portaltela.pt\/"],"url":"https:\/\/portaltela.pt\/por\/367410592786\/"}]}},"_links":{"self":[{"href":"https:\/\/portaltela.pt\/api\/wp\/v2\/posts\/204375","targetHints":{"allow":["GET"]}}],"collection":[{"href":"https:\/\/portaltela.pt\/api\/wp\/v2\/posts"}],"about":[{"href":"https:\/\/portaltela.pt\/api\/wp\/v2\/types\/post"}],"author":[{"embeddable":true,"href":"https:\/\/portaltela.pt\/api\/wp\/v2\/users\/2"}],"replies":[{"embeddable":true,"href":"https:\/\/portaltela.pt\/api\/wp\/v2\/comments?post=204375"}],"version-history":[{"count":0,"href":"https:\/\/portaltela.pt\/api\/wp\/v2\/posts\/204375\/revisions"}],"wp:featuredmedia":[{"embeddable":true,"href":"https:\/\/portaltela.pt\/api\/wp\/v2\/media\/204376"}],"wp:attachment":[{"href":"https:\/\/portaltela.pt\/api\/wp\/v2\/media?parent=204375"}],"wp:term":[{"taxonomy":"category","embeddable":true,"href":"https:\/\/portaltela.pt\/api\/wp\/v2\/categories?post=204375"},{"taxonomy":"post_tag","embeddable":true,"href":"https:\/\/portaltela.pt\/api\/wp\/v2\/tags?post=204375"}],"curies":[{"name":"wp","href":"https:\/\/api.w.org\/{rel}","templated":true}]}}