{"id":204353,"date":"2026-02-08T15:30:00","date_gmt":"2026-02-08T18:30:00","guid":{"rendered":"https:\/\/portaltela.pt\/noticias\/2026\/02\/08\/benfica-rejeita-acusacoes-do-avanca-e-denuncia-falta-de-lisura\/"},"modified":"2026-02-08T15:30:00","modified_gmt":"2026-02-08T18:30:00","slug":"benfica-rejeita-acusacoes-do-avanca-e-denuncia-falta-de-lisura","status":"publish","type":"post","link":"https:\/\/portaltela.pt\/desporto\/2026\/02\/08\/benfica-rejeita-acusacoes-do-avanca-e-denuncia-falta-de-lisura\/","title":{"rendered":"Benfica rejeita acusa\u00e7\u00f5es do Avanca e denuncia falta de lisura"},"content":{"rendered":"<p>O Benfica reagiu \u00e0s cr\u00edticas emitidas pelo Avanca ap\u00f3s a elimina\u00e7\u00e3o nos 16 avos de final da Ta\u00e7a de Portugal de andebol, devido \u00e0 inutiliza\u00e7\u00e3o do pavil\u00e3o de Estarreja. O clube de Lisboa sustenta que o encontro, marcado para 4 de fevereiro, n\u00e3o reuniu condi\u00e7\u00f5es adequadas e que a equipa deslocou-se pela segunda vez a Avanca para retomar a eliminat\u00f3ria, suportando todos os custos log\u00edsticos e financeiros. A decis\u00e3o de encerrar a partida, no dia 7 de fevereiro, alegadamente seguiu o relat\u00f3rio da delegada de jogo e da arbitragem, que consideraram impr\u00f3prias as condi\u00e7\u00f5es do pavil\u00e3o.<\/p>\n<p>O Avanca acusa a Federa\u00e7\u00e3o de Andebol de Portugal (FAP) e o Benfica de responsabilidades em rela\u00e7\u00e3o ao ocorrido e \u00e0 gest\u00e3o do encontro. O clube de Estarreja sustenta que as condi\u00e7\u00f5es do pavil\u00e3o invocadas na altura impediram a realiza\u00e7\u00e3o do jogo, repetidamente, e que houve falta de divulga\u00e7\u00e3o de informa\u00e7\u00f5es sobre mudan\u00e7as de datas e locais para outros encontros.<\/p>\n<h3>Contexto do jogo<\/h3>\n<p>O emblema encarnado recorda que o embate esteve suspenso aos 5 minutos e que j\u00e1 venciam por 2-4 antes da interrup\u00e7\u00e3o, tendo utilizado o deslocamento adicional para manter a eliminat\u00f3ria em aberto. A equipa sublinha que as condi\u00e7\u00f5es atmosf\u00e9ricas e outras circunst\u00e2ncias contribu\u00edram para a necessidade de reagendamento, sem que isso fosse tema de comunica\u00e7\u00e3o pr\u00e9via para outras partidas.<\/p>\n<h3>Controv\u00e9rsia entre clubes<\/h3>\n<p>O Benfica afirma que h\u00e1 altera\u00e7\u00f5es de jogos com outras equipas sem divulga\u00e7\u00e3o, o que, na leitura do clube, evidencia falta de lisura por parte do Avanca. O clube refere ainda que n\u00e3o pode pactuar com acusa\u00e7\u00f5es que entende falsas e desproporcionadas sobre o comportamento da sua equipa e atletas, reiterando o compromisso com a verdade e com a transpar\u00eancia.<\/p>\n<p>O clube de Lisboa deixa igual solidariedade aos que enfrentam dificuldades devido \u00e0s condi\u00e7\u00f5es meteorol\u00f3gicas, destacando a sua participa\u00e7\u00e3o na campanha da Funda\u00e7\u00e3o Benfica para apoiar quem precisa. O texto sublinha ainda que a institui\u00e7\u00e3o continuar\u00e1 a atuar na linha da frente em situa\u00e7\u00f5es de necessidade.<\/p>\n","protected":false},"excerpt":{"rendered":"<ul>\n<li>O Sport Lisboa e Benfica repudiou acusa\u00e7\u00f5es da Associa\u00e7\u00e3o Art\u00edstica de Avanca sobre o jogo da Ta\u00e7a de Portugal de andebol, considerando o tom difamat\u00f3rio.<\/li>\n<li>O encontro, suspenso aos cinco minutos por falta de condi\u00e7\u00f5es do pavilh\u00e3o, foi retomado pela segunda vez em Avanca, com Benfica a suportar custos log\u00edsticos e financeiros.<\/li>\n<li>No dia sete de fevereiro, a delegada do jogo e a arbitragem entenderam que o pavilh\u00e3o n\u00e3o reunia condi\u00e7\u00f5es, levando \u00e0 aplica\u00e7\u00e3o do regulamento pela Federa\u00e7\u00e3o de Andebol de Portugal.<\/li>\n<li>O Benfica afirma que j\u00e1 n\u00e3o \u00e9 a primeira vez que o pavilh\u00e3o de Avanca apresenta falta de condi\u00e7\u00f5es para jogos oficiais, independentemente das condi\u00e7\u00f5es meteorol\u00f3gicas.<\/li>\n<li>O clube encerra com solidariedade \u00e0s pessoas afetadas pela intemp\u00e9rie e menciona a campanha da Funda\u00e7\u00e3o Benfica.<\/li>\n<\/ul>\n","protected":false},"author":2,"featured_media":204356,"comment_status":"closed","ping_status":"closed","sticky":false,"template":"","format":"standard","meta":{"footnotes":""},"categories":[21],"tags":[180,1289,3572,1946,5647,1266],"class_list":["post-204353","post","type-post","status-publish","format-standard","has-post-thumbnail","hentry","category-desporto","tag-andebol","tag-arbitragem","tag-avanca","tag-benfica","tag-fundacao-benfica","tag-taca-de-portugal"],"yoast_head":"<!-- This site is optimized with the Yoast SEO plugin v27.2 - https:\/\/yoast.com\/product\/yoast-seo-wordpress\/ -->\n<title>Benfica rejeita acusa\u00e7\u00f5es do Avanca e denuncia falta de lisura - Portal Tela Portugal<\/title>\n<meta name=\"robots\" content=\"index, follow, max-snippet:-1, max-image-preview:large, max-video-preview:-1\" \/>\n<meta property=\"og:locale\" content=\"pt_PT\" \/>\n<meta property=\"og:type\" content=\"article\" \/>\n<meta property=\"og:title\" content=\"Benfica rejeita acusa\u00e7\u00f5es do Avanca e denuncia falta de lisura - Portal Tela Portugal\" \/>\n<meta property=\"og:description\" content=\"O Sport Lisboa e Benfica repudiou acusa\u00e7\u00f5es da Associa\u00e7\u00e3o Art\u00edstica de Avanca sobre o jogo da Ta\u00e7a de Portugal de andebol, considerando o tom difamat\u00f3rio. O encontro, suspenso aos cinco minutos por falta de condi\u00e7\u00f5es do pavilh\u00e3o, foi retomado pela segunda vez em Avanca, com Benfica a suportar custos log\u00edsticos e financeiros. No dia sete de fevereiro, a delegada do jogo e a arbitragem entenderam que o pavilh\u00e3o n\u00e3o reunia condi\u00e7\u00f5es, levando \u00e0 aplica\u00e7\u00e3o do regulamento pela Federa\u00e7\u00e3o de Andebol de Portugal. O Benfica afirma que j\u00e1 n\u00e3o \u00e9 a primeira vez que o pavilh\u00e3o de Avanca apresenta falta de condi\u00e7\u00f5es para jogos oficiais, independentemente das condi\u00e7\u00f5es meteorol\u00f3gicas. O clube encerra com solidariedade \u00e0s pessoas afetadas pela intemp\u00e9rie e menciona a campanha da Funda\u00e7\u00e3o Benfica.\" \/>\n<meta property=\"og:url\" content=\"https:\/\/portaltela.pt\/noticias\/2026\/02\/08\/benfica-rejeita-acusacoes-do-avanca-e-denuncia-falta-de-lisura\/\" \/>\n<meta property=\"og:site_name\" content=\"Portal Tela Portugal\" \/>\n<meta property=\"article:published_time\" content=\"2026-02-08T18:30:00+00:00\" \/>\n<meta name=\"author\" content=\"Telinha\" \/>\n<meta name=\"twitter:card\" content=\"summary_large_image\" \/>\n<meta name=\"twitter:label1\" content=\"Escrito por\" \/>\n\t<meta name=\"twitter:data1\" content=\"Telinha\" \/>\n\t<meta name=\"twitter:label2\" content=\"Tempo estimado de leitura\" \/>\n\t<meta name=\"twitter:data2\" content=\"2 minutos\" \/>\n<script type=\"application\/ld+json\" class=\"yoast-schema-graph\">{\"@context\":\"https:\/\/schema.org\",\"@graph\":[{\"@type\":\"Article\",\"@id\":\"https:\/\/portaltela.pt\/noticias\/2026\/02\/08\/benfica-rejeita-acusacoes-do-avanca-e-denuncia-falta-de-lisura\/#article\",\"isPartOf\":{\"@id\":\"https:\/\/portaltela.pt\/noticias\/2026\/02\/08\/benfica-rejeita-acusacoes-do-avanca-e-denuncia-falta-de-lisura\/\"},\"author\":{\"name\":\"Telinha\",\"@id\":\"https:\/\/portaltela.pt\/#\/schema\/person\/c4278d4a6028830caff9ee44b42d32ed\"},\"headline\":\"Benfica rejeita acusa\u00e7\u00f5es do Avanca e denuncia falta de lisura\",\"datePublished\":\"2026-02-08T18:30:00+00:00\",\"mainEntityOfPage\":{\"@id\":\"https:\/\/portaltela.pt\/noticias\/2026\/02\/08\/benfica-rejeita-acusacoes-do-avanca-e-denuncia-falta-de-lisura\/\"},\"wordCount\":376,\"image\":{\"@id\":\"https:\/\/portaltela.pt\/noticias\/2026\/02\/08\/benfica-rejeita-acusacoes-do-avanca-e-denuncia-falta-de-lisura\/#primaryimage\"},\"thumbnailUrl\":\"https:\/\/portaltela.pt\/s.01k8rhncp4jt1\/2026\/02\/img_920x518uu2026-02-08-18-29-24-2420322.jpg\",\"keywords\":[\"andebol\",\"arbitragem\",\"Avanca\",\"Benfica\",\"Funda\u00e7\u00e3o Benfica\",\"Ta\u00e7a de Portugal\"],\"articleSection\":[\"Desporto\"],\"inLanguage\":\"pt-PT\"},{\"@type\":\"WebPage\",\"@id\":\"https:\/\/portaltela.pt\/noticias\/2026\/02\/08\/benfica-rejeita-acusacoes-do-avanca-e-denuncia-falta-de-lisura\/\",\"url\":\"https:\/\/portaltela.pt\/noticias\/2026\/02\/08\/benfica-rejeita-acusacoes-do-avanca-e-denuncia-falta-de-lisura\/\",\"name\":\"Benfica rejeita acusa\u00e7\u00f5es do Avanca e denuncia falta de lisura - Portal Tela Portugal\",\"isPartOf\":{\"@id\":\"https:\/\/portaltela.pt\/#website\"},\"primaryImageOfPage\":{\"@id\":\"https:\/\/portaltela.pt\/noticias\/2026\/02\/08\/benfica-rejeita-acusacoes-do-avanca-e-denuncia-falta-de-lisura\/#primaryimage\"},\"image\":{\"@id\":\"https:\/\/portaltela.pt\/noticias\/2026\/02\/08\/benfica-rejeita-acusacoes-do-avanca-e-denuncia-falta-de-lisura\/#primaryimage\"},\"thumbnailUrl\":\"https:\/\/portaltela.pt\/s.01k8rhncp4jt1\/2026\/02\/img_920x518uu2026-02-08-18-29-24-2420322.jpg\",\"datePublished\":\"2026-02-08T18:30:00+00:00\",\"author\":{\"@id\":\"https:\/\/portaltela.pt\/#\/schema\/person\/c4278d4a6028830caff9ee44b42d32ed\"},\"breadcrumb\":{\"@id\":\"https:\/\/portaltela.pt\/noticias\/2026\/02\/08\/benfica-rejeita-acusacoes-do-avanca-e-denuncia-falta-de-lisura\/#breadcrumb\"},\"inLanguage\":\"pt-PT\",\"potentialAction\":[{\"@type\":\"ReadAction\",\"target\":[\"https:\/\/portaltela.pt\/noticias\/2026\/02\/08\/benfica-rejeita-acusacoes-do-avanca-e-denuncia-falta-de-lisura\/\"]}]},{\"@type\":\"ImageObject\",\"inLanguage\":\"pt-PT\",\"@id\":\"https:\/\/portaltela.pt\/noticias\/2026\/02\/08\/benfica-rejeita-acusacoes-do-avanca-e-denuncia-falta-de-lisura\/#primaryimage\",\"url\":\"https:\/\/portaltela.pt\/s.01k8rhncp4jt1\/2026\/02\/img_920x518uu2026-02-08-18-29-24-2420322.jpg\",\"contentUrl\":\"https:\/\/portaltela.pt\/s.01k8rhncp4jt1\/2026\/02\/img_920x518uu2026-02-08-18-29-24-2420322.jpg\",\"width\":796,\"height\":448,\"caption\":\"Bola de andebol no Pavilh\u00e3o Fidelidade\"},{\"@type\":\"BreadcrumbList\",\"@id\":\"https:\/\/portaltela.pt\/noticias\/2026\/02\/08\/benfica-rejeita-acusacoes-do-avanca-e-denuncia-falta-de-lisura\/#breadcrumb\",\"itemListElement\":[{\"@type\":\"ListItem\",\"position\":1,\"name\":\"In\u00edcio\",\"item\":\"https:\/\/portaltela.pt\/\"},{\"@type\":\"ListItem\",\"position\":2,\"name\":\"Benfica rejeita acusa\u00e7\u00f5es do Avanca e denuncia falta de lisura\"}]},{\"@type\":\"WebSite\",\"@id\":\"https:\/\/portaltela.pt\/#website\",\"url\":\"https:\/\/portaltela.pt\/\",\"name\":\"Portal Tela Portugal\",\"description\":\"\",\"potentialAction\":[{\"@type\":\"SearchAction\",\"target\":{\"@type\":\"EntryPoint\",\"urlTemplate\":\"https:\/\/portaltela.pt\/?s={search_term_string}\"},\"query-input\":{\"@type\":\"PropertyValueSpecification\",\"valueRequired\":true,\"valueName\":\"search_term_string\"}}],\"inLanguage\":\"pt-PT\"},{\"@type\":\"Person\",\"@id\":\"https:\/\/portaltela.pt\/#\/schema\/person\/c4278d4a6028830caff9ee44b42d32ed\",\"name\":\"Telinha\",\"image\":{\"@type\":\"ImageObject\",\"inLanguage\":\"pt-PT\",\"@id\":\"https:\/\/portaltela.pt\/s.01k8rhncp4jt1\/2025\/11\/talking-bot-125x125.png\",\"url\":\"https:\/\/portaltela.pt\/s.01k8rhncp4jt1\/2025\/11\/talking-bot-125x125.png\",\"contentUrl\":\"https:\/\/portaltela.pt\/s.01k8rhncp4jt1\/2025\/11\/talking-bot-125x125.png\",\"caption\":\"Telinha\"},\"sameAs\":[\"https:\/\/portaltela.pt\/\"],\"url\":\"https:\/\/portaltela.pt\/por\/367410592786\/\"}]}<\/script>\n<!-- \/ Yoast SEO plugin. -->","yoast_head_json":{"title":"Benfica rejeita acusa\u00e7\u00f5es do Avanca e denuncia falta de lisura - Portal Tela Portugal","robots":{"index":"index","follow":"follow","max-snippet":"max-snippet:-1","max-image-preview":"max-image-preview:large","max-video-preview":"max-video-preview:-1"},"og_locale":"pt_PT","og_type":"article","og_title":"Benfica rejeita acusa\u00e7\u00f5es do Avanca e denuncia falta de lisura - Portal Tela Portugal","og_description":"O Sport Lisboa e Benfica repudiou acusa\u00e7\u00f5es da Associa\u00e7\u00e3o Art\u00edstica de Avanca sobre o jogo da Ta\u00e7a de Portugal de andebol, considerando o tom difamat\u00f3rio. O encontro, suspenso aos cinco minutos por falta de condi\u00e7\u00f5es do pavilh\u00e3o, foi retomado pela segunda vez em Avanca, com Benfica a suportar custos log\u00edsticos e financeiros. No dia sete de fevereiro, a delegada do jogo e a arbitragem entenderam que o pavilh\u00e3o n\u00e3o reunia condi\u00e7\u00f5es, levando \u00e0 aplica\u00e7\u00e3o do regulamento pela Federa\u00e7\u00e3o de Andebol de Portugal. O Benfica afirma que j\u00e1 n\u00e3o \u00e9 a primeira vez que o pavilh\u00e3o de Avanca apresenta falta de condi\u00e7\u00f5es para jogos oficiais, independentemente das condi\u00e7\u00f5es meteorol\u00f3gicas. O clube encerra com solidariedade \u00e0s pessoas afetadas pela intemp\u00e9rie e menciona a campanha da Funda\u00e7\u00e3o Benfica.","og_url":"https:\/\/portaltela.pt\/noticias\/2026\/02\/08\/benfica-rejeita-acusacoes-do-avanca-e-denuncia-falta-de-lisura\/","og_site_name":"Portal Tela Portugal","article_published_time":"2026-02-08T18:30:00+00:00","author":"Telinha","twitter_card":"summary_large_image","twitter_misc":{"Escrito por":"Telinha","Tempo estimado de leitura":"2 minutos"},"schema":{"@context":"https:\/\/schema.org","@graph":[{"@type":"Article","@id":"https:\/\/portaltela.pt\/noticias\/2026\/02\/08\/benfica-rejeita-acusacoes-do-avanca-e-denuncia-falta-de-lisura\/#article","isPartOf":{"@id":"https:\/\/portaltela.pt\/noticias\/2026\/02\/08\/benfica-rejeita-acusacoes-do-avanca-e-denuncia-falta-de-lisura\/"},"author":{"name":"Telinha","@id":"https:\/\/portaltela.pt\/#\/schema\/person\/c4278d4a6028830caff9ee44b42d32ed"},"headline":"Benfica rejeita acusa\u00e7\u00f5es do Avanca e denuncia falta de lisura","datePublished":"2026-02-08T18:30:00+00:00","mainEntityOfPage":{"@id":"https:\/\/portaltela.pt\/noticias\/2026\/02\/08\/benfica-rejeita-acusacoes-do-avanca-e-denuncia-falta-de-lisura\/"},"wordCount":376,"image":{"@id":"https:\/\/portaltela.pt\/noticias\/2026\/02\/08\/benfica-rejeita-acusacoes-do-avanca-e-denuncia-falta-de-lisura\/#primaryimage"},"thumbnailUrl":"https:\/\/portaltela.pt\/s.01k8rhncp4jt1\/2026\/02\/img_920x518uu2026-02-08-18-29-24-2420322.jpg","keywords":["andebol","arbitragem","Avanca","Benfica","Funda\u00e7\u00e3o Benfica","Ta\u00e7a de Portugal"],"articleSection":["Desporto"],"inLanguage":"pt-PT"},{"@type":"WebPage","@id":"https:\/\/portaltela.pt\/noticias\/2026\/02\/08\/benfica-rejeita-acusacoes-do-avanca-e-denuncia-falta-de-lisura\/","url":"https:\/\/portaltela.pt\/noticias\/2026\/02\/08\/benfica-rejeita-acusacoes-do-avanca-e-denuncia-falta-de-lisura\/","name":"Benfica rejeita acusa\u00e7\u00f5es do Avanca e denuncia falta de lisura - Portal Tela Portugal","isPartOf":{"@id":"https:\/\/portaltela.pt\/#website"},"primaryImageOfPage":{"@id":"https:\/\/portaltela.pt\/noticias\/2026\/02\/08\/benfica-rejeita-acusacoes-do-avanca-e-denuncia-falta-de-lisura\/#primaryimage"},"image":{"@id":"https:\/\/portaltela.pt\/noticias\/2026\/02\/08\/benfica-rejeita-acusacoes-do-avanca-e-denuncia-falta-de-lisura\/#primaryimage"},"thumbnailUrl":"https:\/\/portaltela.pt\/s.01k8rhncp4jt1\/2026\/02\/img_920x518uu2026-02-08-18-29-24-2420322.jpg","datePublished":"2026-02-08T18:30:00+00:00","author":{"@id":"https:\/\/portaltela.pt\/#\/schema\/person\/c4278d4a6028830caff9ee44b42d32ed"},"breadcrumb":{"@id":"https:\/\/portaltela.pt\/noticias\/2026\/02\/08\/benfica-rejeita-acusacoes-do-avanca-e-denuncia-falta-de-lisura\/#breadcrumb"},"inLanguage":"pt-PT","potentialAction":[{"@type":"ReadAction","target":["https:\/\/portaltela.pt\/noticias\/2026\/02\/08\/benfica-rejeita-acusacoes-do-avanca-e-denuncia-falta-de-lisura\/"]}]},{"@type":"ImageObject","inLanguage":"pt-PT","@id":"https:\/\/portaltela.pt\/noticias\/2026\/02\/08\/benfica-rejeita-acusacoes-do-avanca-e-denuncia-falta-de-lisura\/#primaryimage","url":"https:\/\/portaltela.pt\/s.01k8rhncp4jt1\/2026\/02\/img_920x518uu2026-02-08-18-29-24-2420322.jpg","contentUrl":"https:\/\/portaltela.pt\/s.01k8rhncp4jt1\/2026\/02\/img_920x518uu2026-02-08-18-29-24-2420322.jpg","width":796,"height":448,"caption":"Bola de andebol no Pavilh\u00e3o Fidelidade"},{"@type":"BreadcrumbList","@id":"https:\/\/portaltela.pt\/noticias\/2026\/02\/08\/benfica-rejeita-acusacoes-do-avanca-e-denuncia-falta-de-lisura\/#breadcrumb","itemListElement":[{"@type":"ListItem","position":1,"name":"In\u00edcio","item":"https:\/\/portaltela.pt\/"},{"@type":"ListItem","position":2,"name":"Benfica rejeita acusa\u00e7\u00f5es do Avanca e denuncia falta de lisura"}]},{"@type":"WebSite","@id":"https:\/\/portaltela.pt\/#website","url":"https:\/\/portaltela.pt\/","name":"Portal Tela Portugal","description":"","potentialAction":[{"@type":"SearchAction","target":{"@type":"EntryPoint","urlTemplate":"https:\/\/portaltela.pt\/?s={search_term_string}"},"query-input":{"@type":"PropertyValueSpecification","valueRequired":true,"valueName":"search_term_string"}}],"inLanguage":"pt-PT"},{"@type":"Person","@id":"https:\/\/portaltela.pt\/#\/schema\/person\/c4278d4a6028830caff9ee44b42d32ed","name":"Telinha","image":{"@type":"ImageObject","inLanguage":"pt-PT","@id":"https:\/\/portaltela.pt\/s.01k8rhncp4jt1\/2025\/11\/talking-bot-125x125.png","url":"https:\/\/portaltela.pt\/s.01k8rhncp4jt1\/2025\/11\/talking-bot-125x125.png","contentUrl":"https:\/\/portaltela.pt\/s.01k8rhncp4jt1\/2025\/11\/talking-bot-125x125.png","caption":"Telinha"},"sameAs":["https:\/\/portaltela.pt\/"],"url":"https:\/\/portaltela.pt\/por\/367410592786\/"}]}},"_links":{"self":[{"href":"https:\/\/portaltela.pt\/api\/wp\/v2\/posts\/204353","targetHints":{"allow":["GET"]}}],"collection":[{"href":"https:\/\/portaltela.pt\/api\/wp\/v2\/posts"}],"about":[{"href":"https:\/\/portaltela.pt\/api\/wp\/v2\/types\/post"}],"author":[{"embeddable":true,"href":"https:\/\/portaltela.pt\/api\/wp\/v2\/users\/2"}],"replies":[{"embeddable":true,"href":"https:\/\/portaltela.pt\/api\/wp\/v2\/comments?post=204353"}],"version-history":[{"count":0,"href":"https:\/\/portaltela.pt\/api\/wp\/v2\/posts\/204353\/revisions"}],"wp:featuredmedia":[{"embeddable":true,"href":"https:\/\/portaltela.pt\/api\/wp\/v2\/media\/204356"}],"wp:attachment":[{"href":"https:\/\/portaltela.pt\/api\/wp\/v2\/media?parent=204353"}],"wp:term":[{"taxonomy":"category","embeddable":true,"href":"https:\/\/portaltela.pt\/api\/wp\/v2\/categories?post=204353"},{"taxonomy":"post_tag","embeddable":true,"href":"https:\/\/portaltela.pt\/api\/wp\/v2\/tags?post=204353"}],"curies":[{"name":"wp","href":"https:\/\/api.w.org\/{rel}","templated":true}]}}