{"id":204335,"date":"2026-02-08T15:20:02","date_gmt":"2026-02-08T18:20:02","guid":{"rendered":"https:\/\/portaltela.pt\/noticias\/2026\/02\/08\/ereira-isolada-pelo-mondego-vota-com-sentimento-agridoce\/"},"modified":"2026-02-08T15:20:02","modified_gmt":"2026-02-08T18:20:02","slug":"ereira-isolada-pelo-mondego-vota-com-sentimento-agridoce","status":"publish","type":"post","link":"https:\/\/portaltela.pt\/noticias\/politica\/2026\/02\/08\/ereira-isolada-pelo-mondego-vota-com-sentimento-agridoce\/","title":{"rendered":"Ereira isolada pelo Mondego, vota com sentimento agridoce"},"content":{"rendered":"<p>Na Ereira, Montemor-o-Velho, a freguesia ficou isolada desde quarta-feira pela \u00e1gua do Mondego. Mesmo assim, os habitantes votaram nas presidenciais. A log\u00edstica de acesso manteve-se com barcos e cami\u00f5es.<\/p>\n<p>A popula\u00e7\u00e3o esteve dividida entre apoiar a realiza\u00e7\u00e3o das elei\u00e7\u00f5es e defend\u00ea-las adiantadas. Oficiais garantiram condi\u00e7\u00f5es de voto para os residentes. O contexto de cheias temperou o sentimento c\u00edvico local.<\/p>\n<p>S\u00e9rgio Martinho, um dos primeiros moradores afetados pela subida da \u00e1gua, votou ao in\u00edcio da tarde, com um \u201csentimento agridoce\u201d. A casa ficou inundada, com \u00e1gua a subir desde o in\u00edcio da semana.<\/p>\n<p>\u201cPod\u00edamos ter adiado as elei\u00e7\u00f5es, at\u00e9 duas semanas\u201d, afirmou, referindo-se \u00e0s depress\u00f5es Kristin, Leonardo e Marta. \u201cMas algu\u00e9m entendeu que n\u00e3o fazia sentido adiar, e n\u00f3s cumprimos o nosso papel.\u201d<\/p>\n<p>Maria do Carmo, que tamb\u00e9m vota na Ereira, considerou prudente adiar a vota\u00e7\u00e3o. Observou, no entanto, que o conjunto da freguesia permanece isolado e sem alternativa vi\u00e1vel.<\/p>\n<p>Joaquim Claro Alves manteve o h\u00e1bito de votar tradicionalmente, independentemente das circunst\u00e2ncias. Disse que n\u00e3o houve raz\u00e3o para faltar ao ato eleitoral.<\/p>\n<h3>Apoio log\u00edstico e solidariedade<\/h3>\n<p>Na Associa\u00e7\u00e3o Cultural, Desportiva e Social, Filipa Machado coordena refei\u00e7\u00f5es para militares destacados. Disse que o grupo recebe bem os oficiais e pretende manter o apoio at\u00e9 haver normaliza\u00e7\u00e3o.<\/p>\n<p>As refei\u00e7\u00f5es incluem sopa, grelhados e um buffet de sobremesas. O objetivo \u00e9 oferecer conforto enquanto a popula\u00e7\u00e3o aguarda a melhoria das condi\u00e7\u00f5es de acesso.<\/p>\n<h3>Mobilidade e transporte<\/h3>\n<p>Desde s\u00e1bado, o acesso \u00e0 Ereira faz-se por dois botes da Marinha, com apoio de militares. Em certos momentos, um cami\u00e3o da Brigada de Interven\u00e7\u00e3o cumpriu o trajeto entre Montemor-o-Velho e Verride.<\/p>\n<p>Quatro pra\u00e7as dos Fuzileiros viajaram em duas embarca\u00e7\u00f5es, acompanhadas por um residente de Verride. Os militares atuam de forma humanit\u00e1ria, com medidas de seguran\u00e7a refor\u00e7adas.<\/p>\n<h3>Perspetivas locais<\/h3>\n<p>\u00c9 a primeira vez que os Fuzileiros transportam residentes pela \u00e1gua entre Verride e Ereira. As viagens duram cerca de 15 minutos, com maior dura\u00e7\u00e3o \u00e0 noite.<\/p>\n<p>Voltando a Montemor-o-Velho, o regresso ocorreu num cami\u00e3o da Brigada de Interven\u00e7\u00e3o, com mais passageiros. A opera\u00e7\u00e3o mant\u00e9m-se conforme a evolu\u00e7\u00e3o das cheias.<\/p>\n","protected":false},"excerpt":{"rendered":"<ul>\n<li>A freguesia da Ereira, em Montemor-o-Velho, ficou isolada desde quarta-feira pela subida do Mondego, que invadiu campos agr\u00edcolas.<\/li>\n<li>Mesmo assim, a popula\u00e7\u00e3o votou nas elei\u00e7\u00f5es presidenciais, com o voto a ocorrer numa mesa instalada na antiga extens\u00e3o de sa\u00fade local.<\/li>\n<li>Havia opini\u00f5es divididas entre quem defendia adiar as elei\u00e7\u00f5es e quem entendia que era necess\u00e1rio votar apesar do isolamento.<\/li>\n<li>No local, militares da Marinha, fuzileiros e bombeiros alimentaram-se e disponibilizaram refei\u00e7\u00f5es, num apoio humano junto aos habitantes.<\/li>\n<li>O transporte at\u00e9 Montemor-o-Velho realizou-se por botes da Marinha e por um cami\u00e3o da Brigada de Interven\u00e7\u00e3o do Ex\u00e9rcito, com v\u00e1rias pessoas deslocando\u2011se para votar.<\/li>\n<\/ul>\n","protected":false},"author":2,"featured_media":204336,"comment_status":"closed","ping_status":"closed","sticky":false,"template":"","format":"standard","meta":{"footnotes":""},"categories":[1,5],"tags":[3701,5438,961,4298,40,192],"class_list":["post-204335","post","type-post","status-publish","format-standard","has-post-thumbnail","hentry","category-noticias","category-politica","tag-cheias","tag-fuzileiros","tag-logistica","tag-marinha","tag-pessoas","tag-transporte"],"yoast_head":"<!-- This site is optimized with the Yoast SEO plugin v27.2 - https:\/\/yoast.com\/product\/yoast-seo-wordpress\/ -->\n<title>Ereira isolada pelo Mondego, vota com sentimento agridoce - Portal Tela Portugal<\/title>\n<meta name=\"robots\" content=\"index, follow, max-snippet:-1, max-image-preview:large, max-video-preview:-1\" \/>\n<meta property=\"og:locale\" content=\"pt_PT\" \/>\n<meta property=\"og:type\" content=\"article\" \/>\n<meta property=\"og:title\" content=\"Ereira isolada pelo Mondego, vota com sentimento agridoce - Portal Tela Portugal\" \/>\n<meta property=\"og:description\" content=\"A freguesia da Ereira, em Montemor-o-Velho, ficou isolada desde quarta-feira pela subida do Mondego, que invadiu campos agr\u00edcolas. Mesmo assim, a popula\u00e7\u00e3o votou nas elei\u00e7\u00f5es presidenciais, com o voto a ocorrer numa mesa instalada na antiga extens\u00e3o de sa\u00fade local. Havia opini\u00f5es divididas entre quem defendia adiar as elei\u00e7\u00f5es e quem entendia que era necess\u00e1rio votar apesar do isolamento. No local, militares da Marinha, fuzileiros e bombeiros alimentaram-se e disponibilizaram refei\u00e7\u00f5es, num apoio humano junto aos habitantes. O transporte at\u00e9 Montemor-o-Velho realizou-se por botes da Marinha e por um cami\u00e3o da Brigada de Interven\u00e7\u00e3o do Ex\u00e9rcito, com v\u00e1rias pessoas deslocando\u2011se para votar.\" \/>\n<meta property=\"og:url\" content=\"https:\/\/portaltela.pt\/noticias\/2026\/02\/08\/ereira-isolada-pelo-mondego-vota-com-sentimento-agridoce\/\" \/>\n<meta property=\"og:site_name\" content=\"Portal Tela Portugal\" \/>\n<meta property=\"article:published_time\" content=\"2026-02-08T18:20:02+00:00\" \/>\n<meta name=\"author\" content=\"Telinha\" \/>\n<meta name=\"twitter:card\" content=\"summary_large_image\" \/>\n<meta name=\"twitter:label1\" content=\"Escrito por\" \/>\n\t<meta name=\"twitter:data1\" content=\"Telinha\" \/>\n\t<meta name=\"twitter:label2\" content=\"Tempo estimado de leitura\" \/>\n\t<meta name=\"twitter:data2\" content=\"2 minutos\" \/>\n<script type=\"application\/ld+json\" class=\"yoast-schema-graph\">{\"@context\":\"https:\/\/schema.org\",\"@graph\":[{\"@type\":\"Article\",\"@id\":\"https:\/\/portaltela.pt\/noticias\/2026\/02\/08\/ereira-isolada-pelo-mondego-vota-com-sentimento-agridoce\/#article\",\"isPartOf\":{\"@id\":\"https:\/\/portaltela.pt\/noticias\/2026\/02\/08\/ereira-isolada-pelo-mondego-vota-com-sentimento-agridoce\/\"},\"author\":{\"name\":\"Telinha\",\"@id\":\"https:\/\/portaltela.pt\/#\/schema\/person\/c4278d4a6028830caff9ee44b42d32ed\"},\"headline\":\"Ereira isolada pelo Mondego, vota com sentimento agridoce\",\"datePublished\":\"2026-02-08T18:20:02+00:00\",\"mainEntityOfPage\":{\"@id\":\"https:\/\/portaltela.pt\/noticias\/2026\/02\/08\/ereira-isolada-pelo-mondego-vota-com-sentimento-agridoce\/\"},\"wordCount\":389,\"image\":{\"@id\":\"https:\/\/portaltela.pt\/noticias\/2026\/02\/08\/ereira-isolada-pelo-mondego-vota-com-sentimento-agridoce\/#primaryimage\"},\"thumbnailUrl\":\"https:\/\/portaltela.pt\/s.01k8rhncp4jt1\/2026\/02\/img_1280x721uu2026-02-08-18-17-40-2265615.jpg\",\"keywords\":[\"cheias\",\"Fuzileiros\",\"Log\u00edstica\",\"Marinha\",\"pessoas\",\"transporte\"],\"articleSection\":[\"Not\u00edcias\",\"Pol\u00edtica\"],\"inLanguage\":\"pt-PT\"},{\"@type\":\"WebPage\",\"@id\":\"https:\/\/portaltela.pt\/noticias\/2026\/02\/08\/ereira-isolada-pelo-mondego-vota-com-sentimento-agridoce\/\",\"url\":\"https:\/\/portaltela.pt\/noticias\/2026\/02\/08\/ereira-isolada-pelo-mondego-vota-com-sentimento-agridoce\/\",\"name\":\"Ereira isolada pelo Mondego, vota com sentimento agridoce - Portal Tela Portugal\",\"isPartOf\":{\"@id\":\"https:\/\/portaltela.pt\/#website\"},\"primaryImageOfPage\":{\"@id\":\"https:\/\/portaltela.pt\/noticias\/2026\/02\/08\/ereira-isolada-pelo-mondego-vota-com-sentimento-agridoce\/#primaryimage\"},\"image\":{\"@id\":\"https:\/\/portaltela.pt\/noticias\/2026\/02\/08\/ereira-isolada-pelo-mondego-vota-com-sentimento-agridoce\/#primaryimage\"},\"thumbnailUrl\":\"https:\/\/portaltela.pt\/s.01k8rhncp4jt1\/2026\/02\/img_1280x721uu2026-02-08-18-17-40-2265615.jpg\",\"datePublished\":\"2026-02-08T18:20:02+00:00\",\"author\":{\"@id\":\"https:\/\/portaltela.pt\/#\/schema\/person\/c4278d4a6028830caff9ee44b42d32ed\"},\"breadcrumb\":{\"@id\":\"https:\/\/portaltela.pt\/noticias\/2026\/02\/08\/ereira-isolada-pelo-mondego-vota-com-sentimento-agridoce\/#breadcrumb\"},\"inLanguage\":\"pt-PT\",\"potentialAction\":[{\"@type\":\"ReadAction\",\"target\":[\"https:\/\/portaltela.pt\/noticias\/2026\/02\/08\/ereira-isolada-pelo-mondego-vota-com-sentimento-agridoce\/\"]}]},{\"@type\":\"ImageObject\",\"inLanguage\":\"pt-PT\",\"@id\":\"https:\/\/portaltela.pt\/noticias\/2026\/02\/08\/ereira-isolada-pelo-mondego-vota-com-sentimento-agridoce\/#primaryimage\",\"url\":\"https:\/\/portaltela.pt\/s.01k8rhncp4jt1\/2026\/02\/img_1280x721uu2026-02-08-18-17-40-2265615.jpg\",\"contentUrl\":\"https:\/\/portaltela.pt\/s.01k8rhncp4jt1\/2026\/02\/img_1280x721uu2026-02-08-18-17-40-2265615.jpg\",\"width\":796,\"height\":448,\"caption\":\"Povoa\u00e7\u00e3o da Ereira est\u00e1 isolada devido \u00e0s cheias\"},{\"@type\":\"BreadcrumbList\",\"@id\":\"https:\/\/portaltela.pt\/noticias\/2026\/02\/08\/ereira-isolada-pelo-mondego-vota-com-sentimento-agridoce\/#breadcrumb\",\"itemListElement\":[{\"@type\":\"ListItem\",\"position\":1,\"name\":\"In\u00edcio\",\"item\":\"https:\/\/portaltela.pt\/\"},{\"@type\":\"ListItem\",\"position\":2,\"name\":\"Ereira isolada pelo Mondego, vota com sentimento agridoce\"}]},{\"@type\":\"WebSite\",\"@id\":\"https:\/\/portaltela.pt\/#website\",\"url\":\"https:\/\/portaltela.pt\/\",\"name\":\"Portal Tela Portugal\",\"description\":\"\",\"potentialAction\":[{\"@type\":\"SearchAction\",\"target\":{\"@type\":\"EntryPoint\",\"urlTemplate\":\"https:\/\/portaltela.pt\/?s={search_term_string}\"},\"query-input\":{\"@type\":\"PropertyValueSpecification\",\"valueRequired\":true,\"valueName\":\"search_term_string\"}}],\"inLanguage\":\"pt-PT\"},{\"@type\":\"Person\",\"@id\":\"https:\/\/portaltela.pt\/#\/schema\/person\/c4278d4a6028830caff9ee44b42d32ed\",\"name\":\"Telinha\",\"image\":{\"@type\":\"ImageObject\",\"inLanguage\":\"pt-PT\",\"@id\":\"https:\/\/portaltela.pt\/s.01k8rhncp4jt1\/2025\/11\/talking-bot-125x125.png\",\"url\":\"https:\/\/portaltela.pt\/s.01k8rhncp4jt1\/2025\/11\/talking-bot-125x125.png\",\"contentUrl\":\"https:\/\/portaltela.pt\/s.01k8rhncp4jt1\/2025\/11\/talking-bot-125x125.png\",\"caption\":\"Telinha\"},\"sameAs\":[\"https:\/\/portaltela.pt\/\"],\"url\":\"https:\/\/portaltela.pt\/por\/367410592786\/\"}]}<\/script>\n<!-- \/ Yoast SEO plugin. -->","yoast_head_json":{"title":"Ereira isolada pelo Mondego, vota com sentimento agridoce - Portal Tela Portugal","robots":{"index":"index","follow":"follow","max-snippet":"max-snippet:-1","max-image-preview":"max-image-preview:large","max-video-preview":"max-video-preview:-1"},"og_locale":"pt_PT","og_type":"article","og_title":"Ereira isolada pelo Mondego, vota com sentimento agridoce - Portal Tela Portugal","og_description":"A freguesia da Ereira, em Montemor-o-Velho, ficou isolada desde quarta-feira pela subida do Mondego, que invadiu campos agr\u00edcolas. Mesmo assim, a popula\u00e7\u00e3o votou nas elei\u00e7\u00f5es presidenciais, com o voto a ocorrer numa mesa instalada na antiga extens\u00e3o de sa\u00fade local. Havia opini\u00f5es divididas entre quem defendia adiar as elei\u00e7\u00f5es e quem entendia que era necess\u00e1rio votar apesar do isolamento. No local, militares da Marinha, fuzileiros e bombeiros alimentaram-se e disponibilizaram refei\u00e7\u00f5es, num apoio humano junto aos habitantes. O transporte at\u00e9 Montemor-o-Velho realizou-se por botes da Marinha e por um cami\u00e3o da Brigada de Interven\u00e7\u00e3o do Ex\u00e9rcito, com v\u00e1rias pessoas deslocando\u2011se para votar.","og_url":"https:\/\/portaltela.pt\/noticias\/2026\/02\/08\/ereira-isolada-pelo-mondego-vota-com-sentimento-agridoce\/","og_site_name":"Portal Tela Portugal","article_published_time":"2026-02-08T18:20:02+00:00","author":"Telinha","twitter_card":"summary_large_image","twitter_misc":{"Escrito por":"Telinha","Tempo estimado de leitura":"2 minutos"},"schema":{"@context":"https:\/\/schema.org","@graph":[{"@type":"Article","@id":"https:\/\/portaltela.pt\/noticias\/2026\/02\/08\/ereira-isolada-pelo-mondego-vota-com-sentimento-agridoce\/#article","isPartOf":{"@id":"https:\/\/portaltela.pt\/noticias\/2026\/02\/08\/ereira-isolada-pelo-mondego-vota-com-sentimento-agridoce\/"},"author":{"name":"Telinha","@id":"https:\/\/portaltela.pt\/#\/schema\/person\/c4278d4a6028830caff9ee44b42d32ed"},"headline":"Ereira isolada pelo Mondego, vota com sentimento agridoce","datePublished":"2026-02-08T18:20:02+00:00","mainEntityOfPage":{"@id":"https:\/\/portaltela.pt\/noticias\/2026\/02\/08\/ereira-isolada-pelo-mondego-vota-com-sentimento-agridoce\/"},"wordCount":389,"image":{"@id":"https:\/\/portaltela.pt\/noticias\/2026\/02\/08\/ereira-isolada-pelo-mondego-vota-com-sentimento-agridoce\/#primaryimage"},"thumbnailUrl":"https:\/\/portaltela.pt\/s.01k8rhncp4jt1\/2026\/02\/img_1280x721uu2026-02-08-18-17-40-2265615.jpg","keywords":["cheias","Fuzileiros","Log\u00edstica","Marinha","pessoas","transporte"],"articleSection":["Not\u00edcias","Pol\u00edtica"],"inLanguage":"pt-PT"},{"@type":"WebPage","@id":"https:\/\/portaltela.pt\/noticias\/2026\/02\/08\/ereira-isolada-pelo-mondego-vota-com-sentimento-agridoce\/","url":"https:\/\/portaltela.pt\/noticias\/2026\/02\/08\/ereira-isolada-pelo-mondego-vota-com-sentimento-agridoce\/","name":"Ereira isolada pelo Mondego, vota com sentimento agridoce - Portal Tela Portugal","isPartOf":{"@id":"https:\/\/portaltela.pt\/#website"},"primaryImageOfPage":{"@id":"https:\/\/portaltela.pt\/noticias\/2026\/02\/08\/ereira-isolada-pelo-mondego-vota-com-sentimento-agridoce\/#primaryimage"},"image":{"@id":"https:\/\/portaltela.pt\/noticias\/2026\/02\/08\/ereira-isolada-pelo-mondego-vota-com-sentimento-agridoce\/#primaryimage"},"thumbnailUrl":"https:\/\/portaltela.pt\/s.01k8rhncp4jt1\/2026\/02\/img_1280x721uu2026-02-08-18-17-40-2265615.jpg","datePublished":"2026-02-08T18:20:02+00:00","author":{"@id":"https:\/\/portaltela.pt\/#\/schema\/person\/c4278d4a6028830caff9ee44b42d32ed"},"breadcrumb":{"@id":"https:\/\/portaltela.pt\/noticias\/2026\/02\/08\/ereira-isolada-pelo-mondego-vota-com-sentimento-agridoce\/#breadcrumb"},"inLanguage":"pt-PT","potentialAction":[{"@type":"ReadAction","target":["https:\/\/portaltela.pt\/noticias\/2026\/02\/08\/ereira-isolada-pelo-mondego-vota-com-sentimento-agridoce\/"]}]},{"@type":"ImageObject","inLanguage":"pt-PT","@id":"https:\/\/portaltela.pt\/noticias\/2026\/02\/08\/ereira-isolada-pelo-mondego-vota-com-sentimento-agridoce\/#primaryimage","url":"https:\/\/portaltela.pt\/s.01k8rhncp4jt1\/2026\/02\/img_1280x721uu2026-02-08-18-17-40-2265615.jpg","contentUrl":"https:\/\/portaltela.pt\/s.01k8rhncp4jt1\/2026\/02\/img_1280x721uu2026-02-08-18-17-40-2265615.jpg","width":796,"height":448,"caption":"Povoa\u00e7\u00e3o da Ereira est\u00e1 isolada devido \u00e0s cheias"},{"@type":"BreadcrumbList","@id":"https:\/\/portaltela.pt\/noticias\/2026\/02\/08\/ereira-isolada-pelo-mondego-vota-com-sentimento-agridoce\/#breadcrumb","itemListElement":[{"@type":"ListItem","position":1,"name":"In\u00edcio","item":"https:\/\/portaltela.pt\/"},{"@type":"ListItem","position":2,"name":"Ereira isolada pelo Mondego, vota com sentimento agridoce"}]},{"@type":"WebSite","@id":"https:\/\/portaltela.pt\/#website","url":"https:\/\/portaltela.pt\/","name":"Portal Tela Portugal","description":"","potentialAction":[{"@type":"SearchAction","target":{"@type":"EntryPoint","urlTemplate":"https:\/\/portaltela.pt\/?s={search_term_string}"},"query-input":{"@type":"PropertyValueSpecification","valueRequired":true,"valueName":"search_term_string"}}],"inLanguage":"pt-PT"},{"@type":"Person","@id":"https:\/\/portaltela.pt\/#\/schema\/person\/c4278d4a6028830caff9ee44b42d32ed","name":"Telinha","image":{"@type":"ImageObject","inLanguage":"pt-PT","@id":"https:\/\/portaltela.pt\/s.01k8rhncp4jt1\/2025\/11\/talking-bot-125x125.png","url":"https:\/\/portaltela.pt\/s.01k8rhncp4jt1\/2025\/11\/talking-bot-125x125.png","contentUrl":"https:\/\/portaltela.pt\/s.01k8rhncp4jt1\/2025\/11\/talking-bot-125x125.png","caption":"Telinha"},"sameAs":["https:\/\/portaltela.pt\/"],"url":"https:\/\/portaltela.pt\/por\/367410592786\/"}]}},"_links":{"self":[{"href":"https:\/\/portaltela.pt\/api\/wp\/v2\/posts\/204335","targetHints":{"allow":["GET"]}}],"collection":[{"href":"https:\/\/portaltela.pt\/api\/wp\/v2\/posts"}],"about":[{"href":"https:\/\/portaltela.pt\/api\/wp\/v2\/types\/post"}],"author":[{"embeddable":true,"href":"https:\/\/portaltela.pt\/api\/wp\/v2\/users\/2"}],"replies":[{"embeddable":true,"href":"https:\/\/portaltela.pt\/api\/wp\/v2\/comments?post=204335"}],"version-history":[{"count":0,"href":"https:\/\/portaltela.pt\/api\/wp\/v2\/posts\/204335\/revisions"}],"wp:featuredmedia":[{"embeddable":true,"href":"https:\/\/portaltela.pt\/api\/wp\/v2\/media\/204336"}],"wp:attachment":[{"href":"https:\/\/portaltela.pt\/api\/wp\/v2\/media?parent=204335"}],"wp:term":[{"taxonomy":"category","embeddable":true,"href":"https:\/\/portaltela.pt\/api\/wp\/v2\/categories?post=204335"},{"taxonomy":"post_tag","embeddable":true,"href":"https:\/\/portaltela.pt\/api\/wp\/v2\/tags?post=204335"}],"curies":[{"name":"wp","href":"https:\/\/api.w.org\/{rel}","templated":true}]}}