{"id":204319,"date":"2026-02-08T15:05:00","date_gmt":"2026-02-08T18:05:00","guid":{"rendered":"https:\/\/portaltela.pt\/noticias\/2026\/02\/08\/avanca-critica-insensibilidade-da-federacao-de-andebol-e-atitude-do-benfica\/"},"modified":"2026-02-08T15:05:00","modified_gmt":"2026-02-08T18:05:00","slug":"avanca-critica-insensibilidade-da-federacao-de-andebol-e-atitude-do-benfica","status":"publish","type":"post","link":"https:\/\/portaltela.pt\/desporto\/2026\/02\/08\/avanca-critica-insensibilidade-da-federacao-de-andebol-e-atitude-do-benfica\/","title":{"rendered":"Avanca critica insensibilidade da Federa\u00e7\u00e3o de Andebol e atitude do Benfica"},"content":{"rendered":"<p>A Associa\u00e7\u00e3o Art\u00edstica de Avanca lamentou a condu\u00e7\u00e3o do caso pela Federa\u00e7\u00e3o de Andebol de Portugal (FAP) e pela equipa do Benfica, afirmando que houve impraticabilidade do recinto que levou \u00e0 elimina\u00e7\u00e3o nos 16 avos de final da Ta\u00e7a de Portugal. O clube aponta para &#8220;condutas administrativas&#8221; que influenciaram o desfecho.<\/p>\n<p>Segundo o Avanca, o jogo entre as duas equipas, inicialmente marcado para 20 de dezembro de 2025, teve a data alterada pela FAP para a \u00faltima quarta-feira e, depois, para s\u00e1bado. Alega que as mudan\u00e7as n\u00e3o respeitaram os interesses do clube.<\/p>\n<p>O Avanca detalha que, na semana anterior, n\u00e3o houve condi\u00e7\u00f5es no piso por humidade nos pavilh\u00f5es de Avanca e Estarreja, levando ao adiamento. Foram instalados dois aquecedores e desumidificadores industriais para assegurar a seguran\u00e7a.<\/p>\n<h3>Contexto e rea\u00e7\u00e3o do Avanca<\/h3>\n<p>A equipa acrescenta que, no aquecimento, percebeu que o Benfica n\u00e3o queria disputar a partida, com jogadores simulando quedas. O clube descreve o comportamento como \u201cteatro\u201d para interromper a partida, citando a influ\u00eancia da FAP na suspens\u00e3o.<\/p>\n","protected":false},"excerpt":{"rendered":"<ul>\n<li>A Art\u00edstica de Avanca lamenta a insensibilidade da Federa\u00e7\u00e3o de Andebol de Portugal e a atitude do Benfica, que teriam ditado a elimina\u00e7\u00e3o por impraticabilidade do recinto.<\/li>\n<li>O jogo dos 16 avos de final da Ta\u00e7a de Portugal entre Avanca e Benfica foi marcado originalmente para 20 de dezembro de 2025 e teve a data alterada pela FAP para a \u00faltima quarta-feira.<\/li>\n<li>O Avanca afirma que, na semana anterior, n\u00e3o foi poss\u00edvel jogar por falta de condi\u00e7\u00f5es do piso devido \u00e0 humidade, tendo o encontro sido adiado para s\u00e1bado.<\/li>\n<li>Os respons\u00e1veis do Avanca dizem ter preparado o pavilh\u00e3o com dois canh\u00f5es de calor e desumidificadores industriais para assegurar as condi\u00e7\u00f5es de seguran\u00e7a.<\/li>\n<li>O clube alega que o Benfica mostrou comportamento de \u201cteatro\u201d desde o aquecimento para impedir a realiza\u00e7\u00e3o da partida, e critica a atua\u00e7\u00e3o da federa\u00e7\u00e3o na gest\u00e3o da situa\u00e7\u00e3o.<\/li>\n<\/ul>\n","protected":false},"author":2,"featured_media":204322,"comment_status":"closed","ping_status":"closed","sticky":false,"template":"","format":"standard","meta":{"footnotes":""},"categories":[21],"tags":[180,3572,1946,152,3576,1266],"class_list":["post-204319","post","type-post","status-publish","format-standard","has-post-thumbnail","hentry","category-desporto","tag-andebol","tag-avanca","tag-benfica","tag-desporto","tag-estarreja","tag-taca-de-portugal"],"yoast_head":"<!-- This site is optimized with the Yoast SEO plugin v27.2 - https:\/\/yoast.com\/product\/yoast-seo-wordpress\/ -->\n<title>Avanca critica insensibilidade da Federa\u00e7\u00e3o de Andebol e atitude do Benfica - Portal Tela Portugal<\/title>\n<meta name=\"robots\" content=\"index, follow, max-snippet:-1, max-image-preview:large, max-video-preview:-1\" \/>\n<meta property=\"og:locale\" content=\"pt_PT\" \/>\n<meta property=\"og:type\" content=\"article\" \/>\n<meta property=\"og:title\" content=\"Avanca critica insensibilidade da Federa\u00e7\u00e3o de Andebol e atitude do Benfica - Portal Tela Portugal\" \/>\n<meta property=\"og:description\" content=\"A Art\u00edstica de Avanca lamenta a insensibilidade da Federa\u00e7\u00e3o de Andebol de Portugal e a atitude do Benfica, que teriam ditado a elimina\u00e7\u00e3o por impraticabilidade do recinto. O jogo dos 16 avos de final da Ta\u00e7a de Portugal entre Avanca e Benfica foi marcado originalmente para 20 de dezembro de 2025 e teve a data alterada pela FAP para a \u00faltima quarta-feira. O Avanca afirma que, na semana anterior, n\u00e3o foi poss\u00edvel jogar por falta de condi\u00e7\u00f5es do piso devido \u00e0 humidade, tendo o encontro sido adiado para s\u00e1bado. Os respons\u00e1veis do Avanca dizem ter preparado o pavilh\u00e3o com dois canh\u00f5es de calor e desumidificadores industriais para assegurar as condi\u00e7\u00f5es de seguran\u00e7a. O clube alega que o Benfica mostrou comportamento de \u201cteatro\u201d desde o aquecimento para impedir a realiza\u00e7\u00e3o da partida, e critica a atua\u00e7\u00e3o da federa\u00e7\u00e3o na gest\u00e3o da situa\u00e7\u00e3o.\" \/>\n<meta property=\"og:url\" content=\"https:\/\/portaltela.pt\/noticias\/2026\/02\/08\/avanca-critica-insensibilidade-da-federacao-de-andebol-e-atitude-do-benfica\/\" \/>\n<meta property=\"og:site_name\" content=\"Portal Tela Portugal\" \/>\n<meta property=\"article:published_time\" content=\"2026-02-08T18:05:00+00:00\" \/>\n<meta name=\"author\" content=\"Telinha\" \/>\n<meta name=\"twitter:card\" content=\"summary_large_image\" \/>\n<meta name=\"twitter:label1\" content=\"Escrito por\" \/>\n\t<meta name=\"twitter:data1\" content=\"Telinha\" \/>\n\t<meta name=\"twitter:label2\" content=\"Tempo estimado de leitura\" \/>\n\t<meta name=\"twitter:data2\" content=\"1 minuto\" \/>\n<script type=\"application\/ld+json\" class=\"yoast-schema-graph\">{\"@context\":\"https:\/\/schema.org\",\"@graph\":[{\"@type\":\"Article\",\"@id\":\"https:\/\/portaltela.pt\/noticias\/2026\/02\/08\/avanca-critica-insensibilidade-da-federacao-de-andebol-e-atitude-do-benfica\/#article\",\"isPartOf\":{\"@id\":\"https:\/\/portaltela.pt\/noticias\/2026\/02\/08\/avanca-critica-insensibilidade-da-federacao-de-andebol-e-atitude-do-benfica\/\"},\"author\":{\"name\":\"Telinha\",\"@id\":\"https:\/\/portaltela.pt\/#\/schema\/person\/c4278d4a6028830caff9ee44b42d32ed\"},\"headline\":\"Avanca critica insensibilidade da Federa\u00e7\u00e3o de Andebol e atitude do Benfica\",\"datePublished\":\"2026-02-08T18:05:00+00:00\",\"mainEntityOfPage\":{\"@id\":\"https:\/\/portaltela.pt\/noticias\/2026\/02\/08\/avanca-critica-insensibilidade-da-federacao-de-andebol-e-atitude-do-benfica\/\"},\"wordCount\":193,\"image\":{\"@id\":\"https:\/\/portaltela.pt\/noticias\/2026\/02\/08\/avanca-critica-insensibilidade-da-federacao-de-andebol-e-atitude-do-benfica\/#primaryimage\"},\"thumbnailUrl\":\"https:\/\/portaltela.pt\/s.01k8rhncp4jt1\/2026\/02\/image-649.jpg\",\"keywords\":[\"andebol\",\"Avanca\",\"Benfica\",\"desporto\",\"Estarreja\",\"Ta\u00e7a de Portugal\"],\"articleSection\":[\"Desporto\"],\"inLanguage\":\"pt-PT\"},{\"@type\":\"WebPage\",\"@id\":\"https:\/\/portaltela.pt\/noticias\/2026\/02\/08\/avanca-critica-insensibilidade-da-federacao-de-andebol-e-atitude-do-benfica\/\",\"url\":\"https:\/\/portaltela.pt\/noticias\/2026\/02\/08\/avanca-critica-insensibilidade-da-federacao-de-andebol-e-atitude-do-benfica\/\",\"name\":\"Avanca critica insensibilidade da Federa\u00e7\u00e3o de Andebol e atitude do Benfica - Portal Tela Portugal\",\"isPartOf\":{\"@id\":\"https:\/\/portaltela.pt\/#website\"},\"primaryImageOfPage\":{\"@id\":\"https:\/\/portaltela.pt\/noticias\/2026\/02\/08\/avanca-critica-insensibilidade-da-federacao-de-andebol-e-atitude-do-benfica\/#primaryimage\"},\"image\":{\"@id\":\"https:\/\/portaltela.pt\/noticias\/2026\/02\/08\/avanca-critica-insensibilidade-da-federacao-de-andebol-e-atitude-do-benfica\/#primaryimage\"},\"thumbnailUrl\":\"https:\/\/portaltela.pt\/s.01k8rhncp4jt1\/2026\/02\/image-649.jpg\",\"datePublished\":\"2026-02-08T18:05:00+00:00\",\"author\":{\"@id\":\"https:\/\/portaltela.pt\/#\/schema\/person\/c4278d4a6028830caff9ee44b42d32ed\"},\"breadcrumb\":{\"@id\":\"https:\/\/portaltela.pt\/noticias\/2026\/02\/08\/avanca-critica-insensibilidade-da-federacao-de-andebol-e-atitude-do-benfica\/#breadcrumb\"},\"inLanguage\":\"pt-PT\",\"potentialAction\":[{\"@type\":\"ReadAction\",\"target\":[\"https:\/\/portaltela.pt\/noticias\/2026\/02\/08\/avanca-critica-insensibilidade-da-federacao-de-andebol-e-atitude-do-benfica\/\"]}]},{\"@type\":\"ImageObject\",\"inLanguage\":\"pt-PT\",\"@id\":\"https:\/\/portaltela.pt\/noticias\/2026\/02\/08\/avanca-critica-insensibilidade-da-federacao-de-andebol-e-atitude-do-benfica\/#primaryimage\",\"url\":\"https:\/\/portaltela.pt\/s.01k8rhncp4jt1\/2026\/02\/image-649.jpg\",\"contentUrl\":\"https:\/\/portaltela.pt\/s.01k8rhncp4jt1\/2026\/02\/image-649.jpg\",\"width\":796,\"height\":448,\"caption\":\"Avanca descontente com a situa\u00e7\u00e3o\"},{\"@type\":\"BreadcrumbList\",\"@id\":\"https:\/\/portaltela.pt\/noticias\/2026\/02\/08\/avanca-critica-insensibilidade-da-federacao-de-andebol-e-atitude-do-benfica\/#breadcrumb\",\"itemListElement\":[{\"@type\":\"ListItem\",\"position\":1,\"name\":\"In\u00edcio\",\"item\":\"https:\/\/portaltela.pt\/\"},{\"@type\":\"ListItem\",\"position\":2,\"name\":\"Avanca critica insensibilidade da Federa\u00e7\u00e3o de Andebol e atitude do Benfica\"}]},{\"@type\":\"WebSite\",\"@id\":\"https:\/\/portaltela.pt\/#website\",\"url\":\"https:\/\/portaltela.pt\/\",\"name\":\"Portal Tela Portugal\",\"description\":\"\",\"potentialAction\":[{\"@type\":\"SearchAction\",\"target\":{\"@type\":\"EntryPoint\",\"urlTemplate\":\"https:\/\/portaltela.pt\/?s={search_term_string}\"},\"query-input\":{\"@type\":\"PropertyValueSpecification\",\"valueRequired\":true,\"valueName\":\"search_term_string\"}}],\"inLanguage\":\"pt-PT\"},{\"@type\":\"Person\",\"@id\":\"https:\/\/portaltela.pt\/#\/schema\/person\/c4278d4a6028830caff9ee44b42d32ed\",\"name\":\"Telinha\",\"image\":{\"@type\":\"ImageObject\",\"inLanguage\":\"pt-PT\",\"@id\":\"https:\/\/portaltela.pt\/s.01k8rhncp4jt1\/2025\/11\/talking-bot-125x125.png\",\"url\":\"https:\/\/portaltela.pt\/s.01k8rhncp4jt1\/2025\/11\/talking-bot-125x125.png\",\"contentUrl\":\"https:\/\/portaltela.pt\/s.01k8rhncp4jt1\/2025\/11\/talking-bot-125x125.png\",\"caption\":\"Telinha\"},\"sameAs\":[\"https:\/\/portaltela.pt\/\"],\"url\":\"https:\/\/portaltela.pt\/por\/367410592786\/\"}]}<\/script>\n<!-- \/ Yoast SEO plugin. -->","yoast_head_json":{"title":"Avanca critica insensibilidade da Federa\u00e7\u00e3o de Andebol e atitude do Benfica - Portal Tela Portugal","robots":{"index":"index","follow":"follow","max-snippet":"max-snippet:-1","max-image-preview":"max-image-preview:large","max-video-preview":"max-video-preview:-1"},"og_locale":"pt_PT","og_type":"article","og_title":"Avanca critica insensibilidade da Federa\u00e7\u00e3o de Andebol e atitude do Benfica - Portal Tela Portugal","og_description":"A Art\u00edstica de Avanca lamenta a insensibilidade da Federa\u00e7\u00e3o de Andebol de Portugal e a atitude do Benfica, que teriam ditado a elimina\u00e7\u00e3o por impraticabilidade do recinto. O jogo dos 16 avos de final da Ta\u00e7a de Portugal entre Avanca e Benfica foi marcado originalmente para 20 de dezembro de 2025 e teve a data alterada pela FAP para a \u00faltima quarta-feira. O Avanca afirma que, na semana anterior, n\u00e3o foi poss\u00edvel jogar por falta de condi\u00e7\u00f5es do piso devido \u00e0 humidade, tendo o encontro sido adiado para s\u00e1bado. Os respons\u00e1veis do Avanca dizem ter preparado o pavilh\u00e3o com dois canh\u00f5es de calor e desumidificadores industriais para assegurar as condi\u00e7\u00f5es de seguran\u00e7a. O clube alega que o Benfica mostrou comportamento de \u201cteatro\u201d desde o aquecimento para impedir a realiza\u00e7\u00e3o da partida, e critica a atua\u00e7\u00e3o da federa\u00e7\u00e3o na gest\u00e3o da situa\u00e7\u00e3o.","og_url":"https:\/\/portaltela.pt\/noticias\/2026\/02\/08\/avanca-critica-insensibilidade-da-federacao-de-andebol-e-atitude-do-benfica\/","og_site_name":"Portal Tela Portugal","article_published_time":"2026-02-08T18:05:00+00:00","author":"Telinha","twitter_card":"summary_large_image","twitter_misc":{"Escrito por":"Telinha","Tempo estimado de leitura":"1 minuto"},"schema":{"@context":"https:\/\/schema.org","@graph":[{"@type":"Article","@id":"https:\/\/portaltela.pt\/noticias\/2026\/02\/08\/avanca-critica-insensibilidade-da-federacao-de-andebol-e-atitude-do-benfica\/#article","isPartOf":{"@id":"https:\/\/portaltela.pt\/noticias\/2026\/02\/08\/avanca-critica-insensibilidade-da-federacao-de-andebol-e-atitude-do-benfica\/"},"author":{"name":"Telinha","@id":"https:\/\/portaltela.pt\/#\/schema\/person\/c4278d4a6028830caff9ee44b42d32ed"},"headline":"Avanca critica insensibilidade da Federa\u00e7\u00e3o de Andebol e atitude do Benfica","datePublished":"2026-02-08T18:05:00+00:00","mainEntityOfPage":{"@id":"https:\/\/portaltela.pt\/noticias\/2026\/02\/08\/avanca-critica-insensibilidade-da-federacao-de-andebol-e-atitude-do-benfica\/"},"wordCount":193,"image":{"@id":"https:\/\/portaltela.pt\/noticias\/2026\/02\/08\/avanca-critica-insensibilidade-da-federacao-de-andebol-e-atitude-do-benfica\/#primaryimage"},"thumbnailUrl":"https:\/\/portaltela.pt\/s.01k8rhncp4jt1\/2026\/02\/image-649.jpg","keywords":["andebol","Avanca","Benfica","desporto","Estarreja","Ta\u00e7a de Portugal"],"articleSection":["Desporto"],"inLanguage":"pt-PT"},{"@type":"WebPage","@id":"https:\/\/portaltela.pt\/noticias\/2026\/02\/08\/avanca-critica-insensibilidade-da-federacao-de-andebol-e-atitude-do-benfica\/","url":"https:\/\/portaltela.pt\/noticias\/2026\/02\/08\/avanca-critica-insensibilidade-da-federacao-de-andebol-e-atitude-do-benfica\/","name":"Avanca critica insensibilidade da Federa\u00e7\u00e3o de Andebol e atitude do Benfica - Portal Tela Portugal","isPartOf":{"@id":"https:\/\/portaltela.pt\/#website"},"primaryImageOfPage":{"@id":"https:\/\/portaltela.pt\/noticias\/2026\/02\/08\/avanca-critica-insensibilidade-da-federacao-de-andebol-e-atitude-do-benfica\/#primaryimage"},"image":{"@id":"https:\/\/portaltela.pt\/noticias\/2026\/02\/08\/avanca-critica-insensibilidade-da-federacao-de-andebol-e-atitude-do-benfica\/#primaryimage"},"thumbnailUrl":"https:\/\/portaltela.pt\/s.01k8rhncp4jt1\/2026\/02\/image-649.jpg","datePublished":"2026-02-08T18:05:00+00:00","author":{"@id":"https:\/\/portaltela.pt\/#\/schema\/person\/c4278d4a6028830caff9ee44b42d32ed"},"breadcrumb":{"@id":"https:\/\/portaltela.pt\/noticias\/2026\/02\/08\/avanca-critica-insensibilidade-da-federacao-de-andebol-e-atitude-do-benfica\/#breadcrumb"},"inLanguage":"pt-PT","potentialAction":[{"@type":"ReadAction","target":["https:\/\/portaltela.pt\/noticias\/2026\/02\/08\/avanca-critica-insensibilidade-da-federacao-de-andebol-e-atitude-do-benfica\/"]}]},{"@type":"ImageObject","inLanguage":"pt-PT","@id":"https:\/\/portaltela.pt\/noticias\/2026\/02\/08\/avanca-critica-insensibilidade-da-federacao-de-andebol-e-atitude-do-benfica\/#primaryimage","url":"https:\/\/portaltela.pt\/s.01k8rhncp4jt1\/2026\/02\/image-649.jpg","contentUrl":"https:\/\/portaltela.pt\/s.01k8rhncp4jt1\/2026\/02\/image-649.jpg","width":796,"height":448,"caption":"Avanca descontente com a situa\u00e7\u00e3o"},{"@type":"BreadcrumbList","@id":"https:\/\/portaltela.pt\/noticias\/2026\/02\/08\/avanca-critica-insensibilidade-da-federacao-de-andebol-e-atitude-do-benfica\/#breadcrumb","itemListElement":[{"@type":"ListItem","position":1,"name":"In\u00edcio","item":"https:\/\/portaltela.pt\/"},{"@type":"ListItem","position":2,"name":"Avanca critica insensibilidade da Federa\u00e7\u00e3o de Andebol e atitude do Benfica"}]},{"@type":"WebSite","@id":"https:\/\/portaltela.pt\/#website","url":"https:\/\/portaltela.pt\/","name":"Portal Tela Portugal","description":"","potentialAction":[{"@type":"SearchAction","target":{"@type":"EntryPoint","urlTemplate":"https:\/\/portaltela.pt\/?s={search_term_string}"},"query-input":{"@type":"PropertyValueSpecification","valueRequired":true,"valueName":"search_term_string"}}],"inLanguage":"pt-PT"},{"@type":"Person","@id":"https:\/\/portaltela.pt\/#\/schema\/person\/c4278d4a6028830caff9ee44b42d32ed","name":"Telinha","image":{"@type":"ImageObject","inLanguage":"pt-PT","@id":"https:\/\/portaltela.pt\/s.01k8rhncp4jt1\/2025\/11\/talking-bot-125x125.png","url":"https:\/\/portaltela.pt\/s.01k8rhncp4jt1\/2025\/11\/talking-bot-125x125.png","contentUrl":"https:\/\/portaltela.pt\/s.01k8rhncp4jt1\/2025\/11\/talking-bot-125x125.png","caption":"Telinha"},"sameAs":["https:\/\/portaltela.pt\/"],"url":"https:\/\/portaltela.pt\/por\/367410592786\/"}]}},"_links":{"self":[{"href":"https:\/\/portaltela.pt\/api\/wp\/v2\/posts\/204319","targetHints":{"allow":["GET"]}}],"collection":[{"href":"https:\/\/portaltela.pt\/api\/wp\/v2\/posts"}],"about":[{"href":"https:\/\/portaltela.pt\/api\/wp\/v2\/types\/post"}],"author":[{"embeddable":true,"href":"https:\/\/portaltela.pt\/api\/wp\/v2\/users\/2"}],"replies":[{"embeddable":true,"href":"https:\/\/portaltela.pt\/api\/wp\/v2\/comments?post=204319"}],"version-history":[{"count":0,"href":"https:\/\/portaltela.pt\/api\/wp\/v2\/posts\/204319\/revisions"}],"wp:featuredmedia":[{"embeddable":true,"href":"https:\/\/portaltela.pt\/api\/wp\/v2\/media\/204322"}],"wp:attachment":[{"href":"https:\/\/portaltela.pt\/api\/wp\/v2\/media?parent=204319"}],"wp:term":[{"taxonomy":"category","embeddable":true,"href":"https:\/\/portaltela.pt\/api\/wp\/v2\/categories?post=204319"},{"taxonomy":"post_tag","embeddable":true,"href":"https:\/\/portaltela.pt\/api\/wp\/v2\/tags?post=204319"}],"curies":[{"name":"wp","href":"https:\/\/api.w.org\/{rel}","templated":true}]}}