{"id":204311,"date":"2026-02-08T14:53:08","date_gmt":"2026-02-08T17:53:08","guid":{"rendered":"https:\/\/portaltela.pt\/noticias\/2026\/02\/08\/deco-nao-continuara-no-barcelona-se-laporta-perder-as-eleicoes\/"},"modified":"2026-02-08T14:53:08","modified_gmt":"2026-02-08T17:53:08","slug":"deco-nao-continuara-no-barcelona-se-laporta-perder-as-eleicoes","status":"publish","type":"post","link":"https:\/\/portaltela.pt\/desporto\/futebol\/2026\/02\/08\/deco-nao-continuara-no-barcelona-se-laporta-perder-as-eleicoes\/","title":{"rendered":"Deco n\u00e3o continuar\u00e1 no Barcelona se Laporta perder as elei\u00e7\u00f5es"},"content":{"rendered":"<p>O Barcelona aproxima-se das elei\u00e7\u00f5es marcadas para 15 de mar\u00e7o. O clube catal\u00e3o ter\u00e1 quatro candidatos a presidente, sendo Joan Laporta o atual l\u00edder. Entre eles est\u00e1 V\u00edctor Font, que j\u00e1 anunciou que Deco n\u00e3o far\u00e1 parte da sua lista como diretor desportivo se vencer as elei\u00e7\u00f5es.<\/p>\n<p>Font afirmou numa entrevista \u00e0 RAC1 que Deco n\u00e3o ser\u00e1 o diretor desportivo da sua equipa. Refor\u00e7ou que a estrutura ser\u00e1 ajustada para encaixar com o t\u00e9cnico pretendido, sem adiantar nomes ainda contratados. A garantia \u00e9 de que n\u00e3o haver\u00e1 pessoas sem liga\u00e7\u00e3o desportiva.<\/p>\n<p>O pr\u00f3prio Deco tem mostrado satisfa\u00e7\u00e3o com o trabalho no clube. O treinador do Bar\u00e7a afirmou estar contente com a rela\u00e7\u00e3o atual, baseada em confian\u00e7a m\u00fatua, objetivos partilhados e uma filosofia semelhante. A equipa prepara-se para o pr\u00f3ximo jogo, frente ao Maiorca, que venceu 3-0.<\/p>\n<h3>Rela\u00e7\u00e3o com o treinador<\/h3>\n<p>A liga\u00e7\u00e3o entre Deco e o corpo t\u00e9cnico \u00e9 apresentada como positivo pela dire\u00e7\u00e3o desportiva. Font indicou que pretende alinhar a estrutura ao modelo desejado por Hansi Flick, sem revelar detalhes de contrata\u00e7\u00f5es em curso. A comunica\u00e7\u00e3o entre clube e ex-jogador mant\u00e9m-se sob escrut\u00ednio.<\/p>\n<h3>Calend\u00e1rio eleitoral<\/h3>\n<p>O novo presidente s\u00f3 tomar\u00e1 fun\u00e7\u00f5es a 1 de julho, iniciando um ciclo de cinco anos. O mandato est\u00e1 previsto terminar a 30 de junho de 2031, condicionando o planeamento de refor\u00e7os e estrat\u00e9gia desportiva nos pr\u00f3ximos meses. A decis\u00e3o final caber\u00e1 aos s\u00f3cios do clube.<\/p>\n","protected":false},"excerpt":{"rendered":"<ul>\n<li>V\u00edctor Font informou que Deco n\u00e3o ser\u00e1 o diretor desportivo da sua lista, caso ven\u00e7a as elei\u00e7\u00f5es de 15 de mar\u00e7o.<\/li>\n<li>O candidato diz querer uma estrutura afinada com Hansi Flick e n\u00e3o adianta apresentar nomes com contrato vigente.<\/li>\n<li>Deco \u00e9 visto de forma positiva pelo treinador do Barcelona, que diz estar contente com a parceria e ambos partilham a mesma filosofia de jogadores.<\/li>\n<li>As elei\u00e7\u00f5es acontecem a 15 de mar\u00e7o, com Joan Laporta a manter-se na corrida contra quatro advers\u00e1rios.<\/li>\n<li>O novo presidente s\u00f3 assume fun\u00e7\u00f5es a 1 de julho, iniciando um mandato de cinco anos que vai at\u00e9 30 de junho de 2031.<\/li>\n<\/ul>\n","protected":false},"author":2,"featured_media":204312,"comment_status":"closed","ping_status":"closed","sticky":false,"template":"","format":"standard","meta":{"footnotes":""},"categories":[21,24],"tags":[2587,2040,68,32,2050,2477],"class_list":["post-204311","post","type-post","status-publish","format-standard","has-post-thumbnail","hentry","category-desporto","category-futebol","tag-barcelona","tag-deco","tag-eleicoes","tag-futebol","tag-transferencias","tag-treinadores"],"yoast_head":"<!-- This site is optimized with the Yoast SEO plugin v27.2 - https:\/\/yoast.com\/product\/yoast-seo-wordpress\/ -->\n<title>Deco n\u00e3o continuar\u00e1 no Barcelona se Laporta perder as elei\u00e7\u00f5es - Portal Tela Portugal<\/title>\n<meta name=\"robots\" content=\"index, follow, max-snippet:-1, max-image-preview:large, max-video-preview:-1\" \/>\n<meta property=\"og:locale\" content=\"pt_PT\" \/>\n<meta property=\"og:type\" content=\"article\" \/>\n<meta property=\"og:title\" content=\"Deco n\u00e3o continuar\u00e1 no Barcelona se Laporta perder as elei\u00e7\u00f5es - Portal Tela Portugal\" \/>\n<meta property=\"og:description\" content=\"V\u00edctor Font informou que Deco n\u00e3o ser\u00e1 o diretor desportivo da sua lista, caso ven\u00e7a as elei\u00e7\u00f5es de 15 de mar\u00e7o. O candidato diz querer uma estrutura afinada com Hansi Flick e n\u00e3o adianta apresentar nomes com contrato vigente. Deco \u00e9 visto de forma positiva pelo treinador do Barcelona, que diz estar contente com a parceria e ambos partilham a mesma filosofia de jogadores. As elei\u00e7\u00f5es acontecem a 15 de mar\u00e7o, com Joan Laporta a manter-se na corrida contra quatro advers\u00e1rios. O novo presidente s\u00f3 assume fun\u00e7\u00f5es a 1 de julho, iniciando um mandato de cinco anos que vai at\u00e9 30 de junho de 2031.\" \/>\n<meta property=\"og:url\" content=\"https:\/\/portaltela.pt\/noticias\/2026\/02\/08\/deco-nao-continuara-no-barcelona-se-laporta-perder-as-eleicoes\/\" \/>\n<meta property=\"og:site_name\" content=\"Portal Tela Portugal\" \/>\n<meta property=\"article:published_time\" content=\"2026-02-08T17:53:08+00:00\" \/>\n<meta name=\"author\" content=\"Telinha\" \/>\n<meta name=\"twitter:card\" content=\"summary_large_image\" \/>\n<meta name=\"twitter:label1\" content=\"Escrito por\" \/>\n\t<meta name=\"twitter:data1\" content=\"Telinha\" \/>\n\t<meta name=\"twitter:label2\" content=\"Tempo estimado de leitura\" \/>\n\t<meta name=\"twitter:data2\" content=\"1 minuto\" \/>\n<script type=\"application\/ld+json\" class=\"yoast-schema-graph\">{\"@context\":\"https:\/\/schema.org\",\"@graph\":[{\"@type\":\"Article\",\"@id\":\"https:\/\/portaltela.pt\/noticias\/2026\/02\/08\/deco-nao-continuara-no-barcelona-se-laporta-perder-as-eleicoes\/#article\",\"isPartOf\":{\"@id\":\"https:\/\/portaltela.pt\/noticias\/2026\/02\/08\/deco-nao-continuara-no-barcelona-se-laporta-perder-as-eleicoes\/\"},\"author\":{\"name\":\"Telinha\",\"@id\":\"https:\/\/portaltela.pt\/#\/schema\/person\/c4278d4a6028830caff9ee44b42d32ed\"},\"headline\":\"Deco n\u00e3o continuar\u00e1 no Barcelona se Laporta perder as elei\u00e7\u00f5es\",\"datePublished\":\"2026-02-08T17:53:08+00:00\",\"mainEntityOfPage\":{\"@id\":\"https:\/\/portaltela.pt\/noticias\/2026\/02\/08\/deco-nao-continuara-no-barcelona-se-laporta-perder-as-eleicoes\/\"},\"wordCount\":271,\"image\":{\"@id\":\"https:\/\/portaltela.pt\/noticias\/2026\/02\/08\/deco-nao-continuara-no-barcelona-se-laporta-perder-as-eleicoes\/#primaryimage\"},\"thumbnailUrl\":\"https:\/\/portaltela.pt\/s.01k8rhncp4jt1\/2026\/02\/img_920x518uu2026-02-08-17-51-20-2420320.jpg\",\"keywords\":[\"Barcelona\",\"Deco\",\"elei\u00e7\u00f5es\",\"futebol\",\"transfer\u00eancias\",\"treinadores\"],\"articleSection\":[\"Desporto\",\"Futebol\"],\"inLanguage\":\"pt-PT\"},{\"@type\":\"WebPage\",\"@id\":\"https:\/\/portaltela.pt\/noticias\/2026\/02\/08\/deco-nao-continuara-no-barcelona-se-laporta-perder-as-eleicoes\/\",\"url\":\"https:\/\/portaltela.pt\/noticias\/2026\/02\/08\/deco-nao-continuara-no-barcelona-se-laporta-perder-as-eleicoes\/\",\"name\":\"Deco n\u00e3o continuar\u00e1 no Barcelona se Laporta perder as elei\u00e7\u00f5es - Portal Tela Portugal\",\"isPartOf\":{\"@id\":\"https:\/\/portaltela.pt\/#website\"},\"primaryImageOfPage\":{\"@id\":\"https:\/\/portaltela.pt\/noticias\/2026\/02\/08\/deco-nao-continuara-no-barcelona-se-laporta-perder-as-eleicoes\/#primaryimage\"},\"image\":{\"@id\":\"https:\/\/portaltela.pt\/noticias\/2026\/02\/08\/deco-nao-continuara-no-barcelona-se-laporta-perder-as-eleicoes\/#primaryimage\"},\"thumbnailUrl\":\"https:\/\/portaltela.pt\/s.01k8rhncp4jt1\/2026\/02\/img_920x518uu2026-02-08-17-51-20-2420320.jpg\",\"datePublished\":\"2026-02-08T17:53:08+00:00\",\"author\":{\"@id\":\"https:\/\/portaltela.pt\/#\/schema\/person\/c4278d4a6028830caff9ee44b42d32ed\"},\"breadcrumb\":{\"@id\":\"https:\/\/portaltela.pt\/noticias\/2026\/02\/08\/deco-nao-continuara-no-barcelona-se-laporta-perder-as-eleicoes\/#breadcrumb\"},\"inLanguage\":\"pt-PT\",\"potentialAction\":[{\"@type\":\"ReadAction\",\"target\":[\"https:\/\/portaltela.pt\/noticias\/2026\/02\/08\/deco-nao-continuara-no-barcelona-se-laporta-perder-as-eleicoes\/\"]}]},{\"@type\":\"ImageObject\",\"inLanguage\":\"pt-PT\",\"@id\":\"https:\/\/portaltela.pt\/noticias\/2026\/02\/08\/deco-nao-continuara-no-barcelona-se-laporta-perder-as-eleicoes\/#primaryimage\",\"url\":\"https:\/\/portaltela.pt\/s.01k8rhncp4jt1\/2026\/02\/img_920x518uu2026-02-08-17-51-20-2420320.jpg\",\"contentUrl\":\"https:\/\/portaltela.pt\/s.01k8rhncp4jt1\/2026\/02\/img_920x518uu2026-02-08-17-51-20-2420320.jpg\",\"width\":796,\"height\":448,\"caption\":\"Deco, diretor desportivo do Barcelona\"},{\"@type\":\"BreadcrumbList\",\"@id\":\"https:\/\/portaltela.pt\/noticias\/2026\/02\/08\/deco-nao-continuara-no-barcelona-se-laporta-perder-as-eleicoes\/#breadcrumb\",\"itemListElement\":[{\"@type\":\"ListItem\",\"position\":1,\"name\":\"In\u00edcio\",\"item\":\"https:\/\/portaltela.pt\/\"},{\"@type\":\"ListItem\",\"position\":2,\"name\":\"Deco n\u00e3o continuar\u00e1 no Barcelona se Laporta perder as elei\u00e7\u00f5es\"}]},{\"@type\":\"WebSite\",\"@id\":\"https:\/\/portaltela.pt\/#website\",\"url\":\"https:\/\/portaltela.pt\/\",\"name\":\"Portal Tela Portugal\",\"description\":\"\",\"potentialAction\":[{\"@type\":\"SearchAction\",\"target\":{\"@type\":\"EntryPoint\",\"urlTemplate\":\"https:\/\/portaltela.pt\/?s={search_term_string}\"},\"query-input\":{\"@type\":\"PropertyValueSpecification\",\"valueRequired\":true,\"valueName\":\"search_term_string\"}}],\"inLanguage\":\"pt-PT\"},{\"@type\":\"Person\",\"@id\":\"https:\/\/portaltela.pt\/#\/schema\/person\/c4278d4a6028830caff9ee44b42d32ed\",\"name\":\"Telinha\",\"image\":{\"@type\":\"ImageObject\",\"inLanguage\":\"pt-PT\",\"@id\":\"https:\/\/portaltela.pt\/s.01k8rhncp4jt1\/2025\/11\/talking-bot-125x125.png\",\"url\":\"https:\/\/portaltela.pt\/s.01k8rhncp4jt1\/2025\/11\/talking-bot-125x125.png\",\"contentUrl\":\"https:\/\/portaltela.pt\/s.01k8rhncp4jt1\/2025\/11\/talking-bot-125x125.png\",\"caption\":\"Telinha\"},\"sameAs\":[\"https:\/\/portaltela.pt\/\"],\"url\":\"https:\/\/portaltela.pt\/por\/367410592786\/\"}]}<\/script>\n<!-- \/ Yoast SEO plugin. -->","yoast_head_json":{"title":"Deco n\u00e3o continuar\u00e1 no Barcelona se Laporta perder as elei\u00e7\u00f5es - Portal Tela Portugal","robots":{"index":"index","follow":"follow","max-snippet":"max-snippet:-1","max-image-preview":"max-image-preview:large","max-video-preview":"max-video-preview:-1"},"og_locale":"pt_PT","og_type":"article","og_title":"Deco n\u00e3o continuar\u00e1 no Barcelona se Laporta perder as elei\u00e7\u00f5es - Portal Tela Portugal","og_description":"V\u00edctor Font informou que Deco n\u00e3o ser\u00e1 o diretor desportivo da sua lista, caso ven\u00e7a as elei\u00e7\u00f5es de 15 de mar\u00e7o. O candidato diz querer uma estrutura afinada com Hansi Flick e n\u00e3o adianta apresentar nomes com contrato vigente. Deco \u00e9 visto de forma positiva pelo treinador do Barcelona, que diz estar contente com a parceria e ambos partilham a mesma filosofia de jogadores. As elei\u00e7\u00f5es acontecem a 15 de mar\u00e7o, com Joan Laporta a manter-se na corrida contra quatro advers\u00e1rios. O novo presidente s\u00f3 assume fun\u00e7\u00f5es a 1 de julho, iniciando um mandato de cinco anos que vai at\u00e9 30 de junho de 2031.","og_url":"https:\/\/portaltela.pt\/noticias\/2026\/02\/08\/deco-nao-continuara-no-barcelona-se-laporta-perder-as-eleicoes\/","og_site_name":"Portal Tela Portugal","article_published_time":"2026-02-08T17:53:08+00:00","author":"Telinha","twitter_card":"summary_large_image","twitter_misc":{"Escrito por":"Telinha","Tempo estimado de leitura":"1 minuto"},"schema":{"@context":"https:\/\/schema.org","@graph":[{"@type":"Article","@id":"https:\/\/portaltela.pt\/noticias\/2026\/02\/08\/deco-nao-continuara-no-barcelona-se-laporta-perder-as-eleicoes\/#article","isPartOf":{"@id":"https:\/\/portaltela.pt\/noticias\/2026\/02\/08\/deco-nao-continuara-no-barcelona-se-laporta-perder-as-eleicoes\/"},"author":{"name":"Telinha","@id":"https:\/\/portaltela.pt\/#\/schema\/person\/c4278d4a6028830caff9ee44b42d32ed"},"headline":"Deco n\u00e3o continuar\u00e1 no Barcelona se Laporta perder as elei\u00e7\u00f5es","datePublished":"2026-02-08T17:53:08+00:00","mainEntityOfPage":{"@id":"https:\/\/portaltela.pt\/noticias\/2026\/02\/08\/deco-nao-continuara-no-barcelona-se-laporta-perder-as-eleicoes\/"},"wordCount":271,"image":{"@id":"https:\/\/portaltela.pt\/noticias\/2026\/02\/08\/deco-nao-continuara-no-barcelona-se-laporta-perder-as-eleicoes\/#primaryimage"},"thumbnailUrl":"https:\/\/portaltela.pt\/s.01k8rhncp4jt1\/2026\/02\/img_920x518uu2026-02-08-17-51-20-2420320.jpg","keywords":["Barcelona","Deco","elei\u00e7\u00f5es","futebol","transfer\u00eancias","treinadores"],"articleSection":["Desporto","Futebol"],"inLanguage":"pt-PT"},{"@type":"WebPage","@id":"https:\/\/portaltela.pt\/noticias\/2026\/02\/08\/deco-nao-continuara-no-barcelona-se-laporta-perder-as-eleicoes\/","url":"https:\/\/portaltela.pt\/noticias\/2026\/02\/08\/deco-nao-continuara-no-barcelona-se-laporta-perder-as-eleicoes\/","name":"Deco n\u00e3o continuar\u00e1 no Barcelona se Laporta perder as elei\u00e7\u00f5es - Portal Tela Portugal","isPartOf":{"@id":"https:\/\/portaltela.pt\/#website"},"primaryImageOfPage":{"@id":"https:\/\/portaltela.pt\/noticias\/2026\/02\/08\/deco-nao-continuara-no-barcelona-se-laporta-perder-as-eleicoes\/#primaryimage"},"image":{"@id":"https:\/\/portaltela.pt\/noticias\/2026\/02\/08\/deco-nao-continuara-no-barcelona-se-laporta-perder-as-eleicoes\/#primaryimage"},"thumbnailUrl":"https:\/\/portaltela.pt\/s.01k8rhncp4jt1\/2026\/02\/img_920x518uu2026-02-08-17-51-20-2420320.jpg","datePublished":"2026-02-08T17:53:08+00:00","author":{"@id":"https:\/\/portaltela.pt\/#\/schema\/person\/c4278d4a6028830caff9ee44b42d32ed"},"breadcrumb":{"@id":"https:\/\/portaltela.pt\/noticias\/2026\/02\/08\/deco-nao-continuara-no-barcelona-se-laporta-perder-as-eleicoes\/#breadcrumb"},"inLanguage":"pt-PT","potentialAction":[{"@type":"ReadAction","target":["https:\/\/portaltela.pt\/noticias\/2026\/02\/08\/deco-nao-continuara-no-barcelona-se-laporta-perder-as-eleicoes\/"]}]},{"@type":"ImageObject","inLanguage":"pt-PT","@id":"https:\/\/portaltela.pt\/noticias\/2026\/02\/08\/deco-nao-continuara-no-barcelona-se-laporta-perder-as-eleicoes\/#primaryimage","url":"https:\/\/portaltela.pt\/s.01k8rhncp4jt1\/2026\/02\/img_920x518uu2026-02-08-17-51-20-2420320.jpg","contentUrl":"https:\/\/portaltela.pt\/s.01k8rhncp4jt1\/2026\/02\/img_920x518uu2026-02-08-17-51-20-2420320.jpg","width":796,"height":448,"caption":"Deco, diretor desportivo do Barcelona"},{"@type":"BreadcrumbList","@id":"https:\/\/portaltela.pt\/noticias\/2026\/02\/08\/deco-nao-continuara-no-barcelona-se-laporta-perder-as-eleicoes\/#breadcrumb","itemListElement":[{"@type":"ListItem","position":1,"name":"In\u00edcio","item":"https:\/\/portaltela.pt\/"},{"@type":"ListItem","position":2,"name":"Deco n\u00e3o continuar\u00e1 no Barcelona se Laporta perder as elei\u00e7\u00f5es"}]},{"@type":"WebSite","@id":"https:\/\/portaltela.pt\/#website","url":"https:\/\/portaltela.pt\/","name":"Portal Tela Portugal","description":"","potentialAction":[{"@type":"SearchAction","target":{"@type":"EntryPoint","urlTemplate":"https:\/\/portaltela.pt\/?s={search_term_string}"},"query-input":{"@type":"PropertyValueSpecification","valueRequired":true,"valueName":"search_term_string"}}],"inLanguage":"pt-PT"},{"@type":"Person","@id":"https:\/\/portaltela.pt\/#\/schema\/person\/c4278d4a6028830caff9ee44b42d32ed","name":"Telinha","image":{"@type":"ImageObject","inLanguage":"pt-PT","@id":"https:\/\/portaltela.pt\/s.01k8rhncp4jt1\/2025\/11\/talking-bot-125x125.png","url":"https:\/\/portaltela.pt\/s.01k8rhncp4jt1\/2025\/11\/talking-bot-125x125.png","contentUrl":"https:\/\/portaltela.pt\/s.01k8rhncp4jt1\/2025\/11\/talking-bot-125x125.png","caption":"Telinha"},"sameAs":["https:\/\/portaltela.pt\/"],"url":"https:\/\/portaltela.pt\/por\/367410592786\/"}]}},"_links":{"self":[{"href":"https:\/\/portaltela.pt\/api\/wp\/v2\/posts\/204311","targetHints":{"allow":["GET"]}}],"collection":[{"href":"https:\/\/portaltela.pt\/api\/wp\/v2\/posts"}],"about":[{"href":"https:\/\/portaltela.pt\/api\/wp\/v2\/types\/post"}],"author":[{"embeddable":true,"href":"https:\/\/portaltela.pt\/api\/wp\/v2\/users\/2"}],"replies":[{"embeddable":true,"href":"https:\/\/portaltela.pt\/api\/wp\/v2\/comments?post=204311"}],"version-history":[{"count":0,"href":"https:\/\/portaltela.pt\/api\/wp\/v2\/posts\/204311\/revisions"}],"wp:featuredmedia":[{"embeddable":true,"href":"https:\/\/portaltela.pt\/api\/wp\/v2\/media\/204312"}],"wp:attachment":[{"href":"https:\/\/portaltela.pt\/api\/wp\/v2\/media?parent=204311"}],"wp:term":[{"taxonomy":"category","embeddable":true,"href":"https:\/\/portaltela.pt\/api\/wp\/v2\/categories?post=204311"},{"taxonomy":"post_tag","embeddable":true,"href":"https:\/\/portaltela.pt\/api\/wp\/v2\/tags?post=204311"}],"curies":[{"name":"wp","href":"https:\/\/api.w.org\/{rel}","templated":true}]}}