{"id":204303,"date":"2026-02-08T14:57:37","date_gmt":"2026-02-08T17:57:37","guid":{"rendered":"https:\/\/portaltela.pt\/noticias\/2026\/02\/08\/camoes-troca-noruega-pelo-cairo-e-realca-a-grandiosidade-do-clube\/"},"modified":"2026-02-08T14:57:37","modified_gmt":"2026-02-08T17:57:37","slug":"camoes-troca-noruega-pelo-cairo-e-realca-a-grandiosidade-do-clube","status":"publish","type":"post","link":"https:\/\/portaltela.pt\/desporto\/futebol\/2026\/02\/08\/camoes-troca-noruega-pelo-cairo-e-realca-a-grandiosidade-do-clube\/","title":{"rendered":"Cam\u00f5es troca Noruega pelo Cairo e real\u00e7a a grandiosidade do clube"},"content":{"rendered":"<p>O avan\u00e7ado Ieltsin Cam\u00f5es trocou o frio da Noruega pelo calor do Cairo, ao transferir-se por empr\u00e9stimo do Troms\u00f8 ao Al Ahly, do Egito. O neg\u00f3cio foi confirmado h\u00e1 cerca de uma semana.<\/p>\n<p>Cam\u00f5es, de 26 anos, j\u00e1 estreou-se pelo Al Ahly na Liga dos Campe\u00f5es Africanos, num contexto em que a equipa persigue progressos na competi\u00e7\u00e3o continental. O jogador chegou ao Cairo para integrar o plantel eg\u00edpcio.<\/p>\n<p>O atleta tem liga\u00e7\u00f5es com o Sporting e o Nacional durante a forma\u00e7\u00e3o, e a sua chegada coloca de novo o dianteiro africano numa liga de refer\u00eancia no futebol \u00e1rabe. O Al Ahly aposta no atacante para refor\u00e7ar o ataque.<\/p>\n<p>A mudan\u00e7a \u00e9 destacada pela imprensa eg\u00edpcia pela dimens\u00e3o do clube e pela ambi\u00e7\u00e3o competitiva na CAF Champions League, numa fase em que Cam\u00f5es encara um novo desafio fora da Noruega.<\/p>\n","protected":false},"excerpt":{"rendered":"<ul>\n<li>Ieltsin Cam\u00f5es \u00e9 avan\u00e7ado do Al Ahly e foi cedido pelo Tromso, da Noruega, para o Cairo.<\/li>\n<li>Chegou ao Cairo h\u00e1 cerca de uma semana para representar o clube eg\u00edpcio.<\/li>\n<li>j\u00e1 se estreou pelo Al Ahly na Liga dos Campe\u00f5es Africanos.<\/li>\n<li>O jogador, de 26 anos, afirmou ter ficado atra\u00eddo pela grandiosidade do clube.<\/li>\n<li>A carreira dele tem pontos de contacto com a de Cristiano Ronaldo, como jogar em pa\u00edses \u00e1rabes e ter passagem pela forma\u00e7\u00e3o do Sporting e do Nacional.<\/li>\n<\/ul>\n","protected":false},"author":2,"featured_media":204304,"comment_status":"closed","ping_status":"closed","sticky":false,"template":"","format":"standard","meta":{"footnotes":""},"categories":[21,24],"tags":[3577,3336,32,3338,2125,1633],"class_list":["post-204303","post","type-post","status-publish","format-standard","has-post-thumbnail","hentry","category-desporto","category-futebol","tag-champions-league","tag-egito","tag-futebol","tag-futebol-internacional","tag-noruega","tag-transferencias-internacionais"],"yoast_head":"<!-- This site is optimized with the Yoast SEO plugin v27.2 - https:\/\/yoast.com\/product\/yoast-seo-wordpress\/ -->\n<title>Cam\u00f5es troca Noruega pelo Cairo e real\u00e7a a grandiosidade do clube - Portal Tela Portugal<\/title>\n<meta name=\"robots\" content=\"index, follow, max-snippet:-1, max-image-preview:large, max-video-preview:-1\" \/>\n<meta property=\"og:locale\" content=\"pt_PT\" \/>\n<meta property=\"og:type\" content=\"article\" \/>\n<meta property=\"og:title\" content=\"Cam\u00f5es troca Noruega pelo Cairo e real\u00e7a a grandiosidade do clube - Portal Tela Portugal\" \/>\n<meta property=\"og:description\" content=\"Ieltsin Cam\u00f5es \u00e9 avan\u00e7ado do Al Ahly e foi cedido pelo Tromso, da Noruega, para o Cairo. Chegou ao Cairo h\u00e1 cerca de uma semana para representar o clube eg\u00edpcio. j\u00e1 se estreou pelo Al Ahly na Liga dos Campe\u00f5es Africanos. O jogador, de 26 anos, afirmou ter ficado atra\u00eddo pela grandiosidade do clube. A carreira dele tem pontos de contacto com a de Cristiano Ronaldo, como jogar em pa\u00edses \u00e1rabes e ter passagem pela forma\u00e7\u00e3o do Sporting e do Nacional.\" \/>\n<meta property=\"og:url\" content=\"https:\/\/portaltela.pt\/noticias\/2026\/02\/08\/camoes-troca-noruega-pelo-cairo-e-realca-a-grandiosidade-do-clube\/\" \/>\n<meta property=\"og:site_name\" content=\"Portal Tela Portugal\" \/>\n<meta property=\"article:published_time\" content=\"2026-02-08T17:57:37+00:00\" \/>\n<meta name=\"author\" content=\"Telinha\" \/>\n<meta name=\"twitter:card\" content=\"summary_large_image\" \/>\n<meta name=\"twitter:label1\" content=\"Escrito por\" \/>\n\t<meta name=\"twitter:data1\" content=\"Telinha\" \/>\n\t<meta name=\"twitter:label2\" content=\"Tempo estimado de leitura\" \/>\n\t<meta name=\"twitter:data2\" content=\"1 minuto\" \/>\n<script type=\"application\/ld+json\" class=\"yoast-schema-graph\">{\"@context\":\"https:\/\/schema.org\",\"@graph\":[{\"@type\":\"Article\",\"@id\":\"https:\/\/portaltela.pt\/noticias\/2026\/02\/08\/camoes-troca-noruega-pelo-cairo-e-realca-a-grandiosidade-do-clube\/#article\",\"isPartOf\":{\"@id\":\"https:\/\/portaltela.pt\/noticias\/2026\/02\/08\/camoes-troca-noruega-pelo-cairo-e-realca-a-grandiosidade-do-clube\/\"},\"author\":{\"name\":\"Telinha\",\"@id\":\"https:\/\/portaltela.pt\/#\/schema\/person\/c4278d4a6028830caff9ee44b42d32ed\"},\"headline\":\"Cam\u00f5es troca Noruega pelo Cairo e real\u00e7a a grandiosidade do clube\",\"datePublished\":\"2026-02-08T17:57:37+00:00\",\"mainEntityOfPage\":{\"@id\":\"https:\/\/portaltela.pt\/noticias\/2026\/02\/08\/camoes-troca-noruega-pelo-cairo-e-realca-a-grandiosidade-do-clube\/\"},\"wordCount\":167,\"image\":{\"@id\":\"https:\/\/portaltela.pt\/noticias\/2026\/02\/08\/camoes-troca-noruega-pelo-cairo-e-realca-a-grandiosidade-do-clube\/#primaryimage\"},\"thumbnailUrl\":\"https:\/\/portaltela.pt\/s.01k8rhncp4jt1\/2026\/02\/img_920x518uu2026-02-08-16-26-11-2420293.jpg\",\"keywords\":[\"Champions League\",\"Egito\",\"futebol\",\"futebol internacional\",\"Noruega\",\"transfer\u00eancias internacionais\"],\"articleSection\":[\"Desporto\",\"Futebol\"],\"inLanguage\":\"pt-PT\"},{\"@type\":\"WebPage\",\"@id\":\"https:\/\/portaltela.pt\/noticias\/2026\/02\/08\/camoes-troca-noruega-pelo-cairo-e-realca-a-grandiosidade-do-clube\/\",\"url\":\"https:\/\/portaltela.pt\/noticias\/2026\/02\/08\/camoes-troca-noruega-pelo-cairo-e-realca-a-grandiosidade-do-clube\/\",\"name\":\"Cam\u00f5es troca Noruega pelo Cairo e real\u00e7a a grandiosidade do clube - Portal Tela Portugal\",\"isPartOf\":{\"@id\":\"https:\/\/portaltela.pt\/#website\"},\"primaryImageOfPage\":{\"@id\":\"https:\/\/portaltela.pt\/noticias\/2026\/02\/08\/camoes-troca-noruega-pelo-cairo-e-realca-a-grandiosidade-do-clube\/#primaryimage\"},\"image\":{\"@id\":\"https:\/\/portaltela.pt\/noticias\/2026\/02\/08\/camoes-troca-noruega-pelo-cairo-e-realca-a-grandiosidade-do-clube\/#primaryimage\"},\"thumbnailUrl\":\"https:\/\/portaltela.pt\/s.01k8rhncp4jt1\/2026\/02\/img_920x518uu2026-02-08-16-26-11-2420293.jpg\",\"datePublished\":\"2026-02-08T17:57:37+00:00\",\"author\":{\"@id\":\"https:\/\/portaltela.pt\/#\/schema\/person\/c4278d4a6028830caff9ee44b42d32ed\"},\"breadcrumb\":{\"@id\":\"https:\/\/portaltela.pt\/noticias\/2026\/02\/08\/camoes-troca-noruega-pelo-cairo-e-realca-a-grandiosidade-do-clube\/#breadcrumb\"},\"inLanguage\":\"pt-PT\",\"potentialAction\":[{\"@type\":\"ReadAction\",\"target\":[\"https:\/\/portaltela.pt\/noticias\/2026\/02\/08\/camoes-troca-noruega-pelo-cairo-e-realca-a-grandiosidade-do-clube\/\"]}]},{\"@type\":\"ImageObject\",\"inLanguage\":\"pt-PT\",\"@id\":\"https:\/\/portaltela.pt\/noticias\/2026\/02\/08\/camoes-troca-noruega-pelo-cairo-e-realca-a-grandiosidade-do-clube\/#primaryimage\",\"url\":\"https:\/\/portaltela.pt\/s.01k8rhncp4jt1\/2026\/02\/img_920x518uu2026-02-08-16-26-11-2420293.jpg\",\"contentUrl\":\"https:\/\/portaltela.pt\/s.01k8rhncp4jt1\/2026\/02\/img_920x518uu2026-02-08-16-26-11-2420293.jpg\",\"width\":796,\"height\":448,\"caption\":\"Ieltsin Cam\u00f5es j\u00e1 se estreou pelo Al Ahly na Liga dos Campe\u00f5es africana\"},{\"@type\":\"BreadcrumbList\",\"@id\":\"https:\/\/portaltela.pt\/noticias\/2026\/02\/08\/camoes-troca-noruega-pelo-cairo-e-realca-a-grandiosidade-do-clube\/#breadcrumb\",\"itemListElement\":[{\"@type\":\"ListItem\",\"position\":1,\"name\":\"In\u00edcio\",\"item\":\"https:\/\/portaltela.pt\/\"},{\"@type\":\"ListItem\",\"position\":2,\"name\":\"Cam\u00f5es troca Noruega pelo Cairo e real\u00e7a a grandiosidade do clube\"}]},{\"@type\":\"WebSite\",\"@id\":\"https:\/\/portaltela.pt\/#website\",\"url\":\"https:\/\/portaltela.pt\/\",\"name\":\"Portal Tela Portugal\",\"description\":\"\",\"potentialAction\":[{\"@type\":\"SearchAction\",\"target\":{\"@type\":\"EntryPoint\",\"urlTemplate\":\"https:\/\/portaltela.pt\/?s={search_term_string}\"},\"query-input\":{\"@type\":\"PropertyValueSpecification\",\"valueRequired\":true,\"valueName\":\"search_term_string\"}}],\"inLanguage\":\"pt-PT\"},{\"@type\":\"Person\",\"@id\":\"https:\/\/portaltela.pt\/#\/schema\/person\/c4278d4a6028830caff9ee44b42d32ed\",\"name\":\"Telinha\",\"image\":{\"@type\":\"ImageObject\",\"inLanguage\":\"pt-PT\",\"@id\":\"https:\/\/portaltela.pt\/s.01k8rhncp4jt1\/2025\/11\/talking-bot-125x125.png\",\"url\":\"https:\/\/portaltela.pt\/s.01k8rhncp4jt1\/2025\/11\/talking-bot-125x125.png\",\"contentUrl\":\"https:\/\/portaltela.pt\/s.01k8rhncp4jt1\/2025\/11\/talking-bot-125x125.png\",\"caption\":\"Telinha\"},\"sameAs\":[\"https:\/\/portaltela.pt\/\"],\"url\":\"https:\/\/portaltela.pt\/por\/367410592786\/\"}]}<\/script>\n<!-- \/ Yoast SEO plugin. -->","yoast_head_json":{"title":"Cam\u00f5es troca Noruega pelo Cairo e real\u00e7a a grandiosidade do clube - Portal Tela Portugal","robots":{"index":"index","follow":"follow","max-snippet":"max-snippet:-1","max-image-preview":"max-image-preview:large","max-video-preview":"max-video-preview:-1"},"og_locale":"pt_PT","og_type":"article","og_title":"Cam\u00f5es troca Noruega pelo Cairo e real\u00e7a a grandiosidade do clube - Portal Tela Portugal","og_description":"Ieltsin Cam\u00f5es \u00e9 avan\u00e7ado do Al Ahly e foi cedido pelo Tromso, da Noruega, para o Cairo. Chegou ao Cairo h\u00e1 cerca de uma semana para representar o clube eg\u00edpcio. j\u00e1 se estreou pelo Al Ahly na Liga dos Campe\u00f5es Africanos. O jogador, de 26 anos, afirmou ter ficado atra\u00eddo pela grandiosidade do clube. A carreira dele tem pontos de contacto com a de Cristiano Ronaldo, como jogar em pa\u00edses \u00e1rabes e ter passagem pela forma\u00e7\u00e3o do Sporting e do Nacional.","og_url":"https:\/\/portaltela.pt\/noticias\/2026\/02\/08\/camoes-troca-noruega-pelo-cairo-e-realca-a-grandiosidade-do-clube\/","og_site_name":"Portal Tela Portugal","article_published_time":"2026-02-08T17:57:37+00:00","author":"Telinha","twitter_card":"summary_large_image","twitter_misc":{"Escrito por":"Telinha","Tempo estimado de leitura":"1 minuto"},"schema":{"@context":"https:\/\/schema.org","@graph":[{"@type":"Article","@id":"https:\/\/portaltela.pt\/noticias\/2026\/02\/08\/camoes-troca-noruega-pelo-cairo-e-realca-a-grandiosidade-do-clube\/#article","isPartOf":{"@id":"https:\/\/portaltela.pt\/noticias\/2026\/02\/08\/camoes-troca-noruega-pelo-cairo-e-realca-a-grandiosidade-do-clube\/"},"author":{"name":"Telinha","@id":"https:\/\/portaltela.pt\/#\/schema\/person\/c4278d4a6028830caff9ee44b42d32ed"},"headline":"Cam\u00f5es troca Noruega pelo Cairo e real\u00e7a a grandiosidade do clube","datePublished":"2026-02-08T17:57:37+00:00","mainEntityOfPage":{"@id":"https:\/\/portaltela.pt\/noticias\/2026\/02\/08\/camoes-troca-noruega-pelo-cairo-e-realca-a-grandiosidade-do-clube\/"},"wordCount":167,"image":{"@id":"https:\/\/portaltela.pt\/noticias\/2026\/02\/08\/camoes-troca-noruega-pelo-cairo-e-realca-a-grandiosidade-do-clube\/#primaryimage"},"thumbnailUrl":"https:\/\/portaltela.pt\/s.01k8rhncp4jt1\/2026\/02\/img_920x518uu2026-02-08-16-26-11-2420293.jpg","keywords":["Champions League","Egito","futebol","futebol internacional","Noruega","transfer\u00eancias internacionais"],"articleSection":["Desporto","Futebol"],"inLanguage":"pt-PT"},{"@type":"WebPage","@id":"https:\/\/portaltela.pt\/noticias\/2026\/02\/08\/camoes-troca-noruega-pelo-cairo-e-realca-a-grandiosidade-do-clube\/","url":"https:\/\/portaltela.pt\/noticias\/2026\/02\/08\/camoes-troca-noruega-pelo-cairo-e-realca-a-grandiosidade-do-clube\/","name":"Cam\u00f5es troca Noruega pelo Cairo e real\u00e7a a grandiosidade do clube - Portal Tela Portugal","isPartOf":{"@id":"https:\/\/portaltela.pt\/#website"},"primaryImageOfPage":{"@id":"https:\/\/portaltela.pt\/noticias\/2026\/02\/08\/camoes-troca-noruega-pelo-cairo-e-realca-a-grandiosidade-do-clube\/#primaryimage"},"image":{"@id":"https:\/\/portaltela.pt\/noticias\/2026\/02\/08\/camoes-troca-noruega-pelo-cairo-e-realca-a-grandiosidade-do-clube\/#primaryimage"},"thumbnailUrl":"https:\/\/portaltela.pt\/s.01k8rhncp4jt1\/2026\/02\/img_920x518uu2026-02-08-16-26-11-2420293.jpg","datePublished":"2026-02-08T17:57:37+00:00","author":{"@id":"https:\/\/portaltela.pt\/#\/schema\/person\/c4278d4a6028830caff9ee44b42d32ed"},"breadcrumb":{"@id":"https:\/\/portaltela.pt\/noticias\/2026\/02\/08\/camoes-troca-noruega-pelo-cairo-e-realca-a-grandiosidade-do-clube\/#breadcrumb"},"inLanguage":"pt-PT","potentialAction":[{"@type":"ReadAction","target":["https:\/\/portaltela.pt\/noticias\/2026\/02\/08\/camoes-troca-noruega-pelo-cairo-e-realca-a-grandiosidade-do-clube\/"]}]},{"@type":"ImageObject","inLanguage":"pt-PT","@id":"https:\/\/portaltela.pt\/noticias\/2026\/02\/08\/camoes-troca-noruega-pelo-cairo-e-realca-a-grandiosidade-do-clube\/#primaryimage","url":"https:\/\/portaltela.pt\/s.01k8rhncp4jt1\/2026\/02\/img_920x518uu2026-02-08-16-26-11-2420293.jpg","contentUrl":"https:\/\/portaltela.pt\/s.01k8rhncp4jt1\/2026\/02\/img_920x518uu2026-02-08-16-26-11-2420293.jpg","width":796,"height":448,"caption":"Ieltsin Cam\u00f5es j\u00e1 se estreou pelo Al Ahly na Liga dos Campe\u00f5es africana"},{"@type":"BreadcrumbList","@id":"https:\/\/portaltela.pt\/noticias\/2026\/02\/08\/camoes-troca-noruega-pelo-cairo-e-realca-a-grandiosidade-do-clube\/#breadcrumb","itemListElement":[{"@type":"ListItem","position":1,"name":"In\u00edcio","item":"https:\/\/portaltela.pt\/"},{"@type":"ListItem","position":2,"name":"Cam\u00f5es troca Noruega pelo Cairo e real\u00e7a a grandiosidade do clube"}]},{"@type":"WebSite","@id":"https:\/\/portaltela.pt\/#website","url":"https:\/\/portaltela.pt\/","name":"Portal Tela Portugal","description":"","potentialAction":[{"@type":"SearchAction","target":{"@type":"EntryPoint","urlTemplate":"https:\/\/portaltela.pt\/?s={search_term_string}"},"query-input":{"@type":"PropertyValueSpecification","valueRequired":true,"valueName":"search_term_string"}}],"inLanguage":"pt-PT"},{"@type":"Person","@id":"https:\/\/portaltela.pt\/#\/schema\/person\/c4278d4a6028830caff9ee44b42d32ed","name":"Telinha","image":{"@type":"ImageObject","inLanguage":"pt-PT","@id":"https:\/\/portaltela.pt\/s.01k8rhncp4jt1\/2025\/11\/talking-bot-125x125.png","url":"https:\/\/portaltela.pt\/s.01k8rhncp4jt1\/2025\/11\/talking-bot-125x125.png","contentUrl":"https:\/\/portaltela.pt\/s.01k8rhncp4jt1\/2025\/11\/talking-bot-125x125.png","caption":"Telinha"},"sameAs":["https:\/\/portaltela.pt\/"],"url":"https:\/\/portaltela.pt\/por\/367410592786\/"}]}},"_links":{"self":[{"href":"https:\/\/portaltela.pt\/api\/wp\/v2\/posts\/204303","targetHints":{"allow":["GET"]}}],"collection":[{"href":"https:\/\/portaltela.pt\/api\/wp\/v2\/posts"}],"about":[{"href":"https:\/\/portaltela.pt\/api\/wp\/v2\/types\/post"}],"author":[{"embeddable":true,"href":"https:\/\/portaltela.pt\/api\/wp\/v2\/users\/2"}],"replies":[{"embeddable":true,"href":"https:\/\/portaltela.pt\/api\/wp\/v2\/comments?post=204303"}],"version-history":[{"count":0,"href":"https:\/\/portaltela.pt\/api\/wp\/v2\/posts\/204303\/revisions"}],"wp:featuredmedia":[{"embeddable":true,"href":"https:\/\/portaltela.pt\/api\/wp\/v2\/media\/204304"}],"wp:attachment":[{"href":"https:\/\/portaltela.pt\/api\/wp\/v2\/media?parent=204303"}],"wp:term":[{"taxonomy":"category","embeddable":true,"href":"https:\/\/portaltela.pt\/api\/wp\/v2\/categories?post=204303"},{"taxonomy":"post_tag","embeddable":true,"href":"https:\/\/portaltela.pt\/api\/wp\/v2\/tags?post=204303"}],"curies":[{"name":"wp","href":"https:\/\/api.w.org\/{rel}","templated":true}]}}