{"id":204273,"date":"2026-02-08T14:19:00","date_gmt":"2026-02-08T17:19:00","guid":{"rendered":"https:\/\/portaltela.pt\/noticias\/2026\/02\/08\/o-verdadeiro-teste-do-tratado-dos-plasticos-em-2026\/"},"modified":"2026-02-08T14:19:00","modified_gmt":"2026-02-08T17:19:00","slug":"o-verdadeiro-teste-do-tratado-dos-plasticos-em-2026","status":"publish","type":"post","link":"https:\/\/portaltela.pt\/noticias\/2026\/02\/08\/o-verdadeiro-teste-do-tratado-dos-plasticos-em-2026\/","title":{"rendered":"O verdadeiro teste do Tratado dos Pl\u00e1sticos em 2026"},"content":{"rendered":"<p>O ano de 2025 marcou um ponto de viragem no debate internacional sobre a polui\u00e7\u00e3o por pl\u00e1sticos. Pela primeira vez, nas negocia\u00e7\u00f5es de um Tratado Global sobre a Polui\u00e7\u00e3o por Pl\u00e1sticos, reconheceu-se que a crise n\u00e3o se resolve apenas com gest\u00e3o de res\u00edduos e reciclagem. A ci\u00eancia aponta que, com a produ\u00e7\u00e3o global de pl\u00e1stico a crescer, respostas t\u00e9cnicas isoladas s\u00e3o insuficientes.<\/p>\n<p>Este avan\u00e7o pol\u00edtico ganhou for\u00e7a com uma evid\u00eancia cient\u00edfica cada vez mais presente em 2025. Dados sobre micropl\u00e1sticos, contamina\u00e7\u00e3o ambiental e impactos na sa\u00fade deixaram de ser temas marginais no debate. Pa\u00edses defendem agora uma abordagem de ciclo de vida completo que inclua limites \u00e0 produ\u00e7\u00e3o e mecanismos de financiamento para uma transi\u00e7\u00e3o justa.<\/p>\n<p>Em 2026, o ano \u00e9 visto como decisivo desde j\u00e1. Em fevereiro, Estados re\u00fanem-se em Genebra, numa sess\u00e3o de organiza\u00e7\u00e3o do processo negocial, que n\u00e3o tractar\u00e1 o conte\u00fado do tratado, mas define o ritmo pol\u00edtico para o ano. O objetivo \u00e9 estabelecer condi\u00e7\u00f5es para avan\u00e7ar com ambi\u00e7\u00e3o durante 2026.<\/p>\n<p>A press\u00e3o para diluir o tratado, atrav\u00e9s de compromissos volunt\u00e1rios e metas vagas, continua elevada. Experi\u00eancias de acordos ambientais sugerem que sem obriga\u00e7\u00f5es vinculativas a produ\u00e7\u00e3o tende a crescer, mantendo a polui\u00e7\u00e3o em ascens\u00e3o. Um acordo apenas consensual pode revelar-se insuficiente.<\/p>\n<p>Enquanto isso, a Uni\u00e3o Europeia avan\u00e7ou com regras mais rigorosas para os pellets de pl\u00e1stico, uma fonte significativa de polui\u00e7\u00e3o marinha. O marco regulat\u00f3rio come\u00e7a a atuar a montante, antes de o pl\u00e1stico se transformar em produto ou res\u00edduo, destacando uma pol\u00edtica p\u00fablica alinhada com a evid\u00eancia cient\u00edfica.<\/p>\n<p>Paralelamente, surgem avan\u00e7os tecnol\u00f3gicos para enfrentar a polui\u00e7\u00e3o. Investimentos em monitoriza\u00e7\u00e3o ambiental ajudam a mapear micropl\u00e1sticos nos oceanos, estu\u00e1rios e rios, fornecendo dados para decis\u00f5es pol\u00edticas. Tecnologias de dete\u00e7\u00e3o, preven\u00e7\u00e3o e remo\u00e7\u00e3o completam o quadro de resposta.<\/p>\n<p>A investiga\u00e7\u00e3o cient\u00edfica sustenta uma combina\u00e7\u00e3o de estrat\u00e9gias: reduzir a produ\u00e7\u00e3o, aumentar a durabilidade dos produtos, eliminar usos n\u00e3o essenciais, controlar subst\u00e2ncias perigosas e promover inova\u00e7\u00f5es. Este leque de medidas imp\u00f5e dilemas pol\u00edticos que v\u00e3o al\u00e9m de mensagens de marketing.<\/p>\n<p>Do ponto de vista econ\u00f3mico e social, a produ\u00e7\u00e3o de pl\u00e1stico est\u00e1 ligada a cadeias baseadas em combust\u00edveis f\u00f3sseis, com investimentos previstos para d\u00e9cadas. Sem sinais pol\u00edticos de conten\u00e7\u00e3o, estes fluxos dificultam a transi\u00e7\u00e3o. Pa\u00edses menos favorecidos sofrem maior impacto ambiental, agravando desigualdades.<\/p>\n<p>O tratado assume, assim, import\u00e2ncia estrat\u00e9gica em 2026. Um acordo ambicioso pode redefinir normas globais, criar previsibilidade regulat\u00f3ria e incentivar a inova\u00e7\u00e3o sustent\u00e1vel. Um acordo fr\u00e1gil poder\u00e1 perpetuar solu\u00e7\u00f5es parciais que n\u00e3o alterem a trajet\u00f3ria atual.<\/p>\n<p>O momento pol\u00edtico exige uma converg\u00eancia entre ci\u00eancia, sociedade, tecnologia e pol\u00edtica. Falhar agora significaria ignorar o conhecimento acumulado e adiar custos que se tornam mais elevados. Cabe a governos, setor p\u00fablico e privado e \u00e0 sociedade civil transformar urg\u00eancia em a\u00e7\u00e3o concreta.<\/p>\n","protected":false},"excerpt":{"rendered":"<ul>\n<li>Em 2025 ficou claro que a polui\u00e7\u00e3o por pl\u00e1sticos n\u00e3o se resolve apenas com gest\u00e3o de res\u00edduos ou reciclagem, sendo necess\u00e1rio reduzir a produ\u00e7\u00e3o e mudar pol\u00edticas de forma abrangente.<\/li>\n<li>2026 \u00e9 visto como ano decisivo para o tratado, com fevereiro a incluir uma sess\u00e3o em Genebra dedicada a quest\u00f5es organizativas que definem o ritmo do processo.<\/li>\n<li>H\u00e1 press\u00e3o cont\u00ednua para um acordo politicamente consensual, mas sem obriga\u00e7\u00f5es vinculativas, o que pode manter a produ\u00e7\u00e3o de pl\u00e1stico em alta e a polui\u00e7\u00e3o associada.<\/li>\n<li>A Uni\u00e3o Europeia avan\u00e7ou com regras mais rigorosas para pellets de pl\u00e1stico, uma fonte importante de polui\u00e7\u00e3o marinha, atuando preventivamente na origem.<\/li>\n<li>Investimentos em monitoriza\u00e7\u00e3o ambiental e novas tecnologias de dete\u00e7\u00e3o, preven\u00e7\u00e3o e remo\u00e7\u00e3o de res\u00edduos oferecem ferramentas para complementar a redu\u00e7\u00e3o da produ\u00e7\u00e3o e proteger ecossistemas e sa\u00fade humana.<\/li>\n<\/ul>\n","protected":false},"author":2,"featured_media":204277,"comment_status":"closed","ping_status":"closed","sticky":false,"template":"","format":"standard","meta":{"footnotes":""},"categories":[1],"tags":[5218,45,2036,229,3750,5565],"class_list":["post-204273","post","type-post","status-publish","format-standard","has-post-thumbnail","hentry","category-noticias","tag-economia-verde","tag-meio-ambiente","tag-negociacoes-internacionais","tag-politica-publica","tag-poluicao-ambiental","tag-tratados-internacionais"],"yoast_head":"<!-- This site is optimized with the Yoast SEO plugin v27.2 - https:\/\/yoast.com\/product\/yoast-seo-wordpress\/ -->\n<title>O verdadeiro teste do Tratado dos Pl\u00e1sticos em 2026 - Portal Tela Portugal<\/title>\n<meta name=\"robots\" content=\"index, follow, max-snippet:-1, max-image-preview:large, max-video-preview:-1\" \/>\n<meta property=\"og:locale\" content=\"pt_PT\" \/>\n<meta property=\"og:type\" content=\"article\" \/>\n<meta property=\"og:title\" content=\"O verdadeiro teste do Tratado dos Pl\u00e1sticos em 2026 - Portal Tela Portugal\" \/>\n<meta property=\"og:description\" content=\"Em 2025 ficou claro que a polui\u00e7\u00e3o por pl\u00e1sticos n\u00e3o se resolve apenas com gest\u00e3o de res\u00edduos ou reciclagem, sendo necess\u00e1rio reduzir a produ\u00e7\u00e3o e mudar pol\u00edticas de forma abrangente. 2026 \u00e9 visto como ano decisivo para o tratado, com fevereiro a incluir uma sess\u00e3o em Genebra dedicada a quest\u00f5es organizativas que definem o ritmo do processo. H\u00e1 press\u00e3o cont\u00ednua para um acordo politicamente consensual, mas sem obriga\u00e7\u00f5es vinculativas, o que pode manter a produ\u00e7\u00e3o de pl\u00e1stico em alta e a polui\u00e7\u00e3o associada. A Uni\u00e3o Europeia avan\u00e7ou com regras mais rigorosas para pellets de pl\u00e1stico, uma fonte importante de polui\u00e7\u00e3o marinha, atuando preventivamente na origem. Investimentos em monitoriza\u00e7\u00e3o ambiental e novas tecnologias de dete\u00e7\u00e3o, preven\u00e7\u00e3o e remo\u00e7\u00e3o de res\u00edduos oferecem ferramentas para complementar a redu\u00e7\u00e3o da produ\u00e7\u00e3o e proteger ecossistemas e sa\u00fade humana.\" \/>\n<meta property=\"og:url\" content=\"https:\/\/portaltela.pt\/noticias\/2026\/02\/08\/o-verdadeiro-teste-do-tratado-dos-plasticos-em-2026\/\" \/>\n<meta property=\"og:site_name\" content=\"Portal Tela Portugal\" \/>\n<meta property=\"article:published_time\" content=\"2026-02-08T17:19:00+00:00\" \/>\n<meta name=\"author\" content=\"Telinha\" \/>\n<meta name=\"twitter:card\" content=\"summary_large_image\" \/>\n<meta name=\"twitter:label1\" content=\"Escrito por\" \/>\n\t<meta name=\"twitter:data1\" content=\"Telinha\" \/>\n\t<meta name=\"twitter:label2\" content=\"Tempo estimado de leitura\" \/>\n\t<meta name=\"twitter:data2\" content=\"3 minutos\" \/>\n<script type=\"application\/ld+json\" class=\"yoast-schema-graph\">{\"@context\":\"https:\/\/schema.org\",\"@graph\":[{\"@type\":\"Article\",\"@id\":\"https:\/\/portaltela.pt\/noticias\/2026\/02\/08\/o-verdadeiro-teste-do-tratado-dos-plasticos-em-2026\/#article\",\"isPartOf\":{\"@id\":\"https:\/\/portaltela.pt\/noticias\/2026\/02\/08\/o-verdadeiro-teste-do-tratado-dos-plasticos-em-2026\/\"},\"author\":{\"name\":\"Telinha\",\"@id\":\"https:\/\/portaltela.pt\/#\/schema\/person\/c4278d4a6028830caff9ee44b42d32ed\"},\"headline\":\"O verdadeiro teste do Tratado dos Pl\u00e1sticos em 2026\",\"datePublished\":\"2026-02-08T17:19:00+00:00\",\"mainEntityOfPage\":{\"@id\":\"https:\/\/portaltela.pt\/noticias\/2026\/02\/08\/o-verdadeiro-teste-do-tratado-dos-plasticos-em-2026\/\"},\"wordCount\":555,\"image\":{\"@id\":\"https:\/\/portaltela.pt\/noticias\/2026\/02\/08\/o-verdadeiro-teste-do-tratado-dos-plasticos-em-2026\/#primaryimage\"},\"thumbnailUrl\":\"https:\/\/portaltela.pt\/s.01k8rhncp4jt1\/2026\/02\/2065277.jpg\",\"keywords\":[\"economia verde\",\"meio-ambiente\",\"negocia\u00e7\u00f5es internacionais\",\"pol\u00edtica p\u00fablica\",\"polui\u00e7\u00e3o ambiental\",\"tratados internacionais\"],\"articleSection\":[\"Not\u00edcias\"],\"inLanguage\":\"pt-PT\"},{\"@type\":\"WebPage\",\"@id\":\"https:\/\/portaltela.pt\/noticias\/2026\/02\/08\/o-verdadeiro-teste-do-tratado-dos-plasticos-em-2026\/\",\"url\":\"https:\/\/portaltela.pt\/noticias\/2026\/02\/08\/o-verdadeiro-teste-do-tratado-dos-plasticos-em-2026\/\",\"name\":\"O verdadeiro teste do Tratado dos Pl\u00e1sticos em 2026 - Portal Tela Portugal\",\"isPartOf\":{\"@id\":\"https:\/\/portaltela.pt\/#website\"},\"primaryImageOfPage\":{\"@id\":\"https:\/\/portaltela.pt\/noticias\/2026\/02\/08\/o-verdadeiro-teste-do-tratado-dos-plasticos-em-2026\/#primaryimage\"},\"image\":{\"@id\":\"https:\/\/portaltela.pt\/noticias\/2026\/02\/08\/o-verdadeiro-teste-do-tratado-dos-plasticos-em-2026\/#primaryimage\"},\"thumbnailUrl\":\"https:\/\/portaltela.pt\/s.01k8rhncp4jt1\/2026\/02\/2065277.jpg\",\"datePublished\":\"2026-02-08T17:19:00+00:00\",\"author\":{\"@id\":\"https:\/\/portaltela.pt\/#\/schema\/person\/c4278d4a6028830caff9ee44b42d32ed\"},\"breadcrumb\":{\"@id\":\"https:\/\/portaltela.pt\/noticias\/2026\/02\/08\/o-verdadeiro-teste-do-tratado-dos-plasticos-em-2026\/#breadcrumb\"},\"inLanguage\":\"pt-PT\",\"potentialAction\":[{\"@type\":\"ReadAction\",\"target\":[\"https:\/\/portaltela.pt\/noticias\/2026\/02\/08\/o-verdadeiro-teste-do-tratado-dos-plasticos-em-2026\/\"]}]},{\"@type\":\"ImageObject\",\"inLanguage\":\"pt-PT\",\"@id\":\"https:\/\/portaltela.pt\/noticias\/2026\/02\/08\/o-verdadeiro-teste-do-tratado-dos-plasticos-em-2026\/#primaryimage\",\"url\":\"https:\/\/portaltela.pt\/s.01k8rhncp4jt1\/2026\/02\/2065277.jpg\",\"contentUrl\":\"https:\/\/portaltela.pt\/s.01k8rhncp4jt1\/2026\/02\/2065277.jpg\",\"width\":796,\"height\":448,\"caption\":\"Photo\"},{\"@type\":\"BreadcrumbList\",\"@id\":\"https:\/\/portaltela.pt\/noticias\/2026\/02\/08\/o-verdadeiro-teste-do-tratado-dos-plasticos-em-2026\/#breadcrumb\",\"itemListElement\":[{\"@type\":\"ListItem\",\"position\":1,\"name\":\"In\u00edcio\",\"item\":\"https:\/\/portaltela.pt\/\"},{\"@type\":\"ListItem\",\"position\":2,\"name\":\"O verdadeiro teste do Tratado dos Pl\u00e1sticos em 2026\"}]},{\"@type\":\"WebSite\",\"@id\":\"https:\/\/portaltela.pt\/#website\",\"url\":\"https:\/\/portaltela.pt\/\",\"name\":\"Portal Tela Portugal\",\"description\":\"\",\"potentialAction\":[{\"@type\":\"SearchAction\",\"target\":{\"@type\":\"EntryPoint\",\"urlTemplate\":\"https:\/\/portaltela.pt\/?s={search_term_string}\"},\"query-input\":{\"@type\":\"PropertyValueSpecification\",\"valueRequired\":true,\"valueName\":\"search_term_string\"}}],\"inLanguage\":\"pt-PT\"},{\"@type\":\"Person\",\"@id\":\"https:\/\/portaltela.pt\/#\/schema\/person\/c4278d4a6028830caff9ee44b42d32ed\",\"name\":\"Telinha\",\"image\":{\"@type\":\"ImageObject\",\"inLanguage\":\"pt-PT\",\"@id\":\"https:\/\/portaltela.pt\/s.01k8rhncp4jt1\/2025\/11\/talking-bot-125x125.png\",\"url\":\"https:\/\/portaltela.pt\/s.01k8rhncp4jt1\/2025\/11\/talking-bot-125x125.png\",\"contentUrl\":\"https:\/\/portaltela.pt\/s.01k8rhncp4jt1\/2025\/11\/talking-bot-125x125.png\",\"caption\":\"Telinha\"},\"sameAs\":[\"https:\/\/portaltela.pt\/\"],\"url\":\"https:\/\/portaltela.pt\/por\/367410592786\/\"}]}<\/script>\n<!-- \/ Yoast SEO plugin. -->","yoast_head_json":{"title":"O verdadeiro teste do Tratado dos Pl\u00e1sticos em 2026 - Portal Tela Portugal","robots":{"index":"index","follow":"follow","max-snippet":"max-snippet:-1","max-image-preview":"max-image-preview:large","max-video-preview":"max-video-preview:-1"},"og_locale":"pt_PT","og_type":"article","og_title":"O verdadeiro teste do Tratado dos Pl\u00e1sticos em 2026 - Portal Tela Portugal","og_description":"Em 2025 ficou claro que a polui\u00e7\u00e3o por pl\u00e1sticos n\u00e3o se resolve apenas com gest\u00e3o de res\u00edduos ou reciclagem, sendo necess\u00e1rio reduzir a produ\u00e7\u00e3o e mudar pol\u00edticas de forma abrangente. 2026 \u00e9 visto como ano decisivo para o tratado, com fevereiro a incluir uma sess\u00e3o em Genebra dedicada a quest\u00f5es organizativas que definem o ritmo do processo. H\u00e1 press\u00e3o cont\u00ednua para um acordo politicamente consensual, mas sem obriga\u00e7\u00f5es vinculativas, o que pode manter a produ\u00e7\u00e3o de pl\u00e1stico em alta e a polui\u00e7\u00e3o associada. A Uni\u00e3o Europeia avan\u00e7ou com regras mais rigorosas para pellets de pl\u00e1stico, uma fonte importante de polui\u00e7\u00e3o marinha, atuando preventivamente na origem. Investimentos em monitoriza\u00e7\u00e3o ambiental e novas tecnologias de dete\u00e7\u00e3o, preven\u00e7\u00e3o e remo\u00e7\u00e3o de res\u00edduos oferecem ferramentas para complementar a redu\u00e7\u00e3o da produ\u00e7\u00e3o e proteger ecossistemas e sa\u00fade humana.","og_url":"https:\/\/portaltela.pt\/noticias\/2026\/02\/08\/o-verdadeiro-teste-do-tratado-dos-plasticos-em-2026\/","og_site_name":"Portal Tela Portugal","article_published_time":"2026-02-08T17:19:00+00:00","author":"Telinha","twitter_card":"summary_large_image","twitter_misc":{"Escrito por":"Telinha","Tempo estimado de leitura":"3 minutos"},"schema":{"@context":"https:\/\/schema.org","@graph":[{"@type":"Article","@id":"https:\/\/portaltela.pt\/noticias\/2026\/02\/08\/o-verdadeiro-teste-do-tratado-dos-plasticos-em-2026\/#article","isPartOf":{"@id":"https:\/\/portaltela.pt\/noticias\/2026\/02\/08\/o-verdadeiro-teste-do-tratado-dos-plasticos-em-2026\/"},"author":{"name":"Telinha","@id":"https:\/\/portaltela.pt\/#\/schema\/person\/c4278d4a6028830caff9ee44b42d32ed"},"headline":"O verdadeiro teste do Tratado dos Pl\u00e1sticos em 2026","datePublished":"2026-02-08T17:19:00+00:00","mainEntityOfPage":{"@id":"https:\/\/portaltela.pt\/noticias\/2026\/02\/08\/o-verdadeiro-teste-do-tratado-dos-plasticos-em-2026\/"},"wordCount":555,"image":{"@id":"https:\/\/portaltela.pt\/noticias\/2026\/02\/08\/o-verdadeiro-teste-do-tratado-dos-plasticos-em-2026\/#primaryimage"},"thumbnailUrl":"https:\/\/portaltela.pt\/s.01k8rhncp4jt1\/2026\/02\/2065277.jpg","keywords":["economia verde","meio-ambiente","negocia\u00e7\u00f5es internacionais","pol\u00edtica p\u00fablica","polui\u00e7\u00e3o ambiental","tratados internacionais"],"articleSection":["Not\u00edcias"],"inLanguage":"pt-PT"},{"@type":"WebPage","@id":"https:\/\/portaltela.pt\/noticias\/2026\/02\/08\/o-verdadeiro-teste-do-tratado-dos-plasticos-em-2026\/","url":"https:\/\/portaltela.pt\/noticias\/2026\/02\/08\/o-verdadeiro-teste-do-tratado-dos-plasticos-em-2026\/","name":"O verdadeiro teste do Tratado dos Pl\u00e1sticos em 2026 - Portal Tela Portugal","isPartOf":{"@id":"https:\/\/portaltela.pt\/#website"},"primaryImageOfPage":{"@id":"https:\/\/portaltela.pt\/noticias\/2026\/02\/08\/o-verdadeiro-teste-do-tratado-dos-plasticos-em-2026\/#primaryimage"},"image":{"@id":"https:\/\/portaltela.pt\/noticias\/2026\/02\/08\/o-verdadeiro-teste-do-tratado-dos-plasticos-em-2026\/#primaryimage"},"thumbnailUrl":"https:\/\/portaltela.pt\/s.01k8rhncp4jt1\/2026\/02\/2065277.jpg","datePublished":"2026-02-08T17:19:00+00:00","author":{"@id":"https:\/\/portaltela.pt\/#\/schema\/person\/c4278d4a6028830caff9ee44b42d32ed"},"breadcrumb":{"@id":"https:\/\/portaltela.pt\/noticias\/2026\/02\/08\/o-verdadeiro-teste-do-tratado-dos-plasticos-em-2026\/#breadcrumb"},"inLanguage":"pt-PT","potentialAction":[{"@type":"ReadAction","target":["https:\/\/portaltela.pt\/noticias\/2026\/02\/08\/o-verdadeiro-teste-do-tratado-dos-plasticos-em-2026\/"]}]},{"@type":"ImageObject","inLanguage":"pt-PT","@id":"https:\/\/portaltela.pt\/noticias\/2026\/02\/08\/o-verdadeiro-teste-do-tratado-dos-plasticos-em-2026\/#primaryimage","url":"https:\/\/portaltela.pt\/s.01k8rhncp4jt1\/2026\/02\/2065277.jpg","contentUrl":"https:\/\/portaltela.pt\/s.01k8rhncp4jt1\/2026\/02\/2065277.jpg","width":796,"height":448,"caption":"Photo"},{"@type":"BreadcrumbList","@id":"https:\/\/portaltela.pt\/noticias\/2026\/02\/08\/o-verdadeiro-teste-do-tratado-dos-plasticos-em-2026\/#breadcrumb","itemListElement":[{"@type":"ListItem","position":1,"name":"In\u00edcio","item":"https:\/\/portaltela.pt\/"},{"@type":"ListItem","position":2,"name":"O verdadeiro teste do Tratado dos Pl\u00e1sticos em 2026"}]},{"@type":"WebSite","@id":"https:\/\/portaltela.pt\/#website","url":"https:\/\/portaltela.pt\/","name":"Portal Tela Portugal","description":"","potentialAction":[{"@type":"SearchAction","target":{"@type":"EntryPoint","urlTemplate":"https:\/\/portaltela.pt\/?s={search_term_string}"},"query-input":{"@type":"PropertyValueSpecification","valueRequired":true,"valueName":"search_term_string"}}],"inLanguage":"pt-PT"},{"@type":"Person","@id":"https:\/\/portaltela.pt\/#\/schema\/person\/c4278d4a6028830caff9ee44b42d32ed","name":"Telinha","image":{"@type":"ImageObject","inLanguage":"pt-PT","@id":"https:\/\/portaltela.pt\/s.01k8rhncp4jt1\/2025\/11\/talking-bot-125x125.png","url":"https:\/\/portaltela.pt\/s.01k8rhncp4jt1\/2025\/11\/talking-bot-125x125.png","contentUrl":"https:\/\/portaltela.pt\/s.01k8rhncp4jt1\/2025\/11\/talking-bot-125x125.png","caption":"Telinha"},"sameAs":["https:\/\/portaltela.pt\/"],"url":"https:\/\/portaltela.pt\/por\/367410592786\/"}]}},"_links":{"self":[{"href":"https:\/\/portaltela.pt\/api\/wp\/v2\/posts\/204273","targetHints":{"allow":["GET"]}}],"collection":[{"href":"https:\/\/portaltela.pt\/api\/wp\/v2\/posts"}],"about":[{"href":"https:\/\/portaltela.pt\/api\/wp\/v2\/types\/post"}],"author":[{"embeddable":true,"href":"https:\/\/portaltela.pt\/api\/wp\/v2\/users\/2"}],"replies":[{"embeddable":true,"href":"https:\/\/portaltela.pt\/api\/wp\/v2\/comments?post=204273"}],"version-history":[{"count":0,"href":"https:\/\/portaltela.pt\/api\/wp\/v2\/posts\/204273\/revisions"}],"wp:featuredmedia":[{"embeddable":true,"href":"https:\/\/portaltela.pt\/api\/wp\/v2\/media\/204277"}],"wp:attachment":[{"href":"https:\/\/portaltela.pt\/api\/wp\/v2\/media?parent=204273"}],"wp:term":[{"taxonomy":"category","embeddable":true,"href":"https:\/\/portaltela.pt\/api\/wp\/v2\/categories?post=204273"},{"taxonomy":"post_tag","embeddable":true,"href":"https:\/\/portaltela.pt\/api\/wp\/v2\/tags?post=204273"}],"curies":[{"name":"wp","href":"https:\/\/api.w.org\/{rel}","templated":true}]}}