{"id":204252,"date":"2026-02-08T14:09:00","date_gmt":"2026-02-08T17:09:00","guid":{"rendered":"https:\/\/portaltela.pt\/noticias\/2026\/02\/08\/avanca-critica-fap-e-benfica-por-atitude-vergonhosa\/"},"modified":"2026-02-08T14:09:00","modified_gmt":"2026-02-08T17:09:00","slug":"avanca-critica-fap-e-benfica-por-atitude-vergonhosa","status":"publish","type":"post","link":"https:\/\/portaltela.pt\/desporto\/2026\/02\/08\/avanca-critica-fap-e-benfica-por-atitude-vergonhosa\/","title":{"rendered":"Avan\u00e7a critica FAP e Benfica por atitude vergonhosa"},"content":{"rendered":"<p>O Avanca foi eliminado da Ta\u00e7a de Portugal por falta de compar\u00eancia frente ao Benfica, num jogo marcado para ter sido disputado na sequ\u00eancia da suspens\u00e3o. A decis\u00e3o considerou as condi\u00e7\u00f5es do pavilh\u00e3o do clube de Estarreja, afetadas pela intemp\u00e9rie instalada na regi\u00e3o.<\/p>\n<p>O clube de Avanca acusa a Federa\u00e7\u00e3o de Andebol de Portugal (FAP) e o Benfica de terem contribu\u00eddo para a n\u00e3o realiza\u00e7\u00e3o da partida. Em comunicado, o Avanca reclama insensibilidade da FAP face \u00e0 nova data, alegando condi\u00e7\u00f5es meteorol\u00f3gicas adversas que dificultaram a organiza\u00e7\u00e3o.<\/p>\n<p>Segundo o Avanca, o jogo deveria ter sido marcado para 20 de dezembro e foi a FAP a alterar a data. O clube refere ainda que instalou dois canh\u00f5es de calor e dois desumidificadores industriais para tornar o pavilh\u00e3o seguro, sem que, ainda assim, a equipa do Benfica aceitasse disputar o encontro.<\/p>\n<p>O texto do Avanca detalha que a calamidade p\u00fablica afeta o distrito de Aveiro e zonas vizinhas, com v\u00e1rios jogos adiados por falta de condi\u00e7\u00f5es. A situa\u00e7\u00e3o \u00e9 enquadrada como parte de um per\u00edodo de intemp\u00e9ries extremas que tem afetado diversas modalidades.<\/p>\n<p>O Benfica n\u00e3o respondeu de forma oficial aos argumentos apresentados pelo Avanca no comunicado recente. Em termos oficiais, o regulamento da competi\u00e7\u00e3o determina que a equipa que n\u00e3o comparece perde o jogo, o que j\u00e1 foi aplicado no caso em causa, segundo a dire\u00e7\u00e3o do Avanca.<\/p>\n","protected":false},"excerpt":{"rendered":"<ul>\n<li>O Avanca perdeu o jogo com o Benfica por falta de compar\u00eancia, no \u00e2mbito da Ta\u00e7a de Portugal, devido a condi\u00e7\u00f5es do piso causadas pela humidade no pavil\u00e3o. A partida foi adiada para 7 de fevereiro em Avanca.<\/li>\n<li>O clube de Avanca critica a Federa\u00e7\u00e3o de Andebol de Portugal (FAP) por definir a nova data sem considerar as intemp\u00e9ries que atingem a regi\u00e3o, e acusa o Benfica de agir por via de \u201csecretaria\u201d para obter vantagem.<\/li>\n<li>O comunicado lembra que o jogo deveria ter sido disputado a 20 de dezembro e que a FAP acabou por alterar a data.<\/li>\n<li>O Avanca afirma ter tentado manter as condi\u00e7\u00f5es de seguran\u00e7a, instalando dois canh\u00f5es de calor e dois desumidificadores industriais desde h\u00e1 dias, com valida\u00e7\u00e3o da delegada de jogo e da dupla de arbitragem.<\/li>\n<li>O Benfica \u00e9 acusado de tentar, por meio de simula\u00e7\u00f5es de quedas, impedir a realiza\u00e7\u00e3o do jogo, alegadamente para evitar consequ\u00eancias desfavor\u00e1veis ao seu lado.<\/li>\n<\/ul>\n","protected":false},"author":2,"featured_media":204255,"comment_status":"closed","ping_status":"closed","sticky":false,"template":"","format":"standard","meta":{"footnotes":""},"categories":[21],"tags":[180,3572,1059,1946,5050,3576],"class_list":["post-204252","post","type-post","status-publish","format-standard","has-post-thumbnail","hentry","category-desporto","tag-andebol","tag-avanca","tag-aveiro","tag-benfica","tag-calamidades-publicas","tag-estarreja"],"yoast_head":"<!-- This site is optimized with the Yoast SEO plugin v27.2 - https:\/\/yoast.com\/product\/yoast-seo-wordpress\/ -->\n<title>Avan\u00e7a critica FAP e Benfica por atitude vergonhosa - Portal Tela Portugal<\/title>\n<meta name=\"robots\" content=\"index, follow, max-snippet:-1, max-image-preview:large, max-video-preview:-1\" \/>\n<meta property=\"og:locale\" content=\"pt_PT\" \/>\n<meta property=\"og:type\" content=\"article\" \/>\n<meta property=\"og:title\" content=\"Avan\u00e7a critica FAP e Benfica por atitude vergonhosa - Portal Tela Portugal\" \/>\n<meta property=\"og:description\" content=\"O Avanca perdeu o jogo com o Benfica por falta de compar\u00eancia, no \u00e2mbito da Ta\u00e7a de Portugal, devido a condi\u00e7\u00f5es do piso causadas pela humidade no pavil\u00e3o. A partida foi adiada para 7 de fevereiro em Avanca. O clube de Avanca critica a Federa\u00e7\u00e3o de Andebol de Portugal (FAP) por definir a nova data sem considerar as intemp\u00e9ries que atingem a regi\u00e3o, e acusa o Benfica de agir por via de \u201csecretaria\u201d para obter vantagem. O comunicado lembra que o jogo deveria ter sido disputado a 20 de dezembro e que a FAP acabou por alterar a data. O Avanca afirma ter tentado manter as condi\u00e7\u00f5es de seguran\u00e7a, instalando dois canh\u00f5es de calor e dois desumidificadores industriais desde h\u00e1 dias, com valida\u00e7\u00e3o da delegada de jogo e da dupla de arbitragem. O Benfica \u00e9 acusado de tentar, por meio de simula\u00e7\u00f5es de quedas, impedir a realiza\u00e7\u00e3o do jogo, alegadamente para evitar consequ\u00eancias desfavor\u00e1veis ao seu lado.\" \/>\n<meta property=\"og:url\" content=\"https:\/\/portaltela.pt\/noticias\/2026\/02\/08\/avanca-critica-fap-e-benfica-por-atitude-vergonhosa\/\" \/>\n<meta property=\"og:site_name\" content=\"Portal Tela Portugal\" \/>\n<meta property=\"article:published_time\" content=\"2026-02-08T17:09:00+00:00\" \/>\n<meta name=\"author\" content=\"Telinha\" \/>\n<meta name=\"twitter:card\" content=\"summary_large_image\" \/>\n<meta name=\"twitter:label1\" content=\"Escrito por\" \/>\n\t<meta name=\"twitter:data1\" content=\"Telinha\" \/>\n\t<meta name=\"twitter:label2\" content=\"Tempo estimado de leitura\" \/>\n\t<meta name=\"twitter:data2\" content=\"1 minuto\" \/>\n<script type=\"application\/ld+json\" class=\"yoast-schema-graph\">{\"@context\":\"https:\/\/schema.org\",\"@graph\":[{\"@type\":\"Article\",\"@id\":\"https:\/\/portaltela.pt\/noticias\/2026\/02\/08\/avanca-critica-fap-e-benfica-por-atitude-vergonhosa\/#article\",\"isPartOf\":{\"@id\":\"https:\/\/portaltela.pt\/noticias\/2026\/02\/08\/avanca-critica-fap-e-benfica-por-atitude-vergonhosa\/\"},\"author\":{\"name\":\"Telinha\",\"@id\":\"https:\/\/portaltela.pt\/#\/schema\/person\/c4278d4a6028830caff9ee44b42d32ed\"},\"headline\":\"Avan\u00e7a critica FAP e Benfica por atitude vergonhosa\",\"datePublished\":\"2026-02-08T17:09:00+00:00\",\"mainEntityOfPage\":{\"@id\":\"https:\/\/portaltela.pt\/noticias\/2026\/02\/08\/avanca-critica-fap-e-benfica-por-atitude-vergonhosa\/\"},\"wordCount\":261,\"image\":{\"@id\":\"https:\/\/portaltela.pt\/noticias\/2026\/02\/08\/avanca-critica-fap-e-benfica-por-atitude-vergonhosa\/#primaryimage\"},\"thumbnailUrl\":\"https:\/\/portaltela.pt\/s.01k8rhncp4jt1\/2026\/02\/img_920x518uu2026-02-08-17-09-11-2420312.jpg\",\"keywords\":[\"andebol\",\"Avanca\",\"Aveiro\",\"Benfica\",\"calamidades p\u00fablicas\",\"Estarreja\"],\"articleSection\":[\"Desporto\"],\"inLanguage\":\"pt-PT\"},{\"@type\":\"WebPage\",\"@id\":\"https:\/\/portaltela.pt\/noticias\/2026\/02\/08\/avanca-critica-fap-e-benfica-por-atitude-vergonhosa\/\",\"url\":\"https:\/\/portaltela.pt\/noticias\/2026\/02\/08\/avanca-critica-fap-e-benfica-por-atitude-vergonhosa\/\",\"name\":\"Avan\u00e7a critica FAP e Benfica por atitude vergonhosa - Portal Tela Portugal\",\"isPartOf\":{\"@id\":\"https:\/\/portaltela.pt\/#website\"},\"primaryImageOfPage\":{\"@id\":\"https:\/\/portaltela.pt\/noticias\/2026\/02\/08\/avanca-critica-fap-e-benfica-por-atitude-vergonhosa\/#primaryimage\"},\"image\":{\"@id\":\"https:\/\/portaltela.pt\/noticias\/2026\/02\/08\/avanca-critica-fap-e-benfica-por-atitude-vergonhosa\/#primaryimage\"},\"thumbnailUrl\":\"https:\/\/portaltela.pt\/s.01k8rhncp4jt1\/2026\/02\/img_920x518uu2026-02-08-17-09-11-2420312.jpg\",\"datePublished\":\"2026-02-08T17:09:00+00:00\",\"author\":{\"@id\":\"https:\/\/portaltela.pt\/#\/schema\/person\/c4278d4a6028830caff9ee44b42d32ed\"},\"breadcrumb\":{\"@id\":\"https:\/\/portaltela.pt\/noticias\/2026\/02\/08\/avanca-critica-fap-e-benfica-por-atitude-vergonhosa\/#breadcrumb\"},\"inLanguage\":\"pt-PT\",\"potentialAction\":[{\"@type\":\"ReadAction\",\"target\":[\"https:\/\/portaltela.pt\/noticias\/2026\/02\/08\/avanca-critica-fap-e-benfica-por-atitude-vergonhosa\/\"]}]},{\"@type\":\"ImageObject\",\"inLanguage\":\"pt-PT\",\"@id\":\"https:\/\/portaltela.pt\/noticias\/2026\/02\/08\/avanca-critica-fap-e-benfica-por-atitude-vergonhosa\/#primaryimage\",\"url\":\"https:\/\/portaltela.pt\/s.01k8rhncp4jt1\/2026\/02\/img_920x518uu2026-02-08-17-09-11-2420312.jpg\",\"contentUrl\":\"https:\/\/portaltela.pt\/s.01k8rhncp4jt1\/2026\/02\/img_920x518uu2026-02-08-17-09-11-2420312.jpg\",\"width\":796,\"height\":448,\"caption\":\"Avanca lan\u00e7a severas cr\u00edticas \u00e0 FAP e ao Benfica\"},{\"@type\":\"BreadcrumbList\",\"@id\":\"https:\/\/portaltela.pt\/noticias\/2026\/02\/08\/avanca-critica-fap-e-benfica-por-atitude-vergonhosa\/#breadcrumb\",\"itemListElement\":[{\"@type\":\"ListItem\",\"position\":1,\"name\":\"In\u00edcio\",\"item\":\"https:\/\/portaltela.pt\/\"},{\"@type\":\"ListItem\",\"position\":2,\"name\":\"Avan\u00e7a critica FAP e Benfica por atitude vergonhosa\"}]},{\"@type\":\"WebSite\",\"@id\":\"https:\/\/portaltela.pt\/#website\",\"url\":\"https:\/\/portaltela.pt\/\",\"name\":\"Portal Tela Portugal\",\"description\":\"\",\"potentialAction\":[{\"@type\":\"SearchAction\",\"target\":{\"@type\":\"EntryPoint\",\"urlTemplate\":\"https:\/\/portaltela.pt\/?s={search_term_string}\"},\"query-input\":{\"@type\":\"PropertyValueSpecification\",\"valueRequired\":true,\"valueName\":\"search_term_string\"}}],\"inLanguage\":\"pt-PT\"},{\"@type\":\"Person\",\"@id\":\"https:\/\/portaltela.pt\/#\/schema\/person\/c4278d4a6028830caff9ee44b42d32ed\",\"name\":\"Telinha\",\"image\":{\"@type\":\"ImageObject\",\"inLanguage\":\"pt-PT\",\"@id\":\"https:\/\/portaltela.pt\/s.01k8rhncp4jt1\/2025\/11\/talking-bot-125x125.png\",\"url\":\"https:\/\/portaltela.pt\/s.01k8rhncp4jt1\/2025\/11\/talking-bot-125x125.png\",\"contentUrl\":\"https:\/\/portaltela.pt\/s.01k8rhncp4jt1\/2025\/11\/talking-bot-125x125.png\",\"caption\":\"Telinha\"},\"sameAs\":[\"https:\/\/portaltela.pt\/\"],\"url\":\"https:\/\/portaltela.pt\/por\/367410592786\/\"}]}<\/script>\n<!-- \/ Yoast SEO plugin. -->","yoast_head_json":{"title":"Avan\u00e7a critica FAP e Benfica por atitude vergonhosa - Portal Tela Portugal","robots":{"index":"index","follow":"follow","max-snippet":"max-snippet:-1","max-image-preview":"max-image-preview:large","max-video-preview":"max-video-preview:-1"},"og_locale":"pt_PT","og_type":"article","og_title":"Avan\u00e7a critica FAP e Benfica por atitude vergonhosa - Portal Tela Portugal","og_description":"O Avanca perdeu o jogo com o Benfica por falta de compar\u00eancia, no \u00e2mbito da Ta\u00e7a de Portugal, devido a condi\u00e7\u00f5es do piso causadas pela humidade no pavil\u00e3o. A partida foi adiada para 7 de fevereiro em Avanca. O clube de Avanca critica a Federa\u00e7\u00e3o de Andebol de Portugal (FAP) por definir a nova data sem considerar as intemp\u00e9ries que atingem a regi\u00e3o, e acusa o Benfica de agir por via de \u201csecretaria\u201d para obter vantagem. O comunicado lembra que o jogo deveria ter sido disputado a 20 de dezembro e que a FAP acabou por alterar a data. O Avanca afirma ter tentado manter as condi\u00e7\u00f5es de seguran\u00e7a, instalando dois canh\u00f5es de calor e dois desumidificadores industriais desde h\u00e1 dias, com valida\u00e7\u00e3o da delegada de jogo e da dupla de arbitragem. O Benfica \u00e9 acusado de tentar, por meio de simula\u00e7\u00f5es de quedas, impedir a realiza\u00e7\u00e3o do jogo, alegadamente para evitar consequ\u00eancias desfavor\u00e1veis ao seu lado.","og_url":"https:\/\/portaltela.pt\/noticias\/2026\/02\/08\/avanca-critica-fap-e-benfica-por-atitude-vergonhosa\/","og_site_name":"Portal Tela Portugal","article_published_time":"2026-02-08T17:09:00+00:00","author":"Telinha","twitter_card":"summary_large_image","twitter_misc":{"Escrito por":"Telinha","Tempo estimado de leitura":"1 minuto"},"schema":{"@context":"https:\/\/schema.org","@graph":[{"@type":"Article","@id":"https:\/\/portaltela.pt\/noticias\/2026\/02\/08\/avanca-critica-fap-e-benfica-por-atitude-vergonhosa\/#article","isPartOf":{"@id":"https:\/\/portaltela.pt\/noticias\/2026\/02\/08\/avanca-critica-fap-e-benfica-por-atitude-vergonhosa\/"},"author":{"name":"Telinha","@id":"https:\/\/portaltela.pt\/#\/schema\/person\/c4278d4a6028830caff9ee44b42d32ed"},"headline":"Avan\u00e7a critica FAP e Benfica por atitude vergonhosa","datePublished":"2026-02-08T17:09:00+00:00","mainEntityOfPage":{"@id":"https:\/\/portaltela.pt\/noticias\/2026\/02\/08\/avanca-critica-fap-e-benfica-por-atitude-vergonhosa\/"},"wordCount":261,"image":{"@id":"https:\/\/portaltela.pt\/noticias\/2026\/02\/08\/avanca-critica-fap-e-benfica-por-atitude-vergonhosa\/#primaryimage"},"thumbnailUrl":"https:\/\/portaltela.pt\/s.01k8rhncp4jt1\/2026\/02\/img_920x518uu2026-02-08-17-09-11-2420312.jpg","keywords":["andebol","Avanca","Aveiro","Benfica","calamidades p\u00fablicas","Estarreja"],"articleSection":["Desporto"],"inLanguage":"pt-PT"},{"@type":"WebPage","@id":"https:\/\/portaltela.pt\/noticias\/2026\/02\/08\/avanca-critica-fap-e-benfica-por-atitude-vergonhosa\/","url":"https:\/\/portaltela.pt\/noticias\/2026\/02\/08\/avanca-critica-fap-e-benfica-por-atitude-vergonhosa\/","name":"Avan\u00e7a critica FAP e Benfica por atitude vergonhosa - Portal Tela Portugal","isPartOf":{"@id":"https:\/\/portaltela.pt\/#website"},"primaryImageOfPage":{"@id":"https:\/\/portaltela.pt\/noticias\/2026\/02\/08\/avanca-critica-fap-e-benfica-por-atitude-vergonhosa\/#primaryimage"},"image":{"@id":"https:\/\/portaltela.pt\/noticias\/2026\/02\/08\/avanca-critica-fap-e-benfica-por-atitude-vergonhosa\/#primaryimage"},"thumbnailUrl":"https:\/\/portaltela.pt\/s.01k8rhncp4jt1\/2026\/02\/img_920x518uu2026-02-08-17-09-11-2420312.jpg","datePublished":"2026-02-08T17:09:00+00:00","author":{"@id":"https:\/\/portaltela.pt\/#\/schema\/person\/c4278d4a6028830caff9ee44b42d32ed"},"breadcrumb":{"@id":"https:\/\/portaltela.pt\/noticias\/2026\/02\/08\/avanca-critica-fap-e-benfica-por-atitude-vergonhosa\/#breadcrumb"},"inLanguage":"pt-PT","potentialAction":[{"@type":"ReadAction","target":["https:\/\/portaltela.pt\/noticias\/2026\/02\/08\/avanca-critica-fap-e-benfica-por-atitude-vergonhosa\/"]}]},{"@type":"ImageObject","inLanguage":"pt-PT","@id":"https:\/\/portaltela.pt\/noticias\/2026\/02\/08\/avanca-critica-fap-e-benfica-por-atitude-vergonhosa\/#primaryimage","url":"https:\/\/portaltela.pt\/s.01k8rhncp4jt1\/2026\/02\/img_920x518uu2026-02-08-17-09-11-2420312.jpg","contentUrl":"https:\/\/portaltela.pt\/s.01k8rhncp4jt1\/2026\/02\/img_920x518uu2026-02-08-17-09-11-2420312.jpg","width":796,"height":448,"caption":"Avanca lan\u00e7a severas cr\u00edticas \u00e0 FAP e ao Benfica"},{"@type":"BreadcrumbList","@id":"https:\/\/portaltela.pt\/noticias\/2026\/02\/08\/avanca-critica-fap-e-benfica-por-atitude-vergonhosa\/#breadcrumb","itemListElement":[{"@type":"ListItem","position":1,"name":"In\u00edcio","item":"https:\/\/portaltela.pt\/"},{"@type":"ListItem","position":2,"name":"Avan\u00e7a critica FAP e Benfica por atitude vergonhosa"}]},{"@type":"WebSite","@id":"https:\/\/portaltela.pt\/#website","url":"https:\/\/portaltela.pt\/","name":"Portal Tela Portugal","description":"","potentialAction":[{"@type":"SearchAction","target":{"@type":"EntryPoint","urlTemplate":"https:\/\/portaltela.pt\/?s={search_term_string}"},"query-input":{"@type":"PropertyValueSpecification","valueRequired":true,"valueName":"search_term_string"}}],"inLanguage":"pt-PT"},{"@type":"Person","@id":"https:\/\/portaltela.pt\/#\/schema\/person\/c4278d4a6028830caff9ee44b42d32ed","name":"Telinha","image":{"@type":"ImageObject","inLanguage":"pt-PT","@id":"https:\/\/portaltela.pt\/s.01k8rhncp4jt1\/2025\/11\/talking-bot-125x125.png","url":"https:\/\/portaltela.pt\/s.01k8rhncp4jt1\/2025\/11\/talking-bot-125x125.png","contentUrl":"https:\/\/portaltela.pt\/s.01k8rhncp4jt1\/2025\/11\/talking-bot-125x125.png","caption":"Telinha"},"sameAs":["https:\/\/portaltela.pt\/"],"url":"https:\/\/portaltela.pt\/por\/367410592786\/"}]}},"_links":{"self":[{"href":"https:\/\/portaltela.pt\/api\/wp\/v2\/posts\/204252","targetHints":{"allow":["GET"]}}],"collection":[{"href":"https:\/\/portaltela.pt\/api\/wp\/v2\/posts"}],"about":[{"href":"https:\/\/portaltela.pt\/api\/wp\/v2\/types\/post"}],"author":[{"embeddable":true,"href":"https:\/\/portaltela.pt\/api\/wp\/v2\/users\/2"}],"replies":[{"embeddable":true,"href":"https:\/\/portaltela.pt\/api\/wp\/v2\/comments?post=204252"}],"version-history":[{"count":0,"href":"https:\/\/portaltela.pt\/api\/wp\/v2\/posts\/204252\/revisions"}],"wp:featuredmedia":[{"embeddable":true,"href":"https:\/\/portaltela.pt\/api\/wp\/v2\/media\/204255"}],"wp:attachment":[{"href":"https:\/\/portaltela.pt\/api\/wp\/v2\/media?parent=204252"}],"wp:term":[{"taxonomy":"category","embeddable":true,"href":"https:\/\/portaltela.pt\/api\/wp\/v2\/categories?post=204252"},{"taxonomy":"post_tag","embeddable":true,"href":"https:\/\/portaltela.pt\/api\/wp\/v2\/tags?post=204252"}],"curies":[{"name":"wp","href":"https:\/\/api.w.org\/{rel}","templated":true}]}}