{"id":204223,"date":"2026-02-08T13:47:00","date_gmt":"2026-02-08T16:47:00","guid":{"rendered":"https:\/\/portaltela.pt\/noticias\/2026\/02\/08\/evenepoel-vence-a-volta-a-comunidade-valenciana-com-almeida-em-segundo\/"},"modified":"2026-02-08T13:47:00","modified_gmt":"2026-02-08T16:47:00","slug":"evenepoel-vence-a-volta-a-comunidade-valenciana-com-almeida-em-segundo","status":"publish","type":"post","link":"https:\/\/portaltela.pt\/desporto\/2026\/02\/08\/evenepoel-vence-a-volta-a-comunidade-valenciana-com-almeida-em-segundo\/","title":{"rendered":"Evenepoel vence a Volta \u00e0 Comunidade Valenciana com Almeida em segundo"},"content":{"rendered":"<p>O espanhol Remco Evenepoel (Red Bull-BORA-hansgrohe) garantiu a vit\u00f3ria na Volta \u00e0 Comunidade Valenciana, com Jo\u00e3o Almeida (UAE Emirates) a subir ao segundo lugar pelo segundo ano consecutivo. A quinta etapa foi ganha por Ra\u00fal Garc\u00eda Pierna (Movistar), num sprint final entre B\u00e9tera e Val\u00eancia.<\/p>\n<p>Evenepoel fechou a prova na 19.\u00aa posi\u00e7\u00e3o da etapa decisiva, a quatro segundos do vencedor, e ampliou a vantagem sobre Almeida para 31 segundos na classifica\u00e7\u00e3o geral. Pierna completou a etapa com o tempo de 2:09,44, o mesmo do vencedor, seguidos de Emil Herzog (Red Bull-BORA-hansgrohe) e Jasper Schoofs (Soudal Quick-Step).<\/p>\n<p>Almeida, natural de A-dos-Francos, soma j\u00e1 um hist\u00f3rico s\u00f3lido: vice-campe\u00e3o da Vuelta 2025, terceiro no Giro 2023 e triunfos em Voltas como Luxemburgo e Pa\u00eds Basco. Nelson Oliveira (Movistar) terminou na 38.\u00aa posi\u00e7\u00e3o, a oito segundos de Pierna, enquanto Rui Costa permanece o \u00fanico portugu\u00eas a vencer a prova, em 2023.<\/p>\n<p>A temporada do ciclista da UAE Emirates continua em Portugal, com a Cl\u00e1ssica da Figueira e a Volta ao Algarve, de 18 a 22 de fevereiro, onde Almeida \u00e9 visto como favorito. A prova terminou com Evenepoel a manter a lideran\u00e7a na geral, seguido de Almeida e Oliveira entre os refor\u00e7os da corrida.<\/p>\n","protected":false},"excerpt":{"rendered":"<ul>\n<li>Remco Evenepoel (Red Bull-BORA-hansgrohe) venceu a Volta \u00e0 Comunidade Valenciana, segurando a lideran\u00e7a at\u00e9 ao fim, com 31 segundos de vantagem sobre Jo\u00e3o Almeida.<\/li>\n<li>Jo\u00e3o Almeida (UAE Emirates) terminou no segundo lugar da classifica\u00e7\u00e3o geral pelo segundo ano consecutivo, atr\u00e1s de Evenepoel.<\/li>\n<li>Ra\u00fal Garc\u00eda Pierna (Movistar) venceu a quinta e \u00faltima etapa, ao sprint, entre B\u00e9tera e Val\u00eancia, com Emil Herzog (Red Bull-BORA-hansgrohe) e Jasper Schoofs (Soudal Quick-Step) a completar o p\u00f3dio.<\/li>\n<li>Evenepoel terminou a derradeira etapa em 19.\u00ba lugar, a quatro segundos do vencedor, mantendo a diferen\u00e7a para Almeida em trinta e um segundos.<\/li>\n<li>Almeida prepara-se para a Cl\u00e1ssica da Figueira e para a Volta ao Algarve, pr\u00f3ximos compromissos do seu arranque de temporada.<\/li>\n<\/ul>\n","protected":false},"author":2,"featured_media":204230,"comment_status":"closed","ping_status":"closed","sticky":false,"template":"","format":"standard","meta":{"footnotes":""},"categories":[21],"tags":[4212,923,2487,5416,1014,5415],"class_list":["post-204223","post","type-post","status-publish","format-standard","has-post-thumbnail","hentry","category-desporto","tag-almeida","tag-ciclismo","tag-europa","tag-movistar","tag-portugal","tag-remco-evenepoel"],"yoast_head":"<!-- This site is optimized with the Yoast SEO plugin v27.2 - https:\/\/yoast.com\/product\/yoast-seo-wordpress\/ -->\n<title>Evenepoel vence a Volta \u00e0 Comunidade Valenciana com Almeida em segundo - Portal Tela Portugal<\/title>\n<meta name=\"robots\" content=\"index, follow, max-snippet:-1, max-image-preview:large, max-video-preview:-1\" \/>\n<meta property=\"og:locale\" content=\"pt_PT\" \/>\n<meta property=\"og:type\" content=\"article\" \/>\n<meta property=\"og:title\" content=\"Evenepoel vence a Volta \u00e0 Comunidade Valenciana com Almeida em segundo - Portal Tela Portugal\" \/>\n<meta property=\"og:description\" content=\"Remco Evenepoel (Red Bull-BORA-hansgrohe) venceu a Volta \u00e0 Comunidade Valenciana, segurando a lideran\u00e7a at\u00e9 ao fim, com 31 segundos de vantagem sobre Jo\u00e3o Almeida. Jo\u00e3o Almeida (UAE Emirates) terminou no segundo lugar da classifica\u00e7\u00e3o geral pelo segundo ano consecutivo, atr\u00e1s de Evenepoel. Ra\u00fal Garc\u00eda Pierna (Movistar) venceu a quinta e \u00faltima etapa, ao sprint, entre B\u00e9tera e Val\u00eancia, com Emil Herzog (Red Bull-BORA-hansgrohe) e Jasper Schoofs (Soudal Quick-Step) a completar o p\u00f3dio. Evenepoel terminou a derradeira etapa em 19.\u00ba lugar, a quatro segundos do vencedor, mantendo a diferen\u00e7a para Almeida em trinta e um segundos. Almeida prepara-se para a Cl\u00e1ssica da Figueira e para a Volta ao Algarve, pr\u00f3ximos compromissos do seu arranque de temporada.\" \/>\n<meta property=\"og:url\" content=\"https:\/\/portaltela.pt\/noticias\/2026\/02\/08\/evenepoel-vence-a-volta-a-comunidade-valenciana-com-almeida-em-segundo\/\" \/>\n<meta property=\"og:site_name\" content=\"Portal Tela Portugal\" \/>\n<meta property=\"article:published_time\" content=\"2026-02-08T16:47:00+00:00\" \/>\n<meta name=\"author\" content=\"Telinha\" \/>\n<meta name=\"twitter:card\" content=\"summary_large_image\" \/>\n<meta name=\"twitter:label1\" content=\"Escrito por\" \/>\n\t<meta name=\"twitter:data1\" content=\"Telinha\" \/>\n\t<meta name=\"twitter:label2\" content=\"Tempo estimado de leitura\" \/>\n\t<meta name=\"twitter:data2\" content=\"1 minuto\" \/>\n<script type=\"application\/ld+json\" class=\"yoast-schema-graph\">{\"@context\":\"https:\/\/schema.org\",\"@graph\":[{\"@type\":\"Article\",\"@id\":\"https:\/\/portaltela.pt\/noticias\/2026\/02\/08\/evenepoel-vence-a-volta-a-comunidade-valenciana-com-almeida-em-segundo\/#article\",\"isPartOf\":{\"@id\":\"https:\/\/portaltela.pt\/noticias\/2026\/02\/08\/evenepoel-vence-a-volta-a-comunidade-valenciana-com-almeida-em-segundo\/\"},\"author\":{\"name\":\"Telinha\",\"@id\":\"https:\/\/portaltela.pt\/#\/schema\/person\/c4278d4a6028830caff9ee44b42d32ed\"},\"headline\":\"Evenepoel vence a Volta \u00e0 Comunidade Valenciana com Almeida em segundo\",\"datePublished\":\"2026-02-08T16:47:00+00:00\",\"mainEntityOfPage\":{\"@id\":\"https:\/\/portaltela.pt\/noticias\/2026\/02\/08\/evenepoel-vence-a-volta-a-comunidade-valenciana-com-almeida-em-segundo\/\"},\"wordCount\":216,\"image\":{\"@id\":\"https:\/\/portaltela.pt\/noticias\/2026\/02\/08\/evenepoel-vence-a-volta-a-comunidade-valenciana-com-almeida-em-segundo\/#primaryimage\"},\"thumbnailUrl\":\"https:\/\/portaltela.pt\/s.01k8rhncp4jt1\/2026\/02\/img_920x518uu2026-02-08-16-52-12-2420305-im-639061663560459348.jpg\",\"keywords\":[\"Almeida\",\"ciclismo\",\"Europa\",\"Movistar\",\"Portugal\",\"Remco Evenepoel\"],\"articleSection\":[\"Desporto\"],\"inLanguage\":\"pt-PT\"},{\"@type\":\"WebPage\",\"@id\":\"https:\/\/portaltela.pt\/noticias\/2026\/02\/08\/evenepoel-vence-a-volta-a-comunidade-valenciana-com-almeida-em-segundo\/\",\"url\":\"https:\/\/portaltela.pt\/noticias\/2026\/02\/08\/evenepoel-vence-a-volta-a-comunidade-valenciana-com-almeida-em-segundo\/\",\"name\":\"Evenepoel vence a Volta \u00e0 Comunidade Valenciana com Almeida em segundo - Portal Tela Portugal\",\"isPartOf\":{\"@id\":\"https:\/\/portaltela.pt\/#website\"},\"primaryImageOfPage\":{\"@id\":\"https:\/\/portaltela.pt\/noticias\/2026\/02\/08\/evenepoel-vence-a-volta-a-comunidade-valenciana-com-almeida-em-segundo\/#primaryimage\"},\"image\":{\"@id\":\"https:\/\/portaltela.pt\/noticias\/2026\/02\/08\/evenepoel-vence-a-volta-a-comunidade-valenciana-com-almeida-em-segundo\/#primaryimage\"},\"thumbnailUrl\":\"https:\/\/portaltela.pt\/s.01k8rhncp4jt1\/2026\/02\/img_920x518uu2026-02-08-16-52-12-2420305-im-639061663560459348.jpg\",\"datePublished\":\"2026-02-08T16:47:00+00:00\",\"author\":{\"@id\":\"https:\/\/portaltela.pt\/#\/schema\/person\/c4278d4a6028830caff9ee44b42d32ed\"},\"breadcrumb\":{\"@id\":\"https:\/\/portaltela.pt\/noticias\/2026\/02\/08\/evenepoel-vence-a-volta-a-comunidade-valenciana-com-almeida-em-segundo\/#breadcrumb\"},\"inLanguage\":\"pt-PT\",\"potentialAction\":[{\"@type\":\"ReadAction\",\"target\":[\"https:\/\/portaltela.pt\/noticias\/2026\/02\/08\/evenepoel-vence-a-volta-a-comunidade-valenciana-com-almeida-em-segundo\/\"]}]},{\"@type\":\"ImageObject\",\"inLanguage\":\"pt-PT\",\"@id\":\"https:\/\/portaltela.pt\/noticias\/2026\/02\/08\/evenepoel-vence-a-volta-a-comunidade-valenciana-com-almeida-em-segundo\/#primaryimage\",\"url\":\"https:\/\/portaltela.pt\/s.01k8rhncp4jt1\/2026\/02\/img_920x518uu2026-02-08-16-52-12-2420305-im-639061663560459348.jpg\",\"contentUrl\":\"https:\/\/portaltela.pt\/s.01k8rhncp4jt1\/2026\/02\/img_920x518uu2026-02-08-16-52-12-2420305-im-639061663560459348.jpg\",\"width\":796,\"height\":448,\"caption\":\"Jo\u00e3o Almeida acompanha consagra\u00e7\u00e3o de Evenepoel na Volta \u00e0 Comunidade Valenciana\"},{\"@type\":\"BreadcrumbList\",\"@id\":\"https:\/\/portaltela.pt\/noticias\/2026\/02\/08\/evenepoel-vence-a-volta-a-comunidade-valenciana-com-almeida-em-segundo\/#breadcrumb\",\"itemListElement\":[{\"@type\":\"ListItem\",\"position\":1,\"name\":\"In\u00edcio\",\"item\":\"https:\/\/portaltela.pt\/\"},{\"@type\":\"ListItem\",\"position\":2,\"name\":\"Evenepoel vence a Volta \u00e0 Comunidade Valenciana com Almeida em segundo\"}]},{\"@type\":\"WebSite\",\"@id\":\"https:\/\/portaltela.pt\/#website\",\"url\":\"https:\/\/portaltela.pt\/\",\"name\":\"Portal Tela Portugal\",\"description\":\"\",\"potentialAction\":[{\"@type\":\"SearchAction\",\"target\":{\"@type\":\"EntryPoint\",\"urlTemplate\":\"https:\/\/portaltela.pt\/?s={search_term_string}\"},\"query-input\":{\"@type\":\"PropertyValueSpecification\",\"valueRequired\":true,\"valueName\":\"search_term_string\"}}],\"inLanguage\":\"pt-PT\"},{\"@type\":\"Person\",\"@id\":\"https:\/\/portaltela.pt\/#\/schema\/person\/c4278d4a6028830caff9ee44b42d32ed\",\"name\":\"Telinha\",\"image\":{\"@type\":\"ImageObject\",\"inLanguage\":\"pt-PT\",\"@id\":\"https:\/\/portaltela.pt\/s.01k8rhncp4jt1\/2025\/11\/talking-bot-125x125.png\",\"url\":\"https:\/\/portaltela.pt\/s.01k8rhncp4jt1\/2025\/11\/talking-bot-125x125.png\",\"contentUrl\":\"https:\/\/portaltela.pt\/s.01k8rhncp4jt1\/2025\/11\/talking-bot-125x125.png\",\"caption\":\"Telinha\"},\"sameAs\":[\"https:\/\/portaltela.pt\/\"],\"url\":\"https:\/\/portaltela.pt\/por\/367410592786\/\"}]}<\/script>\n<!-- \/ Yoast SEO plugin. -->","yoast_head_json":{"title":"Evenepoel vence a Volta \u00e0 Comunidade Valenciana com Almeida em segundo - Portal Tela Portugal","robots":{"index":"index","follow":"follow","max-snippet":"max-snippet:-1","max-image-preview":"max-image-preview:large","max-video-preview":"max-video-preview:-1"},"og_locale":"pt_PT","og_type":"article","og_title":"Evenepoel vence a Volta \u00e0 Comunidade Valenciana com Almeida em segundo - Portal Tela Portugal","og_description":"Remco Evenepoel (Red Bull-BORA-hansgrohe) venceu a Volta \u00e0 Comunidade Valenciana, segurando a lideran\u00e7a at\u00e9 ao fim, com 31 segundos de vantagem sobre Jo\u00e3o Almeida. Jo\u00e3o Almeida (UAE Emirates) terminou no segundo lugar da classifica\u00e7\u00e3o geral pelo segundo ano consecutivo, atr\u00e1s de Evenepoel. Ra\u00fal Garc\u00eda Pierna (Movistar) venceu a quinta e \u00faltima etapa, ao sprint, entre B\u00e9tera e Val\u00eancia, com Emil Herzog (Red Bull-BORA-hansgrohe) e Jasper Schoofs (Soudal Quick-Step) a completar o p\u00f3dio. Evenepoel terminou a derradeira etapa em 19.\u00ba lugar, a quatro segundos do vencedor, mantendo a diferen\u00e7a para Almeida em trinta e um segundos. Almeida prepara-se para a Cl\u00e1ssica da Figueira e para a Volta ao Algarve, pr\u00f3ximos compromissos do seu arranque de temporada.","og_url":"https:\/\/portaltela.pt\/noticias\/2026\/02\/08\/evenepoel-vence-a-volta-a-comunidade-valenciana-com-almeida-em-segundo\/","og_site_name":"Portal Tela Portugal","article_published_time":"2026-02-08T16:47:00+00:00","author":"Telinha","twitter_card":"summary_large_image","twitter_misc":{"Escrito por":"Telinha","Tempo estimado de leitura":"1 minuto"},"schema":{"@context":"https:\/\/schema.org","@graph":[{"@type":"Article","@id":"https:\/\/portaltela.pt\/noticias\/2026\/02\/08\/evenepoel-vence-a-volta-a-comunidade-valenciana-com-almeida-em-segundo\/#article","isPartOf":{"@id":"https:\/\/portaltela.pt\/noticias\/2026\/02\/08\/evenepoel-vence-a-volta-a-comunidade-valenciana-com-almeida-em-segundo\/"},"author":{"name":"Telinha","@id":"https:\/\/portaltela.pt\/#\/schema\/person\/c4278d4a6028830caff9ee44b42d32ed"},"headline":"Evenepoel vence a Volta \u00e0 Comunidade Valenciana com Almeida em segundo","datePublished":"2026-02-08T16:47:00+00:00","mainEntityOfPage":{"@id":"https:\/\/portaltela.pt\/noticias\/2026\/02\/08\/evenepoel-vence-a-volta-a-comunidade-valenciana-com-almeida-em-segundo\/"},"wordCount":216,"image":{"@id":"https:\/\/portaltela.pt\/noticias\/2026\/02\/08\/evenepoel-vence-a-volta-a-comunidade-valenciana-com-almeida-em-segundo\/#primaryimage"},"thumbnailUrl":"https:\/\/portaltela.pt\/s.01k8rhncp4jt1\/2026\/02\/img_920x518uu2026-02-08-16-52-12-2420305-im-639061663560459348.jpg","keywords":["Almeida","ciclismo","Europa","Movistar","Portugal","Remco Evenepoel"],"articleSection":["Desporto"],"inLanguage":"pt-PT"},{"@type":"WebPage","@id":"https:\/\/portaltela.pt\/noticias\/2026\/02\/08\/evenepoel-vence-a-volta-a-comunidade-valenciana-com-almeida-em-segundo\/","url":"https:\/\/portaltela.pt\/noticias\/2026\/02\/08\/evenepoel-vence-a-volta-a-comunidade-valenciana-com-almeida-em-segundo\/","name":"Evenepoel vence a Volta \u00e0 Comunidade Valenciana com Almeida em segundo - Portal Tela Portugal","isPartOf":{"@id":"https:\/\/portaltela.pt\/#website"},"primaryImageOfPage":{"@id":"https:\/\/portaltela.pt\/noticias\/2026\/02\/08\/evenepoel-vence-a-volta-a-comunidade-valenciana-com-almeida-em-segundo\/#primaryimage"},"image":{"@id":"https:\/\/portaltela.pt\/noticias\/2026\/02\/08\/evenepoel-vence-a-volta-a-comunidade-valenciana-com-almeida-em-segundo\/#primaryimage"},"thumbnailUrl":"https:\/\/portaltela.pt\/s.01k8rhncp4jt1\/2026\/02\/img_920x518uu2026-02-08-16-52-12-2420305-im-639061663560459348.jpg","datePublished":"2026-02-08T16:47:00+00:00","author":{"@id":"https:\/\/portaltela.pt\/#\/schema\/person\/c4278d4a6028830caff9ee44b42d32ed"},"breadcrumb":{"@id":"https:\/\/portaltela.pt\/noticias\/2026\/02\/08\/evenepoel-vence-a-volta-a-comunidade-valenciana-com-almeida-em-segundo\/#breadcrumb"},"inLanguage":"pt-PT","potentialAction":[{"@type":"ReadAction","target":["https:\/\/portaltela.pt\/noticias\/2026\/02\/08\/evenepoel-vence-a-volta-a-comunidade-valenciana-com-almeida-em-segundo\/"]}]},{"@type":"ImageObject","inLanguage":"pt-PT","@id":"https:\/\/portaltela.pt\/noticias\/2026\/02\/08\/evenepoel-vence-a-volta-a-comunidade-valenciana-com-almeida-em-segundo\/#primaryimage","url":"https:\/\/portaltela.pt\/s.01k8rhncp4jt1\/2026\/02\/img_920x518uu2026-02-08-16-52-12-2420305-im-639061663560459348.jpg","contentUrl":"https:\/\/portaltela.pt\/s.01k8rhncp4jt1\/2026\/02\/img_920x518uu2026-02-08-16-52-12-2420305-im-639061663560459348.jpg","width":796,"height":448,"caption":"Jo\u00e3o Almeida acompanha consagra\u00e7\u00e3o de Evenepoel na Volta \u00e0 Comunidade Valenciana"},{"@type":"BreadcrumbList","@id":"https:\/\/portaltela.pt\/noticias\/2026\/02\/08\/evenepoel-vence-a-volta-a-comunidade-valenciana-com-almeida-em-segundo\/#breadcrumb","itemListElement":[{"@type":"ListItem","position":1,"name":"In\u00edcio","item":"https:\/\/portaltela.pt\/"},{"@type":"ListItem","position":2,"name":"Evenepoel vence a Volta \u00e0 Comunidade Valenciana com Almeida em segundo"}]},{"@type":"WebSite","@id":"https:\/\/portaltela.pt\/#website","url":"https:\/\/portaltela.pt\/","name":"Portal Tela Portugal","description":"","potentialAction":[{"@type":"SearchAction","target":{"@type":"EntryPoint","urlTemplate":"https:\/\/portaltela.pt\/?s={search_term_string}"},"query-input":{"@type":"PropertyValueSpecification","valueRequired":true,"valueName":"search_term_string"}}],"inLanguage":"pt-PT"},{"@type":"Person","@id":"https:\/\/portaltela.pt\/#\/schema\/person\/c4278d4a6028830caff9ee44b42d32ed","name":"Telinha","image":{"@type":"ImageObject","inLanguage":"pt-PT","@id":"https:\/\/portaltela.pt\/s.01k8rhncp4jt1\/2025\/11\/talking-bot-125x125.png","url":"https:\/\/portaltela.pt\/s.01k8rhncp4jt1\/2025\/11\/talking-bot-125x125.png","contentUrl":"https:\/\/portaltela.pt\/s.01k8rhncp4jt1\/2025\/11\/talking-bot-125x125.png","caption":"Telinha"},"sameAs":["https:\/\/portaltela.pt\/"],"url":"https:\/\/portaltela.pt\/por\/367410592786\/"}]}},"_links":{"self":[{"href":"https:\/\/portaltela.pt\/api\/wp\/v2\/posts\/204223","targetHints":{"allow":["GET"]}}],"collection":[{"href":"https:\/\/portaltela.pt\/api\/wp\/v2\/posts"}],"about":[{"href":"https:\/\/portaltela.pt\/api\/wp\/v2\/types\/post"}],"author":[{"embeddable":true,"href":"https:\/\/portaltela.pt\/api\/wp\/v2\/users\/2"}],"replies":[{"embeddable":true,"href":"https:\/\/portaltela.pt\/api\/wp\/v2\/comments?post=204223"}],"version-history":[{"count":0,"href":"https:\/\/portaltela.pt\/api\/wp\/v2\/posts\/204223\/revisions"}],"wp:featuredmedia":[{"embeddable":true,"href":"https:\/\/portaltela.pt\/api\/wp\/v2\/media\/204230"}],"wp:attachment":[{"href":"https:\/\/portaltela.pt\/api\/wp\/v2\/media?parent=204223"}],"wp:term":[{"taxonomy":"category","embeddable":true,"href":"https:\/\/portaltela.pt\/api\/wp\/v2\/categories?post=204223"},{"taxonomy":"post_tag","embeddable":true,"href":"https:\/\/portaltela.pt\/api\/wp\/v2\/tags?post=204223"}],"curies":[{"name":"wp","href":"https:\/\/api.w.org\/{rel}","templated":true}]}}