{"id":204198,"date":"2026-02-08T13:30:00","date_gmt":"2026-02-08T16:30:00","guid":{"rendered":"https:\/\/portaltela.pt\/noticias\/2026\/02\/08\/almeida-fica-em-segundo-na-consagracao-de-evenepoel-na-volta-a-comunidade-valenciana\/"},"modified":"2026-02-08T13:30:00","modified_gmt":"2026-02-08T16:30:00","slug":"almeida-fica-em-segundo-na-consagracao-de-evenepoel-na-volta-a-comunidade-valenciana","status":"publish","type":"post","link":"https:\/\/portaltela.pt\/desporto\/2026\/02\/08\/almeida-fica-em-segundo-na-consagracao-de-evenepoel-na-volta-a-comunidade-valenciana\/","title":{"rendered":"Almeida fica em segundo na consagra\u00e7\u00e3o de Evenepoel na Volta \u00e0 Comunidade Valenciana"},"content":{"rendered":"<p>Evenepoel sagrou-se vencedor da Volta \u00e0 Comunitat Valenciana, disputada na regi\u00e3o de Val\u00eancia, Espanha, com Jo\u00e3o Almeida a terminar na segunda posi\u00e7\u00e3o. O resultado destaca a vit\u00f3ria do ciclista belga e o desempenho do portugu\u00eas na corrida.<\/p>\n<p>A prova ocorreu ao longo de v\u00e1rios est\u00e1gios na regi\u00e3o valenciana, onde ambos estiveram entre os principais favoritos. Almeida concluiu em segundo lugar, mantendo-se na luta pela lideran\u00e7a at\u00e9 ao final.<\/p>\n<p>A consagra\u00e7\u00e3o de Evenepoel na corrida confirma a posi\u00e7\u00e3o dele entre os melhores contrarrelogistas do momento, com Almeida a apresentar-se como advers\u00e1rio direto na classifica\u00e7\u00e3o final. O evento reuniu v\u00e1rias equipas e corredores de renome.<\/p>\n<p>O desempenho de Almeida posiciona-o entre os terceiros classificados da edi\u00e7\u00e3o, enquanto a vit\u00f3ria de Evenepoel refor\u00e7a a sua trajet\u00f3ria recente nesta competi\u00e7\u00e3o. As informa\u00e7\u00f5es oficiais indicam a conclus\u00e3o da prova com estes resultados.<\/p>\n","protected":false},"excerpt":{"rendered":"<ul>\n<li>Remco Evenepoel sagrou-se vencedor da Volta \u00e0 Comunidade Valenciana.<\/li>\n<li>Jo\u00e3o Almeida ficou em segundo lugar na corrida.<\/li>\n<li>A consagra\u00e7\u00e3o de Evenepoel foi o desfecho da prova.<\/li>\n<li>Fonte: Lusa.<\/li>\n<\/ul>\n","protected":false},"author":2,"featured_media":204199,"comment_status":"closed","ping_status":"closed","sticky":false,"template":"","format":"standard","meta":{"footnotes":""},"categories":[21],"tags":[4212,923,1285,152,2031],"class_list":["post-204198","post","type-post","status-publish","format-standard","has-post-thumbnail","hentry","category-desporto","tag-almeida","tag-ciclismo","tag-competicao","tag-desporto","tag-espanha"],"yoast_head":"<!-- This site is optimized with the Yoast SEO plugin v27.2 - https:\/\/yoast.com\/product\/yoast-seo-wordpress\/ -->\n<title>Almeida fica em segundo na consagra\u00e7\u00e3o de Evenepoel na Volta \u00e0 Comunidade Valenciana - Portal Tela Portugal<\/title>\n<meta name=\"robots\" content=\"index, follow, max-snippet:-1, max-image-preview:large, max-video-preview:-1\" \/>\n<meta property=\"og:locale\" content=\"pt_PT\" \/>\n<meta property=\"og:type\" content=\"article\" \/>\n<meta property=\"og:title\" content=\"Almeida fica em segundo na consagra\u00e7\u00e3o de Evenepoel na Volta \u00e0 Comunidade Valenciana - Portal Tela Portugal\" \/>\n<meta property=\"og:description\" content=\"Remco Evenepoel sagrou-se vencedor da Volta \u00e0 Comunidade Valenciana. Jo\u00e3o Almeida ficou em segundo lugar na corrida. A consagra\u00e7\u00e3o de Evenepoel foi o desfecho da prova. Fonte: Lusa.\" \/>\n<meta property=\"og:url\" content=\"https:\/\/portaltela.pt\/noticias\/2026\/02\/08\/almeida-fica-em-segundo-na-consagracao-de-evenepoel-na-volta-a-comunidade-valenciana\/\" \/>\n<meta property=\"og:site_name\" content=\"Portal Tela Portugal\" \/>\n<meta property=\"article:published_time\" content=\"2026-02-08T16:30:00+00:00\" \/>\n<meta name=\"author\" content=\"Telinha\" \/>\n<meta name=\"twitter:card\" content=\"summary_large_image\" \/>\n<meta name=\"twitter:label1\" content=\"Escrito por\" \/>\n\t<meta name=\"twitter:data1\" content=\"Telinha\" \/>\n\t<meta name=\"twitter:label2\" content=\"Tempo estimado de leitura\" \/>\n\t<meta name=\"twitter:data2\" content=\"1 minuto\" \/>\n<script type=\"application\/ld+json\" class=\"yoast-schema-graph\">{\"@context\":\"https:\/\/schema.org\",\"@graph\":[{\"@type\":\"Article\",\"@id\":\"https:\/\/portaltela.pt\/noticias\/2026\/02\/08\/almeida-fica-em-segundo-na-consagracao-de-evenepoel-na-volta-a-comunidade-valenciana\/#article\",\"isPartOf\":{\"@id\":\"https:\/\/portaltela.pt\/noticias\/2026\/02\/08\/almeida-fica-em-segundo-na-consagracao-de-evenepoel-na-volta-a-comunidade-valenciana\/\"},\"author\":{\"name\":\"Telinha\",\"@id\":\"https:\/\/portaltela.pt\/#\/schema\/person\/c4278d4a6028830caff9ee44b42d32ed\"},\"headline\":\"Almeida fica em segundo na consagra\u00e7\u00e3o de Evenepoel na Volta \u00e0 Comunidade Valenciana\",\"datePublished\":\"2026-02-08T16:30:00+00:00\",\"mainEntityOfPage\":{\"@id\":\"https:\/\/portaltela.pt\/noticias\/2026\/02\/08\/almeida-fica-em-segundo-na-consagracao-de-evenepoel-na-volta-a-comunidade-valenciana\/\"},\"wordCount\":171,\"image\":{\"@id\":\"https:\/\/portaltela.pt\/noticias\/2026\/02\/08\/almeida-fica-em-segundo-na-consagracao-de-evenepoel-na-volta-a-comunidade-valenciana\/#primaryimage\"},\"thumbnailUrl\":\"https:\/\/portaltela.pt\/s.01k8rhncp4jt1\/2026\/02\/CACHE_780X1200_ANALOG_WATERMARKED_46496403_357398119613261.jpg\",\"keywords\":[\"Almeida\",\"ciclismo\",\"competi\u00e7\u00e3o\",\"desporto\",\"Espanha\"],\"articleSection\":[\"Desporto\"],\"inLanguage\":\"pt-PT\"},{\"@type\":\"WebPage\",\"@id\":\"https:\/\/portaltela.pt\/noticias\/2026\/02\/08\/almeida-fica-em-segundo-na-consagracao-de-evenepoel-na-volta-a-comunidade-valenciana\/\",\"url\":\"https:\/\/portaltela.pt\/noticias\/2026\/02\/08\/almeida-fica-em-segundo-na-consagracao-de-evenepoel-na-volta-a-comunidade-valenciana\/\",\"name\":\"Almeida fica em segundo na consagra\u00e7\u00e3o de Evenepoel na Volta \u00e0 Comunidade Valenciana - Portal Tela Portugal\",\"isPartOf\":{\"@id\":\"https:\/\/portaltela.pt\/#website\"},\"primaryImageOfPage\":{\"@id\":\"https:\/\/portaltela.pt\/noticias\/2026\/02\/08\/almeida-fica-em-segundo-na-consagracao-de-evenepoel-na-volta-a-comunidade-valenciana\/#primaryimage\"},\"image\":{\"@id\":\"https:\/\/portaltela.pt\/noticias\/2026\/02\/08\/almeida-fica-em-segundo-na-consagracao-de-evenepoel-na-volta-a-comunidade-valenciana\/#primaryimage\"},\"thumbnailUrl\":\"https:\/\/portaltela.pt\/s.01k8rhncp4jt1\/2026\/02\/CACHE_780X1200_ANALOG_WATERMARKED_46496403_357398119613261.jpg\",\"datePublished\":\"2026-02-08T16:30:00+00:00\",\"author\":{\"@id\":\"https:\/\/portaltela.pt\/#\/schema\/person\/c4278d4a6028830caff9ee44b42d32ed\"},\"breadcrumb\":{\"@id\":\"https:\/\/portaltela.pt\/noticias\/2026\/02\/08\/almeida-fica-em-segundo-na-consagracao-de-evenepoel-na-volta-a-comunidade-valenciana\/#breadcrumb\"},\"inLanguage\":\"pt-PT\",\"potentialAction\":[{\"@type\":\"ReadAction\",\"target\":[\"https:\/\/portaltela.pt\/noticias\/2026\/02\/08\/almeida-fica-em-segundo-na-consagracao-de-evenepoel-na-volta-a-comunidade-valenciana\/\"]}]},{\"@type\":\"ImageObject\",\"inLanguage\":\"pt-PT\",\"@id\":\"https:\/\/portaltela.pt\/noticias\/2026\/02\/08\/almeida-fica-em-segundo-na-consagracao-de-evenepoel-na-volta-a-comunidade-valenciana\/#primaryimage\",\"url\":\"https:\/\/portaltela.pt\/s.01k8rhncp4jt1\/2026\/02\/CACHE_780X1200_ANALOG_WATERMARKED_46496403_357398119613261.jpg\",\"contentUrl\":\"https:\/\/portaltela.pt\/s.01k8rhncp4jt1\/2026\/02\/CACHE_780X1200_ANALOG_WATERMARKED_46496403_357398119613261.jpg\",\"width\":768,\"height\":512,\"caption\":\"Almeida segundo na consagra\u00e7\u00e3o de Evenepoel na Volta \u00e0 Comunidade Valenciana\"},{\"@type\":\"BreadcrumbList\",\"@id\":\"https:\/\/portaltela.pt\/noticias\/2026\/02\/08\/almeida-fica-em-segundo-na-consagracao-de-evenepoel-na-volta-a-comunidade-valenciana\/#breadcrumb\",\"itemListElement\":[{\"@type\":\"ListItem\",\"position\":1,\"name\":\"In\u00edcio\",\"item\":\"https:\/\/portaltela.pt\/\"},{\"@type\":\"ListItem\",\"position\":2,\"name\":\"Almeida fica em segundo na consagra\u00e7\u00e3o de Evenepoel na Volta \u00e0 Comunidade Valenciana\"}]},{\"@type\":\"WebSite\",\"@id\":\"https:\/\/portaltela.pt\/#website\",\"url\":\"https:\/\/portaltela.pt\/\",\"name\":\"Portal Tela Portugal\",\"description\":\"\",\"potentialAction\":[{\"@type\":\"SearchAction\",\"target\":{\"@type\":\"EntryPoint\",\"urlTemplate\":\"https:\/\/portaltela.pt\/?s={search_term_string}\"},\"query-input\":{\"@type\":\"PropertyValueSpecification\",\"valueRequired\":true,\"valueName\":\"search_term_string\"}}],\"inLanguage\":\"pt-PT\"},{\"@type\":\"Person\",\"@id\":\"https:\/\/portaltela.pt\/#\/schema\/person\/c4278d4a6028830caff9ee44b42d32ed\",\"name\":\"Telinha\",\"image\":{\"@type\":\"ImageObject\",\"inLanguage\":\"pt-PT\",\"@id\":\"https:\/\/portaltela.pt\/s.01k8rhncp4jt1\/2025\/11\/talking-bot-125x125.png\",\"url\":\"https:\/\/portaltela.pt\/s.01k8rhncp4jt1\/2025\/11\/talking-bot-125x125.png\",\"contentUrl\":\"https:\/\/portaltela.pt\/s.01k8rhncp4jt1\/2025\/11\/talking-bot-125x125.png\",\"caption\":\"Telinha\"},\"sameAs\":[\"https:\/\/portaltela.pt\/\"],\"url\":\"https:\/\/portaltela.pt\/por\/367410592786\/\"}]}<\/script>\n<!-- \/ Yoast SEO plugin. -->","yoast_head_json":{"title":"Almeida fica em segundo na consagra\u00e7\u00e3o de Evenepoel na Volta \u00e0 Comunidade Valenciana - Portal Tela Portugal","robots":{"index":"index","follow":"follow","max-snippet":"max-snippet:-1","max-image-preview":"max-image-preview:large","max-video-preview":"max-video-preview:-1"},"og_locale":"pt_PT","og_type":"article","og_title":"Almeida fica em segundo na consagra\u00e7\u00e3o de Evenepoel na Volta \u00e0 Comunidade Valenciana - Portal Tela Portugal","og_description":"Remco Evenepoel sagrou-se vencedor da Volta \u00e0 Comunidade Valenciana. Jo\u00e3o Almeida ficou em segundo lugar na corrida. A consagra\u00e7\u00e3o de Evenepoel foi o desfecho da prova. Fonte: Lusa.","og_url":"https:\/\/portaltela.pt\/noticias\/2026\/02\/08\/almeida-fica-em-segundo-na-consagracao-de-evenepoel-na-volta-a-comunidade-valenciana\/","og_site_name":"Portal Tela Portugal","article_published_time":"2026-02-08T16:30:00+00:00","author":"Telinha","twitter_card":"summary_large_image","twitter_misc":{"Escrito por":"Telinha","Tempo estimado de leitura":"1 minuto"},"schema":{"@context":"https:\/\/schema.org","@graph":[{"@type":"Article","@id":"https:\/\/portaltela.pt\/noticias\/2026\/02\/08\/almeida-fica-em-segundo-na-consagracao-de-evenepoel-na-volta-a-comunidade-valenciana\/#article","isPartOf":{"@id":"https:\/\/portaltela.pt\/noticias\/2026\/02\/08\/almeida-fica-em-segundo-na-consagracao-de-evenepoel-na-volta-a-comunidade-valenciana\/"},"author":{"name":"Telinha","@id":"https:\/\/portaltela.pt\/#\/schema\/person\/c4278d4a6028830caff9ee44b42d32ed"},"headline":"Almeida fica em segundo na consagra\u00e7\u00e3o de Evenepoel na Volta \u00e0 Comunidade Valenciana","datePublished":"2026-02-08T16:30:00+00:00","mainEntityOfPage":{"@id":"https:\/\/portaltela.pt\/noticias\/2026\/02\/08\/almeida-fica-em-segundo-na-consagracao-de-evenepoel-na-volta-a-comunidade-valenciana\/"},"wordCount":171,"image":{"@id":"https:\/\/portaltela.pt\/noticias\/2026\/02\/08\/almeida-fica-em-segundo-na-consagracao-de-evenepoel-na-volta-a-comunidade-valenciana\/#primaryimage"},"thumbnailUrl":"https:\/\/portaltela.pt\/s.01k8rhncp4jt1\/2026\/02\/CACHE_780X1200_ANALOG_WATERMARKED_46496403_357398119613261.jpg","keywords":["Almeida","ciclismo","competi\u00e7\u00e3o","desporto","Espanha"],"articleSection":["Desporto"],"inLanguage":"pt-PT"},{"@type":"WebPage","@id":"https:\/\/portaltela.pt\/noticias\/2026\/02\/08\/almeida-fica-em-segundo-na-consagracao-de-evenepoel-na-volta-a-comunidade-valenciana\/","url":"https:\/\/portaltela.pt\/noticias\/2026\/02\/08\/almeida-fica-em-segundo-na-consagracao-de-evenepoel-na-volta-a-comunidade-valenciana\/","name":"Almeida fica em segundo na consagra\u00e7\u00e3o de Evenepoel na Volta \u00e0 Comunidade Valenciana - Portal Tela Portugal","isPartOf":{"@id":"https:\/\/portaltela.pt\/#website"},"primaryImageOfPage":{"@id":"https:\/\/portaltela.pt\/noticias\/2026\/02\/08\/almeida-fica-em-segundo-na-consagracao-de-evenepoel-na-volta-a-comunidade-valenciana\/#primaryimage"},"image":{"@id":"https:\/\/portaltela.pt\/noticias\/2026\/02\/08\/almeida-fica-em-segundo-na-consagracao-de-evenepoel-na-volta-a-comunidade-valenciana\/#primaryimage"},"thumbnailUrl":"https:\/\/portaltela.pt\/s.01k8rhncp4jt1\/2026\/02\/CACHE_780X1200_ANALOG_WATERMARKED_46496403_357398119613261.jpg","datePublished":"2026-02-08T16:30:00+00:00","author":{"@id":"https:\/\/portaltela.pt\/#\/schema\/person\/c4278d4a6028830caff9ee44b42d32ed"},"breadcrumb":{"@id":"https:\/\/portaltela.pt\/noticias\/2026\/02\/08\/almeida-fica-em-segundo-na-consagracao-de-evenepoel-na-volta-a-comunidade-valenciana\/#breadcrumb"},"inLanguage":"pt-PT","potentialAction":[{"@type":"ReadAction","target":["https:\/\/portaltela.pt\/noticias\/2026\/02\/08\/almeida-fica-em-segundo-na-consagracao-de-evenepoel-na-volta-a-comunidade-valenciana\/"]}]},{"@type":"ImageObject","inLanguage":"pt-PT","@id":"https:\/\/portaltela.pt\/noticias\/2026\/02\/08\/almeida-fica-em-segundo-na-consagracao-de-evenepoel-na-volta-a-comunidade-valenciana\/#primaryimage","url":"https:\/\/portaltela.pt\/s.01k8rhncp4jt1\/2026\/02\/CACHE_780X1200_ANALOG_WATERMARKED_46496403_357398119613261.jpg","contentUrl":"https:\/\/portaltela.pt\/s.01k8rhncp4jt1\/2026\/02\/CACHE_780X1200_ANALOG_WATERMARKED_46496403_357398119613261.jpg","width":768,"height":512,"caption":"Almeida segundo na consagra\u00e7\u00e3o de Evenepoel na Volta \u00e0 Comunidade Valenciana"},{"@type":"BreadcrumbList","@id":"https:\/\/portaltela.pt\/noticias\/2026\/02\/08\/almeida-fica-em-segundo-na-consagracao-de-evenepoel-na-volta-a-comunidade-valenciana\/#breadcrumb","itemListElement":[{"@type":"ListItem","position":1,"name":"In\u00edcio","item":"https:\/\/portaltela.pt\/"},{"@type":"ListItem","position":2,"name":"Almeida fica em segundo na consagra\u00e7\u00e3o de Evenepoel na Volta \u00e0 Comunidade Valenciana"}]},{"@type":"WebSite","@id":"https:\/\/portaltela.pt\/#website","url":"https:\/\/portaltela.pt\/","name":"Portal Tela Portugal","description":"","potentialAction":[{"@type":"SearchAction","target":{"@type":"EntryPoint","urlTemplate":"https:\/\/portaltela.pt\/?s={search_term_string}"},"query-input":{"@type":"PropertyValueSpecification","valueRequired":true,"valueName":"search_term_string"}}],"inLanguage":"pt-PT"},{"@type":"Person","@id":"https:\/\/portaltela.pt\/#\/schema\/person\/c4278d4a6028830caff9ee44b42d32ed","name":"Telinha","image":{"@type":"ImageObject","inLanguage":"pt-PT","@id":"https:\/\/portaltela.pt\/s.01k8rhncp4jt1\/2025\/11\/talking-bot-125x125.png","url":"https:\/\/portaltela.pt\/s.01k8rhncp4jt1\/2025\/11\/talking-bot-125x125.png","contentUrl":"https:\/\/portaltela.pt\/s.01k8rhncp4jt1\/2025\/11\/talking-bot-125x125.png","caption":"Telinha"},"sameAs":["https:\/\/portaltela.pt\/"],"url":"https:\/\/portaltela.pt\/por\/367410592786\/"}]}},"_links":{"self":[{"href":"https:\/\/portaltela.pt\/api\/wp\/v2\/posts\/204198","targetHints":{"allow":["GET"]}}],"collection":[{"href":"https:\/\/portaltela.pt\/api\/wp\/v2\/posts"}],"about":[{"href":"https:\/\/portaltela.pt\/api\/wp\/v2\/types\/post"}],"author":[{"embeddable":true,"href":"https:\/\/portaltela.pt\/api\/wp\/v2\/users\/2"}],"replies":[{"embeddable":true,"href":"https:\/\/portaltela.pt\/api\/wp\/v2\/comments?post=204198"}],"version-history":[{"count":0,"href":"https:\/\/portaltela.pt\/api\/wp\/v2\/posts\/204198\/revisions"}],"wp:featuredmedia":[{"embeddable":true,"href":"https:\/\/portaltela.pt\/api\/wp\/v2\/media\/204199"}],"wp:attachment":[{"href":"https:\/\/portaltela.pt\/api\/wp\/v2\/media?parent=204198"}],"wp:term":[{"taxonomy":"category","embeddable":true,"href":"https:\/\/portaltela.pt\/api\/wp\/v2\/categories?post=204198"},{"taxonomy":"post_tag","embeddable":true,"href":"https:\/\/portaltela.pt\/api\/wp\/v2\/tags?post=204198"}],"curies":[{"name":"wp","href":"https:\/\/api.w.org\/{rel}","templated":true}]}}