{"id":204175,"date":"2026-02-08T13:00:00","date_gmt":"2026-02-08T16:00:00","guid":{"rendered":"https:\/\/portaltela.pt\/noticias\/2026\/02\/08\/ligacoes-a-jeffrey-epstein-levam-a-queda-de-jack-lang\/"},"modified":"2026-02-08T13:00:00","modified_gmt":"2026-02-08T16:00:00","slug":"ligacoes-a-jeffrey-epstein-levam-a-queda-de-jack-lang","status":"publish","type":"post","link":"https:\/\/portaltela.pt\/noticias\/2026\/02\/08\/ligacoes-a-jeffrey-epstein-levam-a-queda-de-jack-lang\/","title":{"rendered":"Liga\u00e7\u00f5es a Jeffrey Epstein levam \u00e0 queda de Jack Lang"},"content":{"rendered":"<p>O ex-ministro da Cultura de Mitterrand pediu hoje a demiss\u00e3o da presid\u00eancia do Instituto do Mundo \u00c1rabe (IMA), ap\u00f3s revelar liga\u00e7\u00f5es a Jeffrey Epstein. A not\u00edcia foi comunicada este s\u00e1bado pelo ex-chefe de Estado cultural franc\u00eas.<\/p>\n<p>Lang, figura central da pol\u00edtica francesa nas \u00faltimas quatro d\u00e9cadas, anunciou a decis\u00e3o numa carta dirigida ao ministro dos Neg\u00f3cios Estrangeiros, Jean-No\u00ebl Barrot, mantendo a sua inoc\u00eancia e defender o papel da institui\u00e7\u00e3o.<\/p>\n<p>A decis\u00e3o surge na sequ\u00eancia de o caso ganhar contornos p\u00fablicos, com Barrot a preparar uma audi\u00e7\u00e3o para este domingo para apurar a rela\u00e7\u00e3o com o magnata. Lang liderava o IMA desde 2013 e sublinhou que a sa\u00edda preserva a institui\u00e7\u00e3o e o seu trabalho exemplar.<\/p>\n<h3>Demiss\u00e3o do presidente do Instituto do Mundo \u00c1rabe<\/h3>\n<p>A demiss\u00e3o foi anunciada ao fim da tarde de s\u00e1bado, segundo fontes oficiais, sem detalhar consequ\u00eancias adicionais para o instituto. A linha de investiga\u00e7\u00e3o envolve liga\u00e7\u00f5es entre Epstein e v\u00e1rias personalidades p\u00fablicas, elevando o escrut\u00ednio sobre Lang.<\/p>\n<p>No domingo, Barrot dever\u00e1 esclarecer a eventual liga\u00e7\u00e3o entre Lang e Epstein durante a audi\u00e7\u00e3o prevista, com o objetivo de confirmar fatos e responsabilidades institucionais. A situa\u00e7\u00e3o coloca o IMA no centro do debate sobre integridade p\u00fablica.<\/p>\n","protected":false},"excerpt":{"rendered":"<ul>\n<li>O ex-ministro da Cultura franc\u00eas Jack Lang demitiu-se da presid\u00eancia do Instituto do Mundo \u00c1rabe.<\/li>\n<li>A decis\u00e3o foi anunciada ao fim da tarde de s\u00e1bado, numa carta dirigida ao ministro dos Neg\u00f3cios Estrangeiros, Jean-No\u00ebl Barrot.<\/li>\n<li>A ren\u00fancia acontece num context de liga\u00e7\u00f5es a Jeffrey Epstein e de uma audi\u00e7\u00e3o prevista com Barrot, este domingo.<\/li>\n<li>Lang afirmou a sua inoc\u00eancia e disse que a sa\u00edda visa preservar a institui\u00e7\u00e3o e o seu trabalho exemplar.<\/li>\n<li>Lang dirigia o Instituto do Mundo \u00c1rabe desde 2013 e era uma figura de relevo na pol\u00edtica francesa nas \u00faltimas quatro d\u00e9cadas.<\/li>\n<\/ul>\n","protected":false},"author":2,"featured_media":204178,"comment_status":"closed","ping_status":"closed","sticky":false,"template":"","format":"standard","meta":{"footnotes":""},"categories":[1],"tags":[83,1856,34,5644,2343,2832],"class_list":["post-204175","post","type-post","status-publish","format-standard","has-post-thumbnail","hentry","category-noticias","tag-corrupcao","tag-franca","tag-governo","tag-integridade-publica","tag-investigacao-internacional","tag-politica"],"yoast_head":"<!-- This site is optimized with the Yoast SEO plugin v27.2 - https:\/\/yoast.com\/product\/yoast-seo-wordpress\/ -->\n<title>Liga\u00e7\u00f5es a Jeffrey Epstein levam \u00e0 queda de Jack Lang - Portal Tela Portugal<\/title>\n<meta name=\"robots\" content=\"index, follow, max-snippet:-1, max-image-preview:large, max-video-preview:-1\" \/>\n<meta property=\"og:locale\" content=\"pt_PT\" \/>\n<meta property=\"og:type\" content=\"article\" \/>\n<meta property=\"og:title\" content=\"Liga\u00e7\u00f5es a Jeffrey Epstein levam \u00e0 queda de Jack Lang - Portal Tela Portugal\" \/>\n<meta property=\"og:description\" content=\"O ex-ministro da Cultura franc\u00eas Jack Lang demitiu-se da presid\u00eancia do Instituto do Mundo \u00c1rabe. A decis\u00e3o foi anunciada ao fim da tarde de s\u00e1bado, numa carta dirigida ao ministro dos Neg\u00f3cios Estrangeiros, Jean-No\u00ebl Barrot. A ren\u00fancia acontece num context de liga\u00e7\u00f5es a Jeffrey Epstein e de uma audi\u00e7\u00e3o prevista com Barrot, este domingo. Lang afirmou a sua inoc\u00eancia e disse que a sa\u00edda visa preservar a institui\u00e7\u00e3o e o seu trabalho exemplar. Lang dirigia o Instituto do Mundo \u00c1rabe desde 2013 e era uma figura de relevo na pol\u00edtica francesa nas \u00faltimas quatro d\u00e9cadas.\" \/>\n<meta property=\"og:url\" content=\"https:\/\/portaltela.pt\/noticias\/2026\/02\/08\/ligacoes-a-jeffrey-epstein-levam-a-queda-de-jack-lang\/\" \/>\n<meta property=\"og:site_name\" content=\"Portal Tela Portugal\" \/>\n<meta property=\"article:published_time\" content=\"2026-02-08T16:00:00+00:00\" \/>\n<meta name=\"author\" content=\"Telinha\" \/>\n<meta name=\"twitter:card\" content=\"summary_large_image\" \/>\n<meta name=\"twitter:label1\" content=\"Escrito por\" \/>\n\t<meta name=\"twitter:data1\" content=\"Telinha\" \/>\n\t<meta name=\"twitter:label2\" content=\"Tempo estimado de leitura\" \/>\n\t<meta name=\"twitter:data2\" content=\"1 minuto\" \/>\n<script type=\"application\/ld+json\" class=\"yoast-schema-graph\">{\"@context\":\"https:\/\/schema.org\",\"@graph\":[{\"@type\":\"Article\",\"@id\":\"https:\/\/portaltela.pt\/noticias\/2026\/02\/08\/ligacoes-a-jeffrey-epstein-levam-a-queda-de-jack-lang\/#article\",\"isPartOf\":{\"@id\":\"https:\/\/portaltela.pt\/noticias\/2026\/02\/08\/ligacoes-a-jeffrey-epstein-levam-a-queda-de-jack-lang\/\"},\"author\":{\"name\":\"Telinha\",\"@id\":\"https:\/\/portaltela.pt\/#\/schema\/person\/c4278d4a6028830caff9ee44b42d32ed\"},\"headline\":\"Liga\u00e7\u00f5es a Jeffrey Epstein levam \u00e0 queda de Jack Lang\",\"datePublished\":\"2026-02-08T16:00:00+00:00\",\"mainEntityOfPage\":{\"@id\":\"https:\/\/portaltela.pt\/noticias\/2026\/02\/08\/ligacoes-a-jeffrey-epstein-levam-a-queda-de-jack-lang\/\"},\"wordCount\":240,\"image\":{\"@id\":\"https:\/\/portaltela.pt\/noticias\/2026\/02\/08\/ligacoes-a-jeffrey-epstein-levam-a-queda-de-jack-lang\/#primaryimage\"},\"thumbnailUrl\":\"https:\/\/portaltela.pt\/s.01k8rhncp4jt1\/2026\/02\/2065589.jpg\",\"keywords\":[\"corrup\u00e7\u00e3o\",\"Fran\u00e7a\",\"governo\",\"integridade p\u00fablica\",\"investiga\u00e7\u00e3o internacional\",\"pol\u00edtica\"],\"articleSection\":[\"Not\u00edcias\"],\"inLanguage\":\"pt-PT\"},{\"@type\":\"WebPage\",\"@id\":\"https:\/\/portaltela.pt\/noticias\/2026\/02\/08\/ligacoes-a-jeffrey-epstein-levam-a-queda-de-jack-lang\/\",\"url\":\"https:\/\/portaltela.pt\/noticias\/2026\/02\/08\/ligacoes-a-jeffrey-epstein-levam-a-queda-de-jack-lang\/\",\"name\":\"Liga\u00e7\u00f5es a Jeffrey Epstein levam \u00e0 queda de Jack Lang - Portal Tela Portugal\",\"isPartOf\":{\"@id\":\"https:\/\/portaltela.pt\/#website\"},\"primaryImageOfPage\":{\"@id\":\"https:\/\/portaltela.pt\/noticias\/2026\/02\/08\/ligacoes-a-jeffrey-epstein-levam-a-queda-de-jack-lang\/#primaryimage\"},\"image\":{\"@id\":\"https:\/\/portaltela.pt\/noticias\/2026\/02\/08\/ligacoes-a-jeffrey-epstein-levam-a-queda-de-jack-lang\/#primaryimage\"},\"thumbnailUrl\":\"https:\/\/portaltela.pt\/s.01k8rhncp4jt1\/2026\/02\/2065589.jpg\",\"datePublished\":\"2026-02-08T16:00:00+00:00\",\"author\":{\"@id\":\"https:\/\/portaltela.pt\/#\/schema\/person\/c4278d4a6028830caff9ee44b42d32ed\"},\"breadcrumb\":{\"@id\":\"https:\/\/portaltela.pt\/noticias\/2026\/02\/08\/ligacoes-a-jeffrey-epstein-levam-a-queda-de-jack-lang\/#breadcrumb\"},\"inLanguage\":\"pt-PT\",\"potentialAction\":[{\"@type\":\"ReadAction\",\"target\":[\"https:\/\/portaltela.pt\/noticias\/2026\/02\/08\/ligacoes-a-jeffrey-epstein-levam-a-queda-de-jack-lang\/\"]}]},{\"@type\":\"ImageObject\",\"inLanguage\":\"pt-PT\",\"@id\":\"https:\/\/portaltela.pt\/noticias\/2026\/02\/08\/ligacoes-a-jeffrey-epstein-levam-a-queda-de-jack-lang\/#primaryimage\",\"url\":\"https:\/\/portaltela.pt\/s.01k8rhncp4jt1\/2026\/02\/2065589.jpg\",\"contentUrl\":\"https:\/\/portaltela.pt\/s.01k8rhncp4jt1\/2026\/02\/2065589.jpg\",\"width\":796,\"height\":448,\"caption\":\"Jack Lang foi duas vezes ministro da Cultura franc\u00eas, tamb\u00e9m ministro da Educa\u00e7\u00e3o\"},{\"@type\":\"BreadcrumbList\",\"@id\":\"https:\/\/portaltela.pt\/noticias\/2026\/02\/08\/ligacoes-a-jeffrey-epstein-levam-a-queda-de-jack-lang\/#breadcrumb\",\"itemListElement\":[{\"@type\":\"ListItem\",\"position\":1,\"name\":\"In\u00edcio\",\"item\":\"https:\/\/portaltela.pt\/\"},{\"@type\":\"ListItem\",\"position\":2,\"name\":\"Liga\u00e7\u00f5es a Jeffrey Epstein levam \u00e0 queda de Jack Lang\"}]},{\"@type\":\"WebSite\",\"@id\":\"https:\/\/portaltela.pt\/#website\",\"url\":\"https:\/\/portaltela.pt\/\",\"name\":\"Portal Tela Portugal\",\"description\":\"\",\"potentialAction\":[{\"@type\":\"SearchAction\",\"target\":{\"@type\":\"EntryPoint\",\"urlTemplate\":\"https:\/\/portaltela.pt\/?s={search_term_string}\"},\"query-input\":{\"@type\":\"PropertyValueSpecification\",\"valueRequired\":true,\"valueName\":\"search_term_string\"}}],\"inLanguage\":\"pt-PT\"},{\"@type\":\"Person\",\"@id\":\"https:\/\/portaltela.pt\/#\/schema\/person\/c4278d4a6028830caff9ee44b42d32ed\",\"name\":\"Telinha\",\"image\":{\"@type\":\"ImageObject\",\"inLanguage\":\"pt-PT\",\"@id\":\"https:\/\/portaltela.pt\/s.01k8rhncp4jt1\/2025\/11\/talking-bot-125x125.png\",\"url\":\"https:\/\/portaltela.pt\/s.01k8rhncp4jt1\/2025\/11\/talking-bot-125x125.png\",\"contentUrl\":\"https:\/\/portaltela.pt\/s.01k8rhncp4jt1\/2025\/11\/talking-bot-125x125.png\",\"caption\":\"Telinha\"},\"sameAs\":[\"https:\/\/portaltela.pt\/\"],\"url\":\"https:\/\/portaltela.pt\/por\/367410592786\/\"}]}<\/script>\n<!-- \/ Yoast SEO plugin. -->","yoast_head_json":{"title":"Liga\u00e7\u00f5es a Jeffrey Epstein levam \u00e0 queda de Jack Lang - Portal Tela Portugal","robots":{"index":"index","follow":"follow","max-snippet":"max-snippet:-1","max-image-preview":"max-image-preview:large","max-video-preview":"max-video-preview:-1"},"og_locale":"pt_PT","og_type":"article","og_title":"Liga\u00e7\u00f5es a Jeffrey Epstein levam \u00e0 queda de Jack Lang - Portal Tela Portugal","og_description":"O ex-ministro da Cultura franc\u00eas Jack Lang demitiu-se da presid\u00eancia do Instituto do Mundo \u00c1rabe. A decis\u00e3o foi anunciada ao fim da tarde de s\u00e1bado, numa carta dirigida ao ministro dos Neg\u00f3cios Estrangeiros, Jean-No\u00ebl Barrot. A ren\u00fancia acontece num context de liga\u00e7\u00f5es a Jeffrey Epstein e de uma audi\u00e7\u00e3o prevista com Barrot, este domingo. Lang afirmou a sua inoc\u00eancia e disse que a sa\u00edda visa preservar a institui\u00e7\u00e3o e o seu trabalho exemplar. Lang dirigia o Instituto do Mundo \u00c1rabe desde 2013 e era uma figura de relevo na pol\u00edtica francesa nas \u00faltimas quatro d\u00e9cadas.","og_url":"https:\/\/portaltela.pt\/noticias\/2026\/02\/08\/ligacoes-a-jeffrey-epstein-levam-a-queda-de-jack-lang\/","og_site_name":"Portal Tela Portugal","article_published_time":"2026-02-08T16:00:00+00:00","author":"Telinha","twitter_card":"summary_large_image","twitter_misc":{"Escrito por":"Telinha","Tempo estimado de leitura":"1 minuto"},"schema":{"@context":"https:\/\/schema.org","@graph":[{"@type":"Article","@id":"https:\/\/portaltela.pt\/noticias\/2026\/02\/08\/ligacoes-a-jeffrey-epstein-levam-a-queda-de-jack-lang\/#article","isPartOf":{"@id":"https:\/\/portaltela.pt\/noticias\/2026\/02\/08\/ligacoes-a-jeffrey-epstein-levam-a-queda-de-jack-lang\/"},"author":{"name":"Telinha","@id":"https:\/\/portaltela.pt\/#\/schema\/person\/c4278d4a6028830caff9ee44b42d32ed"},"headline":"Liga\u00e7\u00f5es a Jeffrey Epstein levam \u00e0 queda de Jack Lang","datePublished":"2026-02-08T16:00:00+00:00","mainEntityOfPage":{"@id":"https:\/\/portaltela.pt\/noticias\/2026\/02\/08\/ligacoes-a-jeffrey-epstein-levam-a-queda-de-jack-lang\/"},"wordCount":240,"image":{"@id":"https:\/\/portaltela.pt\/noticias\/2026\/02\/08\/ligacoes-a-jeffrey-epstein-levam-a-queda-de-jack-lang\/#primaryimage"},"thumbnailUrl":"https:\/\/portaltela.pt\/s.01k8rhncp4jt1\/2026\/02\/2065589.jpg","keywords":["corrup\u00e7\u00e3o","Fran\u00e7a","governo","integridade p\u00fablica","investiga\u00e7\u00e3o internacional","pol\u00edtica"],"articleSection":["Not\u00edcias"],"inLanguage":"pt-PT"},{"@type":"WebPage","@id":"https:\/\/portaltela.pt\/noticias\/2026\/02\/08\/ligacoes-a-jeffrey-epstein-levam-a-queda-de-jack-lang\/","url":"https:\/\/portaltela.pt\/noticias\/2026\/02\/08\/ligacoes-a-jeffrey-epstein-levam-a-queda-de-jack-lang\/","name":"Liga\u00e7\u00f5es a Jeffrey Epstein levam \u00e0 queda de Jack Lang - Portal Tela Portugal","isPartOf":{"@id":"https:\/\/portaltela.pt\/#website"},"primaryImageOfPage":{"@id":"https:\/\/portaltela.pt\/noticias\/2026\/02\/08\/ligacoes-a-jeffrey-epstein-levam-a-queda-de-jack-lang\/#primaryimage"},"image":{"@id":"https:\/\/portaltela.pt\/noticias\/2026\/02\/08\/ligacoes-a-jeffrey-epstein-levam-a-queda-de-jack-lang\/#primaryimage"},"thumbnailUrl":"https:\/\/portaltela.pt\/s.01k8rhncp4jt1\/2026\/02\/2065589.jpg","datePublished":"2026-02-08T16:00:00+00:00","author":{"@id":"https:\/\/portaltela.pt\/#\/schema\/person\/c4278d4a6028830caff9ee44b42d32ed"},"breadcrumb":{"@id":"https:\/\/portaltela.pt\/noticias\/2026\/02\/08\/ligacoes-a-jeffrey-epstein-levam-a-queda-de-jack-lang\/#breadcrumb"},"inLanguage":"pt-PT","potentialAction":[{"@type":"ReadAction","target":["https:\/\/portaltela.pt\/noticias\/2026\/02\/08\/ligacoes-a-jeffrey-epstein-levam-a-queda-de-jack-lang\/"]}]},{"@type":"ImageObject","inLanguage":"pt-PT","@id":"https:\/\/portaltela.pt\/noticias\/2026\/02\/08\/ligacoes-a-jeffrey-epstein-levam-a-queda-de-jack-lang\/#primaryimage","url":"https:\/\/portaltela.pt\/s.01k8rhncp4jt1\/2026\/02\/2065589.jpg","contentUrl":"https:\/\/portaltela.pt\/s.01k8rhncp4jt1\/2026\/02\/2065589.jpg","width":796,"height":448,"caption":"Jack Lang foi duas vezes ministro da Cultura franc\u00eas, tamb\u00e9m ministro da Educa\u00e7\u00e3o"},{"@type":"BreadcrumbList","@id":"https:\/\/portaltela.pt\/noticias\/2026\/02\/08\/ligacoes-a-jeffrey-epstein-levam-a-queda-de-jack-lang\/#breadcrumb","itemListElement":[{"@type":"ListItem","position":1,"name":"In\u00edcio","item":"https:\/\/portaltela.pt\/"},{"@type":"ListItem","position":2,"name":"Liga\u00e7\u00f5es a Jeffrey Epstein levam \u00e0 queda de Jack Lang"}]},{"@type":"WebSite","@id":"https:\/\/portaltela.pt\/#website","url":"https:\/\/portaltela.pt\/","name":"Portal Tela Portugal","description":"","potentialAction":[{"@type":"SearchAction","target":{"@type":"EntryPoint","urlTemplate":"https:\/\/portaltela.pt\/?s={search_term_string}"},"query-input":{"@type":"PropertyValueSpecification","valueRequired":true,"valueName":"search_term_string"}}],"inLanguage":"pt-PT"},{"@type":"Person","@id":"https:\/\/portaltela.pt\/#\/schema\/person\/c4278d4a6028830caff9ee44b42d32ed","name":"Telinha","image":{"@type":"ImageObject","inLanguage":"pt-PT","@id":"https:\/\/portaltela.pt\/s.01k8rhncp4jt1\/2025\/11\/talking-bot-125x125.png","url":"https:\/\/portaltela.pt\/s.01k8rhncp4jt1\/2025\/11\/talking-bot-125x125.png","contentUrl":"https:\/\/portaltela.pt\/s.01k8rhncp4jt1\/2025\/11\/talking-bot-125x125.png","caption":"Telinha"},"sameAs":["https:\/\/portaltela.pt\/"],"url":"https:\/\/portaltela.pt\/por\/367410592786\/"}]}},"_links":{"self":[{"href":"https:\/\/portaltela.pt\/api\/wp\/v2\/posts\/204175","targetHints":{"allow":["GET"]}}],"collection":[{"href":"https:\/\/portaltela.pt\/api\/wp\/v2\/posts"}],"about":[{"href":"https:\/\/portaltela.pt\/api\/wp\/v2\/types\/post"}],"author":[{"embeddable":true,"href":"https:\/\/portaltela.pt\/api\/wp\/v2\/users\/2"}],"replies":[{"embeddable":true,"href":"https:\/\/portaltela.pt\/api\/wp\/v2\/comments?post=204175"}],"version-history":[{"count":0,"href":"https:\/\/portaltela.pt\/api\/wp\/v2\/posts\/204175\/revisions"}],"wp:featuredmedia":[{"embeddable":true,"href":"https:\/\/portaltela.pt\/api\/wp\/v2\/media\/204178"}],"wp:attachment":[{"href":"https:\/\/portaltela.pt\/api\/wp\/v2\/media?parent=204175"}],"wp:term":[{"taxonomy":"category","embeddable":true,"href":"https:\/\/portaltela.pt\/api\/wp\/v2\/categories?post=204175"},{"taxonomy":"post_tag","embeddable":true,"href":"https:\/\/portaltela.pt\/api\/wp\/v2\/tags?post=204175"}],"curies":[{"name":"wp","href":"https:\/\/api.w.org\/{rel}","templated":true}]}}