{"id":204153,"date":"2026-02-08T12:52:43","date_gmt":"2026-02-08T15:52:43","guid":{"rendered":"https:\/\/portaltela.pt\/noticias\/2026\/02\/08\/tribunal-iraniano-condena-narges-mohammadi-a-mais-sete-anos-e-meio-de-prisao-2\/"},"modified":"2026-02-08T12:52:43","modified_gmt":"2026-02-08T15:52:43","slug":"tribunal-iraniano-condena-narges-mohammadi-a-mais-sete-anos-e-meio-de-prisao-2","status":"publish","type":"post","link":"https:\/\/portaltela.pt\/noticias\/internacional\/2026\/02\/08\/tribunal-iraniano-condena-narges-mohammadi-a-mais-sete-anos-e-meio-de-prisao-2\/","title":{"rendered":"Tribunal iraniano condena Narges Mohammadi a mais sete anos e meio de pris\u00e3o"},"content":{"rendered":"<p>Um tribunal iraniano condenou a vencedora do Pr\u00e9mio Nobel da Paz Narges Mohammadi a uma pena total de sete anos e meio de pris\u00e3o. A decis\u00e3o enquadra-se nas acusa\u00e7\u00f5es de conspira\u00e7\u00e3o e propaganda contra o regime.<\/p>\n<p>A pena inclui seis anos de pris\u00e3o por conspira\u00e7\u00e3o e conluio, um ano e meio por atividades de propaganda e, como pena acess\u00f3ria, uma proibi\u00e7\u00e3o de viajar durante dois anos. Mohammadi \u00e9 a oitava pessoa a ser condenada no caso, e regressou \u00e0 pris\u00e3o em dezembro.<\/p>\n<p>A ativista, laureada em 2023, iniciou uma greve de fome h\u00e1 uma semana, reivindicando o direito a telefonemas, ao acesso a advogados no Ir\u00e3o e a visitas. A \u00faltima chamada telef\u00f3nica com a fam\u00edlia ocorreu a 14 de dezembro, segundo a sua advogada.<\/p>\n<h3>Contexto recente<\/h3>\n<p>Em janeiro, Mohammadi denunciou uma opera\u00e7\u00e3o de press\u00e3o por parte das autoridades de Teer\u00e3o na casa do irm\u00e3o, na cidade de Mashhad. A advogada Chirinne Ardakani indicou, a partir de Paris, que a den\u00fancia foi apresentada pela defesa da jornalista.<\/p>\n","protected":false},"excerpt":{"rendered":"<ul>\n<li>Um tribunal iraniano condenou Narges Mohammadi, vencedora do Pr\u00e9mio Nobel da Paz em 2023, a sete anos de pris\u00e3o, na designada oitava senten\u00e7a contra a jornalista.<\/li>\n<li>A pena envolve seis anos por conspira\u00e7\u00e3o e conluio, mais um ano e meio por atividades de propaganda, al\u00e9m de uma proibi\u00e7\u00e3o de viajar durante dois anos.<\/li>\n<li>Mohammadi regressou \u00e0 pris\u00e3o em dezembro e iniciou uma greve de fome h\u00e1 cerca de uma semana, exigindo direito a telefonemas, acesso a advogados e visitas.<\/li>\n<li>A \u00faltima chamada telef\u00f3nica \u00e0 fam\u00edlia ocorreu a 14 de dezembro; a advogada afirmou que a greve foi informada por um prisioneiro recentemente libertado.<\/li>\n<li>Em janeiro, Mohammadi denunciou press\u00e3o das autoridades iranianas na casa do irm\u00e3o, na cidade de Mashhad.<\/li>\n<\/ul>\n","protected":false},"author":2,"featured_media":204154,"comment_status":"closed","ping_status":"closed","sticky":false,"template":"","format":"standard","meta":{"footnotes":""},"categories":[4,1],"tags":[5480,2560,2633,3153,5146,4343],"class_list":["post-204153","post","type-post","status-publish","format-standard","has-post-thumbnail","hentry","category-internacional","category-noticias","tag-condenacoes","tag-conspiracao-internacional","tag-direitos-humanos","tag-ira","tag-pessoas-internacionais","tag-prisoes"],"yoast_head":"<!-- This site is optimized with the Yoast SEO plugin v27.2 - https:\/\/yoast.com\/product\/yoast-seo-wordpress\/ -->\n<title>Tribunal iraniano condena Narges Mohammadi a mais sete anos e meio de pris\u00e3o - Portal Tela Portugal<\/title>\n<meta name=\"robots\" content=\"index, follow, max-snippet:-1, max-image-preview:large, max-video-preview:-1\" \/>\n<meta property=\"og:locale\" content=\"pt_PT\" \/>\n<meta property=\"og:type\" content=\"article\" \/>\n<meta property=\"og:title\" content=\"Tribunal iraniano condena Narges Mohammadi a mais sete anos e meio de pris\u00e3o - Portal Tela Portugal\" \/>\n<meta property=\"og:description\" content=\"Um tribunal iraniano condenou Narges Mohammadi, vencedora do Pr\u00e9mio Nobel da Paz em 2023, a sete anos de pris\u00e3o, na designada oitava senten\u00e7a contra a jornalista. A pena envolve seis anos por conspira\u00e7\u00e3o e conluio, mais um ano e meio por atividades de propaganda, al\u00e9m de uma proibi\u00e7\u00e3o de viajar durante dois anos. Mohammadi regressou \u00e0 pris\u00e3o em dezembro e iniciou uma greve de fome h\u00e1 cerca de uma semana, exigindo direito a telefonemas, acesso a advogados e visitas. A \u00faltima chamada telef\u00f3nica \u00e0 fam\u00edlia ocorreu a 14 de dezembro; a advogada afirmou que a greve foi informada por um prisioneiro recentemente libertado. Em janeiro, Mohammadi denunciou press\u00e3o das autoridades iranianas na casa do irm\u00e3o, na cidade de Mashhad.\" \/>\n<meta property=\"og:url\" content=\"https:\/\/portaltela.pt\/noticias\/2026\/02\/08\/tribunal-iraniano-condena-narges-mohammadi-a-mais-sete-anos-e-meio-de-prisao-2\/\" \/>\n<meta property=\"og:site_name\" content=\"Portal Tela Portugal\" \/>\n<meta property=\"article:published_time\" content=\"2026-02-08T15:52:43+00:00\" \/>\n<meta name=\"author\" content=\"Telinha\" \/>\n<meta name=\"twitter:card\" content=\"summary_large_image\" \/>\n<meta name=\"twitter:label1\" content=\"Escrito por\" \/>\n\t<meta name=\"twitter:data1\" content=\"Telinha\" \/>\n\t<meta name=\"twitter:label2\" content=\"Tempo estimado de leitura\" \/>\n\t<meta name=\"twitter:data2\" content=\"1 minuto\" \/>\n<script type=\"application\/ld+json\" class=\"yoast-schema-graph\">{\"@context\":\"https:\/\/schema.org\",\"@graph\":[{\"@type\":\"Article\",\"@id\":\"https:\/\/portaltela.pt\/noticias\/2026\/02\/08\/tribunal-iraniano-condena-narges-mohammadi-a-mais-sete-anos-e-meio-de-prisao-2\/#article\",\"isPartOf\":{\"@id\":\"https:\/\/portaltela.pt\/noticias\/2026\/02\/08\/tribunal-iraniano-condena-narges-mohammadi-a-mais-sete-anos-e-meio-de-prisao-2\/\"},\"author\":{\"name\":\"Telinha\",\"@id\":\"https:\/\/portaltela.pt\/#\/schema\/person\/c4278d4a6028830caff9ee44b42d32ed\"},\"headline\":\"Tribunal iraniano condena Narges Mohammadi a mais sete anos e meio de pris\u00e3o\",\"datePublished\":\"2026-02-08T15:52:43+00:00\",\"mainEntityOfPage\":{\"@id\":\"https:\/\/portaltela.pt\/noticias\/2026\/02\/08\/tribunal-iraniano-condena-narges-mohammadi-a-mais-sete-anos-e-meio-de-prisao-2\/\"},\"wordCount\":195,\"image\":{\"@id\":\"https:\/\/portaltela.pt\/noticias\/2026\/02\/08\/tribunal-iraniano-condena-narges-mohammadi-a-mais-sete-anos-e-meio-de-prisao-2\/#primaryimage\"},\"thumbnailUrl\":\"https:\/\/portaltela.pt\/s.01k8rhncp4jt1\/2026\/02\/img_1500x1000uu2025-12-12-14-24-45-2254069.jpg\",\"keywords\":[\"condena\u00e7\u00f5es\",\"conspira\u00e7\u00e3o internacional\",\"direitos humanos\",\"Ir\u00e3\",\"pessoas internacionais\",\"pris\u00f5es\"],\"articleSection\":[\"Internacional\",\"Not\u00edcias\"],\"inLanguage\":\"pt-PT\"},{\"@type\":\"WebPage\",\"@id\":\"https:\/\/portaltela.pt\/noticias\/2026\/02\/08\/tribunal-iraniano-condena-narges-mohammadi-a-mais-sete-anos-e-meio-de-prisao-2\/\",\"url\":\"https:\/\/portaltela.pt\/noticias\/2026\/02\/08\/tribunal-iraniano-condena-narges-mohammadi-a-mais-sete-anos-e-meio-de-prisao-2\/\",\"name\":\"Tribunal iraniano condena Narges Mohammadi a mais sete anos e meio de pris\u00e3o - Portal Tela Portugal\",\"isPartOf\":{\"@id\":\"https:\/\/portaltela.pt\/#website\"},\"primaryImageOfPage\":{\"@id\":\"https:\/\/portaltela.pt\/noticias\/2026\/02\/08\/tribunal-iraniano-condena-narges-mohammadi-a-mais-sete-anos-e-meio-de-prisao-2\/#primaryimage\"},\"image\":{\"@id\":\"https:\/\/portaltela.pt\/noticias\/2026\/02\/08\/tribunal-iraniano-condena-narges-mohammadi-a-mais-sete-anos-e-meio-de-prisao-2\/#primaryimage\"},\"thumbnailUrl\":\"https:\/\/portaltela.pt\/s.01k8rhncp4jt1\/2026\/02\/img_1500x1000uu2025-12-12-14-24-45-2254069.jpg\",\"datePublished\":\"2026-02-08T15:52:43+00:00\",\"author\":{\"@id\":\"https:\/\/portaltela.pt\/#\/schema\/person\/c4278d4a6028830caff9ee44b42d32ed\"},\"breadcrumb\":{\"@id\":\"https:\/\/portaltela.pt\/noticias\/2026\/02\/08\/tribunal-iraniano-condena-narges-mohammadi-a-mais-sete-anos-e-meio-de-prisao-2\/#breadcrumb\"},\"inLanguage\":\"pt-PT\",\"potentialAction\":[{\"@type\":\"ReadAction\",\"target\":[\"https:\/\/portaltela.pt\/noticias\/2026\/02\/08\/tribunal-iraniano-condena-narges-mohammadi-a-mais-sete-anos-e-meio-de-prisao-2\/\"]}]},{\"@type\":\"ImageObject\",\"inLanguage\":\"pt-PT\",\"@id\":\"https:\/\/portaltela.pt\/noticias\/2026\/02\/08\/tribunal-iraniano-condena-narges-mohammadi-a-mais-sete-anos-e-meio-de-prisao-2\/#primaryimage\",\"url\":\"https:\/\/portaltela.pt\/s.01k8rhncp4jt1\/2026\/02\/img_1500x1000uu2025-12-12-14-24-45-2254069.jpg\",\"contentUrl\":\"https:\/\/portaltela.pt\/s.01k8rhncp4jt1\/2026\/02\/img_1500x1000uu2025-12-12-14-24-45-2254069.jpg\",\"width\":796,\"height\":448,\"caption\":\"Narges Mohammadi, Nobel da Paz, est\u00e1 detida no Ir\u00e3o\"},{\"@type\":\"BreadcrumbList\",\"@id\":\"https:\/\/portaltela.pt\/noticias\/2026\/02\/08\/tribunal-iraniano-condena-narges-mohammadi-a-mais-sete-anos-e-meio-de-prisao-2\/#breadcrumb\",\"itemListElement\":[{\"@type\":\"ListItem\",\"position\":1,\"name\":\"In\u00edcio\",\"item\":\"https:\/\/portaltela.pt\/\"},{\"@type\":\"ListItem\",\"position\":2,\"name\":\"Tribunal iraniano condena Narges Mohammadi a mais sete anos e meio de pris\u00e3o\"}]},{\"@type\":\"WebSite\",\"@id\":\"https:\/\/portaltela.pt\/#website\",\"url\":\"https:\/\/portaltela.pt\/\",\"name\":\"Portal Tela Portugal\",\"description\":\"\",\"potentialAction\":[{\"@type\":\"SearchAction\",\"target\":{\"@type\":\"EntryPoint\",\"urlTemplate\":\"https:\/\/portaltela.pt\/?s={search_term_string}\"},\"query-input\":{\"@type\":\"PropertyValueSpecification\",\"valueRequired\":true,\"valueName\":\"search_term_string\"}}],\"inLanguage\":\"pt-PT\"},{\"@type\":\"Person\",\"@id\":\"https:\/\/portaltela.pt\/#\/schema\/person\/c4278d4a6028830caff9ee44b42d32ed\",\"name\":\"Telinha\",\"image\":{\"@type\":\"ImageObject\",\"inLanguage\":\"pt-PT\",\"@id\":\"https:\/\/portaltela.pt\/s.01k8rhncp4jt1\/2025\/11\/talking-bot-125x125.png\",\"url\":\"https:\/\/portaltela.pt\/s.01k8rhncp4jt1\/2025\/11\/talking-bot-125x125.png\",\"contentUrl\":\"https:\/\/portaltela.pt\/s.01k8rhncp4jt1\/2025\/11\/talking-bot-125x125.png\",\"caption\":\"Telinha\"},\"sameAs\":[\"https:\/\/portaltela.pt\/\"],\"url\":\"https:\/\/portaltela.pt\/por\/367410592786\/\"}]}<\/script>\n<!-- \/ Yoast SEO plugin. -->","yoast_head_json":{"title":"Tribunal iraniano condena Narges Mohammadi a mais sete anos e meio de pris\u00e3o - Portal Tela Portugal","robots":{"index":"index","follow":"follow","max-snippet":"max-snippet:-1","max-image-preview":"max-image-preview:large","max-video-preview":"max-video-preview:-1"},"og_locale":"pt_PT","og_type":"article","og_title":"Tribunal iraniano condena Narges Mohammadi a mais sete anos e meio de pris\u00e3o - Portal Tela Portugal","og_description":"Um tribunal iraniano condenou Narges Mohammadi, vencedora do Pr\u00e9mio Nobel da Paz em 2023, a sete anos de pris\u00e3o, na designada oitava senten\u00e7a contra a jornalista. A pena envolve seis anos por conspira\u00e7\u00e3o e conluio, mais um ano e meio por atividades de propaganda, al\u00e9m de uma proibi\u00e7\u00e3o de viajar durante dois anos. Mohammadi regressou \u00e0 pris\u00e3o em dezembro e iniciou uma greve de fome h\u00e1 cerca de uma semana, exigindo direito a telefonemas, acesso a advogados e visitas. A \u00faltima chamada telef\u00f3nica \u00e0 fam\u00edlia ocorreu a 14 de dezembro; a advogada afirmou que a greve foi informada por um prisioneiro recentemente libertado. Em janeiro, Mohammadi denunciou press\u00e3o das autoridades iranianas na casa do irm\u00e3o, na cidade de Mashhad.","og_url":"https:\/\/portaltela.pt\/noticias\/2026\/02\/08\/tribunal-iraniano-condena-narges-mohammadi-a-mais-sete-anos-e-meio-de-prisao-2\/","og_site_name":"Portal Tela Portugal","article_published_time":"2026-02-08T15:52:43+00:00","author":"Telinha","twitter_card":"summary_large_image","twitter_misc":{"Escrito por":"Telinha","Tempo estimado de leitura":"1 minuto"},"schema":{"@context":"https:\/\/schema.org","@graph":[{"@type":"Article","@id":"https:\/\/portaltela.pt\/noticias\/2026\/02\/08\/tribunal-iraniano-condena-narges-mohammadi-a-mais-sete-anos-e-meio-de-prisao-2\/#article","isPartOf":{"@id":"https:\/\/portaltela.pt\/noticias\/2026\/02\/08\/tribunal-iraniano-condena-narges-mohammadi-a-mais-sete-anos-e-meio-de-prisao-2\/"},"author":{"name":"Telinha","@id":"https:\/\/portaltela.pt\/#\/schema\/person\/c4278d4a6028830caff9ee44b42d32ed"},"headline":"Tribunal iraniano condena Narges Mohammadi a mais sete anos e meio de pris\u00e3o","datePublished":"2026-02-08T15:52:43+00:00","mainEntityOfPage":{"@id":"https:\/\/portaltela.pt\/noticias\/2026\/02\/08\/tribunal-iraniano-condena-narges-mohammadi-a-mais-sete-anos-e-meio-de-prisao-2\/"},"wordCount":195,"image":{"@id":"https:\/\/portaltela.pt\/noticias\/2026\/02\/08\/tribunal-iraniano-condena-narges-mohammadi-a-mais-sete-anos-e-meio-de-prisao-2\/#primaryimage"},"thumbnailUrl":"https:\/\/portaltela.pt\/s.01k8rhncp4jt1\/2026\/02\/img_1500x1000uu2025-12-12-14-24-45-2254069.jpg","keywords":["condena\u00e7\u00f5es","conspira\u00e7\u00e3o internacional","direitos humanos","Ir\u00e3","pessoas internacionais","pris\u00f5es"],"articleSection":["Internacional","Not\u00edcias"],"inLanguage":"pt-PT"},{"@type":"WebPage","@id":"https:\/\/portaltela.pt\/noticias\/2026\/02\/08\/tribunal-iraniano-condena-narges-mohammadi-a-mais-sete-anos-e-meio-de-prisao-2\/","url":"https:\/\/portaltela.pt\/noticias\/2026\/02\/08\/tribunal-iraniano-condena-narges-mohammadi-a-mais-sete-anos-e-meio-de-prisao-2\/","name":"Tribunal iraniano condena Narges Mohammadi a mais sete anos e meio de pris\u00e3o - Portal Tela Portugal","isPartOf":{"@id":"https:\/\/portaltela.pt\/#website"},"primaryImageOfPage":{"@id":"https:\/\/portaltela.pt\/noticias\/2026\/02\/08\/tribunal-iraniano-condena-narges-mohammadi-a-mais-sete-anos-e-meio-de-prisao-2\/#primaryimage"},"image":{"@id":"https:\/\/portaltela.pt\/noticias\/2026\/02\/08\/tribunal-iraniano-condena-narges-mohammadi-a-mais-sete-anos-e-meio-de-prisao-2\/#primaryimage"},"thumbnailUrl":"https:\/\/portaltela.pt\/s.01k8rhncp4jt1\/2026\/02\/img_1500x1000uu2025-12-12-14-24-45-2254069.jpg","datePublished":"2026-02-08T15:52:43+00:00","author":{"@id":"https:\/\/portaltela.pt\/#\/schema\/person\/c4278d4a6028830caff9ee44b42d32ed"},"breadcrumb":{"@id":"https:\/\/portaltela.pt\/noticias\/2026\/02\/08\/tribunal-iraniano-condena-narges-mohammadi-a-mais-sete-anos-e-meio-de-prisao-2\/#breadcrumb"},"inLanguage":"pt-PT","potentialAction":[{"@type":"ReadAction","target":["https:\/\/portaltela.pt\/noticias\/2026\/02\/08\/tribunal-iraniano-condena-narges-mohammadi-a-mais-sete-anos-e-meio-de-prisao-2\/"]}]},{"@type":"ImageObject","inLanguage":"pt-PT","@id":"https:\/\/portaltela.pt\/noticias\/2026\/02\/08\/tribunal-iraniano-condena-narges-mohammadi-a-mais-sete-anos-e-meio-de-prisao-2\/#primaryimage","url":"https:\/\/portaltela.pt\/s.01k8rhncp4jt1\/2026\/02\/img_1500x1000uu2025-12-12-14-24-45-2254069.jpg","contentUrl":"https:\/\/portaltela.pt\/s.01k8rhncp4jt1\/2026\/02\/img_1500x1000uu2025-12-12-14-24-45-2254069.jpg","width":796,"height":448,"caption":"Narges Mohammadi, Nobel da Paz, est\u00e1 detida no Ir\u00e3o"},{"@type":"BreadcrumbList","@id":"https:\/\/portaltela.pt\/noticias\/2026\/02\/08\/tribunal-iraniano-condena-narges-mohammadi-a-mais-sete-anos-e-meio-de-prisao-2\/#breadcrumb","itemListElement":[{"@type":"ListItem","position":1,"name":"In\u00edcio","item":"https:\/\/portaltela.pt\/"},{"@type":"ListItem","position":2,"name":"Tribunal iraniano condena Narges Mohammadi a mais sete anos e meio de pris\u00e3o"}]},{"@type":"WebSite","@id":"https:\/\/portaltela.pt\/#website","url":"https:\/\/portaltela.pt\/","name":"Portal Tela Portugal","description":"","potentialAction":[{"@type":"SearchAction","target":{"@type":"EntryPoint","urlTemplate":"https:\/\/portaltela.pt\/?s={search_term_string}"},"query-input":{"@type":"PropertyValueSpecification","valueRequired":true,"valueName":"search_term_string"}}],"inLanguage":"pt-PT"},{"@type":"Person","@id":"https:\/\/portaltela.pt\/#\/schema\/person\/c4278d4a6028830caff9ee44b42d32ed","name":"Telinha","image":{"@type":"ImageObject","inLanguage":"pt-PT","@id":"https:\/\/portaltela.pt\/s.01k8rhncp4jt1\/2025\/11\/talking-bot-125x125.png","url":"https:\/\/portaltela.pt\/s.01k8rhncp4jt1\/2025\/11\/talking-bot-125x125.png","contentUrl":"https:\/\/portaltela.pt\/s.01k8rhncp4jt1\/2025\/11\/talking-bot-125x125.png","caption":"Telinha"},"sameAs":["https:\/\/portaltela.pt\/"],"url":"https:\/\/portaltela.pt\/por\/367410592786\/"}]}},"_links":{"self":[{"href":"https:\/\/portaltela.pt\/api\/wp\/v2\/posts\/204153","targetHints":{"allow":["GET"]}}],"collection":[{"href":"https:\/\/portaltela.pt\/api\/wp\/v2\/posts"}],"about":[{"href":"https:\/\/portaltela.pt\/api\/wp\/v2\/types\/post"}],"author":[{"embeddable":true,"href":"https:\/\/portaltela.pt\/api\/wp\/v2\/users\/2"}],"replies":[{"embeddable":true,"href":"https:\/\/portaltela.pt\/api\/wp\/v2\/comments?post=204153"}],"version-history":[{"count":0,"href":"https:\/\/portaltela.pt\/api\/wp\/v2\/posts\/204153\/revisions"}],"wp:featuredmedia":[{"embeddable":true,"href":"https:\/\/portaltela.pt\/api\/wp\/v2\/media\/204154"}],"wp:attachment":[{"href":"https:\/\/portaltela.pt\/api\/wp\/v2\/media?parent=204153"}],"wp:term":[{"taxonomy":"category","embeddable":true,"href":"https:\/\/portaltela.pt\/api\/wp\/v2\/categories?post=204153"},{"taxonomy":"post_tag","embeddable":true,"href":"https:\/\/portaltela.pt\/api\/wp\/v2\/tags?post=204153"}],"curies":[{"name":"wp","href":"https:\/\/api.w.org\/{rel}","templated":true}]}}