{"id":204152,"date":"2026-02-08T12:53:30","date_gmt":"2026-02-08T15:53:30","guid":{"rendered":"https:\/\/portaltela.pt\/noticias\/2026\/02\/08\/detido-por-violencia-domestica-apos-tres-meses-de-relacao\/"},"modified":"2026-02-08T12:53:30","modified_gmt":"2026-02-08T15:53:30","slug":"detido-por-violencia-domestica-apos-tres-meses-de-relacao","status":"publish","type":"post","link":"https:\/\/portaltela.pt\/noticias\/2026\/02\/08\/detido-por-violencia-domestica-apos-tres-meses-de-relacao\/","title":{"rendered":"Detido por viol\u00eancia dom\u00e9stica ap\u00f3s tr\u00eas meses de rela\u00e7\u00e3o"},"content":{"rendered":"<p>Oeste: Detido por viol\u00eancia dom\u00e9stica ap\u00f3s tr\u00eas meses de rela\u00e7\u00e3o. Um homem de 32 anos foi detido por desrespeito a uma ordem de afastamento e por novas amea\u00e7as \u00e0 ex-namorada. O incidente ocorreu na quinta-feira, em Oeiras, ap\u00f3s a v\u00edtima apresentar nova queixa envolvendo viol\u00eancia dom\u00e9stica.<\/p>\n<p>Segundo a PSP, a rela\u00e7\u00e3o durou cerca de tr\u00eas meses, per\u00edodo em que o suspeito exibiu comportamentos possessivos e controladores, com restri\u00e7\u00f5es \u00e0s sa\u00eddas da jovem e tentativas de condicionamento da sua apar\u00eancia. Ap\u00f3s o t\u00e9rmino, o indiv\u00edduo passou a contactar repetidamente a v\u00edtima por chamadas, desloca\u00e7\u00f5es \u00e0 sua resid\u00eancia, envio de cartas e uso de redes sociais.<\/p>\n<p>A investiga\u00e7\u00e3o indica que o suspeito j\u00e1 estava referenciado por comportamentos semelhantes e j\u00e1 tinha sido constitu\u00eddo arguido, estando sujeito a Termo de Identidade e Resid\u00eancia. Mesmo assim, voltou a amea\u00e7ar a v\u00edtima em espa\u00e7o p\u00fablico, com testemunhas presentes. O detido foi libertado pelo tribunal sob a medida de proibi\u00e7\u00e3o de contacto com a v\u00edtima.<\/p>\n<h3>Detalhes da ocorr\u00eancia<\/h3>\n<p>A PSP explicou que, ap\u00f3s saber da nova queixa, o suspeito voltou a abordar a ex-namorada, demonstrando incapacidade de aceitar a ruptura. O caso permanece em investiga\u00e7\u00e3o, com a medida de afastamento a vigorar durante o processo. A autoridade refor\u00e7a a necessidade de denunciar situa\u00e7\u00f5es de viol\u00eancia dom\u00e9stica para prote\u00e7\u00e3o das v\u00edtimas.<\/p>\n","protected":false},"excerpt":{"rendered":"<ul>\n<li>Um homem de 32 anos foi detido pela Pol\u00edcia de Seguran\u00e7a P\u00fablica (PSP) de Oeiras por desrespeitar uma ordem judicial de afastamento da v\u00edtima, ap\u00f3s a ex-namorada ter apresentado queixa por viol\u00eancia dom\u00e9stica.<\/li>\n<li>Ao saber da nova queixa, o suspeito voltou a abordar a v\u00edtima e a amea\u00e7\u00e1-la, proferindo a frase: \u201cVais pagar caro\u201d.<\/li>\n<li>A PSP indica que a rela\u00e7\u00e3o, de cerca de tr\u00eas meses, foi marcada por comportamento possessivo e controlador, com restri\u00e7\u00f5es \u00e0s sa\u00eddas com amigos e tentativas de condicionar a apar\u00eancia da v\u00edtima.<\/li>\n<li>Ap\u00f3s o fim da rela\u00e7\u00e3o, o suspeito manteve contactos insistentes: chamadas telef\u00f3nicas, visitas \u00e0 resid\u00eancia, entregas de cartas na porta e abordagens via redes sociais, sem aceitar a rutura.<\/li>\n<li>O arguido, que j\u00e1 tinha antecedentes de comportamentos semelhantes, foi libertado pelo tribunal com a proibi\u00e7\u00e3o de contacto com a v\u00edtima.<\/li>\n<\/ul>\n","protected":false},"author":2,"featured_media":204156,"comment_status":"closed","ping_status":"closed","sticky":false,"template":"","format":"standard","meta":{"footnotes":""},"categories":[1],"tags":[4657,4728,2861,1198,1381,214],"class_list":["post-204152","post","type-post","status-publish","format-standard","has-post-thumbnail","hentry","category-noticias","tag-afastamentos","tag-ameaca","tag-denuncia-crime","tag-oeiras","tag-psp","tag-violencia-domestica"],"yoast_head":"<!-- This site is optimized with the Yoast SEO plugin v27.2 - https:\/\/yoast.com\/product\/yoast-seo-wordpress\/ -->\n<title>Detido por viol\u00eancia dom\u00e9stica ap\u00f3s tr\u00eas meses de rela\u00e7\u00e3o - Portal Tela Portugal<\/title>\n<meta name=\"robots\" content=\"index, follow, max-snippet:-1, max-image-preview:large, max-video-preview:-1\" \/>\n<meta property=\"og:locale\" content=\"pt_PT\" \/>\n<meta property=\"og:type\" content=\"article\" \/>\n<meta property=\"og:title\" content=\"Detido por viol\u00eancia dom\u00e9stica ap\u00f3s tr\u00eas meses de rela\u00e7\u00e3o - Portal Tela Portugal\" \/>\n<meta property=\"og:description\" content=\"Um homem de 32 anos foi detido pela Pol\u00edcia de Seguran\u00e7a P\u00fablica (PSP) de Oeiras por desrespeitar uma ordem judicial de afastamento da v\u00edtima, ap\u00f3s a ex-namorada ter apresentado queixa por viol\u00eancia dom\u00e9stica. Ao saber da nova queixa, o suspeito voltou a abordar a v\u00edtima e a amea\u00e7\u00e1-la, proferindo a frase: \u201cVais pagar caro\u201d. A PSP indica que a rela\u00e7\u00e3o, de cerca de tr\u00eas meses, foi marcada por comportamento possessivo e controlador, com restri\u00e7\u00f5es \u00e0s sa\u00eddas com amigos e tentativas de condicionar a apar\u00eancia da v\u00edtima. Ap\u00f3s o fim da rela\u00e7\u00e3o, o suspeito manteve contactos insistentes: chamadas telef\u00f3nicas, visitas \u00e0 resid\u00eancia, entregas de cartas na porta e abordagens via redes sociais, sem aceitar a rutura. O arguido, que j\u00e1 tinha antecedentes de comportamentos semelhantes, foi libertado pelo tribunal com a proibi\u00e7\u00e3o de contacto com a v\u00edtima.\" \/>\n<meta property=\"og:url\" content=\"https:\/\/portaltela.pt\/noticias\/2026\/02\/08\/detido-por-violencia-domestica-apos-tres-meses-de-relacao\/\" \/>\n<meta property=\"og:site_name\" content=\"Portal Tela Portugal\" \/>\n<meta property=\"article:published_time\" content=\"2026-02-08T15:53:30+00:00\" \/>\n<meta name=\"author\" content=\"Telinha\" \/>\n<meta name=\"twitter:card\" content=\"summary_large_image\" \/>\n<meta name=\"twitter:label1\" content=\"Escrito por\" \/>\n\t<meta name=\"twitter:data1\" content=\"Telinha\" \/>\n\t<meta name=\"twitter:label2\" content=\"Tempo estimado de leitura\" \/>\n\t<meta name=\"twitter:data2\" content=\"1 minuto\" \/>\n<script type=\"application\/ld+json\" class=\"yoast-schema-graph\">{\"@context\":\"https:\/\/schema.org\",\"@graph\":[{\"@type\":\"Article\",\"@id\":\"https:\/\/portaltela.pt\/noticias\/2026\/02\/08\/detido-por-violencia-domestica-apos-tres-meses-de-relacao\/#article\",\"isPartOf\":{\"@id\":\"https:\/\/portaltela.pt\/noticias\/2026\/02\/08\/detido-por-violencia-domestica-apos-tres-meses-de-relacao\/\"},\"author\":{\"name\":\"Telinha\",\"@id\":\"https:\/\/portaltela.pt\/#\/schema\/person\/c4278d4a6028830caff9ee44b42d32ed\"},\"headline\":\"Detido por viol\u00eancia dom\u00e9stica ap\u00f3s tr\u00eas meses de rela\u00e7\u00e3o\",\"datePublished\":\"2026-02-08T15:53:30+00:00\",\"mainEntityOfPage\":{\"@id\":\"https:\/\/portaltela.pt\/noticias\/2026\/02\/08\/detido-por-violencia-domestica-apos-tres-meses-de-relacao\/\"},\"wordCount\":265,\"image\":{\"@id\":\"https:\/\/portaltela.pt\/noticias\/2026\/02\/08\/detido-por-violencia-domestica-apos-tres-meses-de-relacao\/#primaryimage\"},\"thumbnailUrl\":\"https:\/\/portaltela.pt\/s.01k8rhncp4jt1\/2026\/02\/img_1500x1000uu2025-12-29-13-10-42-2256965.jpg\",\"keywords\":[\"afastamentos\",\"amea\u00e7a\",\"den\u00fancia-crime\",\"Oeiras\",\"PSP\",\"viol\u00eancia dom\u00e9stica\"],\"articleSection\":[\"Not\u00edcias\"],\"inLanguage\":\"pt-PT\"},{\"@type\":\"WebPage\",\"@id\":\"https:\/\/portaltela.pt\/noticias\/2026\/02\/08\/detido-por-violencia-domestica-apos-tres-meses-de-relacao\/\",\"url\":\"https:\/\/portaltela.pt\/noticias\/2026\/02\/08\/detido-por-violencia-domestica-apos-tres-meses-de-relacao\/\",\"name\":\"Detido por viol\u00eancia dom\u00e9stica ap\u00f3s tr\u00eas meses de rela\u00e7\u00e3o - Portal Tela Portugal\",\"isPartOf\":{\"@id\":\"https:\/\/portaltela.pt\/#website\"},\"primaryImageOfPage\":{\"@id\":\"https:\/\/portaltela.pt\/noticias\/2026\/02\/08\/detido-por-violencia-domestica-apos-tres-meses-de-relacao\/#primaryimage\"},\"image\":{\"@id\":\"https:\/\/portaltela.pt\/noticias\/2026\/02\/08\/detido-por-violencia-domestica-apos-tres-meses-de-relacao\/#primaryimage\"},\"thumbnailUrl\":\"https:\/\/portaltela.pt\/s.01k8rhncp4jt1\/2026\/02\/img_1500x1000uu2025-12-29-13-10-42-2256965.jpg\",\"datePublished\":\"2026-02-08T15:53:30+00:00\",\"author\":{\"@id\":\"https:\/\/portaltela.pt\/#\/schema\/person\/c4278d4a6028830caff9ee44b42d32ed\"},\"breadcrumb\":{\"@id\":\"https:\/\/portaltela.pt\/noticias\/2026\/02\/08\/detido-por-violencia-domestica-apos-tres-meses-de-relacao\/#breadcrumb\"},\"inLanguage\":\"pt-PT\",\"potentialAction\":[{\"@type\":\"ReadAction\",\"target\":[\"https:\/\/portaltela.pt\/noticias\/2026\/02\/08\/detido-por-violencia-domestica-apos-tres-meses-de-relacao\/\"]}]},{\"@type\":\"ImageObject\",\"inLanguage\":\"pt-PT\",\"@id\":\"https:\/\/portaltela.pt\/noticias\/2026\/02\/08\/detido-por-violencia-domestica-apos-tres-meses-de-relacao\/#primaryimage\",\"url\":\"https:\/\/portaltela.pt\/s.01k8rhncp4jt1\/2026\/02\/img_1500x1000uu2025-12-29-13-10-42-2256965.jpg\",\"contentUrl\":\"https:\/\/portaltela.pt\/s.01k8rhncp4jt1\/2026\/02\/img_1500x1000uu2025-12-29-13-10-42-2256965.jpg\",\"width\":796,\"height\":448,\"caption\":\"Homem detido pela PSP ap\u00f3s amea\u00e7as \u00e0 ex-namorada\"},{\"@type\":\"BreadcrumbList\",\"@id\":\"https:\/\/portaltela.pt\/noticias\/2026\/02\/08\/detido-por-violencia-domestica-apos-tres-meses-de-relacao\/#breadcrumb\",\"itemListElement\":[{\"@type\":\"ListItem\",\"position\":1,\"name\":\"In\u00edcio\",\"item\":\"https:\/\/portaltela.pt\/\"},{\"@type\":\"ListItem\",\"position\":2,\"name\":\"Detido por viol\u00eancia dom\u00e9stica ap\u00f3s tr\u00eas meses de rela\u00e7\u00e3o\"}]},{\"@type\":\"WebSite\",\"@id\":\"https:\/\/portaltela.pt\/#website\",\"url\":\"https:\/\/portaltela.pt\/\",\"name\":\"Portal Tela Portugal\",\"description\":\"\",\"potentialAction\":[{\"@type\":\"SearchAction\",\"target\":{\"@type\":\"EntryPoint\",\"urlTemplate\":\"https:\/\/portaltela.pt\/?s={search_term_string}\"},\"query-input\":{\"@type\":\"PropertyValueSpecification\",\"valueRequired\":true,\"valueName\":\"search_term_string\"}}],\"inLanguage\":\"pt-PT\"},{\"@type\":\"Person\",\"@id\":\"https:\/\/portaltela.pt\/#\/schema\/person\/c4278d4a6028830caff9ee44b42d32ed\",\"name\":\"Telinha\",\"image\":{\"@type\":\"ImageObject\",\"inLanguage\":\"pt-PT\",\"@id\":\"https:\/\/portaltela.pt\/s.01k8rhncp4jt1\/2025\/11\/talking-bot-125x125.png\",\"url\":\"https:\/\/portaltela.pt\/s.01k8rhncp4jt1\/2025\/11\/talking-bot-125x125.png\",\"contentUrl\":\"https:\/\/portaltela.pt\/s.01k8rhncp4jt1\/2025\/11\/talking-bot-125x125.png\",\"caption\":\"Telinha\"},\"sameAs\":[\"https:\/\/portaltela.pt\/\"],\"url\":\"https:\/\/portaltela.pt\/por\/367410592786\/\"}]}<\/script>\n<!-- \/ Yoast SEO plugin. -->","yoast_head_json":{"title":"Detido por viol\u00eancia dom\u00e9stica ap\u00f3s tr\u00eas meses de rela\u00e7\u00e3o - Portal Tela Portugal","robots":{"index":"index","follow":"follow","max-snippet":"max-snippet:-1","max-image-preview":"max-image-preview:large","max-video-preview":"max-video-preview:-1"},"og_locale":"pt_PT","og_type":"article","og_title":"Detido por viol\u00eancia dom\u00e9stica ap\u00f3s tr\u00eas meses de rela\u00e7\u00e3o - Portal Tela Portugal","og_description":"Um homem de 32 anos foi detido pela Pol\u00edcia de Seguran\u00e7a P\u00fablica (PSP) de Oeiras por desrespeitar uma ordem judicial de afastamento da v\u00edtima, ap\u00f3s a ex-namorada ter apresentado queixa por viol\u00eancia dom\u00e9stica. Ao saber da nova queixa, o suspeito voltou a abordar a v\u00edtima e a amea\u00e7\u00e1-la, proferindo a frase: \u201cVais pagar caro\u201d. A PSP indica que a rela\u00e7\u00e3o, de cerca de tr\u00eas meses, foi marcada por comportamento possessivo e controlador, com restri\u00e7\u00f5es \u00e0s sa\u00eddas com amigos e tentativas de condicionar a apar\u00eancia da v\u00edtima. Ap\u00f3s o fim da rela\u00e7\u00e3o, o suspeito manteve contactos insistentes: chamadas telef\u00f3nicas, visitas \u00e0 resid\u00eancia, entregas de cartas na porta e abordagens via redes sociais, sem aceitar a rutura. O arguido, que j\u00e1 tinha antecedentes de comportamentos semelhantes, foi libertado pelo tribunal com a proibi\u00e7\u00e3o de contacto com a v\u00edtima.","og_url":"https:\/\/portaltela.pt\/noticias\/2026\/02\/08\/detido-por-violencia-domestica-apos-tres-meses-de-relacao\/","og_site_name":"Portal Tela Portugal","article_published_time":"2026-02-08T15:53:30+00:00","author":"Telinha","twitter_card":"summary_large_image","twitter_misc":{"Escrito por":"Telinha","Tempo estimado de leitura":"1 minuto"},"schema":{"@context":"https:\/\/schema.org","@graph":[{"@type":"Article","@id":"https:\/\/portaltela.pt\/noticias\/2026\/02\/08\/detido-por-violencia-domestica-apos-tres-meses-de-relacao\/#article","isPartOf":{"@id":"https:\/\/portaltela.pt\/noticias\/2026\/02\/08\/detido-por-violencia-domestica-apos-tres-meses-de-relacao\/"},"author":{"name":"Telinha","@id":"https:\/\/portaltela.pt\/#\/schema\/person\/c4278d4a6028830caff9ee44b42d32ed"},"headline":"Detido por viol\u00eancia dom\u00e9stica ap\u00f3s tr\u00eas meses de rela\u00e7\u00e3o","datePublished":"2026-02-08T15:53:30+00:00","mainEntityOfPage":{"@id":"https:\/\/portaltela.pt\/noticias\/2026\/02\/08\/detido-por-violencia-domestica-apos-tres-meses-de-relacao\/"},"wordCount":265,"image":{"@id":"https:\/\/portaltela.pt\/noticias\/2026\/02\/08\/detido-por-violencia-domestica-apos-tres-meses-de-relacao\/#primaryimage"},"thumbnailUrl":"https:\/\/portaltela.pt\/s.01k8rhncp4jt1\/2026\/02\/img_1500x1000uu2025-12-29-13-10-42-2256965.jpg","keywords":["afastamentos","amea\u00e7a","den\u00fancia-crime","Oeiras","PSP","viol\u00eancia dom\u00e9stica"],"articleSection":["Not\u00edcias"],"inLanguage":"pt-PT"},{"@type":"WebPage","@id":"https:\/\/portaltela.pt\/noticias\/2026\/02\/08\/detido-por-violencia-domestica-apos-tres-meses-de-relacao\/","url":"https:\/\/portaltela.pt\/noticias\/2026\/02\/08\/detido-por-violencia-domestica-apos-tres-meses-de-relacao\/","name":"Detido por viol\u00eancia dom\u00e9stica ap\u00f3s tr\u00eas meses de rela\u00e7\u00e3o - Portal Tela Portugal","isPartOf":{"@id":"https:\/\/portaltela.pt\/#website"},"primaryImageOfPage":{"@id":"https:\/\/portaltela.pt\/noticias\/2026\/02\/08\/detido-por-violencia-domestica-apos-tres-meses-de-relacao\/#primaryimage"},"image":{"@id":"https:\/\/portaltela.pt\/noticias\/2026\/02\/08\/detido-por-violencia-domestica-apos-tres-meses-de-relacao\/#primaryimage"},"thumbnailUrl":"https:\/\/portaltela.pt\/s.01k8rhncp4jt1\/2026\/02\/img_1500x1000uu2025-12-29-13-10-42-2256965.jpg","datePublished":"2026-02-08T15:53:30+00:00","author":{"@id":"https:\/\/portaltela.pt\/#\/schema\/person\/c4278d4a6028830caff9ee44b42d32ed"},"breadcrumb":{"@id":"https:\/\/portaltela.pt\/noticias\/2026\/02\/08\/detido-por-violencia-domestica-apos-tres-meses-de-relacao\/#breadcrumb"},"inLanguage":"pt-PT","potentialAction":[{"@type":"ReadAction","target":["https:\/\/portaltela.pt\/noticias\/2026\/02\/08\/detido-por-violencia-domestica-apos-tres-meses-de-relacao\/"]}]},{"@type":"ImageObject","inLanguage":"pt-PT","@id":"https:\/\/portaltela.pt\/noticias\/2026\/02\/08\/detido-por-violencia-domestica-apos-tres-meses-de-relacao\/#primaryimage","url":"https:\/\/portaltela.pt\/s.01k8rhncp4jt1\/2026\/02\/img_1500x1000uu2025-12-29-13-10-42-2256965.jpg","contentUrl":"https:\/\/portaltela.pt\/s.01k8rhncp4jt1\/2026\/02\/img_1500x1000uu2025-12-29-13-10-42-2256965.jpg","width":796,"height":448,"caption":"Homem detido pela PSP ap\u00f3s amea\u00e7as \u00e0 ex-namorada"},{"@type":"BreadcrumbList","@id":"https:\/\/portaltela.pt\/noticias\/2026\/02\/08\/detido-por-violencia-domestica-apos-tres-meses-de-relacao\/#breadcrumb","itemListElement":[{"@type":"ListItem","position":1,"name":"In\u00edcio","item":"https:\/\/portaltela.pt\/"},{"@type":"ListItem","position":2,"name":"Detido por viol\u00eancia dom\u00e9stica ap\u00f3s tr\u00eas meses de rela\u00e7\u00e3o"}]},{"@type":"WebSite","@id":"https:\/\/portaltela.pt\/#website","url":"https:\/\/portaltela.pt\/","name":"Portal Tela Portugal","description":"","potentialAction":[{"@type":"SearchAction","target":{"@type":"EntryPoint","urlTemplate":"https:\/\/portaltela.pt\/?s={search_term_string}"},"query-input":{"@type":"PropertyValueSpecification","valueRequired":true,"valueName":"search_term_string"}}],"inLanguage":"pt-PT"},{"@type":"Person","@id":"https:\/\/portaltela.pt\/#\/schema\/person\/c4278d4a6028830caff9ee44b42d32ed","name":"Telinha","image":{"@type":"ImageObject","inLanguage":"pt-PT","@id":"https:\/\/portaltela.pt\/s.01k8rhncp4jt1\/2025\/11\/talking-bot-125x125.png","url":"https:\/\/portaltela.pt\/s.01k8rhncp4jt1\/2025\/11\/talking-bot-125x125.png","contentUrl":"https:\/\/portaltela.pt\/s.01k8rhncp4jt1\/2025\/11\/talking-bot-125x125.png","caption":"Telinha"},"sameAs":["https:\/\/portaltela.pt\/"],"url":"https:\/\/portaltela.pt\/por\/367410592786\/"}]}},"_links":{"self":[{"href":"https:\/\/portaltela.pt\/api\/wp\/v2\/posts\/204152","targetHints":{"allow":["GET"]}}],"collection":[{"href":"https:\/\/portaltela.pt\/api\/wp\/v2\/posts"}],"about":[{"href":"https:\/\/portaltela.pt\/api\/wp\/v2\/types\/post"}],"author":[{"embeddable":true,"href":"https:\/\/portaltela.pt\/api\/wp\/v2\/users\/2"}],"replies":[{"embeddable":true,"href":"https:\/\/portaltela.pt\/api\/wp\/v2\/comments?post=204152"}],"version-history":[{"count":0,"href":"https:\/\/portaltela.pt\/api\/wp\/v2\/posts\/204152\/revisions"}],"wp:featuredmedia":[{"embeddable":true,"href":"https:\/\/portaltela.pt\/api\/wp\/v2\/media\/204156"}],"wp:attachment":[{"href":"https:\/\/portaltela.pt\/api\/wp\/v2\/media?parent=204152"}],"wp:term":[{"taxonomy":"category","embeddable":true,"href":"https:\/\/portaltela.pt\/api\/wp\/v2\/categories?post=204152"},{"taxonomy":"post_tag","embeddable":true,"href":"https:\/\/portaltela.pt\/api\/wp\/v2\/tags?post=204152"}],"curies":[{"name":"wp","href":"https:\/\/api.w.org\/{rel}","templated":true}]}}