{"id":204136,"date":"2026-02-08T12:42:34","date_gmt":"2026-02-08T15:42:34","guid":{"rendered":"https:\/\/portaltela.pt\/noticias\/2026\/02\/08\/mariana-leitao-diz-que-o-voto-e-decisivo-para-a-democracia-saudavel\/"},"modified":"2026-02-08T12:42:34","modified_gmt":"2026-02-08T15:42:34","slug":"mariana-leitao-diz-que-o-voto-e-decisivo-para-a-democracia-saudavel","status":"publish","type":"post","link":"https:\/\/portaltela.pt\/noticias\/politica\/2026\/02\/08\/mariana-leitao-diz-que-o-voto-e-decisivo-para-a-democracia-saudavel\/","title":{"rendered":"Mariana Leit\u00e3o diz que o voto \u00e9 decisivo para a democracia saud\u00e1vel"},"content":{"rendered":"<p>Mariana Leit\u00e3o, presidente da Iniciativa Liberal (IL), pediu aos eleitores para votarem este domingo na segunda volta das Presidenciais, lembrando que o voto \u00e9 decisivo para uma democracia saud\u00e1vel. Falou aos jornalistas ap\u00f3s votar \u00e0s 11:20, na Escola B\u00e1sica Ces\u00e1rio Verde, em Queijas, Oeiras, Lisboa.<\/p>\n<p>A dirigente refor\u00e7ou que o ato eleitoral \u00e9 crucial para manter uma democracia robusta e apelou a quem possa votar que o fa\u00e7a, reconhecendo as dificuldades que algumas pessoas enfrentam neste contexto.<\/p>\n<p>V\u00e1rios concelhos adiaram, para o pr\u00f3ximo domingo, a segunda volta devido ao mau tempo que provocou mortos, feridos e desalojados. Leit\u00e3o desejou que haja condi\u00e7\u00f5es para que esses eleitores tamb\u00e9m votem na pr\u00f3xima semana.<\/p>\n<h3>Contexto eleitoral<\/h3>\n<p>Mais de 11 milh\u00f5es de eleitores estavam chamados a escolher o Presidente entre Ant\u00f3nio Jos\u00e9 Seguro e Andr\u00e9 Ventura, os dois mais votados na primeira volta. Seguro recolheu 31,1% e Ventura 23,52%, segundo o apuramento geral.<\/p>\n<p>A IL acompanha a evolu\u00e7\u00e3o da decida durante o sufr\u00e1gio, com aten\u00e7\u00e3o \u00e0s condi\u00e7\u00f5es log\u00edsticas que permitam a participa\u00e7\u00e3o de todos os eleitores, especialmente nos munic\u00edpios afetados pelo mau tempo.<\/p>\n","protected":false},"excerpt":{"rendered":"<ul>\n<li>Mariana Leit\u00e3o, presidente da Iniciativa Liberal, apela aos eleitores para votarem na segunda volta, dizendo que o voto \u00e9 decisivo para uma democracia saud\u00e1vel.<\/li>\n<li>Votou por volta das 11:20, na Escola B\u00e1sica Ces\u00e1rio Verde, em Queijas, concelho de Oeiras, no distrito de Lisboa.<\/li>\n<li>V\u00e1rios munic\u00edpios adiaram a segunda volta devido ao mau tempo, que provocou 14 mortos e centenas de feridos e desalojados.<\/li>\n<li>A l\u00edder da IL espera que, na pr\u00f3xima semana, haja condi\u00e7\u00f5es para os eleitores desses locais votarem, mantendo solidariedade com os afetados.<\/li>\n<li>Mais de 11 milh\u00f5es de eleitores s\u00e3o chamados hoje a escolher o Presidente; na primeira volta, Ant\u00f3nio Jos\u00e9 Seguro obteve 31,1% e Andr\u00e9 Ventura 23,52%.<\/li>\n<\/ul>\n","protected":false},"author":2,"featured_media":204142,"comment_status":"closed","ping_status":"closed","sticky":false,"template":"","format":"standard","meta":{"footnotes":""},"categories":[1,5],"tags":[3423,2795,68,981,1198,3001],"class_list":["post-204136","post","type-post","status-publish","format-standard","has-post-thumbnail","hentry","category-noticias","category-politica","tag-a-iniciativa-liberal","tag-democracia","tag-eleicoes","tag-lisboa","tag-oeiras","tag-presidenciais"],"yoast_head":"<!-- This site is optimized with the Yoast SEO plugin v27.2 - https:\/\/yoast.com\/product\/yoast-seo-wordpress\/ -->\n<title>Mariana Leit\u00e3o diz que o voto \u00e9 decisivo para a democracia saud\u00e1vel - Portal Tela Portugal<\/title>\n<meta name=\"robots\" content=\"index, follow, max-snippet:-1, max-image-preview:large, max-video-preview:-1\" \/>\n<meta property=\"og:locale\" content=\"pt_PT\" \/>\n<meta property=\"og:type\" content=\"article\" \/>\n<meta property=\"og:title\" content=\"Mariana Leit\u00e3o diz que o voto \u00e9 decisivo para a democracia saud\u00e1vel - Portal Tela Portugal\" \/>\n<meta property=\"og:description\" content=\"Mariana Leit\u00e3o, presidente da Iniciativa Liberal, apela aos eleitores para votarem na segunda volta, dizendo que o voto \u00e9 decisivo para uma democracia saud\u00e1vel. Votou por volta das 11:20, na Escola B\u00e1sica Ces\u00e1rio Verde, em Queijas, concelho de Oeiras, no distrito de Lisboa. V\u00e1rios munic\u00edpios adiaram a segunda volta devido ao mau tempo, que provocou 14 mortos e centenas de feridos e desalojados. A l\u00edder da IL espera que, na pr\u00f3xima semana, haja condi\u00e7\u00f5es para os eleitores desses locais votarem, mantendo solidariedade com os afetados. Mais de 11 milh\u00f5es de eleitores s\u00e3o chamados hoje a escolher o Presidente; na primeira volta, Ant\u00f3nio Jos\u00e9 Seguro obteve 31,1% e Andr\u00e9 Ventura 23,52%.\" \/>\n<meta property=\"og:url\" content=\"https:\/\/portaltela.pt\/noticias\/2026\/02\/08\/mariana-leitao-diz-que-o-voto-e-decisivo-para-a-democracia-saudavel\/\" \/>\n<meta property=\"og:site_name\" content=\"Portal Tela Portugal\" \/>\n<meta property=\"article:published_time\" content=\"2026-02-08T15:42:34+00:00\" \/>\n<meta name=\"author\" content=\"Telinha\" \/>\n<meta name=\"twitter:card\" content=\"summary_large_image\" \/>\n<meta name=\"twitter:label1\" content=\"Escrito por\" \/>\n\t<meta name=\"twitter:data1\" content=\"Telinha\" \/>\n\t<meta name=\"twitter:label2\" content=\"Tempo estimado de leitura\" \/>\n\t<meta name=\"twitter:data2\" content=\"1 minuto\" \/>\n<script type=\"application\/ld+json\" class=\"yoast-schema-graph\">{\"@context\":\"https:\/\/schema.org\",\"@graph\":[{\"@type\":\"Article\",\"@id\":\"https:\/\/portaltela.pt\/noticias\/2026\/02\/08\/mariana-leitao-diz-que-o-voto-e-decisivo-para-a-democracia-saudavel\/#article\",\"isPartOf\":{\"@id\":\"https:\/\/portaltela.pt\/noticias\/2026\/02\/08\/mariana-leitao-diz-que-o-voto-e-decisivo-para-a-democracia-saudavel\/\"},\"author\":{\"name\":\"Telinha\",\"@id\":\"https:\/\/portaltela.pt\/#\/schema\/person\/c4278d4a6028830caff9ee44b42d32ed\"},\"headline\":\"Mariana Leit\u00e3o diz que o voto \u00e9 decisivo para a democracia saud\u00e1vel\",\"datePublished\":\"2026-02-08T15:42:34+00:00\",\"mainEntityOfPage\":{\"@id\":\"https:\/\/portaltela.pt\/noticias\/2026\/02\/08\/mariana-leitao-diz-que-o-voto-e-decisivo-para-a-democracia-saudavel\/\"},\"wordCount\":208,\"image\":{\"@id\":\"https:\/\/portaltela.pt\/noticias\/2026\/02\/08\/mariana-leitao-diz-que-o-voto-e-decisivo-para-a-democracia-saudavel\/#primaryimage\"},\"thumbnailUrl\":\"https:\/\/portaltela.pt\/s.01k8rhncp4jt1\/2026\/02\/img_920x518uu2026-02-08-15-42-21-2420284.jpg\",\"keywords\":[\"A Iniciativa Liberal\",\"democracia\",\"elei\u00e7\u00f5es\",\"Lisboa\",\"Oeiras\",\"Presidenciais\"],\"articleSection\":[\"Not\u00edcias\",\"Pol\u00edtica\"],\"inLanguage\":\"pt-PT\"},{\"@type\":\"WebPage\",\"@id\":\"https:\/\/portaltela.pt\/noticias\/2026\/02\/08\/mariana-leitao-diz-que-o-voto-e-decisivo-para-a-democracia-saudavel\/\",\"url\":\"https:\/\/portaltela.pt\/noticias\/2026\/02\/08\/mariana-leitao-diz-que-o-voto-e-decisivo-para-a-democracia-saudavel\/\",\"name\":\"Mariana Leit\u00e3o diz que o voto \u00e9 decisivo para a democracia saud\u00e1vel - Portal Tela Portugal\",\"isPartOf\":{\"@id\":\"https:\/\/portaltela.pt\/#website\"},\"primaryImageOfPage\":{\"@id\":\"https:\/\/portaltela.pt\/noticias\/2026\/02\/08\/mariana-leitao-diz-que-o-voto-e-decisivo-para-a-democracia-saudavel\/#primaryimage\"},\"image\":{\"@id\":\"https:\/\/portaltela.pt\/noticias\/2026\/02\/08\/mariana-leitao-diz-que-o-voto-e-decisivo-para-a-democracia-saudavel\/#primaryimage\"},\"thumbnailUrl\":\"https:\/\/portaltela.pt\/s.01k8rhncp4jt1\/2026\/02\/img_920x518uu2026-02-08-15-42-21-2420284.jpg\",\"datePublished\":\"2026-02-08T15:42:34+00:00\",\"author\":{\"@id\":\"https:\/\/portaltela.pt\/#\/schema\/person\/c4278d4a6028830caff9ee44b42d32ed\"},\"breadcrumb\":{\"@id\":\"https:\/\/portaltela.pt\/noticias\/2026\/02\/08\/mariana-leitao-diz-que-o-voto-e-decisivo-para-a-democracia-saudavel\/#breadcrumb\"},\"inLanguage\":\"pt-PT\",\"potentialAction\":[{\"@type\":\"ReadAction\",\"target\":[\"https:\/\/portaltela.pt\/noticias\/2026\/02\/08\/mariana-leitao-diz-que-o-voto-e-decisivo-para-a-democracia-saudavel\/\"]}]},{\"@type\":\"ImageObject\",\"inLanguage\":\"pt-PT\",\"@id\":\"https:\/\/portaltela.pt\/noticias\/2026\/02\/08\/mariana-leitao-diz-que-o-voto-e-decisivo-para-a-democracia-saudavel\/#primaryimage\",\"url\":\"https:\/\/portaltela.pt\/s.01k8rhncp4jt1\/2026\/02\/img_920x518uu2026-02-08-15-42-21-2420284.jpg\",\"contentUrl\":\"https:\/\/portaltela.pt\/s.01k8rhncp4jt1\/2026\/02\/img_920x518uu2026-02-08-15-42-21-2420284.jpg\",\"width\":796,\"height\":448,\"caption\":\"Mariana Leit\u00e3o votou na Escola B\u00e1sica Ces\u00e1rio Verde, em Queijas\"},{\"@type\":\"BreadcrumbList\",\"@id\":\"https:\/\/portaltela.pt\/noticias\/2026\/02\/08\/mariana-leitao-diz-que-o-voto-e-decisivo-para-a-democracia-saudavel\/#breadcrumb\",\"itemListElement\":[{\"@type\":\"ListItem\",\"position\":1,\"name\":\"In\u00edcio\",\"item\":\"https:\/\/portaltela.pt\/\"},{\"@type\":\"ListItem\",\"position\":2,\"name\":\"Mariana Leit\u00e3o diz que o voto \u00e9 decisivo para a democracia saud\u00e1vel\"}]},{\"@type\":\"WebSite\",\"@id\":\"https:\/\/portaltela.pt\/#website\",\"url\":\"https:\/\/portaltela.pt\/\",\"name\":\"Portal Tela Portugal\",\"description\":\"\",\"potentialAction\":[{\"@type\":\"SearchAction\",\"target\":{\"@type\":\"EntryPoint\",\"urlTemplate\":\"https:\/\/portaltela.pt\/?s={search_term_string}\"},\"query-input\":{\"@type\":\"PropertyValueSpecification\",\"valueRequired\":true,\"valueName\":\"search_term_string\"}}],\"inLanguage\":\"pt-PT\"},{\"@type\":\"Person\",\"@id\":\"https:\/\/portaltela.pt\/#\/schema\/person\/c4278d4a6028830caff9ee44b42d32ed\",\"name\":\"Telinha\",\"image\":{\"@type\":\"ImageObject\",\"inLanguage\":\"pt-PT\",\"@id\":\"https:\/\/portaltela.pt\/s.01k8rhncp4jt1\/2025\/11\/talking-bot-125x125.png\",\"url\":\"https:\/\/portaltela.pt\/s.01k8rhncp4jt1\/2025\/11\/talking-bot-125x125.png\",\"contentUrl\":\"https:\/\/portaltela.pt\/s.01k8rhncp4jt1\/2025\/11\/talking-bot-125x125.png\",\"caption\":\"Telinha\"},\"sameAs\":[\"https:\/\/portaltela.pt\/\"],\"url\":\"https:\/\/portaltela.pt\/por\/367410592786\/\"}]}<\/script>\n<!-- \/ Yoast SEO plugin. -->","yoast_head_json":{"title":"Mariana Leit\u00e3o diz que o voto \u00e9 decisivo para a democracia saud\u00e1vel - Portal Tela Portugal","robots":{"index":"index","follow":"follow","max-snippet":"max-snippet:-1","max-image-preview":"max-image-preview:large","max-video-preview":"max-video-preview:-1"},"og_locale":"pt_PT","og_type":"article","og_title":"Mariana Leit\u00e3o diz que o voto \u00e9 decisivo para a democracia saud\u00e1vel - Portal Tela Portugal","og_description":"Mariana Leit\u00e3o, presidente da Iniciativa Liberal, apela aos eleitores para votarem na segunda volta, dizendo que o voto \u00e9 decisivo para uma democracia saud\u00e1vel. Votou por volta das 11:20, na Escola B\u00e1sica Ces\u00e1rio Verde, em Queijas, concelho de Oeiras, no distrito de Lisboa. V\u00e1rios munic\u00edpios adiaram a segunda volta devido ao mau tempo, que provocou 14 mortos e centenas de feridos e desalojados. A l\u00edder da IL espera que, na pr\u00f3xima semana, haja condi\u00e7\u00f5es para os eleitores desses locais votarem, mantendo solidariedade com os afetados. Mais de 11 milh\u00f5es de eleitores s\u00e3o chamados hoje a escolher o Presidente; na primeira volta, Ant\u00f3nio Jos\u00e9 Seguro obteve 31,1% e Andr\u00e9 Ventura 23,52%.","og_url":"https:\/\/portaltela.pt\/noticias\/2026\/02\/08\/mariana-leitao-diz-que-o-voto-e-decisivo-para-a-democracia-saudavel\/","og_site_name":"Portal Tela Portugal","article_published_time":"2026-02-08T15:42:34+00:00","author":"Telinha","twitter_card":"summary_large_image","twitter_misc":{"Escrito por":"Telinha","Tempo estimado de leitura":"1 minuto"},"schema":{"@context":"https:\/\/schema.org","@graph":[{"@type":"Article","@id":"https:\/\/portaltela.pt\/noticias\/2026\/02\/08\/mariana-leitao-diz-que-o-voto-e-decisivo-para-a-democracia-saudavel\/#article","isPartOf":{"@id":"https:\/\/portaltela.pt\/noticias\/2026\/02\/08\/mariana-leitao-diz-que-o-voto-e-decisivo-para-a-democracia-saudavel\/"},"author":{"name":"Telinha","@id":"https:\/\/portaltela.pt\/#\/schema\/person\/c4278d4a6028830caff9ee44b42d32ed"},"headline":"Mariana Leit\u00e3o diz que o voto \u00e9 decisivo para a democracia saud\u00e1vel","datePublished":"2026-02-08T15:42:34+00:00","mainEntityOfPage":{"@id":"https:\/\/portaltela.pt\/noticias\/2026\/02\/08\/mariana-leitao-diz-que-o-voto-e-decisivo-para-a-democracia-saudavel\/"},"wordCount":208,"image":{"@id":"https:\/\/portaltela.pt\/noticias\/2026\/02\/08\/mariana-leitao-diz-que-o-voto-e-decisivo-para-a-democracia-saudavel\/#primaryimage"},"thumbnailUrl":"https:\/\/portaltela.pt\/s.01k8rhncp4jt1\/2026\/02\/img_920x518uu2026-02-08-15-42-21-2420284.jpg","keywords":["A Iniciativa Liberal","democracia","elei\u00e7\u00f5es","Lisboa","Oeiras","Presidenciais"],"articleSection":["Not\u00edcias","Pol\u00edtica"],"inLanguage":"pt-PT"},{"@type":"WebPage","@id":"https:\/\/portaltela.pt\/noticias\/2026\/02\/08\/mariana-leitao-diz-que-o-voto-e-decisivo-para-a-democracia-saudavel\/","url":"https:\/\/portaltela.pt\/noticias\/2026\/02\/08\/mariana-leitao-diz-que-o-voto-e-decisivo-para-a-democracia-saudavel\/","name":"Mariana Leit\u00e3o diz que o voto \u00e9 decisivo para a democracia saud\u00e1vel - Portal Tela Portugal","isPartOf":{"@id":"https:\/\/portaltela.pt\/#website"},"primaryImageOfPage":{"@id":"https:\/\/portaltela.pt\/noticias\/2026\/02\/08\/mariana-leitao-diz-que-o-voto-e-decisivo-para-a-democracia-saudavel\/#primaryimage"},"image":{"@id":"https:\/\/portaltela.pt\/noticias\/2026\/02\/08\/mariana-leitao-diz-que-o-voto-e-decisivo-para-a-democracia-saudavel\/#primaryimage"},"thumbnailUrl":"https:\/\/portaltela.pt\/s.01k8rhncp4jt1\/2026\/02\/img_920x518uu2026-02-08-15-42-21-2420284.jpg","datePublished":"2026-02-08T15:42:34+00:00","author":{"@id":"https:\/\/portaltela.pt\/#\/schema\/person\/c4278d4a6028830caff9ee44b42d32ed"},"breadcrumb":{"@id":"https:\/\/portaltela.pt\/noticias\/2026\/02\/08\/mariana-leitao-diz-que-o-voto-e-decisivo-para-a-democracia-saudavel\/#breadcrumb"},"inLanguage":"pt-PT","potentialAction":[{"@type":"ReadAction","target":["https:\/\/portaltela.pt\/noticias\/2026\/02\/08\/mariana-leitao-diz-que-o-voto-e-decisivo-para-a-democracia-saudavel\/"]}]},{"@type":"ImageObject","inLanguage":"pt-PT","@id":"https:\/\/portaltela.pt\/noticias\/2026\/02\/08\/mariana-leitao-diz-que-o-voto-e-decisivo-para-a-democracia-saudavel\/#primaryimage","url":"https:\/\/portaltela.pt\/s.01k8rhncp4jt1\/2026\/02\/img_920x518uu2026-02-08-15-42-21-2420284.jpg","contentUrl":"https:\/\/portaltela.pt\/s.01k8rhncp4jt1\/2026\/02\/img_920x518uu2026-02-08-15-42-21-2420284.jpg","width":796,"height":448,"caption":"Mariana Leit\u00e3o votou na Escola B\u00e1sica Ces\u00e1rio Verde, em Queijas"},{"@type":"BreadcrumbList","@id":"https:\/\/portaltela.pt\/noticias\/2026\/02\/08\/mariana-leitao-diz-que-o-voto-e-decisivo-para-a-democracia-saudavel\/#breadcrumb","itemListElement":[{"@type":"ListItem","position":1,"name":"In\u00edcio","item":"https:\/\/portaltela.pt\/"},{"@type":"ListItem","position":2,"name":"Mariana Leit\u00e3o diz que o voto \u00e9 decisivo para a democracia saud\u00e1vel"}]},{"@type":"WebSite","@id":"https:\/\/portaltela.pt\/#website","url":"https:\/\/portaltela.pt\/","name":"Portal Tela Portugal","description":"","potentialAction":[{"@type":"SearchAction","target":{"@type":"EntryPoint","urlTemplate":"https:\/\/portaltela.pt\/?s={search_term_string}"},"query-input":{"@type":"PropertyValueSpecification","valueRequired":true,"valueName":"search_term_string"}}],"inLanguage":"pt-PT"},{"@type":"Person","@id":"https:\/\/portaltela.pt\/#\/schema\/person\/c4278d4a6028830caff9ee44b42d32ed","name":"Telinha","image":{"@type":"ImageObject","inLanguage":"pt-PT","@id":"https:\/\/portaltela.pt\/s.01k8rhncp4jt1\/2025\/11\/talking-bot-125x125.png","url":"https:\/\/portaltela.pt\/s.01k8rhncp4jt1\/2025\/11\/talking-bot-125x125.png","contentUrl":"https:\/\/portaltela.pt\/s.01k8rhncp4jt1\/2025\/11\/talking-bot-125x125.png","caption":"Telinha"},"sameAs":["https:\/\/portaltela.pt\/"],"url":"https:\/\/portaltela.pt\/por\/367410592786\/"}]}},"_links":{"self":[{"href":"https:\/\/portaltela.pt\/api\/wp\/v2\/posts\/204136","targetHints":{"allow":["GET"]}}],"collection":[{"href":"https:\/\/portaltela.pt\/api\/wp\/v2\/posts"}],"about":[{"href":"https:\/\/portaltela.pt\/api\/wp\/v2\/types\/post"}],"author":[{"embeddable":true,"href":"https:\/\/portaltela.pt\/api\/wp\/v2\/users\/2"}],"replies":[{"embeddable":true,"href":"https:\/\/portaltela.pt\/api\/wp\/v2\/comments?post=204136"}],"version-history":[{"count":0,"href":"https:\/\/portaltela.pt\/api\/wp\/v2\/posts\/204136\/revisions"}],"wp:featuredmedia":[{"embeddable":true,"href":"https:\/\/portaltela.pt\/api\/wp\/v2\/media\/204142"}],"wp:attachment":[{"href":"https:\/\/portaltela.pt\/api\/wp\/v2\/media?parent=204136"}],"wp:term":[{"taxonomy":"category","embeddable":true,"href":"https:\/\/portaltela.pt\/api\/wp\/v2\/categories?post=204136"},{"taxonomy":"post_tag","embeddable":true,"href":"https:\/\/portaltela.pt\/api\/wp\/v2\/tags?post=204136"}],"curies":[{"name":"wp","href":"https:\/\/api.w.org\/{rel}","templated":true}]}}