{"id":204125,"date":"2026-02-08T12:18:00","date_gmt":"2026-02-08T15:18:00","guid":{"rendered":"https:\/\/portaltela.pt\/noticias\/2026\/02\/08\/48-municipios-em-contingencia-ate-dia-15-por-mau-tempo\/"},"modified":"2026-02-08T12:18:00","modified_gmt":"2026-02-08T15:18:00","slug":"48-municipios-em-contingencia-ate-dia-15-por-mau-tempo","status":"publish","type":"post","link":"https:\/\/portaltela.pt\/noticias\/2026\/02\/08\/48-municipios-em-contingencia-ate-dia-15-por-mau-tempo\/","title":{"rendered":"48 munic\u00edpios em conting\u00eancia at\u00e9 dia 15 por mau tempo"},"content":{"rendered":"<p>Na edi\u00e7\u00e3o de hoje, 48 munic\u00edpios do continente ficam em conting\u00eancia at\u00e9 15 de fevereiro, face ao risco elevado de cheias e inunda\u00e7\u00f5es. A decis\u00e3o consta de um despacho publicado no Di\u00e1rio da Rep\u00fablica.<\/p>\n<p>O Governo anunciou, na quinta-feira, a extens\u00e3o da situa\u00e7\u00e3o de calamidade por mais sete dias, at\u00e9 ao dia 15. O in\u00edcio da conting\u00eancia est\u00e1 registrado a partir de 00:00 de 5 de fevereiro.<\/p>\n<p>Antes, o executivo decretou calamidade entre 28 de janeiro e 1 de fevereiro para cerca de 60 concelhos, tendo alargado at\u00e9 8 de fevereiro para um total de 68. Al\u00e9m disso, decidiu manter a conting\u00eancia nas zonas com maior risco de inunda\u00e7\u00f5es, de acordo com o Conselho de Ministros.<\/p>\n<h3>Concelhos em conting\u00eancia<\/h3>\n<p>Entre os munic\u00edpios abrangidos constam Alcoutim, Alenquer, Almeirim, Alpiar\u00e7a, Alvito, Amarante, Anadia, Arcos de Valdevez, Arganil, Azambuja, entre outros.<\/p>\n<p>Est\u00e3o tamb\u00e9m inclu\u00eddos Ferreira do Alentejo, Gavi\u00e3o, Gondomar, Gr\u00e2ndola, Lamego, Lisboa, Loures, Mafra, Mort\u00e1gua, Oeiras, Oliveira do Hospital, Ourique, Peso da R\u00e9gua, Ponte da Barca, Ponte de Lima, Portalegre e Porto.<\/p>\n<p>Salvaterra de Magos, Santiago do Cac\u00e9m, Santo Tirso, Silves, Sintra, Sobral de Monte Agra\u00e7o, T\u00e1bua, Trofa, Vila Franca de Xira, Vila Nova de Famalic\u00e3o, Vila Nova de Gaia, Vila Real de Santo Ant\u00f3nio e Vila Verde tamb\u00e9m integram a lista.<\/p>\n","protected":false},"excerpt":{"rendered":"<ul>\n<li>O Governo colocou 48 concelhos de Portugal continental em situa\u00e7\u00e3o de conting\u00eancia at\u00e9 ao dia 15 de fevereiro, devido ao risco de cheias e inunda\u00e7\u00f5es.<\/li>\n<li>O despacho foi publicado no Di\u00e1rio da Rep\u00fablica e indica que a medida est\u00e1 vigente desde as 00:00 de quinta-feira, 5 de fevereiro.<\/li>\n<li>Na quinta-feira, o primeiro-ministro, Lu\u00eds Montenegro, anunciou a extens\u00e3o da calamidade por mais sete dias, at\u00e9 ao dia 15.<\/li>\n<li>A conting\u00eancia seguiu-se a uma fase de calamidade iniciada entre 28 de janeiro e 1 de fevereiro para cerca de 60 munic\u00edpios, tendo sido alargada at\u00e9 8 de fevereiro para 68 concelhos.<\/li>\n<li>O Governo decidiu declarar a conting\u00eancia nas zonas com maior risco de cheias e inunda\u00e7\u00f5es para assegurar a mobiliza\u00e7\u00e3o de todos os meios de prote\u00e7\u00e3o civil, bombeiros, militares e servi\u00e7os de apoio.<\/li>\n<\/ul>\n","protected":false},"author":2,"featured_media":204126,"comment_status":"closed","ping_status":"closed","sticky":false,"template":"","format":"standard","meta":{"footnotes":""},"categories":[1],"tags":[4687,373,2293,981,2097,3980],"class_list":["post-204125","post","type-post","status-publish","format-standard","has-post-thumbnail","hentry","category-noticias","tag-calamidade-publica","tag-concelhos","tag-inundacoes","tag-lisboa","tag-mortagua","tag-vila-franca-de-xira"],"yoast_head":"<!-- This site is optimized with the Yoast SEO plugin v27.2 - https:\/\/yoast.com\/product\/yoast-seo-wordpress\/ -->\n<title>48 munic\u00edpios em conting\u00eancia at\u00e9 dia 15 por mau tempo - Portal Tela Portugal<\/title>\n<meta name=\"robots\" content=\"index, follow, max-snippet:-1, max-image-preview:large, max-video-preview:-1\" \/>\n<meta property=\"og:locale\" content=\"pt_PT\" \/>\n<meta property=\"og:type\" content=\"article\" \/>\n<meta property=\"og:title\" content=\"48 munic\u00edpios em conting\u00eancia at\u00e9 dia 15 por mau tempo - Portal Tela Portugal\" \/>\n<meta property=\"og:description\" content=\"O Governo colocou 48 concelhos de Portugal continental em situa\u00e7\u00e3o de conting\u00eancia at\u00e9 ao dia 15 de fevereiro, devido ao risco de cheias e inunda\u00e7\u00f5es. O despacho foi publicado no Di\u00e1rio da Rep\u00fablica e indica que a medida est\u00e1 vigente desde as 00:00 de quinta-feira, 5 de fevereiro. Na quinta-feira, o primeiro-ministro, Lu\u00eds Montenegro, anunciou a extens\u00e3o da calamidade por mais sete dias, at\u00e9 ao dia 15. A conting\u00eancia seguiu-se a uma fase de calamidade iniciada entre 28 de janeiro e 1 de fevereiro para cerca de 60 munic\u00edpios, tendo sido alargada at\u00e9 8 de fevereiro para 68 concelhos. O Governo decidiu declarar a conting\u00eancia nas zonas com maior risco de cheias e inunda\u00e7\u00f5es para assegurar a mobiliza\u00e7\u00e3o de todos os meios de prote\u00e7\u00e3o civil, bombeiros, militares e servi\u00e7os de apoio.\" \/>\n<meta property=\"og:url\" content=\"https:\/\/portaltela.pt\/noticias\/2026\/02\/08\/48-municipios-em-contingencia-ate-dia-15-por-mau-tempo\/\" \/>\n<meta property=\"og:site_name\" content=\"Portal Tela Portugal\" \/>\n<meta property=\"article:published_time\" content=\"2026-02-08T15:18:00+00:00\" \/>\n<meta name=\"author\" content=\"Telinha\" \/>\n<meta name=\"twitter:card\" content=\"summary_large_image\" \/>\n<meta name=\"twitter:label1\" content=\"Escrito por\" \/>\n\t<meta name=\"twitter:data1\" content=\"Telinha\" \/>\n\t<meta name=\"twitter:label2\" content=\"Tempo estimado de leitura\" \/>\n\t<meta name=\"twitter:data2\" content=\"1 minuto\" \/>\n<script type=\"application\/ld+json\" class=\"yoast-schema-graph\">{\"@context\":\"https:\/\/schema.org\",\"@graph\":[{\"@type\":\"Article\",\"@id\":\"https:\/\/portaltela.pt\/noticias\/2026\/02\/08\/48-municipios-em-contingencia-ate-dia-15-por-mau-tempo\/#article\",\"isPartOf\":{\"@id\":\"https:\/\/portaltela.pt\/noticias\/2026\/02\/08\/48-municipios-em-contingencia-ate-dia-15-por-mau-tempo\/\"},\"author\":{\"name\":\"Telinha\",\"@id\":\"https:\/\/portaltela.pt\/#\/schema\/person\/c4278d4a6028830caff9ee44b42d32ed\"},\"headline\":\"48 munic\u00edpios em conting\u00eancia at\u00e9 dia 15 por mau tempo\",\"datePublished\":\"2026-02-08T15:18:00+00:00\",\"mainEntityOfPage\":{\"@id\":\"https:\/\/portaltela.pt\/noticias\/2026\/02\/08\/48-municipios-em-contingencia-ate-dia-15-por-mau-tempo\/\"},\"wordCount\":239,\"image\":{\"@id\":\"https:\/\/portaltela.pt\/noticias\/2026\/02\/08\/48-municipios-em-contingencia-ate-dia-15-por-mau-tempo\/#primaryimage\"},\"thumbnailUrl\":\"https:\/\/portaltela.pt\/s.01k8rhncp4jt1\/2026\/02\/img_1500x1000uu2026-02-06-10-29-03-2265179-2.jpg\",\"keywords\":[\"calamidade p\u00fablica\",\"concelhos\",\"inunda\u00e7\u00f5es\",\"Lisboa\",\"Mort\u00e1gua\",\"Vila Franca de Xira\"],\"articleSection\":[\"Not\u00edcias\"],\"inLanguage\":\"pt-PT\"},{\"@type\":\"WebPage\",\"@id\":\"https:\/\/portaltela.pt\/noticias\/2026\/02\/08\/48-municipios-em-contingencia-ate-dia-15-por-mau-tempo\/\",\"url\":\"https:\/\/portaltela.pt\/noticias\/2026\/02\/08\/48-municipios-em-contingencia-ate-dia-15-por-mau-tempo\/\",\"name\":\"48 munic\u00edpios em conting\u00eancia at\u00e9 dia 15 por mau tempo - Portal Tela Portugal\",\"isPartOf\":{\"@id\":\"https:\/\/portaltela.pt\/#website\"},\"primaryImageOfPage\":{\"@id\":\"https:\/\/portaltela.pt\/noticias\/2026\/02\/08\/48-municipios-em-contingencia-ate-dia-15-por-mau-tempo\/#primaryimage\"},\"image\":{\"@id\":\"https:\/\/portaltela.pt\/noticias\/2026\/02\/08\/48-municipios-em-contingencia-ate-dia-15-por-mau-tempo\/#primaryimage\"},\"thumbnailUrl\":\"https:\/\/portaltela.pt\/s.01k8rhncp4jt1\/2026\/02\/img_1500x1000uu2026-02-06-10-29-03-2265179-2.jpg\",\"datePublished\":\"2026-02-08T15:18:00+00:00\",\"author\":{\"@id\":\"https:\/\/portaltela.pt\/#\/schema\/person\/c4278d4a6028830caff9ee44b42d32ed\"},\"breadcrumb\":{\"@id\":\"https:\/\/portaltela.pt\/noticias\/2026\/02\/08\/48-municipios-em-contingencia-ate-dia-15-por-mau-tempo\/#breadcrumb\"},\"inLanguage\":\"pt-PT\",\"potentialAction\":[{\"@type\":\"ReadAction\",\"target\":[\"https:\/\/portaltela.pt\/noticias\/2026\/02\/08\/48-municipios-em-contingencia-ate-dia-15-por-mau-tempo\/\"]}]},{\"@type\":\"ImageObject\",\"inLanguage\":\"pt-PT\",\"@id\":\"https:\/\/portaltela.pt\/noticias\/2026\/02\/08\/48-municipios-em-contingencia-ate-dia-15-por-mau-tempo\/#primaryimage\",\"url\":\"https:\/\/portaltela.pt\/s.01k8rhncp4jt1\/2026\/02\/img_1500x1000uu2026-02-06-10-29-03-2265179-2.jpg\",\"contentUrl\":\"https:\/\/portaltela.pt\/s.01k8rhncp4jt1\/2026\/02\/img_1500x1000uu2026-02-06-10-29-03-2265179-2.jpg\",\"width\":796,\"height\":448,\"caption\":\"48 munic\u00edpios est\u00e3o em situa\u00e7\u00e3o de conting\u00eancia at\u00e9 ao dia 15 devido ao mau tempo\"},{\"@type\":\"BreadcrumbList\",\"@id\":\"https:\/\/portaltela.pt\/noticias\/2026\/02\/08\/48-municipios-em-contingencia-ate-dia-15-por-mau-tempo\/#breadcrumb\",\"itemListElement\":[{\"@type\":\"ListItem\",\"position\":1,\"name\":\"In\u00edcio\",\"item\":\"https:\/\/portaltela.pt\/\"},{\"@type\":\"ListItem\",\"position\":2,\"name\":\"48 munic\u00edpios em conting\u00eancia at\u00e9 dia 15 por mau tempo\"}]},{\"@type\":\"WebSite\",\"@id\":\"https:\/\/portaltela.pt\/#website\",\"url\":\"https:\/\/portaltela.pt\/\",\"name\":\"Portal Tela Portugal\",\"description\":\"\",\"potentialAction\":[{\"@type\":\"SearchAction\",\"target\":{\"@type\":\"EntryPoint\",\"urlTemplate\":\"https:\/\/portaltela.pt\/?s={search_term_string}\"},\"query-input\":{\"@type\":\"PropertyValueSpecification\",\"valueRequired\":true,\"valueName\":\"search_term_string\"}}],\"inLanguage\":\"pt-PT\"},{\"@type\":\"Person\",\"@id\":\"https:\/\/portaltela.pt\/#\/schema\/person\/c4278d4a6028830caff9ee44b42d32ed\",\"name\":\"Telinha\",\"image\":{\"@type\":\"ImageObject\",\"inLanguage\":\"pt-PT\",\"@id\":\"https:\/\/portaltela.pt\/s.01k8rhncp4jt1\/2025\/11\/talking-bot-125x125.png\",\"url\":\"https:\/\/portaltela.pt\/s.01k8rhncp4jt1\/2025\/11\/talking-bot-125x125.png\",\"contentUrl\":\"https:\/\/portaltela.pt\/s.01k8rhncp4jt1\/2025\/11\/talking-bot-125x125.png\",\"caption\":\"Telinha\"},\"sameAs\":[\"https:\/\/portaltela.pt\/\"],\"url\":\"https:\/\/portaltela.pt\/por\/367410592786\/\"}]}<\/script>\n<!-- \/ Yoast SEO plugin. -->","yoast_head_json":{"title":"48 munic\u00edpios em conting\u00eancia at\u00e9 dia 15 por mau tempo - Portal Tela Portugal","robots":{"index":"index","follow":"follow","max-snippet":"max-snippet:-1","max-image-preview":"max-image-preview:large","max-video-preview":"max-video-preview:-1"},"og_locale":"pt_PT","og_type":"article","og_title":"48 munic\u00edpios em conting\u00eancia at\u00e9 dia 15 por mau tempo - Portal Tela Portugal","og_description":"O Governo colocou 48 concelhos de Portugal continental em situa\u00e7\u00e3o de conting\u00eancia at\u00e9 ao dia 15 de fevereiro, devido ao risco de cheias e inunda\u00e7\u00f5es. O despacho foi publicado no Di\u00e1rio da Rep\u00fablica e indica que a medida est\u00e1 vigente desde as 00:00 de quinta-feira, 5 de fevereiro. Na quinta-feira, o primeiro-ministro, Lu\u00eds Montenegro, anunciou a extens\u00e3o da calamidade por mais sete dias, at\u00e9 ao dia 15. A conting\u00eancia seguiu-se a uma fase de calamidade iniciada entre 28 de janeiro e 1 de fevereiro para cerca de 60 munic\u00edpios, tendo sido alargada at\u00e9 8 de fevereiro para 68 concelhos. O Governo decidiu declarar a conting\u00eancia nas zonas com maior risco de cheias e inunda\u00e7\u00f5es para assegurar a mobiliza\u00e7\u00e3o de todos os meios de prote\u00e7\u00e3o civil, bombeiros, militares e servi\u00e7os de apoio.","og_url":"https:\/\/portaltela.pt\/noticias\/2026\/02\/08\/48-municipios-em-contingencia-ate-dia-15-por-mau-tempo\/","og_site_name":"Portal Tela Portugal","article_published_time":"2026-02-08T15:18:00+00:00","author":"Telinha","twitter_card":"summary_large_image","twitter_misc":{"Escrito por":"Telinha","Tempo estimado de leitura":"1 minuto"},"schema":{"@context":"https:\/\/schema.org","@graph":[{"@type":"Article","@id":"https:\/\/portaltela.pt\/noticias\/2026\/02\/08\/48-municipios-em-contingencia-ate-dia-15-por-mau-tempo\/#article","isPartOf":{"@id":"https:\/\/portaltela.pt\/noticias\/2026\/02\/08\/48-municipios-em-contingencia-ate-dia-15-por-mau-tempo\/"},"author":{"name":"Telinha","@id":"https:\/\/portaltela.pt\/#\/schema\/person\/c4278d4a6028830caff9ee44b42d32ed"},"headline":"48 munic\u00edpios em conting\u00eancia at\u00e9 dia 15 por mau tempo","datePublished":"2026-02-08T15:18:00+00:00","mainEntityOfPage":{"@id":"https:\/\/portaltela.pt\/noticias\/2026\/02\/08\/48-municipios-em-contingencia-ate-dia-15-por-mau-tempo\/"},"wordCount":239,"image":{"@id":"https:\/\/portaltela.pt\/noticias\/2026\/02\/08\/48-municipios-em-contingencia-ate-dia-15-por-mau-tempo\/#primaryimage"},"thumbnailUrl":"https:\/\/portaltela.pt\/s.01k8rhncp4jt1\/2026\/02\/img_1500x1000uu2026-02-06-10-29-03-2265179-2.jpg","keywords":["calamidade p\u00fablica","concelhos","inunda\u00e7\u00f5es","Lisboa","Mort\u00e1gua","Vila Franca de Xira"],"articleSection":["Not\u00edcias"],"inLanguage":"pt-PT"},{"@type":"WebPage","@id":"https:\/\/portaltela.pt\/noticias\/2026\/02\/08\/48-municipios-em-contingencia-ate-dia-15-por-mau-tempo\/","url":"https:\/\/portaltela.pt\/noticias\/2026\/02\/08\/48-municipios-em-contingencia-ate-dia-15-por-mau-tempo\/","name":"48 munic\u00edpios em conting\u00eancia at\u00e9 dia 15 por mau tempo - Portal Tela Portugal","isPartOf":{"@id":"https:\/\/portaltela.pt\/#website"},"primaryImageOfPage":{"@id":"https:\/\/portaltela.pt\/noticias\/2026\/02\/08\/48-municipios-em-contingencia-ate-dia-15-por-mau-tempo\/#primaryimage"},"image":{"@id":"https:\/\/portaltela.pt\/noticias\/2026\/02\/08\/48-municipios-em-contingencia-ate-dia-15-por-mau-tempo\/#primaryimage"},"thumbnailUrl":"https:\/\/portaltela.pt\/s.01k8rhncp4jt1\/2026\/02\/img_1500x1000uu2026-02-06-10-29-03-2265179-2.jpg","datePublished":"2026-02-08T15:18:00+00:00","author":{"@id":"https:\/\/portaltela.pt\/#\/schema\/person\/c4278d4a6028830caff9ee44b42d32ed"},"breadcrumb":{"@id":"https:\/\/portaltela.pt\/noticias\/2026\/02\/08\/48-municipios-em-contingencia-ate-dia-15-por-mau-tempo\/#breadcrumb"},"inLanguage":"pt-PT","potentialAction":[{"@type":"ReadAction","target":["https:\/\/portaltela.pt\/noticias\/2026\/02\/08\/48-municipios-em-contingencia-ate-dia-15-por-mau-tempo\/"]}]},{"@type":"ImageObject","inLanguage":"pt-PT","@id":"https:\/\/portaltela.pt\/noticias\/2026\/02\/08\/48-municipios-em-contingencia-ate-dia-15-por-mau-tempo\/#primaryimage","url":"https:\/\/portaltela.pt\/s.01k8rhncp4jt1\/2026\/02\/img_1500x1000uu2026-02-06-10-29-03-2265179-2.jpg","contentUrl":"https:\/\/portaltela.pt\/s.01k8rhncp4jt1\/2026\/02\/img_1500x1000uu2026-02-06-10-29-03-2265179-2.jpg","width":796,"height":448,"caption":"48 munic\u00edpios est\u00e3o em situa\u00e7\u00e3o de conting\u00eancia at\u00e9 ao dia 15 devido ao mau tempo"},{"@type":"BreadcrumbList","@id":"https:\/\/portaltela.pt\/noticias\/2026\/02\/08\/48-municipios-em-contingencia-ate-dia-15-por-mau-tempo\/#breadcrumb","itemListElement":[{"@type":"ListItem","position":1,"name":"In\u00edcio","item":"https:\/\/portaltela.pt\/"},{"@type":"ListItem","position":2,"name":"48 munic\u00edpios em conting\u00eancia at\u00e9 dia 15 por mau tempo"}]},{"@type":"WebSite","@id":"https:\/\/portaltela.pt\/#website","url":"https:\/\/portaltela.pt\/","name":"Portal Tela Portugal","description":"","potentialAction":[{"@type":"SearchAction","target":{"@type":"EntryPoint","urlTemplate":"https:\/\/portaltela.pt\/?s={search_term_string}"},"query-input":{"@type":"PropertyValueSpecification","valueRequired":true,"valueName":"search_term_string"}}],"inLanguage":"pt-PT"},{"@type":"Person","@id":"https:\/\/portaltela.pt\/#\/schema\/person\/c4278d4a6028830caff9ee44b42d32ed","name":"Telinha","image":{"@type":"ImageObject","inLanguage":"pt-PT","@id":"https:\/\/portaltela.pt\/s.01k8rhncp4jt1\/2025\/11\/talking-bot-125x125.png","url":"https:\/\/portaltela.pt\/s.01k8rhncp4jt1\/2025\/11\/talking-bot-125x125.png","contentUrl":"https:\/\/portaltela.pt\/s.01k8rhncp4jt1\/2025\/11\/talking-bot-125x125.png","caption":"Telinha"},"sameAs":["https:\/\/portaltela.pt\/"],"url":"https:\/\/portaltela.pt\/por\/367410592786\/"}]}},"_links":{"self":[{"href":"https:\/\/portaltela.pt\/api\/wp\/v2\/posts\/204125","targetHints":{"allow":["GET"]}}],"collection":[{"href":"https:\/\/portaltela.pt\/api\/wp\/v2\/posts"}],"about":[{"href":"https:\/\/portaltela.pt\/api\/wp\/v2\/types\/post"}],"author":[{"embeddable":true,"href":"https:\/\/portaltela.pt\/api\/wp\/v2\/users\/2"}],"replies":[{"embeddable":true,"href":"https:\/\/portaltela.pt\/api\/wp\/v2\/comments?post=204125"}],"version-history":[{"count":0,"href":"https:\/\/portaltela.pt\/api\/wp\/v2\/posts\/204125\/revisions"}],"wp:featuredmedia":[{"embeddable":true,"href":"https:\/\/portaltela.pt\/api\/wp\/v2\/media\/204126"}],"wp:attachment":[{"href":"https:\/\/portaltela.pt\/api\/wp\/v2\/media?parent=204125"}],"wp:term":[{"taxonomy":"category","embeddable":true,"href":"https:\/\/portaltela.pt\/api\/wp\/v2\/categories?post=204125"},{"taxonomy":"post_tag","embeddable":true,"href":"https:\/\/portaltela.pt\/api\/wp\/v2\/tags?post=204125"}],"curies":[{"name":"wp","href":"https:\/\/api.w.org\/{rel}","templated":true}]}}