{"id":204064,"date":"2026-02-08T11:34:00","date_gmt":"2026-02-08T14:34:00","guid":{"rendered":"https:\/\/portaltela.pt\/noticias\/2026\/02\/08\/campo-maior-lamenta-a-morte-de-bombeiro-altruista\/"},"modified":"2026-02-08T11:34:00","modified_gmt":"2026-02-08T14:34:00","slug":"campo-maior-lamenta-a-morte-de-bombeiro-altruista","status":"publish","type":"post","link":"https:\/\/portaltela.pt\/noticias\/2026\/02\/08\/campo-maior-lamenta-a-morte-de-bombeiro-altruista\/","title":{"rendered":"Campo Maior lamenta a morte de bombeiro altru\u00edsta"},"content":{"rendered":"<p>O bombeiro volunt\u00e1rio e militar da GNR Jos\u00e9 Valter Canastreiro morreu no s\u00e1bado, aos 46 anos, ao servi\u00e7o dos Bombeiros Volunt\u00e1rios de Campo Maior, no distrito de Portalegre, durante opera\u00e7\u00f5es de apoio \u00e0s comunidades afetadas pelo mau tempo. A autarquia de Campo Maior declarou tr\u00eas dias de luto municipal e destacou a sua disponibilidade e dedica\u00e7\u00e3o \u00e0 comunidade.<\/p>\n<p>Valter Canastreiro era tamb\u00e9m militar da GNR e tinha passado por servi\u00e7o nas For\u00e7as Armadas, incluindo o grupo de fuzileiros, al\u00e9m de ter atividade como mergulhador. As circunst\u00e2ncias da morte est\u00e3o a ser investigadas, mas as primeiras informa\u00e7\u00f5es apontam para uma grande corrente de \u00e1gua na zona onde decorriam trabalhos de reconhecimento.<\/p>\n<p>A autarquia e o corpo de bombeiros manifestaram o pesar. O presidente da C\u00e2mara de Campo Maior descreveu o bombeiro como algu\u00e9m altru\u00edsta, competente e com grande experi\u00eancia. O luto foi ainda estendido \u00e0 fam\u00edlia, com apoio psicol\u00f3gico j\u00e1 disponibilizado \u00e0s pessoas pr\u00f3ximas e aos bombeiros envolvidos.<\/p>\n<h3>Quem era Jos\u00e9 Valter Canastreiro<\/h3>\n<p>O veterano possu\u00eda uma carreira marcada pela dedica\u00e7\u00e3o ao pr\u00f3ximo e pela participa\u00e7\u00e3o em atividades comunit\u00e1rias locais. Era s\u00f3cio fundador de uma associa\u00e7\u00e3o dedicada \u00e0 ecologia e desportos de aventura, onde deixou marcas de garra e esp\u00edrito de miss\u00e3o.<\/p>\n<h3>Circunst\u00e2ncias da morte<\/h3>\n<p>De acordo com fontes municipais, a morte ocorreu durante a\u00e7\u00f5es de reconhecimento ao terreno, em plena atua\u00e7\u00e3o de prote\u00e7\u00e3o civil. O corpo encontra-se na morgue do Hospital de Elvas para aut\u00f3psia, conforme informa\u00e7\u00f5es oficiais.<\/p>\n<h3>Rea\u00e7\u00e3o da comunidade<\/h3>\n<p>A rea\u00e7\u00e3o \u00e9 marcada por condol\u00eancias e pelo reconhecimento da entrega de Canastreiro, cuja perda \u00e9 descrita como significativa para Campo Maior e para os bombeiros da regi\u00e3o. O munic\u00edpio apelou ao equil\u00edbrio emocional e reiterou o compromisso com as suas fam\u00edlias.<\/p>\n","protected":false},"excerpt":{"rendered":"<ul>\n<li>O bombeiro volunt\u00e1rio e militar da GNR Jos\u00e9 Valter Canastreiro, com 46 anos, morreu no s\u00e1bado, enquanto prestava apoio \u00e0s comunidades afetadas pelo mau tempo no distrito de Portalegre.<\/li>\n<li>A perda ocorreu durante a\u00e7\u00f5es de reconhecimento junto a uma zona com forte corrente de \u00e1gua; as circunst\u00e2ncias exatas est\u00e3o a ser apuradas.<\/li>\n<li>Jos\u00e9 Valter Canastreiro era reconhecido pela disponibilidade e pelo esp\u00edrito de servi\u00e7o, deixando dois filhos menores.<\/li>\n<li>A C\u00e2mara de Campo Maior decretou tr\u00eas dias de luto municipal e abriu apoio psicol\u00f3gico \u00e0 fam\u00edlia e ao corpo de bombeiros.<\/li>\n<li>O caso j\u00e1 \u00e9 o 14.\u00ba \u00f3bito ligado \u00e0s tempestades que atingem Portugal continental nas \u00faltimas semanas.<\/li>\n<\/ul>\n","protected":false},"author":2,"featured_media":204070,"comment_status":"closed","ping_status":"closed","sticky":false,"template":"","format":"standard","meta":{"footnotes":""},"categories":[1],"tags":[4351,3346,5215,1380,215,320],"class_list":["post-204064","post","type-post","status-publish","format-standard","has-post-thumbnail","hentry","category-noticias","tag-bombeiros-voluntarios","tag-campo-maior","tag-catastrofes-naturais","tag-gnr","tag-investigacao","tag-protecao-civil"],"yoast_head":"<!-- This site is optimized with the Yoast SEO plugin v27.2 - https:\/\/yoast.com\/product\/yoast-seo-wordpress\/ -->\n<title>Campo Maior lamenta a morte de bombeiro altru\u00edsta - Portal Tela Portugal<\/title>\n<meta name=\"robots\" content=\"index, follow, max-snippet:-1, max-image-preview:large, max-video-preview:-1\" \/>\n<meta property=\"og:locale\" content=\"pt_PT\" \/>\n<meta property=\"og:type\" content=\"article\" \/>\n<meta property=\"og:title\" content=\"Campo Maior lamenta a morte de bombeiro altru\u00edsta - Portal Tela Portugal\" \/>\n<meta property=\"og:description\" content=\"O bombeiro volunt\u00e1rio e militar da GNR Jos\u00e9 Valter Canastreiro, com 46 anos, morreu no s\u00e1bado, enquanto prestava apoio \u00e0s comunidades afetadas pelo mau tempo no distrito de Portalegre. A perda ocorreu durante a\u00e7\u00f5es de reconhecimento junto a uma zona com forte corrente de \u00e1gua; as circunst\u00e2ncias exatas est\u00e3o a ser apuradas. Jos\u00e9 Valter Canastreiro era reconhecido pela disponibilidade e pelo esp\u00edrito de servi\u00e7o, deixando dois filhos menores. A C\u00e2mara de Campo Maior decretou tr\u00eas dias de luto municipal e abriu apoio psicol\u00f3gico \u00e0 fam\u00edlia e ao corpo de bombeiros. O caso j\u00e1 \u00e9 o 14.\u00ba \u00f3bito ligado \u00e0s tempestades que atingem Portugal continental nas \u00faltimas semanas.\" \/>\n<meta property=\"og:url\" content=\"https:\/\/portaltela.pt\/noticias\/2026\/02\/08\/campo-maior-lamenta-a-morte-de-bombeiro-altruista\/\" \/>\n<meta property=\"og:site_name\" content=\"Portal Tela Portugal\" \/>\n<meta property=\"article:published_time\" content=\"2026-02-08T14:34:00+00:00\" \/>\n<meta name=\"author\" content=\"Telinha\" \/>\n<meta name=\"twitter:card\" content=\"summary_large_image\" \/>\n<meta name=\"twitter:label1\" content=\"Escrito por\" \/>\n\t<meta name=\"twitter:data1\" content=\"Telinha\" \/>\n\t<meta name=\"twitter:label2\" content=\"Tempo estimado de leitura\" \/>\n\t<meta name=\"twitter:data2\" content=\"2 minutos\" \/>\n<script type=\"application\/ld+json\" class=\"yoast-schema-graph\">{\"@context\":\"https:\/\/schema.org\",\"@graph\":[{\"@type\":\"Article\",\"@id\":\"https:\/\/portaltela.pt\/noticias\/2026\/02\/08\/campo-maior-lamenta-a-morte-de-bombeiro-altruista\/#article\",\"isPartOf\":{\"@id\":\"https:\/\/portaltela.pt\/noticias\/2026\/02\/08\/campo-maior-lamenta-a-morte-de-bombeiro-altruista\/\"},\"author\":{\"name\":\"Telinha\",\"@id\":\"https:\/\/portaltela.pt\/#\/schema\/person\/c4278d4a6028830caff9ee44b42d32ed\"},\"headline\":\"Campo Maior lamenta a morte de bombeiro altru\u00edsta\",\"datePublished\":\"2026-02-08T14:34:00+00:00\",\"mainEntityOfPage\":{\"@id\":\"https:\/\/portaltela.pt\/noticias\/2026\/02\/08\/campo-maior-lamenta-a-morte-de-bombeiro-altruista\/\"},\"wordCount\":329,\"image\":{\"@id\":\"https:\/\/portaltela.pt\/noticias\/2026\/02\/08\/campo-maior-lamenta-a-morte-de-bombeiro-altruista\/#primaryimage\"},\"thumbnailUrl\":\"https:\/\/portaltela.pt\/s.01k8rhncp4jt1\/2026\/02\/2065544.jpg\",\"keywords\":[\"Bombeiros Volunt\u00e1rios\",\"Campo Maior\",\"cat\u00e1strofes naturais\",\"GNR\",\"investiga\u00e7\u00e3o\",\"prote\u00e7\u00e3o civil\"],\"articleSection\":[\"Not\u00edcias\"],\"inLanguage\":\"pt-PT\"},{\"@type\":\"WebPage\",\"@id\":\"https:\/\/portaltela.pt\/noticias\/2026\/02\/08\/campo-maior-lamenta-a-morte-de-bombeiro-altruista\/\",\"url\":\"https:\/\/portaltela.pt\/noticias\/2026\/02\/08\/campo-maior-lamenta-a-morte-de-bombeiro-altruista\/\",\"name\":\"Campo Maior lamenta a morte de bombeiro altru\u00edsta - Portal Tela Portugal\",\"isPartOf\":{\"@id\":\"https:\/\/portaltela.pt\/#website\"},\"primaryImageOfPage\":{\"@id\":\"https:\/\/portaltela.pt\/noticias\/2026\/02\/08\/campo-maior-lamenta-a-morte-de-bombeiro-altruista\/#primaryimage\"},\"image\":{\"@id\":\"https:\/\/portaltela.pt\/noticias\/2026\/02\/08\/campo-maior-lamenta-a-morte-de-bombeiro-altruista\/#primaryimage\"},\"thumbnailUrl\":\"https:\/\/portaltela.pt\/s.01k8rhncp4jt1\/2026\/02\/2065544.jpg\",\"datePublished\":\"2026-02-08T14:34:00+00:00\",\"author\":{\"@id\":\"https:\/\/portaltela.pt\/#\/schema\/person\/c4278d4a6028830caff9ee44b42d32ed\"},\"breadcrumb\":{\"@id\":\"https:\/\/portaltela.pt\/noticias\/2026\/02\/08\/campo-maior-lamenta-a-morte-de-bombeiro-altruista\/#breadcrumb\"},\"inLanguage\":\"pt-PT\",\"potentialAction\":[{\"@type\":\"ReadAction\",\"target\":[\"https:\/\/portaltela.pt\/noticias\/2026\/02\/08\/campo-maior-lamenta-a-morte-de-bombeiro-altruista\/\"]}]},{\"@type\":\"ImageObject\",\"inLanguage\":\"pt-PT\",\"@id\":\"https:\/\/portaltela.pt\/noticias\/2026\/02\/08\/campo-maior-lamenta-a-morte-de-bombeiro-altruista\/#primaryimage\",\"url\":\"https:\/\/portaltela.pt\/s.01k8rhncp4jt1\/2026\/02\/2065544.jpg\",\"contentUrl\":\"https:\/\/portaltela.pt\/s.01k8rhncp4jt1\/2026\/02\/2065544.jpg\",\"width\":796,\"height\":448,\"caption\":\"Jos\u00e9 Valter Canastreiro morreu no s\u00e1bado enquanto prestava servi\u00e7os de apoio \u00e0s comunidades afectadas pelo mau tempo\"},{\"@type\":\"BreadcrumbList\",\"@id\":\"https:\/\/portaltela.pt\/noticias\/2026\/02\/08\/campo-maior-lamenta-a-morte-de-bombeiro-altruista\/#breadcrumb\",\"itemListElement\":[{\"@type\":\"ListItem\",\"position\":1,\"name\":\"In\u00edcio\",\"item\":\"https:\/\/portaltela.pt\/\"},{\"@type\":\"ListItem\",\"position\":2,\"name\":\"Campo Maior lamenta a morte de bombeiro altru\u00edsta\"}]},{\"@type\":\"WebSite\",\"@id\":\"https:\/\/portaltela.pt\/#website\",\"url\":\"https:\/\/portaltela.pt\/\",\"name\":\"Portal Tela Portugal\",\"description\":\"\",\"potentialAction\":[{\"@type\":\"SearchAction\",\"target\":{\"@type\":\"EntryPoint\",\"urlTemplate\":\"https:\/\/portaltela.pt\/?s={search_term_string}\"},\"query-input\":{\"@type\":\"PropertyValueSpecification\",\"valueRequired\":true,\"valueName\":\"search_term_string\"}}],\"inLanguage\":\"pt-PT\"},{\"@type\":\"Person\",\"@id\":\"https:\/\/portaltela.pt\/#\/schema\/person\/c4278d4a6028830caff9ee44b42d32ed\",\"name\":\"Telinha\",\"image\":{\"@type\":\"ImageObject\",\"inLanguage\":\"pt-PT\",\"@id\":\"https:\/\/portaltela.pt\/s.01k8rhncp4jt1\/2025\/11\/talking-bot-125x125.png\",\"url\":\"https:\/\/portaltela.pt\/s.01k8rhncp4jt1\/2025\/11\/talking-bot-125x125.png\",\"contentUrl\":\"https:\/\/portaltela.pt\/s.01k8rhncp4jt1\/2025\/11\/talking-bot-125x125.png\",\"caption\":\"Telinha\"},\"sameAs\":[\"https:\/\/portaltela.pt\/\"],\"url\":\"https:\/\/portaltela.pt\/por\/367410592786\/\"}]}<\/script>\n<!-- \/ Yoast SEO plugin. -->","yoast_head_json":{"title":"Campo Maior lamenta a morte de bombeiro altru\u00edsta - Portal Tela Portugal","robots":{"index":"index","follow":"follow","max-snippet":"max-snippet:-1","max-image-preview":"max-image-preview:large","max-video-preview":"max-video-preview:-1"},"og_locale":"pt_PT","og_type":"article","og_title":"Campo Maior lamenta a morte de bombeiro altru\u00edsta - Portal Tela Portugal","og_description":"O bombeiro volunt\u00e1rio e militar da GNR Jos\u00e9 Valter Canastreiro, com 46 anos, morreu no s\u00e1bado, enquanto prestava apoio \u00e0s comunidades afetadas pelo mau tempo no distrito de Portalegre. A perda ocorreu durante a\u00e7\u00f5es de reconhecimento junto a uma zona com forte corrente de \u00e1gua; as circunst\u00e2ncias exatas est\u00e3o a ser apuradas. Jos\u00e9 Valter Canastreiro era reconhecido pela disponibilidade e pelo esp\u00edrito de servi\u00e7o, deixando dois filhos menores. A C\u00e2mara de Campo Maior decretou tr\u00eas dias de luto municipal e abriu apoio psicol\u00f3gico \u00e0 fam\u00edlia e ao corpo de bombeiros. O caso j\u00e1 \u00e9 o 14.\u00ba \u00f3bito ligado \u00e0s tempestades que atingem Portugal continental nas \u00faltimas semanas.","og_url":"https:\/\/portaltela.pt\/noticias\/2026\/02\/08\/campo-maior-lamenta-a-morte-de-bombeiro-altruista\/","og_site_name":"Portal Tela Portugal","article_published_time":"2026-02-08T14:34:00+00:00","author":"Telinha","twitter_card":"summary_large_image","twitter_misc":{"Escrito por":"Telinha","Tempo estimado de leitura":"2 minutos"},"schema":{"@context":"https:\/\/schema.org","@graph":[{"@type":"Article","@id":"https:\/\/portaltela.pt\/noticias\/2026\/02\/08\/campo-maior-lamenta-a-morte-de-bombeiro-altruista\/#article","isPartOf":{"@id":"https:\/\/portaltela.pt\/noticias\/2026\/02\/08\/campo-maior-lamenta-a-morte-de-bombeiro-altruista\/"},"author":{"name":"Telinha","@id":"https:\/\/portaltela.pt\/#\/schema\/person\/c4278d4a6028830caff9ee44b42d32ed"},"headline":"Campo Maior lamenta a morte de bombeiro altru\u00edsta","datePublished":"2026-02-08T14:34:00+00:00","mainEntityOfPage":{"@id":"https:\/\/portaltela.pt\/noticias\/2026\/02\/08\/campo-maior-lamenta-a-morte-de-bombeiro-altruista\/"},"wordCount":329,"image":{"@id":"https:\/\/portaltela.pt\/noticias\/2026\/02\/08\/campo-maior-lamenta-a-morte-de-bombeiro-altruista\/#primaryimage"},"thumbnailUrl":"https:\/\/portaltela.pt\/s.01k8rhncp4jt1\/2026\/02\/2065544.jpg","keywords":["Bombeiros Volunt\u00e1rios","Campo Maior","cat\u00e1strofes naturais","GNR","investiga\u00e7\u00e3o","prote\u00e7\u00e3o civil"],"articleSection":["Not\u00edcias"],"inLanguage":"pt-PT"},{"@type":"WebPage","@id":"https:\/\/portaltela.pt\/noticias\/2026\/02\/08\/campo-maior-lamenta-a-morte-de-bombeiro-altruista\/","url":"https:\/\/portaltela.pt\/noticias\/2026\/02\/08\/campo-maior-lamenta-a-morte-de-bombeiro-altruista\/","name":"Campo Maior lamenta a morte de bombeiro altru\u00edsta - Portal Tela Portugal","isPartOf":{"@id":"https:\/\/portaltela.pt\/#website"},"primaryImageOfPage":{"@id":"https:\/\/portaltela.pt\/noticias\/2026\/02\/08\/campo-maior-lamenta-a-morte-de-bombeiro-altruista\/#primaryimage"},"image":{"@id":"https:\/\/portaltela.pt\/noticias\/2026\/02\/08\/campo-maior-lamenta-a-morte-de-bombeiro-altruista\/#primaryimage"},"thumbnailUrl":"https:\/\/portaltela.pt\/s.01k8rhncp4jt1\/2026\/02\/2065544.jpg","datePublished":"2026-02-08T14:34:00+00:00","author":{"@id":"https:\/\/portaltela.pt\/#\/schema\/person\/c4278d4a6028830caff9ee44b42d32ed"},"breadcrumb":{"@id":"https:\/\/portaltela.pt\/noticias\/2026\/02\/08\/campo-maior-lamenta-a-morte-de-bombeiro-altruista\/#breadcrumb"},"inLanguage":"pt-PT","potentialAction":[{"@type":"ReadAction","target":["https:\/\/portaltela.pt\/noticias\/2026\/02\/08\/campo-maior-lamenta-a-morte-de-bombeiro-altruista\/"]}]},{"@type":"ImageObject","inLanguage":"pt-PT","@id":"https:\/\/portaltela.pt\/noticias\/2026\/02\/08\/campo-maior-lamenta-a-morte-de-bombeiro-altruista\/#primaryimage","url":"https:\/\/portaltela.pt\/s.01k8rhncp4jt1\/2026\/02\/2065544.jpg","contentUrl":"https:\/\/portaltela.pt\/s.01k8rhncp4jt1\/2026\/02\/2065544.jpg","width":796,"height":448,"caption":"Jos\u00e9 Valter Canastreiro morreu no s\u00e1bado enquanto prestava servi\u00e7os de apoio \u00e0s comunidades afectadas pelo mau tempo"},{"@type":"BreadcrumbList","@id":"https:\/\/portaltela.pt\/noticias\/2026\/02\/08\/campo-maior-lamenta-a-morte-de-bombeiro-altruista\/#breadcrumb","itemListElement":[{"@type":"ListItem","position":1,"name":"In\u00edcio","item":"https:\/\/portaltela.pt\/"},{"@type":"ListItem","position":2,"name":"Campo Maior lamenta a morte de bombeiro altru\u00edsta"}]},{"@type":"WebSite","@id":"https:\/\/portaltela.pt\/#website","url":"https:\/\/portaltela.pt\/","name":"Portal Tela Portugal","description":"","potentialAction":[{"@type":"SearchAction","target":{"@type":"EntryPoint","urlTemplate":"https:\/\/portaltela.pt\/?s={search_term_string}"},"query-input":{"@type":"PropertyValueSpecification","valueRequired":true,"valueName":"search_term_string"}}],"inLanguage":"pt-PT"},{"@type":"Person","@id":"https:\/\/portaltela.pt\/#\/schema\/person\/c4278d4a6028830caff9ee44b42d32ed","name":"Telinha","image":{"@type":"ImageObject","inLanguage":"pt-PT","@id":"https:\/\/portaltela.pt\/s.01k8rhncp4jt1\/2025\/11\/talking-bot-125x125.png","url":"https:\/\/portaltela.pt\/s.01k8rhncp4jt1\/2025\/11\/talking-bot-125x125.png","contentUrl":"https:\/\/portaltela.pt\/s.01k8rhncp4jt1\/2025\/11\/talking-bot-125x125.png","caption":"Telinha"},"sameAs":["https:\/\/portaltela.pt\/"],"url":"https:\/\/portaltela.pt\/por\/367410592786\/"}]}},"_links":{"self":[{"href":"https:\/\/portaltela.pt\/api\/wp\/v2\/posts\/204064","targetHints":{"allow":["GET"]}}],"collection":[{"href":"https:\/\/portaltela.pt\/api\/wp\/v2\/posts"}],"about":[{"href":"https:\/\/portaltela.pt\/api\/wp\/v2\/types\/post"}],"author":[{"embeddable":true,"href":"https:\/\/portaltela.pt\/api\/wp\/v2\/users\/2"}],"replies":[{"embeddable":true,"href":"https:\/\/portaltela.pt\/api\/wp\/v2\/comments?post=204064"}],"version-history":[{"count":0,"href":"https:\/\/portaltela.pt\/api\/wp\/v2\/posts\/204064\/revisions"}],"wp:featuredmedia":[{"embeddable":true,"href":"https:\/\/portaltela.pt\/api\/wp\/v2\/media\/204070"}],"wp:attachment":[{"href":"https:\/\/portaltela.pt\/api\/wp\/v2\/media?parent=204064"}],"wp:term":[{"taxonomy":"category","embeddable":true,"href":"https:\/\/portaltela.pt\/api\/wp\/v2\/categories?post=204064"},{"taxonomy":"post_tag","embeddable":true,"href":"https:\/\/portaltela.pt\/api\/wp\/v2\/tags?post=204064"}],"curies":[{"name":"wp","href":"https:\/\/api.w.org\/{rel}","templated":true}]}}