{"id":204059,"date":"2026-02-08T11:16:00","date_gmt":"2026-02-08T14:16:00","guid":{"rendered":"https:\/\/portaltela.pt\/noticias\/2026\/02\/08\/lider-do-jpp-alerta-para-possivel-vitoria-da-abstencao\/"},"modified":"2026-02-08T11:16:00","modified_gmt":"2026-02-08T14:16:00","slug":"lider-do-jpp-alerta-para-possivel-vitoria-da-abstencao","status":"publish","type":"post","link":"https:\/\/portaltela.pt\/noticias\/2026\/02\/08\/lider-do-jpp-alerta-para-possivel-vitoria-da-abstencao\/","title":{"rendered":"L\u00edder do JPP alerta para poss\u00edvel vit\u00f3ria da absten\u00e7\u00e3o"},"content":{"rendered":"<p>O l\u00edder do Juntos Pelo Povo (JPP) afirmou que, em elei\u00e7\u00f5es com absten\u00e7\u00e3o potencial, \u00e9 essencial recordar o poder constitucional que pertence ao povo. Em Gaula, na freguesia de Santa Cruz, zona leste da ilha, votou numa sec\u00e7\u00e3o instalada no Sal\u00e3o Paroquial. Chamou os cidad\u00e3os a exercer o direito de voto e a evitar que a absten\u00e7\u00e3o seja vencedora.<\/p>\n<p>O JPP iniciou-se em 2009 como movimento c\u00edvico em Santa Cruz e hoje \u00e9 o maior partido da oposi\u00e7\u00e3o madeirense, contando com 11 deputados na Assembleia Legislativa e presen\u00e7a na Assembleia da Rep\u00fablica. A for\u00e7a regional \u00e9 destacada pela lideran\u00e7a e pela representatividade em parlamentos nacionais.<\/p>\n<p>Mais de 11 milh\u00f5es de eleitores est\u00e3o chamados \u00e0 segunda volta das presidenciais, para escolher o substituto de Marcelo Rebelo de Sousa. As vota\u00e7\u00f5es ocorrem num contexto de mau tempo, com previs\u00e3o de chuva e vento.<\/p>\n<p>Na segunda volta disputam Ant\u00f3nio Jos\u00e9 Seguro e Andr\u00e9 Ventura, tr\u00eas semanas ap\u00f3s o primeiro escrut\u00ednio de 18 de janeiro. No primeiro sufr\u00e1gio, Seguro ficou com 31,1% dos votos e Ventura com 23,52%, de acordo com o apuramento geral.<\/p>\n","protected":false},"excerpt":{"rendered":"<ul>\n<li>O l\u00edder do Juntos Pelo Povo (JPP) advertiu que a absten\u00e7\u00e3o n\u00e3o pode vencer na segunda volta das presidenciais.<\/li>\n<li>\u00c9lvio Sousa votou numa sec\u00e7\u00e3o instalada no Sal\u00e3o Paroquial de Gaula, em Santa Cruz, na zona leste da ilha.<\/li>\n<li>O JPP \u00e9 hoje o maior partido da oposi\u00e7\u00e3o madeirense, com 11 deputados na Assembleia Legislativa e representa\u00e7\u00e3o na Assembleia da Rep\u00fablica.<\/li>\n<li>Mais de 11 milh\u00f5es de eleitores est\u00e3o chamados a votar na segunda volta para escolher o substituto de Marcelo Rebelo de Sousa, com previs\u00e3o de mau tempo.<\/li>\n<li>No primeiro sufr\u00e1gio, Ant\u00f3nio Jos\u00e9 Seguro obteve 31,1% dos votos e Andr\u00e9 Ventura ficou com 23,52%.<\/li>\n<\/ul>\n","protected":false},"author":2,"featured_media":204061,"comment_status":"closed","ping_status":"closed","sticky":false,"template":"","format":"standard","meta":{"footnotes":""},"categories":[1],"tags":[3412,2453,68,4669,859,3001],"class_list":["post-204059","post","type-post","status-publish","format-standard","has-post-thumbnail","hentry","category-noticias","tag-abstencao","tag-andre-ventura","tag-eleicoes","tag-jpp","tag-madeira","tag-presidenciais"],"yoast_head":"<!-- This site is optimized with the Yoast SEO plugin v27.2 - https:\/\/yoast.com\/product\/yoast-seo-wordpress\/ -->\n<title>L\u00edder do JPP alerta para poss\u00edvel vit\u00f3ria da absten\u00e7\u00e3o - Portal Tela Portugal<\/title>\n<meta name=\"robots\" content=\"index, follow, max-snippet:-1, max-image-preview:large, max-video-preview:-1\" \/>\n<meta property=\"og:locale\" content=\"pt_PT\" \/>\n<meta property=\"og:type\" content=\"article\" \/>\n<meta property=\"og:title\" content=\"L\u00edder do JPP alerta para poss\u00edvel vit\u00f3ria da absten\u00e7\u00e3o - Portal Tela Portugal\" \/>\n<meta property=\"og:description\" content=\"O l\u00edder do Juntos Pelo Povo (JPP) advertiu que a absten\u00e7\u00e3o n\u00e3o pode vencer na segunda volta das presidenciais. \u00c9lvio Sousa votou numa sec\u00e7\u00e3o instalada no Sal\u00e3o Paroquial de Gaula, em Santa Cruz, na zona leste da ilha. O JPP \u00e9 hoje o maior partido da oposi\u00e7\u00e3o madeirense, com 11 deputados na Assembleia Legislativa e representa\u00e7\u00e3o na Assembleia da Rep\u00fablica. Mais de 11 milh\u00f5es de eleitores est\u00e3o chamados a votar na segunda volta para escolher o substituto de Marcelo Rebelo de Sousa, com previs\u00e3o de mau tempo. No primeiro sufr\u00e1gio, Ant\u00f3nio Jos\u00e9 Seguro obteve 31,1% dos votos e Andr\u00e9 Ventura ficou com 23,52%.\" \/>\n<meta property=\"og:url\" content=\"https:\/\/portaltela.pt\/noticias\/2026\/02\/08\/lider-do-jpp-alerta-para-possivel-vitoria-da-abstencao\/\" \/>\n<meta property=\"og:site_name\" content=\"Portal Tela Portugal\" \/>\n<meta property=\"article:published_time\" content=\"2026-02-08T14:16:00+00:00\" \/>\n<meta name=\"author\" content=\"Telinha\" \/>\n<meta name=\"twitter:card\" content=\"summary_large_image\" \/>\n<meta name=\"twitter:label1\" content=\"Escrito por\" \/>\n\t<meta name=\"twitter:data1\" content=\"Telinha\" \/>\n\t<meta name=\"twitter:label2\" content=\"Tempo estimado de leitura\" \/>\n\t<meta name=\"twitter:data2\" content=\"1 minuto\" \/>\n<script type=\"application\/ld+json\" class=\"yoast-schema-graph\">{\"@context\":\"https:\/\/schema.org\",\"@graph\":[{\"@type\":\"Article\",\"@id\":\"https:\/\/portaltela.pt\/noticias\/2026\/02\/08\/lider-do-jpp-alerta-para-possivel-vitoria-da-abstencao\/#article\",\"isPartOf\":{\"@id\":\"https:\/\/portaltela.pt\/noticias\/2026\/02\/08\/lider-do-jpp-alerta-para-possivel-vitoria-da-abstencao\/\"},\"author\":{\"name\":\"Telinha\",\"@id\":\"https:\/\/portaltela.pt\/#\/schema\/person\/c4278d4a6028830caff9ee44b42d32ed\"},\"headline\":\"L\u00edder do JPP alerta para poss\u00edvel vit\u00f3ria da absten\u00e7\u00e3o\",\"datePublished\":\"2026-02-08T14:16:00+00:00\",\"mainEntityOfPage\":{\"@id\":\"https:\/\/portaltela.pt\/noticias\/2026\/02\/08\/lider-do-jpp-alerta-para-possivel-vitoria-da-abstencao\/\"},\"wordCount\":205,\"image\":{\"@id\":\"https:\/\/portaltela.pt\/noticias\/2026\/02\/08\/lider-do-jpp-alerta-para-possivel-vitoria-da-abstencao\/#primaryimage\"},\"thumbnailUrl\":\"https:\/\/portaltela.pt\/s.01k8rhncp4jt1\/2026\/02\/image-631.jpg\",\"keywords\":[\"absten\u00e7\u00e3o\",\"Andr\u00e9 Ventura\",\"elei\u00e7\u00f5es\",\"JPP\",\"Madeira\",\"Presidenciais\"],\"articleSection\":[\"Not\u00edcias\"],\"inLanguage\":\"pt-PT\"},{\"@type\":\"WebPage\",\"@id\":\"https:\/\/portaltela.pt\/noticias\/2026\/02\/08\/lider-do-jpp-alerta-para-possivel-vitoria-da-abstencao\/\",\"url\":\"https:\/\/portaltela.pt\/noticias\/2026\/02\/08\/lider-do-jpp-alerta-para-possivel-vitoria-da-abstencao\/\",\"name\":\"L\u00edder do JPP alerta para poss\u00edvel vit\u00f3ria da absten\u00e7\u00e3o - Portal Tela Portugal\",\"isPartOf\":{\"@id\":\"https:\/\/portaltela.pt\/#website\"},\"primaryImageOfPage\":{\"@id\":\"https:\/\/portaltela.pt\/noticias\/2026\/02\/08\/lider-do-jpp-alerta-para-possivel-vitoria-da-abstencao\/#primaryimage\"},\"image\":{\"@id\":\"https:\/\/portaltela.pt\/noticias\/2026\/02\/08\/lider-do-jpp-alerta-para-possivel-vitoria-da-abstencao\/#primaryimage\"},\"thumbnailUrl\":\"https:\/\/portaltela.pt\/s.01k8rhncp4jt1\/2026\/02\/image-631.jpg\",\"datePublished\":\"2026-02-08T14:16:00+00:00\",\"author\":{\"@id\":\"https:\/\/portaltela.pt\/#\/schema\/person\/c4278d4a6028830caff9ee44b42d32ed\"},\"breadcrumb\":{\"@id\":\"https:\/\/portaltela.pt\/noticias\/2026\/02\/08\/lider-do-jpp-alerta-para-possivel-vitoria-da-abstencao\/#breadcrumb\"},\"inLanguage\":\"pt-PT\",\"potentialAction\":[{\"@type\":\"ReadAction\",\"target\":[\"https:\/\/portaltela.pt\/noticias\/2026\/02\/08\/lider-do-jpp-alerta-para-possivel-vitoria-da-abstencao\/\"]}]},{\"@type\":\"ImageObject\",\"inLanguage\":\"pt-PT\",\"@id\":\"https:\/\/portaltela.pt\/noticias\/2026\/02\/08\/lider-do-jpp-alerta-para-possivel-vitoria-da-abstencao\/#primaryimage\",\"url\":\"https:\/\/portaltela.pt\/s.01k8rhncp4jt1\/2026\/02\/image-631.jpg\",\"contentUrl\":\"https:\/\/portaltela.pt\/s.01k8rhncp4jt1\/2026\/02\/image-631.jpg\",\"width\":796,\"height\":448,\"caption\":\"Imagem de contexto do artigo L\u00edder do JPP adverte para eventual \\\"vit\u00f3ria\\\" da absten\u00e7\u00e3o\"},{\"@type\":\"BreadcrumbList\",\"@id\":\"https:\/\/portaltela.pt\/noticias\/2026\/02\/08\/lider-do-jpp-alerta-para-possivel-vitoria-da-abstencao\/#breadcrumb\",\"itemListElement\":[{\"@type\":\"ListItem\",\"position\":1,\"name\":\"In\u00edcio\",\"item\":\"https:\/\/portaltela.pt\/\"},{\"@type\":\"ListItem\",\"position\":2,\"name\":\"L\u00edder do JPP alerta para poss\u00edvel vit\u00f3ria da absten\u00e7\u00e3o\"}]},{\"@type\":\"WebSite\",\"@id\":\"https:\/\/portaltela.pt\/#website\",\"url\":\"https:\/\/portaltela.pt\/\",\"name\":\"Portal Tela Portugal\",\"description\":\"\",\"potentialAction\":[{\"@type\":\"SearchAction\",\"target\":{\"@type\":\"EntryPoint\",\"urlTemplate\":\"https:\/\/portaltela.pt\/?s={search_term_string}\"},\"query-input\":{\"@type\":\"PropertyValueSpecification\",\"valueRequired\":true,\"valueName\":\"search_term_string\"}}],\"inLanguage\":\"pt-PT\"},{\"@type\":\"Person\",\"@id\":\"https:\/\/portaltela.pt\/#\/schema\/person\/c4278d4a6028830caff9ee44b42d32ed\",\"name\":\"Telinha\",\"image\":{\"@type\":\"ImageObject\",\"inLanguage\":\"pt-PT\",\"@id\":\"https:\/\/portaltela.pt\/s.01k8rhncp4jt1\/2025\/11\/talking-bot-125x125.png\",\"url\":\"https:\/\/portaltela.pt\/s.01k8rhncp4jt1\/2025\/11\/talking-bot-125x125.png\",\"contentUrl\":\"https:\/\/portaltela.pt\/s.01k8rhncp4jt1\/2025\/11\/talking-bot-125x125.png\",\"caption\":\"Telinha\"},\"sameAs\":[\"https:\/\/portaltela.pt\/\"],\"url\":\"https:\/\/portaltela.pt\/por\/367410592786\/\"}]}<\/script>\n<!-- \/ Yoast SEO plugin. -->","yoast_head_json":{"title":"L\u00edder do JPP alerta para poss\u00edvel vit\u00f3ria da absten\u00e7\u00e3o - Portal Tela Portugal","robots":{"index":"index","follow":"follow","max-snippet":"max-snippet:-1","max-image-preview":"max-image-preview:large","max-video-preview":"max-video-preview:-1"},"og_locale":"pt_PT","og_type":"article","og_title":"L\u00edder do JPP alerta para poss\u00edvel vit\u00f3ria da absten\u00e7\u00e3o - Portal Tela Portugal","og_description":"O l\u00edder do Juntos Pelo Povo (JPP) advertiu que a absten\u00e7\u00e3o n\u00e3o pode vencer na segunda volta das presidenciais. \u00c9lvio Sousa votou numa sec\u00e7\u00e3o instalada no Sal\u00e3o Paroquial de Gaula, em Santa Cruz, na zona leste da ilha. O JPP \u00e9 hoje o maior partido da oposi\u00e7\u00e3o madeirense, com 11 deputados na Assembleia Legislativa e representa\u00e7\u00e3o na Assembleia da Rep\u00fablica. Mais de 11 milh\u00f5es de eleitores est\u00e3o chamados a votar na segunda volta para escolher o substituto de Marcelo Rebelo de Sousa, com previs\u00e3o de mau tempo. No primeiro sufr\u00e1gio, Ant\u00f3nio Jos\u00e9 Seguro obteve 31,1% dos votos e Andr\u00e9 Ventura ficou com 23,52%.","og_url":"https:\/\/portaltela.pt\/noticias\/2026\/02\/08\/lider-do-jpp-alerta-para-possivel-vitoria-da-abstencao\/","og_site_name":"Portal Tela Portugal","article_published_time":"2026-02-08T14:16:00+00:00","author":"Telinha","twitter_card":"summary_large_image","twitter_misc":{"Escrito por":"Telinha","Tempo estimado de leitura":"1 minuto"},"schema":{"@context":"https:\/\/schema.org","@graph":[{"@type":"Article","@id":"https:\/\/portaltela.pt\/noticias\/2026\/02\/08\/lider-do-jpp-alerta-para-possivel-vitoria-da-abstencao\/#article","isPartOf":{"@id":"https:\/\/portaltela.pt\/noticias\/2026\/02\/08\/lider-do-jpp-alerta-para-possivel-vitoria-da-abstencao\/"},"author":{"name":"Telinha","@id":"https:\/\/portaltela.pt\/#\/schema\/person\/c4278d4a6028830caff9ee44b42d32ed"},"headline":"L\u00edder do JPP alerta para poss\u00edvel vit\u00f3ria da absten\u00e7\u00e3o","datePublished":"2026-02-08T14:16:00+00:00","mainEntityOfPage":{"@id":"https:\/\/portaltela.pt\/noticias\/2026\/02\/08\/lider-do-jpp-alerta-para-possivel-vitoria-da-abstencao\/"},"wordCount":205,"image":{"@id":"https:\/\/portaltela.pt\/noticias\/2026\/02\/08\/lider-do-jpp-alerta-para-possivel-vitoria-da-abstencao\/#primaryimage"},"thumbnailUrl":"https:\/\/portaltela.pt\/s.01k8rhncp4jt1\/2026\/02\/image-631.jpg","keywords":["absten\u00e7\u00e3o","Andr\u00e9 Ventura","elei\u00e7\u00f5es","JPP","Madeira","Presidenciais"],"articleSection":["Not\u00edcias"],"inLanguage":"pt-PT"},{"@type":"WebPage","@id":"https:\/\/portaltela.pt\/noticias\/2026\/02\/08\/lider-do-jpp-alerta-para-possivel-vitoria-da-abstencao\/","url":"https:\/\/portaltela.pt\/noticias\/2026\/02\/08\/lider-do-jpp-alerta-para-possivel-vitoria-da-abstencao\/","name":"L\u00edder do JPP alerta para poss\u00edvel vit\u00f3ria da absten\u00e7\u00e3o - Portal Tela Portugal","isPartOf":{"@id":"https:\/\/portaltela.pt\/#website"},"primaryImageOfPage":{"@id":"https:\/\/portaltela.pt\/noticias\/2026\/02\/08\/lider-do-jpp-alerta-para-possivel-vitoria-da-abstencao\/#primaryimage"},"image":{"@id":"https:\/\/portaltela.pt\/noticias\/2026\/02\/08\/lider-do-jpp-alerta-para-possivel-vitoria-da-abstencao\/#primaryimage"},"thumbnailUrl":"https:\/\/portaltela.pt\/s.01k8rhncp4jt1\/2026\/02\/image-631.jpg","datePublished":"2026-02-08T14:16:00+00:00","author":{"@id":"https:\/\/portaltela.pt\/#\/schema\/person\/c4278d4a6028830caff9ee44b42d32ed"},"breadcrumb":{"@id":"https:\/\/portaltela.pt\/noticias\/2026\/02\/08\/lider-do-jpp-alerta-para-possivel-vitoria-da-abstencao\/#breadcrumb"},"inLanguage":"pt-PT","potentialAction":[{"@type":"ReadAction","target":["https:\/\/portaltela.pt\/noticias\/2026\/02\/08\/lider-do-jpp-alerta-para-possivel-vitoria-da-abstencao\/"]}]},{"@type":"ImageObject","inLanguage":"pt-PT","@id":"https:\/\/portaltela.pt\/noticias\/2026\/02\/08\/lider-do-jpp-alerta-para-possivel-vitoria-da-abstencao\/#primaryimage","url":"https:\/\/portaltela.pt\/s.01k8rhncp4jt1\/2026\/02\/image-631.jpg","contentUrl":"https:\/\/portaltela.pt\/s.01k8rhncp4jt1\/2026\/02\/image-631.jpg","width":796,"height":448,"caption":"Imagem de contexto do artigo L\u00edder do JPP adverte para eventual \"vit\u00f3ria\" da absten\u00e7\u00e3o"},{"@type":"BreadcrumbList","@id":"https:\/\/portaltela.pt\/noticias\/2026\/02\/08\/lider-do-jpp-alerta-para-possivel-vitoria-da-abstencao\/#breadcrumb","itemListElement":[{"@type":"ListItem","position":1,"name":"In\u00edcio","item":"https:\/\/portaltela.pt\/"},{"@type":"ListItem","position":2,"name":"L\u00edder do JPP alerta para poss\u00edvel vit\u00f3ria da absten\u00e7\u00e3o"}]},{"@type":"WebSite","@id":"https:\/\/portaltela.pt\/#website","url":"https:\/\/portaltela.pt\/","name":"Portal Tela Portugal","description":"","potentialAction":[{"@type":"SearchAction","target":{"@type":"EntryPoint","urlTemplate":"https:\/\/portaltela.pt\/?s={search_term_string}"},"query-input":{"@type":"PropertyValueSpecification","valueRequired":true,"valueName":"search_term_string"}}],"inLanguage":"pt-PT"},{"@type":"Person","@id":"https:\/\/portaltela.pt\/#\/schema\/person\/c4278d4a6028830caff9ee44b42d32ed","name":"Telinha","image":{"@type":"ImageObject","inLanguage":"pt-PT","@id":"https:\/\/portaltela.pt\/s.01k8rhncp4jt1\/2025\/11\/talking-bot-125x125.png","url":"https:\/\/portaltela.pt\/s.01k8rhncp4jt1\/2025\/11\/talking-bot-125x125.png","contentUrl":"https:\/\/portaltela.pt\/s.01k8rhncp4jt1\/2025\/11\/talking-bot-125x125.png","caption":"Telinha"},"sameAs":["https:\/\/portaltela.pt\/"],"url":"https:\/\/portaltela.pt\/por\/367410592786\/"}]}},"_links":{"self":[{"href":"https:\/\/portaltela.pt\/api\/wp\/v2\/posts\/204059","targetHints":{"allow":["GET"]}}],"collection":[{"href":"https:\/\/portaltela.pt\/api\/wp\/v2\/posts"}],"about":[{"href":"https:\/\/portaltela.pt\/api\/wp\/v2\/types\/post"}],"author":[{"embeddable":true,"href":"https:\/\/portaltela.pt\/api\/wp\/v2\/users\/2"}],"replies":[{"embeddable":true,"href":"https:\/\/portaltela.pt\/api\/wp\/v2\/comments?post=204059"}],"version-history":[{"count":0,"href":"https:\/\/portaltela.pt\/api\/wp\/v2\/posts\/204059\/revisions"}],"wp:featuredmedia":[{"embeddable":true,"href":"https:\/\/portaltela.pt\/api\/wp\/v2\/media\/204061"}],"wp:attachment":[{"href":"https:\/\/portaltela.pt\/api\/wp\/v2\/media?parent=204059"}],"wp:term":[{"taxonomy":"category","embeddable":true,"href":"https:\/\/portaltela.pt\/api\/wp\/v2\/categories?post=204059"},{"taxonomy":"post_tag","embeddable":true,"href":"https:\/\/portaltela.pt\/api\/wp\/v2\/tags?post=204059"}],"curies":[{"name":"wp","href":"https:\/\/api.w.org\/{rel}","templated":true}]}}