{"id":204042,"date":"2026-02-08T11:02:07","date_gmt":"2026-02-08T14:02:07","guid":{"rendered":"https:\/\/portaltela.pt\/noticias\/2026\/02\/08\/e-redes-remete-camaras-de-clientes-sem-energia-orgaos-de-comunicacao-social-excluidos\/"},"modified":"2026-02-08T11:02:07","modified_gmt":"2026-02-08T14:02:07","slug":"e-redes-remete-camaras-de-clientes-sem-energia-orgaos-de-comunicacao-social-excluidos","status":"publish","type":"post","link":"https:\/\/portaltela.pt\/noticias\/2026\/02\/08\/e-redes-remete-camaras-de-clientes-sem-energia-orgaos-de-comunicacao-social-excluidos\/","title":{"rendered":"E-Redes remete c\u00e2maras de clientes sem energia, \u00f3rg\u00e3os de comunica\u00e7\u00e3o social exclu\u00eddos"},"content":{"rendered":"<p>O operador E-REDES vai remeter \u00e0s c\u00e2maras municipais o n\u00famero de clientes sem energia ap\u00f3s o mau tempo, mas os \u00f3rg\u00e3os de comunica\u00e7\u00e3o social ficam exclu\u00eddos dessa divulga\u00e7\u00e3o, segundo fonte oficial da empresa. A informa\u00e7\u00e3o chega numa altura em que se verifica uma depress\u00e3o atmosf\u00e9rica que afetou grande parte do territ\u00f3rio continental.<\/p>\n<p>Consoante o que foi indicado, os n\u00fameros por concelho ser\u00e3o partilhados com as C\u00e2maras Municipais assim que estiverem dispon\u00edveis. N\u00e3o h\u00e1 dados por concelho para a comunica\u00e7\u00e3o social, segundo a mesma fonte. A E-Redes afirma que o n\u00famero de clientes com eletricidade reposta tem vindo a aumentar.<\/p>\n<h3>Autarquias criticam falta de informa\u00e7\u00e3o<\/h3>\n<p>No s\u00e1bado, a C\u00e2mara de Leiria e as 20 juntas de freguesia da regi\u00e3o criticaram a aus\u00eancia de informa\u00e7\u00e3o objetiva, atualizada e acess\u00edvel. A carta aberta aos \u00f3rg\u00e3os da E-Redes reconhece o esfor\u00e7o t\u00e9cnico, mas sublinha a necessidade de transpar\u00eancia em contexto de emerg\u00eancia.<\/p>\n<p>O grupo municipal de Leiria defende que as popula\u00e7\u00f5es t\u00eam direito a saber o ponto de situa\u00e7\u00e3o de cada freguesia e prazos previs\u00edveis para a reposi\u00e7\u00e3o do servi\u00e7o. Questionam tamb\u00e9m que crit\u00e9rios orientam as interven\u00e7\u00f5es e que medidas de mitiga\u00e7\u00e3o existem.<\/p>\n<h3>Dados de Lisboa, Centro e Alentejo<\/h3>\n<p>Este domingo, o presidente da C\u00e2mara da Marinha Grande, Paulo Vicente, informou que 27% da popula\u00e7\u00e3o do concelho continua sem energia, equivalendo a 6.812 clientes. No dia 5 de fevereiro, cerca de 3.900 moradores j\u00e1 n\u00e3o tinham eletricidade.<\/p>\n<p>A autarquia exige reposi\u00e7\u00e3o urgente em todas as localidades, al\u00e9m de maior transpar\u00eancia sobre prazos e equipas no terreno. Reivindica refor\u00e7o operacional e o reconhecimento de responsabilidades pelos danos materials.<\/p>\n<p>At\u00e9 ao momento, foram registadas 14 mortes em Portugal desde o dia 28 de janeiro, associadas \u00e0s depress\u00f5es Kristin, Leonardo e Marta. As regi\u00f5es mais atingidas s\u00e3o Centro, Lisboa e Vale do Tejo e Alentejo. O Governo prolongou a situa\u00e7\u00e3o de calamidade at\u00e9 ao dia 15 para 68 concelhos e criou medidas de apoio at\u00e9 2,5 mil milh\u00f5es de euros, para fam\u00edlias e empresas.<\/p>\n","protected":false},"excerpt":{"rendered":"<ul>\n<li>A E-Redes vai remeter \u00e0s c\u00e2maras municipais o n\u00famero de clientes sem energia na sequ\u00eancia do mau tempo, mas os \u00f3rg\u00e3os de comunica\u00e7\u00e3o social ficam sem dados por concelho.<\/li>\n<li>A empresa disse \u00e0 Lusa que os n\u00fameros por concelho ser\u00e3o divulgados \u00e0s c\u00e2maras assim que estiverem dispon\u00edveis, e que n\u00e3o h\u00e1 contagens por concelho para a imprensa.<\/li>\n<li>\u00c0s 08h00 de domingo, estavam por alimentar cerca de 66 mil clientes na zona afetada pela depress\u00e3o Kristin, totalizando 76 mil em todo o territ\u00f3rio continental.<\/li>\n<li>Em Leiria, as autarquias solicitam informa\u00e7\u00e3o objetiva e atualizada sobre a reposi\u00e7\u00e3o, contactos com o ponto de situa\u00e7\u00e3o por freguesia e prazos previs\u00edveis.<\/li>\n<li>Em Marinha Grande, 27% da popula\u00e7\u00e3o permanece sem energia, o que representa 6.812 clientes, segundo a nota de imprensa da C\u00e2mara, com o Governo a manter a calamidade e medidas de apoio at\u00e9 2,5 mil milh\u00f5es de euros.<\/li>\n<\/ul>\n","protected":false},"author":2,"featured_media":204047,"comment_status":"closed","ping_status":"closed","sticky":false,"template":"","format":"standard","meta":{"footnotes":""},"categories":[1],"tags":[4729,5365,5215,373,174,5563],"class_list":["post-204042","post","type-post","status-publish","format-standard","has-post-thumbnail","hentry","category-noticias","tag-abastecimento-de-energia","tag-acalamidade-publica","tag-catastrofes-naturais","tag-concelhos","tag-energia","tag-informacao-publica"],"yoast_head":"<!-- This site is optimized with the Yoast SEO plugin v27.2 - https:\/\/yoast.com\/product\/yoast-seo-wordpress\/ -->\n<title>E-Redes remete c\u00e2maras de clientes sem energia, \u00f3rg\u00e3os de comunica\u00e7\u00e3o social exclu\u00eddos - Portal Tela Portugal<\/title>\n<meta name=\"robots\" content=\"index, follow, max-snippet:-1, max-image-preview:large, max-video-preview:-1\" \/>\n<meta property=\"og:locale\" content=\"pt_PT\" \/>\n<meta property=\"og:type\" content=\"article\" \/>\n<meta property=\"og:title\" content=\"E-Redes remete c\u00e2maras de clientes sem energia, \u00f3rg\u00e3os de comunica\u00e7\u00e3o social exclu\u00eddos - Portal Tela Portugal\" \/>\n<meta property=\"og:description\" content=\"A E-Redes vai remeter \u00e0s c\u00e2maras municipais o n\u00famero de clientes sem energia na sequ\u00eancia do mau tempo, mas os \u00f3rg\u00e3os de comunica\u00e7\u00e3o social ficam sem dados por concelho. A empresa disse \u00e0 Lusa que os n\u00fameros por concelho ser\u00e3o divulgados \u00e0s c\u00e2maras assim que estiverem dispon\u00edveis, e que n\u00e3o h\u00e1 contagens por concelho para a imprensa. \u00c0s 08h00 de domingo, estavam por alimentar cerca de 66 mil clientes na zona afetada pela depress\u00e3o Kristin, totalizando 76 mil em todo o territ\u00f3rio continental. Em Leiria, as autarquias solicitam informa\u00e7\u00e3o objetiva e atualizada sobre a reposi\u00e7\u00e3o, contactos com o ponto de situa\u00e7\u00e3o por freguesia e prazos previs\u00edveis. Em Marinha Grande, 27% da popula\u00e7\u00e3o permanece sem energia, o que representa 6.812 clientes, segundo a nota de imprensa da C\u00e2mara, com o Governo a manter a calamidade e medidas de apoio at\u00e9 2,5 mil milh\u00f5es de euros.\" \/>\n<meta property=\"og:url\" content=\"https:\/\/portaltela.pt\/noticias\/2026\/02\/08\/e-redes-remete-camaras-de-clientes-sem-energia-orgaos-de-comunicacao-social-excluidos\/\" \/>\n<meta property=\"og:site_name\" content=\"Portal Tela Portugal\" \/>\n<meta property=\"article:published_time\" content=\"2026-02-08T14:02:07+00:00\" \/>\n<meta name=\"author\" content=\"Telinha\" \/>\n<meta name=\"twitter:card\" content=\"summary_large_image\" \/>\n<meta name=\"twitter:label1\" content=\"Escrito por\" \/>\n\t<meta name=\"twitter:data1\" content=\"Telinha\" \/>\n\t<meta name=\"twitter:label2\" content=\"Tempo estimado de leitura\" \/>\n\t<meta name=\"twitter:data2\" content=\"2 minutos\" \/>\n<script type=\"application\/ld+json\" class=\"yoast-schema-graph\">{\"@context\":\"https:\/\/schema.org\",\"@graph\":[{\"@type\":\"Article\",\"@id\":\"https:\/\/portaltela.pt\/noticias\/2026\/02\/08\/e-redes-remete-camaras-de-clientes-sem-energia-orgaos-de-comunicacao-social-excluidos\/#article\",\"isPartOf\":{\"@id\":\"https:\/\/portaltela.pt\/noticias\/2026\/02\/08\/e-redes-remete-camaras-de-clientes-sem-energia-orgaos-de-comunicacao-social-excluidos\/\"},\"author\":{\"name\":\"Telinha\",\"@id\":\"https:\/\/portaltela.pt\/#\/schema\/person\/c4278d4a6028830caff9ee44b42d32ed\"},\"headline\":\"E-Redes remete c\u00e2maras de clientes sem energia, \u00f3rg\u00e3os de comunica\u00e7\u00e3o social exclu\u00eddos\",\"datePublished\":\"2026-02-08T14:02:07+00:00\",\"mainEntityOfPage\":{\"@id\":\"https:\/\/portaltela.pt\/noticias\/2026\/02\/08\/e-redes-remete-camaras-de-clientes-sem-energia-orgaos-de-comunicacao-social-excluidos\/\"},\"wordCount\":386,\"image\":{\"@id\":\"https:\/\/portaltela.pt\/noticias\/2026\/02\/08\/e-redes-remete-camaras-de-clientes-sem-energia-orgaos-de-comunicacao-social-excluidos\/#primaryimage\"},\"thumbnailUrl\":\"https:\/\/portaltela.pt\/s.01k8rhncp4jt1\/2026\/02\/img_1500x1000uu2025-04-29-10-02-40-2205578.jpg\",\"keywords\":[\"abastecimento de energia\",\"Acalamidade p\u00fablica\",\"cat\u00e1strofes naturais\",\"concelhos\",\"energia\",\"informa\u00e7\u00e3o p\u00fablica\"],\"articleSection\":[\"Not\u00edcias\"],\"inLanguage\":\"pt-PT\"},{\"@type\":\"WebPage\",\"@id\":\"https:\/\/portaltela.pt\/noticias\/2026\/02\/08\/e-redes-remete-camaras-de-clientes-sem-energia-orgaos-de-comunicacao-social-excluidos\/\",\"url\":\"https:\/\/portaltela.pt\/noticias\/2026\/02\/08\/e-redes-remete-camaras-de-clientes-sem-energia-orgaos-de-comunicacao-social-excluidos\/\",\"name\":\"E-Redes remete c\u00e2maras de clientes sem energia, \u00f3rg\u00e3os de comunica\u00e7\u00e3o social exclu\u00eddos - Portal Tela Portugal\",\"isPartOf\":{\"@id\":\"https:\/\/portaltela.pt\/#website\"},\"primaryImageOfPage\":{\"@id\":\"https:\/\/portaltela.pt\/noticias\/2026\/02\/08\/e-redes-remete-camaras-de-clientes-sem-energia-orgaos-de-comunicacao-social-excluidos\/#primaryimage\"},\"image\":{\"@id\":\"https:\/\/portaltela.pt\/noticias\/2026\/02\/08\/e-redes-remete-camaras-de-clientes-sem-energia-orgaos-de-comunicacao-social-excluidos\/#primaryimage\"},\"thumbnailUrl\":\"https:\/\/portaltela.pt\/s.01k8rhncp4jt1\/2026\/02\/img_1500x1000uu2025-04-29-10-02-40-2205578.jpg\",\"datePublished\":\"2026-02-08T14:02:07+00:00\",\"author\":{\"@id\":\"https:\/\/portaltela.pt\/#\/schema\/person\/c4278d4a6028830caff9ee44b42d32ed\"},\"breadcrumb\":{\"@id\":\"https:\/\/portaltela.pt\/noticias\/2026\/02\/08\/e-redes-remete-camaras-de-clientes-sem-energia-orgaos-de-comunicacao-social-excluidos\/#breadcrumb\"},\"inLanguage\":\"pt-PT\",\"potentialAction\":[{\"@type\":\"ReadAction\",\"target\":[\"https:\/\/portaltela.pt\/noticias\/2026\/02\/08\/e-redes-remete-camaras-de-clientes-sem-energia-orgaos-de-comunicacao-social-excluidos\/\"]}]},{\"@type\":\"ImageObject\",\"inLanguage\":\"pt-PT\",\"@id\":\"https:\/\/portaltela.pt\/noticias\/2026\/02\/08\/e-redes-remete-camaras-de-clientes-sem-energia-orgaos-de-comunicacao-social-excluidos\/#primaryimage\",\"url\":\"https:\/\/portaltela.pt\/s.01k8rhncp4jt1\/2026\/02\/img_1500x1000uu2025-04-29-10-02-40-2205578.jpg\",\"contentUrl\":\"https:\/\/portaltela.pt\/s.01k8rhncp4jt1\/2026\/02\/img_1500x1000uu2025-04-29-10-02-40-2205578.jpg\",\"width\":796,\"height\":448,\"caption\":\"E-Redes vai remeter \u00e0s c\u00e2maras clientes sem energia, \u00f3rg\u00e3os de comunica\u00e7\u00e3o social est\u00e3o exclu\u00eddos\"},{\"@type\":\"BreadcrumbList\",\"@id\":\"https:\/\/portaltela.pt\/noticias\/2026\/02\/08\/e-redes-remete-camaras-de-clientes-sem-energia-orgaos-de-comunicacao-social-excluidos\/#breadcrumb\",\"itemListElement\":[{\"@type\":\"ListItem\",\"position\":1,\"name\":\"In\u00edcio\",\"item\":\"https:\/\/portaltela.pt\/\"},{\"@type\":\"ListItem\",\"position\":2,\"name\":\"E-Redes remete c\u00e2maras de clientes sem energia, \u00f3rg\u00e3os de comunica\u00e7\u00e3o social exclu\u00eddos\"}]},{\"@type\":\"WebSite\",\"@id\":\"https:\/\/portaltela.pt\/#website\",\"url\":\"https:\/\/portaltela.pt\/\",\"name\":\"Portal Tela Portugal\",\"description\":\"\",\"potentialAction\":[{\"@type\":\"SearchAction\",\"target\":{\"@type\":\"EntryPoint\",\"urlTemplate\":\"https:\/\/portaltela.pt\/?s={search_term_string}\"},\"query-input\":{\"@type\":\"PropertyValueSpecification\",\"valueRequired\":true,\"valueName\":\"search_term_string\"}}],\"inLanguage\":\"pt-PT\"},{\"@type\":\"Person\",\"@id\":\"https:\/\/portaltela.pt\/#\/schema\/person\/c4278d4a6028830caff9ee44b42d32ed\",\"name\":\"Telinha\",\"image\":{\"@type\":\"ImageObject\",\"inLanguage\":\"pt-PT\",\"@id\":\"https:\/\/portaltela.pt\/s.01k8rhncp4jt1\/2025\/11\/talking-bot-125x125.png\",\"url\":\"https:\/\/portaltela.pt\/s.01k8rhncp4jt1\/2025\/11\/talking-bot-125x125.png\",\"contentUrl\":\"https:\/\/portaltela.pt\/s.01k8rhncp4jt1\/2025\/11\/talking-bot-125x125.png\",\"caption\":\"Telinha\"},\"sameAs\":[\"https:\/\/portaltela.pt\/\"],\"url\":\"https:\/\/portaltela.pt\/por\/367410592786\/\"}]}<\/script>\n<!-- \/ Yoast SEO plugin. -->","yoast_head_json":{"title":"E-Redes remete c\u00e2maras de clientes sem energia, \u00f3rg\u00e3os de comunica\u00e7\u00e3o social exclu\u00eddos - Portal Tela Portugal","robots":{"index":"index","follow":"follow","max-snippet":"max-snippet:-1","max-image-preview":"max-image-preview:large","max-video-preview":"max-video-preview:-1"},"og_locale":"pt_PT","og_type":"article","og_title":"E-Redes remete c\u00e2maras de clientes sem energia, \u00f3rg\u00e3os de comunica\u00e7\u00e3o social exclu\u00eddos - Portal Tela Portugal","og_description":"A E-Redes vai remeter \u00e0s c\u00e2maras municipais o n\u00famero de clientes sem energia na sequ\u00eancia do mau tempo, mas os \u00f3rg\u00e3os de comunica\u00e7\u00e3o social ficam sem dados por concelho. A empresa disse \u00e0 Lusa que os n\u00fameros por concelho ser\u00e3o divulgados \u00e0s c\u00e2maras assim que estiverem dispon\u00edveis, e que n\u00e3o h\u00e1 contagens por concelho para a imprensa. \u00c0s 08h00 de domingo, estavam por alimentar cerca de 66 mil clientes na zona afetada pela depress\u00e3o Kristin, totalizando 76 mil em todo o territ\u00f3rio continental. Em Leiria, as autarquias solicitam informa\u00e7\u00e3o objetiva e atualizada sobre a reposi\u00e7\u00e3o, contactos com o ponto de situa\u00e7\u00e3o por freguesia e prazos previs\u00edveis. Em Marinha Grande, 27% da popula\u00e7\u00e3o permanece sem energia, o que representa 6.812 clientes, segundo a nota de imprensa da C\u00e2mara, com o Governo a manter a calamidade e medidas de apoio at\u00e9 2,5 mil milh\u00f5es de euros.","og_url":"https:\/\/portaltela.pt\/noticias\/2026\/02\/08\/e-redes-remete-camaras-de-clientes-sem-energia-orgaos-de-comunicacao-social-excluidos\/","og_site_name":"Portal Tela Portugal","article_published_time":"2026-02-08T14:02:07+00:00","author":"Telinha","twitter_card":"summary_large_image","twitter_misc":{"Escrito por":"Telinha","Tempo estimado de leitura":"2 minutos"},"schema":{"@context":"https:\/\/schema.org","@graph":[{"@type":"Article","@id":"https:\/\/portaltela.pt\/noticias\/2026\/02\/08\/e-redes-remete-camaras-de-clientes-sem-energia-orgaos-de-comunicacao-social-excluidos\/#article","isPartOf":{"@id":"https:\/\/portaltela.pt\/noticias\/2026\/02\/08\/e-redes-remete-camaras-de-clientes-sem-energia-orgaos-de-comunicacao-social-excluidos\/"},"author":{"name":"Telinha","@id":"https:\/\/portaltela.pt\/#\/schema\/person\/c4278d4a6028830caff9ee44b42d32ed"},"headline":"E-Redes remete c\u00e2maras de clientes sem energia, \u00f3rg\u00e3os de comunica\u00e7\u00e3o social exclu\u00eddos","datePublished":"2026-02-08T14:02:07+00:00","mainEntityOfPage":{"@id":"https:\/\/portaltela.pt\/noticias\/2026\/02\/08\/e-redes-remete-camaras-de-clientes-sem-energia-orgaos-de-comunicacao-social-excluidos\/"},"wordCount":386,"image":{"@id":"https:\/\/portaltela.pt\/noticias\/2026\/02\/08\/e-redes-remete-camaras-de-clientes-sem-energia-orgaos-de-comunicacao-social-excluidos\/#primaryimage"},"thumbnailUrl":"https:\/\/portaltela.pt\/s.01k8rhncp4jt1\/2026\/02\/img_1500x1000uu2025-04-29-10-02-40-2205578.jpg","keywords":["abastecimento de energia","Acalamidade p\u00fablica","cat\u00e1strofes naturais","concelhos","energia","informa\u00e7\u00e3o p\u00fablica"],"articleSection":["Not\u00edcias"],"inLanguage":"pt-PT"},{"@type":"WebPage","@id":"https:\/\/portaltela.pt\/noticias\/2026\/02\/08\/e-redes-remete-camaras-de-clientes-sem-energia-orgaos-de-comunicacao-social-excluidos\/","url":"https:\/\/portaltela.pt\/noticias\/2026\/02\/08\/e-redes-remete-camaras-de-clientes-sem-energia-orgaos-de-comunicacao-social-excluidos\/","name":"E-Redes remete c\u00e2maras de clientes sem energia, \u00f3rg\u00e3os de comunica\u00e7\u00e3o social exclu\u00eddos - Portal Tela Portugal","isPartOf":{"@id":"https:\/\/portaltela.pt\/#website"},"primaryImageOfPage":{"@id":"https:\/\/portaltela.pt\/noticias\/2026\/02\/08\/e-redes-remete-camaras-de-clientes-sem-energia-orgaos-de-comunicacao-social-excluidos\/#primaryimage"},"image":{"@id":"https:\/\/portaltela.pt\/noticias\/2026\/02\/08\/e-redes-remete-camaras-de-clientes-sem-energia-orgaos-de-comunicacao-social-excluidos\/#primaryimage"},"thumbnailUrl":"https:\/\/portaltela.pt\/s.01k8rhncp4jt1\/2026\/02\/img_1500x1000uu2025-04-29-10-02-40-2205578.jpg","datePublished":"2026-02-08T14:02:07+00:00","author":{"@id":"https:\/\/portaltela.pt\/#\/schema\/person\/c4278d4a6028830caff9ee44b42d32ed"},"breadcrumb":{"@id":"https:\/\/portaltela.pt\/noticias\/2026\/02\/08\/e-redes-remete-camaras-de-clientes-sem-energia-orgaos-de-comunicacao-social-excluidos\/#breadcrumb"},"inLanguage":"pt-PT","potentialAction":[{"@type":"ReadAction","target":["https:\/\/portaltela.pt\/noticias\/2026\/02\/08\/e-redes-remete-camaras-de-clientes-sem-energia-orgaos-de-comunicacao-social-excluidos\/"]}]},{"@type":"ImageObject","inLanguage":"pt-PT","@id":"https:\/\/portaltela.pt\/noticias\/2026\/02\/08\/e-redes-remete-camaras-de-clientes-sem-energia-orgaos-de-comunicacao-social-excluidos\/#primaryimage","url":"https:\/\/portaltela.pt\/s.01k8rhncp4jt1\/2026\/02\/img_1500x1000uu2025-04-29-10-02-40-2205578.jpg","contentUrl":"https:\/\/portaltela.pt\/s.01k8rhncp4jt1\/2026\/02\/img_1500x1000uu2025-04-29-10-02-40-2205578.jpg","width":796,"height":448,"caption":"E-Redes vai remeter \u00e0s c\u00e2maras clientes sem energia, \u00f3rg\u00e3os de comunica\u00e7\u00e3o social est\u00e3o exclu\u00eddos"},{"@type":"BreadcrumbList","@id":"https:\/\/portaltela.pt\/noticias\/2026\/02\/08\/e-redes-remete-camaras-de-clientes-sem-energia-orgaos-de-comunicacao-social-excluidos\/#breadcrumb","itemListElement":[{"@type":"ListItem","position":1,"name":"In\u00edcio","item":"https:\/\/portaltela.pt\/"},{"@type":"ListItem","position":2,"name":"E-Redes remete c\u00e2maras de clientes sem energia, \u00f3rg\u00e3os de comunica\u00e7\u00e3o social exclu\u00eddos"}]},{"@type":"WebSite","@id":"https:\/\/portaltela.pt\/#website","url":"https:\/\/portaltela.pt\/","name":"Portal Tela Portugal","description":"","potentialAction":[{"@type":"SearchAction","target":{"@type":"EntryPoint","urlTemplate":"https:\/\/portaltela.pt\/?s={search_term_string}"},"query-input":{"@type":"PropertyValueSpecification","valueRequired":true,"valueName":"search_term_string"}}],"inLanguage":"pt-PT"},{"@type":"Person","@id":"https:\/\/portaltela.pt\/#\/schema\/person\/c4278d4a6028830caff9ee44b42d32ed","name":"Telinha","image":{"@type":"ImageObject","inLanguage":"pt-PT","@id":"https:\/\/portaltela.pt\/s.01k8rhncp4jt1\/2025\/11\/talking-bot-125x125.png","url":"https:\/\/portaltela.pt\/s.01k8rhncp4jt1\/2025\/11\/talking-bot-125x125.png","contentUrl":"https:\/\/portaltela.pt\/s.01k8rhncp4jt1\/2025\/11\/talking-bot-125x125.png","caption":"Telinha"},"sameAs":["https:\/\/portaltela.pt\/"],"url":"https:\/\/portaltela.pt\/por\/367410592786\/"}]}},"_links":{"self":[{"href":"https:\/\/portaltela.pt\/api\/wp\/v2\/posts\/204042","targetHints":{"allow":["GET"]}}],"collection":[{"href":"https:\/\/portaltela.pt\/api\/wp\/v2\/posts"}],"about":[{"href":"https:\/\/portaltela.pt\/api\/wp\/v2\/types\/post"}],"author":[{"embeddable":true,"href":"https:\/\/portaltela.pt\/api\/wp\/v2\/users\/2"}],"replies":[{"embeddable":true,"href":"https:\/\/portaltela.pt\/api\/wp\/v2\/comments?post=204042"}],"version-history":[{"count":0,"href":"https:\/\/portaltela.pt\/api\/wp\/v2\/posts\/204042\/revisions"}],"wp:featuredmedia":[{"embeddable":true,"href":"https:\/\/portaltela.pt\/api\/wp\/v2\/media\/204047"}],"wp:attachment":[{"href":"https:\/\/portaltela.pt\/api\/wp\/v2\/media?parent=204042"}],"wp:term":[{"taxonomy":"category","embeddable":true,"href":"https:\/\/portaltela.pt\/api\/wp\/v2\/categories?post=204042"},{"taxonomy":"post_tag","embeddable":true,"href":"https:\/\/portaltela.pt\/api\/wp\/v2\/tags?post=204042"}],"curies":[{"name":"wp","href":"https:\/\/api.w.org\/{rel}","templated":true}]}}