{"id":204041,"date":"2026-02-08T11:06:00","date_gmt":"2026-02-08T14:06:00","guid":{"rendered":"https:\/\/portaltela.pt\/noticias\/2026\/02\/08\/queda-parcial-de-habitacao-deixa-cinco-desalojadas-em-coimbra\/"},"modified":"2026-02-08T11:06:00","modified_gmt":"2026-02-08T14:06:00","slug":"queda-parcial-de-habitacao-deixa-cinco-desalojadas-em-coimbra","status":"publish","type":"post","link":"https:\/\/portaltela.pt\/noticias\/2026\/02\/08\/queda-parcial-de-habitacao-deixa-cinco-desalojadas-em-coimbra\/","title":{"rendered":"Queda parcial de habita\u00e7\u00e3o deixa cinco desalojadas em Coimbra"},"content":{"rendered":"<p>Cinco pessoas ficaram desalojadas neste domingo na localidade de Fala, S\u00e3o Martinho do Bispo, Coimbra, devido \u00e0 ru\u00edna parcial de uma habita\u00e7\u00e3o. Um agregado familiar, incluindo uma gr\u00e1vida, ficou sem casa, com uma pessoa a ficar na casa de familiares.<\/p>\n<p>Quatro membros do agregado est\u00e3o instalados numa unidade hoteleira. Na ter\u00e7a-feira, dever\u00e3o seguir para instala\u00e7\u00f5es da Santa Casa da Miseric\u00f3rdia em S\u00e3o Martinho do Bispo, num realojamento contratado pela C\u00e2mara Municipal de Coimbra.<\/p>\n<p>O objetivo \u00e9 que o agregado v\u00e1 para uma habita\u00e7\u00e3o pr\u00f3xima da sua, ainda em recupera\u00e7\u00e3o, at\u00e9 \u00e0 conclus\u00e3o dos trabalhos que assegurem a seguran\u00e7a. Seguros foram acionados e a C\u00e2mara est\u00e1 a apoiar a fam\u00edlia na obten\u00e7\u00e3o da solu\u00e7\u00e3o mais conveniente de imediato.<\/p>\n","protected":false},"excerpt":{"rendered":"<ul>\n<li>Cinco pessoas ficaram desalojadas ap\u00f3s a ru\u00edna parcial de uma habita\u00e7\u00e3o em Fala, na Uni\u00e3o de freguesias de S\u00e3o Martinho do Bispo e Ribeira de Frades, Coimbra, neste domingo.<\/li>\n<li>Um agregado familiar de cinco pessoas, uma delas gr\u00e1vida, ficou desalojado; uma pessoa ficar\u00e1 na casa de familiares.<\/li>\n<li>Os quatro membros remanescentes est\u00e3o em unidade hoteleira; na ter\u00e7a-feira ir\u00e3o para instala\u00e7\u00f5es da Santa Casa da Miseric\u00f3rdia de S\u00e3o Martinho do Bispo, como realojamento da C\u00e2mara Municipal de Coimbra.<\/li>\n<li>O agregado familiar pretende deslocar-se, assim que poss\u00edvel, para uma casa junto da sua que est\u00e1 a ser arranjada, onde permanecer\u00e1 at\u00e9 a habita\u00e7\u00e3o ficar segura.<\/li>\n<li>Seguros foram ativados e a C\u00e2mara est\u00e1 a apoiar a fam\u00edlia na procura da solu\u00e7\u00e3o mais adequada.<\/li>\n<li>(Contexto) O temporal que afetou o pa\u00eds causou dezenas de mortes e in\u00fameros desalojados; o Governo prolongou a calamidade a 68 concelhos e anunciou medidas de apoio at\u00e9 2,5 mil milh\u00f5es de euros.<\/li>\n<\/ul>\n","protected":false},"author":2,"featured_media":204050,"comment_status":"closed","ping_status":"closed","sticky":false,"template":"","format":"standard","meta":{"footnotes":""},"categories":[1],"tags":[5449,1070,144,3004,2636,150],"class_list":["post-204041","post","type-post","status-publish","format-standard","has-post-thumbnail","hentry","category-noticias","tag-camara-municipal","tag-coimbra","tag-concelho","tag-desalojados","tag-desalojamento","tag-habitacao"],"yoast_head":"<!-- This site is optimized with the Yoast SEO plugin v27.2 - https:\/\/yoast.com\/product\/yoast-seo-wordpress\/ -->\n<title>Queda parcial de habita\u00e7\u00e3o deixa cinco desalojadas em Coimbra - Portal Tela Portugal<\/title>\n<meta name=\"robots\" content=\"index, follow, max-snippet:-1, max-image-preview:large, max-video-preview:-1\" \/>\n<meta property=\"og:locale\" content=\"pt_PT\" \/>\n<meta property=\"og:type\" content=\"article\" \/>\n<meta property=\"og:title\" content=\"Queda parcial de habita\u00e7\u00e3o deixa cinco desalojadas em Coimbra - Portal Tela Portugal\" \/>\n<meta property=\"og:description\" content=\"Cinco pessoas ficaram desalojadas ap\u00f3s a ru\u00edna parcial de uma habita\u00e7\u00e3o em Fala, na Uni\u00e3o de freguesias de S\u00e3o Martinho do Bispo e Ribeira de Frades, Coimbra, neste domingo. Um agregado familiar de cinco pessoas, uma delas gr\u00e1vida, ficou desalojado; uma pessoa ficar\u00e1 na casa de familiares. Os quatro membros remanescentes est\u00e3o em unidade hoteleira; na ter\u00e7a-feira ir\u00e3o para instala\u00e7\u00f5es da Santa Casa da Miseric\u00f3rdia de S\u00e3o Martinho do Bispo, como realojamento da C\u00e2mara Municipal de Coimbra. O agregado familiar pretende deslocar-se, assim que poss\u00edvel, para uma casa junto da sua que est\u00e1 a ser arranjada, onde permanecer\u00e1 at\u00e9 a habita\u00e7\u00e3o ficar segura. Seguros foram ativados e a C\u00e2mara est\u00e1 a apoiar a fam\u00edlia na procura da solu\u00e7\u00e3o mais adequada. (Contexto) O temporal que afetou o pa\u00eds causou dezenas de mortes e in\u00fameros desalojados; o Governo prolongou a calamidade a 68 concelhos e anunciou medidas de apoio at\u00e9 2,5 mil milh\u00f5es de euros.\" \/>\n<meta property=\"og:url\" content=\"https:\/\/portaltela.pt\/noticias\/2026\/02\/08\/queda-parcial-de-habitacao-deixa-cinco-desalojadas-em-coimbra\/\" \/>\n<meta property=\"og:site_name\" content=\"Portal Tela Portugal\" \/>\n<meta property=\"article:published_time\" content=\"2026-02-08T14:06:00+00:00\" \/>\n<meta name=\"author\" content=\"Telinha\" \/>\n<meta name=\"twitter:card\" content=\"summary_large_image\" \/>\n<meta name=\"twitter:label1\" content=\"Escrito por\" \/>\n\t<meta name=\"twitter:data1\" content=\"Telinha\" \/>\n\t<meta name=\"twitter:label2\" content=\"Tempo estimado de leitura\" \/>\n\t<meta name=\"twitter:data2\" content=\"1 minuto\" \/>\n<script type=\"application\/ld+json\" class=\"yoast-schema-graph\">{\"@context\":\"https:\/\/schema.org\",\"@graph\":[{\"@type\":\"Article\",\"@id\":\"https:\/\/portaltela.pt\/noticias\/2026\/02\/08\/queda-parcial-de-habitacao-deixa-cinco-desalojadas-em-coimbra\/#article\",\"isPartOf\":{\"@id\":\"https:\/\/portaltela.pt\/noticias\/2026\/02\/08\/queda-parcial-de-habitacao-deixa-cinco-desalojadas-em-coimbra\/\"},\"author\":{\"name\":\"Telinha\",\"@id\":\"https:\/\/portaltela.pt\/#\/schema\/person\/c4278d4a6028830caff9ee44b42d32ed\"},\"headline\":\"Queda parcial de habita\u00e7\u00e3o deixa cinco desalojadas em Coimbra\",\"datePublished\":\"2026-02-08T14:06:00+00:00\",\"mainEntityOfPage\":{\"@id\":\"https:\/\/portaltela.pt\/noticias\/2026\/02\/08\/queda-parcial-de-habitacao-deixa-cinco-desalojadas-em-coimbra\/\"},\"wordCount\":144,\"image\":{\"@id\":\"https:\/\/portaltela.pt\/noticias\/2026\/02\/08\/queda-parcial-de-habitacao-deixa-cinco-desalojadas-em-coimbra\/#primaryimage\"},\"thumbnailUrl\":\"https:\/\/portaltela.pt\/s.01k8rhncp4jt1\/2026\/02\/image-629.jpg\",\"keywords\":[\"C\u00e2mara Municipal\",\"Coimbra\",\"concelho\",\"desalojados\",\"desalojamento\",\"habita\u00e7\u00e3o\"],\"articleSection\":[\"Not\u00edcias\"],\"inLanguage\":\"pt-PT\"},{\"@type\":\"WebPage\",\"@id\":\"https:\/\/portaltela.pt\/noticias\/2026\/02\/08\/queda-parcial-de-habitacao-deixa-cinco-desalojadas-em-coimbra\/\",\"url\":\"https:\/\/portaltela.pt\/noticias\/2026\/02\/08\/queda-parcial-de-habitacao-deixa-cinco-desalojadas-em-coimbra\/\",\"name\":\"Queda parcial de habita\u00e7\u00e3o deixa cinco desalojadas em Coimbra - Portal Tela Portugal\",\"isPartOf\":{\"@id\":\"https:\/\/portaltela.pt\/#website\"},\"primaryImageOfPage\":{\"@id\":\"https:\/\/portaltela.pt\/noticias\/2026\/02\/08\/queda-parcial-de-habitacao-deixa-cinco-desalojadas-em-coimbra\/#primaryimage\"},\"image\":{\"@id\":\"https:\/\/portaltela.pt\/noticias\/2026\/02\/08\/queda-parcial-de-habitacao-deixa-cinco-desalojadas-em-coimbra\/#primaryimage\"},\"thumbnailUrl\":\"https:\/\/portaltela.pt\/s.01k8rhncp4jt1\/2026\/02\/image-629.jpg\",\"datePublished\":\"2026-02-08T14:06:00+00:00\",\"author\":{\"@id\":\"https:\/\/portaltela.pt\/#\/schema\/person\/c4278d4a6028830caff9ee44b42d32ed\"},\"breadcrumb\":{\"@id\":\"https:\/\/portaltela.pt\/noticias\/2026\/02\/08\/queda-parcial-de-habitacao-deixa-cinco-desalojadas-em-coimbra\/#breadcrumb\"},\"inLanguage\":\"pt-PT\",\"potentialAction\":[{\"@type\":\"ReadAction\",\"target\":[\"https:\/\/portaltela.pt\/noticias\/2026\/02\/08\/queda-parcial-de-habitacao-deixa-cinco-desalojadas-em-coimbra\/\"]}]},{\"@type\":\"ImageObject\",\"inLanguage\":\"pt-PT\",\"@id\":\"https:\/\/portaltela.pt\/noticias\/2026\/02\/08\/queda-parcial-de-habitacao-deixa-cinco-desalojadas-em-coimbra\/#primaryimage\",\"url\":\"https:\/\/portaltela.pt\/s.01k8rhncp4jt1\/2026\/02\/image-629.jpg\",\"contentUrl\":\"https:\/\/portaltela.pt\/s.01k8rhncp4jt1\/2026\/02\/image-629.jpg\",\"width\":796,\"height\":448,\"caption\":\"Foto: Paulo Novais\/Lusa\"},{\"@type\":\"BreadcrumbList\",\"@id\":\"https:\/\/portaltela.pt\/noticias\/2026\/02\/08\/queda-parcial-de-habitacao-deixa-cinco-desalojadas-em-coimbra\/#breadcrumb\",\"itemListElement\":[{\"@type\":\"ListItem\",\"position\":1,\"name\":\"In\u00edcio\",\"item\":\"https:\/\/portaltela.pt\/\"},{\"@type\":\"ListItem\",\"position\":2,\"name\":\"Queda parcial de habita\u00e7\u00e3o deixa cinco desalojadas em Coimbra\"}]},{\"@type\":\"WebSite\",\"@id\":\"https:\/\/portaltela.pt\/#website\",\"url\":\"https:\/\/portaltela.pt\/\",\"name\":\"Portal Tela Portugal\",\"description\":\"\",\"potentialAction\":[{\"@type\":\"SearchAction\",\"target\":{\"@type\":\"EntryPoint\",\"urlTemplate\":\"https:\/\/portaltela.pt\/?s={search_term_string}\"},\"query-input\":{\"@type\":\"PropertyValueSpecification\",\"valueRequired\":true,\"valueName\":\"search_term_string\"}}],\"inLanguage\":\"pt-PT\"},{\"@type\":\"Person\",\"@id\":\"https:\/\/portaltela.pt\/#\/schema\/person\/c4278d4a6028830caff9ee44b42d32ed\",\"name\":\"Telinha\",\"image\":{\"@type\":\"ImageObject\",\"inLanguage\":\"pt-PT\",\"@id\":\"https:\/\/portaltela.pt\/s.01k8rhncp4jt1\/2025\/11\/talking-bot-125x125.png\",\"url\":\"https:\/\/portaltela.pt\/s.01k8rhncp4jt1\/2025\/11\/talking-bot-125x125.png\",\"contentUrl\":\"https:\/\/portaltela.pt\/s.01k8rhncp4jt1\/2025\/11\/talking-bot-125x125.png\",\"caption\":\"Telinha\"},\"sameAs\":[\"https:\/\/portaltela.pt\/\"],\"url\":\"https:\/\/portaltela.pt\/por\/367410592786\/\"}]}<\/script>\n<!-- \/ Yoast SEO plugin. -->","yoast_head_json":{"title":"Queda parcial de habita\u00e7\u00e3o deixa cinco desalojadas em Coimbra - Portal Tela Portugal","robots":{"index":"index","follow":"follow","max-snippet":"max-snippet:-1","max-image-preview":"max-image-preview:large","max-video-preview":"max-video-preview:-1"},"og_locale":"pt_PT","og_type":"article","og_title":"Queda parcial de habita\u00e7\u00e3o deixa cinco desalojadas em Coimbra - Portal Tela Portugal","og_description":"Cinco pessoas ficaram desalojadas ap\u00f3s a ru\u00edna parcial de uma habita\u00e7\u00e3o em Fala, na Uni\u00e3o de freguesias de S\u00e3o Martinho do Bispo e Ribeira de Frades, Coimbra, neste domingo. Um agregado familiar de cinco pessoas, uma delas gr\u00e1vida, ficou desalojado; uma pessoa ficar\u00e1 na casa de familiares. Os quatro membros remanescentes est\u00e3o em unidade hoteleira; na ter\u00e7a-feira ir\u00e3o para instala\u00e7\u00f5es da Santa Casa da Miseric\u00f3rdia de S\u00e3o Martinho do Bispo, como realojamento da C\u00e2mara Municipal de Coimbra. O agregado familiar pretende deslocar-se, assim que poss\u00edvel, para uma casa junto da sua que est\u00e1 a ser arranjada, onde permanecer\u00e1 at\u00e9 a habita\u00e7\u00e3o ficar segura. Seguros foram ativados e a C\u00e2mara est\u00e1 a apoiar a fam\u00edlia na procura da solu\u00e7\u00e3o mais adequada. (Contexto) O temporal que afetou o pa\u00eds causou dezenas de mortes e in\u00fameros desalojados; o Governo prolongou a calamidade a 68 concelhos e anunciou medidas de apoio at\u00e9 2,5 mil milh\u00f5es de euros.","og_url":"https:\/\/portaltela.pt\/noticias\/2026\/02\/08\/queda-parcial-de-habitacao-deixa-cinco-desalojadas-em-coimbra\/","og_site_name":"Portal Tela Portugal","article_published_time":"2026-02-08T14:06:00+00:00","author":"Telinha","twitter_card":"summary_large_image","twitter_misc":{"Escrito por":"Telinha","Tempo estimado de leitura":"1 minuto"},"schema":{"@context":"https:\/\/schema.org","@graph":[{"@type":"Article","@id":"https:\/\/portaltela.pt\/noticias\/2026\/02\/08\/queda-parcial-de-habitacao-deixa-cinco-desalojadas-em-coimbra\/#article","isPartOf":{"@id":"https:\/\/portaltela.pt\/noticias\/2026\/02\/08\/queda-parcial-de-habitacao-deixa-cinco-desalojadas-em-coimbra\/"},"author":{"name":"Telinha","@id":"https:\/\/portaltela.pt\/#\/schema\/person\/c4278d4a6028830caff9ee44b42d32ed"},"headline":"Queda parcial de habita\u00e7\u00e3o deixa cinco desalojadas em Coimbra","datePublished":"2026-02-08T14:06:00+00:00","mainEntityOfPage":{"@id":"https:\/\/portaltela.pt\/noticias\/2026\/02\/08\/queda-parcial-de-habitacao-deixa-cinco-desalojadas-em-coimbra\/"},"wordCount":144,"image":{"@id":"https:\/\/portaltela.pt\/noticias\/2026\/02\/08\/queda-parcial-de-habitacao-deixa-cinco-desalojadas-em-coimbra\/#primaryimage"},"thumbnailUrl":"https:\/\/portaltela.pt\/s.01k8rhncp4jt1\/2026\/02\/image-629.jpg","keywords":["C\u00e2mara Municipal","Coimbra","concelho","desalojados","desalojamento","habita\u00e7\u00e3o"],"articleSection":["Not\u00edcias"],"inLanguage":"pt-PT"},{"@type":"WebPage","@id":"https:\/\/portaltela.pt\/noticias\/2026\/02\/08\/queda-parcial-de-habitacao-deixa-cinco-desalojadas-em-coimbra\/","url":"https:\/\/portaltela.pt\/noticias\/2026\/02\/08\/queda-parcial-de-habitacao-deixa-cinco-desalojadas-em-coimbra\/","name":"Queda parcial de habita\u00e7\u00e3o deixa cinco desalojadas em Coimbra - Portal Tela Portugal","isPartOf":{"@id":"https:\/\/portaltela.pt\/#website"},"primaryImageOfPage":{"@id":"https:\/\/portaltela.pt\/noticias\/2026\/02\/08\/queda-parcial-de-habitacao-deixa-cinco-desalojadas-em-coimbra\/#primaryimage"},"image":{"@id":"https:\/\/portaltela.pt\/noticias\/2026\/02\/08\/queda-parcial-de-habitacao-deixa-cinco-desalojadas-em-coimbra\/#primaryimage"},"thumbnailUrl":"https:\/\/portaltela.pt\/s.01k8rhncp4jt1\/2026\/02\/image-629.jpg","datePublished":"2026-02-08T14:06:00+00:00","author":{"@id":"https:\/\/portaltela.pt\/#\/schema\/person\/c4278d4a6028830caff9ee44b42d32ed"},"breadcrumb":{"@id":"https:\/\/portaltela.pt\/noticias\/2026\/02\/08\/queda-parcial-de-habitacao-deixa-cinco-desalojadas-em-coimbra\/#breadcrumb"},"inLanguage":"pt-PT","potentialAction":[{"@type":"ReadAction","target":["https:\/\/portaltela.pt\/noticias\/2026\/02\/08\/queda-parcial-de-habitacao-deixa-cinco-desalojadas-em-coimbra\/"]}]},{"@type":"ImageObject","inLanguage":"pt-PT","@id":"https:\/\/portaltela.pt\/noticias\/2026\/02\/08\/queda-parcial-de-habitacao-deixa-cinco-desalojadas-em-coimbra\/#primaryimage","url":"https:\/\/portaltela.pt\/s.01k8rhncp4jt1\/2026\/02\/image-629.jpg","contentUrl":"https:\/\/portaltela.pt\/s.01k8rhncp4jt1\/2026\/02\/image-629.jpg","width":796,"height":448,"caption":"Foto: Paulo Novais\/Lusa"},{"@type":"BreadcrumbList","@id":"https:\/\/portaltela.pt\/noticias\/2026\/02\/08\/queda-parcial-de-habitacao-deixa-cinco-desalojadas-em-coimbra\/#breadcrumb","itemListElement":[{"@type":"ListItem","position":1,"name":"In\u00edcio","item":"https:\/\/portaltela.pt\/"},{"@type":"ListItem","position":2,"name":"Queda parcial de habita\u00e7\u00e3o deixa cinco desalojadas em Coimbra"}]},{"@type":"WebSite","@id":"https:\/\/portaltela.pt\/#website","url":"https:\/\/portaltela.pt\/","name":"Portal Tela Portugal","description":"","potentialAction":[{"@type":"SearchAction","target":{"@type":"EntryPoint","urlTemplate":"https:\/\/portaltela.pt\/?s={search_term_string}"},"query-input":{"@type":"PropertyValueSpecification","valueRequired":true,"valueName":"search_term_string"}}],"inLanguage":"pt-PT"},{"@type":"Person","@id":"https:\/\/portaltela.pt\/#\/schema\/person\/c4278d4a6028830caff9ee44b42d32ed","name":"Telinha","image":{"@type":"ImageObject","inLanguage":"pt-PT","@id":"https:\/\/portaltela.pt\/s.01k8rhncp4jt1\/2025\/11\/talking-bot-125x125.png","url":"https:\/\/portaltela.pt\/s.01k8rhncp4jt1\/2025\/11\/talking-bot-125x125.png","contentUrl":"https:\/\/portaltela.pt\/s.01k8rhncp4jt1\/2025\/11\/talking-bot-125x125.png","caption":"Telinha"},"sameAs":["https:\/\/portaltela.pt\/"],"url":"https:\/\/portaltela.pt\/por\/367410592786\/"}]}},"_links":{"self":[{"href":"https:\/\/portaltela.pt\/api\/wp\/v2\/posts\/204041","targetHints":{"allow":["GET"]}}],"collection":[{"href":"https:\/\/portaltela.pt\/api\/wp\/v2\/posts"}],"about":[{"href":"https:\/\/portaltela.pt\/api\/wp\/v2\/types\/post"}],"author":[{"embeddable":true,"href":"https:\/\/portaltela.pt\/api\/wp\/v2\/users\/2"}],"replies":[{"embeddable":true,"href":"https:\/\/portaltela.pt\/api\/wp\/v2\/comments?post=204041"}],"version-history":[{"count":0,"href":"https:\/\/portaltela.pt\/api\/wp\/v2\/posts\/204041\/revisions"}],"wp:featuredmedia":[{"embeddable":true,"href":"https:\/\/portaltela.pt\/api\/wp\/v2\/media\/204050"}],"wp:attachment":[{"href":"https:\/\/portaltela.pt\/api\/wp\/v2\/media?parent=204041"}],"wp:term":[{"taxonomy":"category","embeddable":true,"href":"https:\/\/portaltela.pt\/api\/wp\/v2\/categories?post=204041"},{"taxonomy":"post_tag","embeddable":true,"href":"https:\/\/portaltela.pt\/api\/wp\/v2\/tags?post=204041"}],"curies":[{"name":"wp","href":"https:\/\/api.w.org\/{rel}","templated":true}]}}