{"id":204025,"date":"2026-02-08T11:00:00","date_gmt":"2026-02-08T14:00:00","guid":{"rendered":"https:\/\/portaltela.pt\/noticias\/2026\/02\/08\/das-margens-aparece-nos-outro-amadeo-de-souza-cardoso\/"},"modified":"2026-02-08T11:00:00","modified_gmt":"2026-02-08T14:00:00","slug":"das-margens-aparece-nos-outro-amadeo-de-souza-cardoso","status":"publish","type":"post","link":"https:\/\/portaltela.pt\/noticias\/2026\/02\/08\/das-margens-aparece-nos-outro-amadeo-de-souza-cardoso\/","title":{"rendered":"Das margens, aparece-nos outro Amadeo de Souza-Cardoso"},"content":{"rendered":"<p>A Margin\u00e1lia de Amadeo chega j\u00e1 a Lisboa, na Sociedade Nacional de Belas-Artes. A mostra revela facetas menos conhecidas da obra e da vida inicial de Amadeo de Souza-Cardoso, figura central do modernismo portugu\u00eas.<\/p>\n<p>A exposi\u00e7\u00e3o abre espa\u00e7o a aspetos pouco explorados do percurso do artista, destacando a rela\u00e7\u00e3o entre o desenho, a escrita e as primeiras experi\u00eancias visuais. O foco est\u00e1 na \u00e9poca formativa de Amadeo, bem como nas liga\u00e7\u00f5es entre as suas cria\u00e7\u00f5es e o contexto da altura.<\/p>\n<p>A mostra convida o p\u00fablico a observar como a curiosidade de Amadeo se manifestava nos cadernos escolares e nos manuais, bem como na cor e na composi\u00e7\u00e3o de obras que marcaram a passagem do simbolismo ao modernismo. O conjunto aponta para uma pr\u00e1tica criativa ampla.<\/p>\n<h3>Import\u00e2ncia da exposi\u00e7\u00e3o<\/h3>\n<p>A curadoria prop\u00f5e uma leitura que integra aspetos \u00edntimos da produ\u00e7\u00e3o de Amadeo com o cen\u00e1rio art\u00edstico da \u00e9poca. Ao privilegiar desenhos, esbo\u00e7os e notas, a mostra ajuda a entender a evolu\u00e7\u00e3o de um dos pilares da pintura moderna portuguesa.<\/p>\n<p>A narrativa apresentada enfatiza a interven\u00e7\u00e3o do artista no quotidiano escolar, seja nos desenhos, seja nas escritas, sugerindo que o impulso criativo nasceu na experimenta\u00e7\u00e3o di\u00e1ria. A montagem pretende ligar o estudo \u00e0s obras reconhecidas do pintor.<\/p>\n<h3>Contexto e alcance<\/h3>\n<p>A mostra situa Amadeo entre gera\u00e7\u00f5es anteriores e posteriores do modernismo nacional. Ao revelar o que houve nos prim\u00f3rdios da sua pr\u00e1tica, o projeto amplia a compreens\u00e3o do caminho que conduziu \u00e0s obras mais conhecidas. A exposi\u00e7\u00e3o est\u00e1 patente na capital portuguesa.<\/p>\n","protected":false},"excerpt":{"rendered":"<ul>\n<li>A exposi\u00e7\u00e3o A Margin\u00e1lia de Amadeo est\u00e1 na Sociedade Nacional de Belas-Artes, em Lisboa.<\/li>\n<li>Revela aspetos menos conhecidos da obra e da vida inicial de Amadeo de Souza-Cardoso, pintor modernista portugu\u00eas.<\/li>\n<li>O foco est\u00e1 nos desenhos e rabiscos feitos por prazer, curiosidade ou t\u00e9dio nos manuais, cadernos e livros escolares.<\/li>\n<li>Amadeo de Souza-Cardoso nasceu em 1887 e faleceu em 1918, sendo um dos grandes nomes do modernismo em Portugal.<\/li>\n<\/ul>\n","protected":false},"author":2,"featured_media":204032,"comment_status":"closed","ping_status":"closed","sticky":false,"template":"","format":"standard","meta":{"footnotes":""},"categories":[1],"tags":[70,5642,1397,981,248,1014],"class_list":["post-204025","post","type-post","status-publish","format-standard","has-post-thumbnail","hentry","category-noticias","tag-arte","tag-arte-plastica","tag-exposicoes","tag-lisboa","tag-pintura","tag-portugal"],"yoast_head":"<!-- This site is optimized with the Yoast SEO plugin v27.2 - https:\/\/yoast.com\/product\/yoast-seo-wordpress\/ -->\n<title>Das margens, aparece-nos outro Amadeo de Souza-Cardoso - Portal Tela Portugal<\/title>\n<meta name=\"robots\" content=\"index, follow, max-snippet:-1, max-image-preview:large, max-video-preview:-1\" \/>\n<meta property=\"og:locale\" content=\"pt_PT\" \/>\n<meta property=\"og:type\" content=\"article\" \/>\n<meta property=\"og:title\" content=\"Das margens, aparece-nos outro Amadeo de Souza-Cardoso - Portal Tela Portugal\" \/>\n<meta property=\"og:description\" content=\"A exposi\u00e7\u00e3o A Margin\u00e1lia de Amadeo est\u00e1 na Sociedade Nacional de Belas-Artes, em Lisboa. Revela aspetos menos conhecidos da obra e da vida inicial de Amadeo de Souza-Cardoso, pintor modernista portugu\u00eas. O foco est\u00e1 nos desenhos e rabiscos feitos por prazer, curiosidade ou t\u00e9dio nos manuais, cadernos e livros escolares. Amadeo de Souza-Cardoso nasceu em 1887 e faleceu em 1918, sendo um dos grandes nomes do modernismo em Portugal.\" \/>\n<meta property=\"og:url\" content=\"https:\/\/portaltela.pt\/noticias\/2026\/02\/08\/das-margens-aparece-nos-outro-amadeo-de-souza-cardoso\/\" \/>\n<meta property=\"og:site_name\" content=\"Portal Tela Portugal\" \/>\n<meta property=\"article:published_time\" content=\"2026-02-08T14:00:00+00:00\" \/>\n<meta name=\"author\" content=\"Telinha\" \/>\n<meta name=\"twitter:card\" content=\"summary_large_image\" \/>\n<meta name=\"twitter:label1\" content=\"Escrito por\" \/>\n\t<meta name=\"twitter:data1\" content=\"Telinha\" \/>\n\t<meta name=\"twitter:label2\" content=\"Tempo estimado de leitura\" \/>\n\t<meta name=\"twitter:data2\" content=\"1 minuto\" \/>\n<script type=\"application\/ld+json\" class=\"yoast-schema-graph\">{\"@context\":\"https:\/\/schema.org\",\"@graph\":[{\"@type\":\"Article\",\"@id\":\"https:\/\/portaltela.pt\/noticias\/2026\/02\/08\/das-margens-aparece-nos-outro-amadeo-de-souza-cardoso\/#article\",\"isPartOf\":{\"@id\":\"https:\/\/portaltela.pt\/noticias\/2026\/02\/08\/das-margens-aparece-nos-outro-amadeo-de-souza-cardoso\/\"},\"author\":{\"name\":\"Telinha\",\"@id\":\"https:\/\/portaltela.pt\/#\/schema\/person\/c4278d4a6028830caff9ee44b42d32ed\"},\"headline\":\"Das margens, aparece-nos outro Amadeo de Souza-Cardoso\",\"datePublished\":\"2026-02-08T14:00:00+00:00\",\"mainEntityOfPage\":{\"@id\":\"https:\/\/portaltela.pt\/noticias\/2026\/02\/08\/das-margens-aparece-nos-outro-amadeo-de-souza-cardoso\/\"},\"wordCount\":284,\"image\":{\"@id\":\"https:\/\/portaltela.pt\/noticias\/2026\/02\/08\/das-margens-aparece-nos-outro-amadeo-de-souza-cardoso\/#primaryimage\"},\"thumbnailUrl\":\"https:\/\/portaltela.pt\/s.01k8rhncp4jt1\/2026\/02\/2063883.jpg\",\"keywords\":[\"arte\",\"Arte Pl\u00e1stica\",\"exposi\u00e7\u00f5es\",\"Lisboa\",\"pintura\",\"Portugal\"],\"articleSection\":[\"Not\u00edcias\"],\"inLanguage\":\"pt-PT\"},{\"@type\":\"WebPage\",\"@id\":\"https:\/\/portaltela.pt\/noticias\/2026\/02\/08\/das-margens-aparece-nos-outro-amadeo-de-souza-cardoso\/\",\"url\":\"https:\/\/portaltela.pt\/noticias\/2026\/02\/08\/das-margens-aparece-nos-outro-amadeo-de-souza-cardoso\/\",\"name\":\"Das margens, aparece-nos outro Amadeo de Souza-Cardoso - Portal Tela Portugal\",\"isPartOf\":{\"@id\":\"https:\/\/portaltela.pt\/#website\"},\"primaryImageOfPage\":{\"@id\":\"https:\/\/portaltela.pt\/noticias\/2026\/02\/08\/das-margens-aparece-nos-outro-amadeo-de-souza-cardoso\/#primaryimage\"},\"image\":{\"@id\":\"https:\/\/portaltela.pt\/noticias\/2026\/02\/08\/das-margens-aparece-nos-outro-amadeo-de-souza-cardoso\/#primaryimage\"},\"thumbnailUrl\":\"https:\/\/portaltela.pt\/s.01k8rhncp4jt1\/2026\/02\/2063883.jpg\",\"datePublished\":\"2026-02-08T14:00:00+00:00\",\"author\":{\"@id\":\"https:\/\/portaltela.pt\/#\/schema\/person\/c4278d4a6028830caff9ee44b42d32ed\"},\"breadcrumb\":{\"@id\":\"https:\/\/portaltela.pt\/noticias\/2026\/02\/08\/das-margens-aparece-nos-outro-amadeo-de-souza-cardoso\/#breadcrumb\"},\"inLanguage\":\"pt-PT\",\"potentialAction\":[{\"@type\":\"ReadAction\",\"target\":[\"https:\/\/portaltela.pt\/noticias\/2026\/02\/08\/das-margens-aparece-nos-outro-amadeo-de-souza-cardoso\/\"]}]},{\"@type\":\"ImageObject\",\"inLanguage\":\"pt-PT\",\"@id\":\"https:\/\/portaltela.pt\/noticias\/2026\/02\/08\/das-margens-aparece-nos-outro-amadeo-de-souza-cardoso\/#primaryimage\",\"url\":\"https:\/\/portaltela.pt\/s.01k8rhncp4jt1\/2026\/02\/2063883.jpg\",\"contentUrl\":\"https:\/\/portaltela.pt\/s.01k8rhncp4jt1\/2026\/02\/2063883.jpg\",\"width\":796,\"height\":448,\"caption\":\"Flor, primeiro desenho colorido e assinado por Amadeo de Souza-Cardoso usando as p\u00e1ginas do manual de estudo No\u00e7\u00e3o Elementar de Hist\u00f3ria Moderna de Portugal\"},{\"@type\":\"BreadcrumbList\",\"@id\":\"https:\/\/portaltela.pt\/noticias\/2026\/02\/08\/das-margens-aparece-nos-outro-amadeo-de-souza-cardoso\/#breadcrumb\",\"itemListElement\":[{\"@type\":\"ListItem\",\"position\":1,\"name\":\"In\u00edcio\",\"item\":\"https:\/\/portaltela.pt\/\"},{\"@type\":\"ListItem\",\"position\":2,\"name\":\"Das margens, aparece-nos outro Amadeo de Souza-Cardoso\"}]},{\"@type\":\"WebSite\",\"@id\":\"https:\/\/portaltela.pt\/#website\",\"url\":\"https:\/\/portaltela.pt\/\",\"name\":\"Portal Tela Portugal\",\"description\":\"\",\"potentialAction\":[{\"@type\":\"SearchAction\",\"target\":{\"@type\":\"EntryPoint\",\"urlTemplate\":\"https:\/\/portaltela.pt\/?s={search_term_string}\"},\"query-input\":{\"@type\":\"PropertyValueSpecification\",\"valueRequired\":true,\"valueName\":\"search_term_string\"}}],\"inLanguage\":\"pt-PT\"},{\"@type\":\"Person\",\"@id\":\"https:\/\/portaltela.pt\/#\/schema\/person\/c4278d4a6028830caff9ee44b42d32ed\",\"name\":\"Telinha\",\"image\":{\"@type\":\"ImageObject\",\"inLanguage\":\"pt-PT\",\"@id\":\"https:\/\/portaltela.pt\/s.01k8rhncp4jt1\/2025\/11\/talking-bot-125x125.png\",\"url\":\"https:\/\/portaltela.pt\/s.01k8rhncp4jt1\/2025\/11\/talking-bot-125x125.png\",\"contentUrl\":\"https:\/\/portaltela.pt\/s.01k8rhncp4jt1\/2025\/11\/talking-bot-125x125.png\",\"caption\":\"Telinha\"},\"sameAs\":[\"https:\/\/portaltela.pt\/\"],\"url\":\"https:\/\/portaltela.pt\/por\/367410592786\/\"}]}<\/script>\n<!-- \/ Yoast SEO plugin. -->","yoast_head_json":{"title":"Das margens, aparece-nos outro Amadeo de Souza-Cardoso - Portal Tela Portugal","robots":{"index":"index","follow":"follow","max-snippet":"max-snippet:-1","max-image-preview":"max-image-preview:large","max-video-preview":"max-video-preview:-1"},"og_locale":"pt_PT","og_type":"article","og_title":"Das margens, aparece-nos outro Amadeo de Souza-Cardoso - Portal Tela Portugal","og_description":"A exposi\u00e7\u00e3o A Margin\u00e1lia de Amadeo est\u00e1 na Sociedade Nacional de Belas-Artes, em Lisboa. Revela aspetos menos conhecidos da obra e da vida inicial de Amadeo de Souza-Cardoso, pintor modernista portugu\u00eas. O foco est\u00e1 nos desenhos e rabiscos feitos por prazer, curiosidade ou t\u00e9dio nos manuais, cadernos e livros escolares. Amadeo de Souza-Cardoso nasceu em 1887 e faleceu em 1918, sendo um dos grandes nomes do modernismo em Portugal.","og_url":"https:\/\/portaltela.pt\/noticias\/2026\/02\/08\/das-margens-aparece-nos-outro-amadeo-de-souza-cardoso\/","og_site_name":"Portal Tela Portugal","article_published_time":"2026-02-08T14:00:00+00:00","author":"Telinha","twitter_card":"summary_large_image","twitter_misc":{"Escrito por":"Telinha","Tempo estimado de leitura":"1 minuto"},"schema":{"@context":"https:\/\/schema.org","@graph":[{"@type":"Article","@id":"https:\/\/portaltela.pt\/noticias\/2026\/02\/08\/das-margens-aparece-nos-outro-amadeo-de-souza-cardoso\/#article","isPartOf":{"@id":"https:\/\/portaltela.pt\/noticias\/2026\/02\/08\/das-margens-aparece-nos-outro-amadeo-de-souza-cardoso\/"},"author":{"name":"Telinha","@id":"https:\/\/portaltela.pt\/#\/schema\/person\/c4278d4a6028830caff9ee44b42d32ed"},"headline":"Das margens, aparece-nos outro Amadeo de Souza-Cardoso","datePublished":"2026-02-08T14:00:00+00:00","mainEntityOfPage":{"@id":"https:\/\/portaltela.pt\/noticias\/2026\/02\/08\/das-margens-aparece-nos-outro-amadeo-de-souza-cardoso\/"},"wordCount":284,"image":{"@id":"https:\/\/portaltela.pt\/noticias\/2026\/02\/08\/das-margens-aparece-nos-outro-amadeo-de-souza-cardoso\/#primaryimage"},"thumbnailUrl":"https:\/\/portaltela.pt\/s.01k8rhncp4jt1\/2026\/02\/2063883.jpg","keywords":["arte","Arte Pl\u00e1stica","exposi\u00e7\u00f5es","Lisboa","pintura","Portugal"],"articleSection":["Not\u00edcias"],"inLanguage":"pt-PT"},{"@type":"WebPage","@id":"https:\/\/portaltela.pt\/noticias\/2026\/02\/08\/das-margens-aparece-nos-outro-amadeo-de-souza-cardoso\/","url":"https:\/\/portaltela.pt\/noticias\/2026\/02\/08\/das-margens-aparece-nos-outro-amadeo-de-souza-cardoso\/","name":"Das margens, aparece-nos outro Amadeo de Souza-Cardoso - Portal Tela Portugal","isPartOf":{"@id":"https:\/\/portaltela.pt\/#website"},"primaryImageOfPage":{"@id":"https:\/\/portaltela.pt\/noticias\/2026\/02\/08\/das-margens-aparece-nos-outro-amadeo-de-souza-cardoso\/#primaryimage"},"image":{"@id":"https:\/\/portaltela.pt\/noticias\/2026\/02\/08\/das-margens-aparece-nos-outro-amadeo-de-souza-cardoso\/#primaryimage"},"thumbnailUrl":"https:\/\/portaltela.pt\/s.01k8rhncp4jt1\/2026\/02\/2063883.jpg","datePublished":"2026-02-08T14:00:00+00:00","author":{"@id":"https:\/\/portaltela.pt\/#\/schema\/person\/c4278d4a6028830caff9ee44b42d32ed"},"breadcrumb":{"@id":"https:\/\/portaltela.pt\/noticias\/2026\/02\/08\/das-margens-aparece-nos-outro-amadeo-de-souza-cardoso\/#breadcrumb"},"inLanguage":"pt-PT","potentialAction":[{"@type":"ReadAction","target":["https:\/\/portaltela.pt\/noticias\/2026\/02\/08\/das-margens-aparece-nos-outro-amadeo-de-souza-cardoso\/"]}]},{"@type":"ImageObject","inLanguage":"pt-PT","@id":"https:\/\/portaltela.pt\/noticias\/2026\/02\/08\/das-margens-aparece-nos-outro-amadeo-de-souza-cardoso\/#primaryimage","url":"https:\/\/portaltela.pt\/s.01k8rhncp4jt1\/2026\/02\/2063883.jpg","contentUrl":"https:\/\/portaltela.pt\/s.01k8rhncp4jt1\/2026\/02\/2063883.jpg","width":796,"height":448,"caption":"Flor, primeiro desenho colorido e assinado por Amadeo de Souza-Cardoso usando as p\u00e1ginas do manual de estudo No\u00e7\u00e3o Elementar de Hist\u00f3ria Moderna de Portugal"},{"@type":"BreadcrumbList","@id":"https:\/\/portaltela.pt\/noticias\/2026\/02\/08\/das-margens-aparece-nos-outro-amadeo-de-souza-cardoso\/#breadcrumb","itemListElement":[{"@type":"ListItem","position":1,"name":"In\u00edcio","item":"https:\/\/portaltela.pt\/"},{"@type":"ListItem","position":2,"name":"Das margens, aparece-nos outro Amadeo de Souza-Cardoso"}]},{"@type":"WebSite","@id":"https:\/\/portaltela.pt\/#website","url":"https:\/\/portaltela.pt\/","name":"Portal Tela Portugal","description":"","potentialAction":[{"@type":"SearchAction","target":{"@type":"EntryPoint","urlTemplate":"https:\/\/portaltela.pt\/?s={search_term_string}"},"query-input":{"@type":"PropertyValueSpecification","valueRequired":true,"valueName":"search_term_string"}}],"inLanguage":"pt-PT"},{"@type":"Person","@id":"https:\/\/portaltela.pt\/#\/schema\/person\/c4278d4a6028830caff9ee44b42d32ed","name":"Telinha","image":{"@type":"ImageObject","inLanguage":"pt-PT","@id":"https:\/\/portaltela.pt\/s.01k8rhncp4jt1\/2025\/11\/talking-bot-125x125.png","url":"https:\/\/portaltela.pt\/s.01k8rhncp4jt1\/2025\/11\/talking-bot-125x125.png","contentUrl":"https:\/\/portaltela.pt\/s.01k8rhncp4jt1\/2025\/11\/talking-bot-125x125.png","caption":"Telinha"},"sameAs":["https:\/\/portaltela.pt\/"],"url":"https:\/\/portaltela.pt\/por\/367410592786\/"}]}},"_links":{"self":[{"href":"https:\/\/portaltela.pt\/api\/wp\/v2\/posts\/204025","targetHints":{"allow":["GET"]}}],"collection":[{"href":"https:\/\/portaltela.pt\/api\/wp\/v2\/posts"}],"about":[{"href":"https:\/\/portaltela.pt\/api\/wp\/v2\/types\/post"}],"author":[{"embeddable":true,"href":"https:\/\/portaltela.pt\/api\/wp\/v2\/users\/2"}],"replies":[{"embeddable":true,"href":"https:\/\/portaltela.pt\/api\/wp\/v2\/comments?post=204025"}],"version-history":[{"count":0,"href":"https:\/\/portaltela.pt\/api\/wp\/v2\/posts\/204025\/revisions"}],"wp:featuredmedia":[{"embeddable":true,"href":"https:\/\/portaltela.pt\/api\/wp\/v2\/media\/204032"}],"wp:attachment":[{"href":"https:\/\/portaltela.pt\/api\/wp\/v2\/media?parent=204025"}],"wp:term":[{"taxonomy":"category","embeddable":true,"href":"https:\/\/portaltela.pt\/api\/wp\/v2\/categories?post=204025"},{"taxonomy":"post_tag","embeddable":true,"href":"https:\/\/portaltela.pt\/api\/wp\/v2\/tags?post=204025"}],"curies":[{"name":"wp","href":"https:\/\/api.w.org\/{rel}","templated":true}]}}