{"id":203985,"date":"2026-02-08T10:09:50","date_gmt":"2026-02-08T13:09:50","guid":{"rendered":"https:\/\/portaltela.pt\/noticias\/2026\/02\/08\/aguiar-branco-eleicoes-nao-se-atrasam-a-partir-de-lisboa-e-elogia-marcelo\/"},"modified":"2026-02-08T10:09:50","modified_gmt":"2026-02-08T13:09:50","slug":"aguiar-branco-eleicoes-nao-se-atrasam-a-partir-de-lisboa-e-elogia-marcelo","status":"publish","type":"post","link":"https:\/\/portaltela.pt\/noticias\/politica\/2026\/02\/08\/aguiar-branco-eleicoes-nao-se-atrasam-a-partir-de-lisboa-e-elogia-marcelo\/","title":{"rendered":"Aguiar-Branco: elei\u00e7\u00f5es n\u00e3o se atrasam a partir de Lisboa e elogia Marcelo"},"content":{"rendered":"<p>O presidente da Assembleia da Rep\u00fablica, Jos\u00e9 Pedro Aguiar-Branco, afirmou que n\u00e3o se pode adiar elei\u00e7\u00f5es a partir de Lisboa. Em declara\u00e7\u00f5es na Universidade Cat\u00f3lica do Porto, salientou que Marcelo Rebelo de Sousa ficar\u00e1 na hist\u00f3ria como um bom Presidente, ap\u00f3s ter votado na segunda volta entre Ant\u00f3nio Jos\u00e9 Seguro e Andr\u00e9 Ventura.<\/p>\n<p>Aguiar-Branco defendeu que a decis\u00e3o sobre o adiamento deve ser tomada por quem est\u00e1 mais pr\u00f3ximo das popula\u00e7\u00f5es. Autarcas e a Comiss\u00e3o Nacional de Elei\u00e7\u00f5es teriam condi\u00e7\u00f5es para avaliar se o voto pode realizar-se no dia indicado, n\u00e3o cabendo a Lisboa essa delibera\u00e7\u00e3o.<\/p>\n<p>Afirmou ainda que a decis\u00e3o depende da avalia\u00e7\u00e3o no terreno, especialmente de quem enfrenta as condi\u00e7\u00f5es locais. Caso haja aus\u00eancia de condi\u00e7\u00f5es, o voto poder\u00e1 realizar-se apenas posteriormente, conforme o previsto pela lei.<\/p>\n<h3>Adiamento e o papel das autoridades locais<\/h3>\n<p>O presidente da Assembleia explicou que a moldura legal do 25 de Abril refor\u00e7a a autonomia local na avalia\u00e7\u00e3o de condi\u00e7\u00f5es para o ato eleitoral. A decis\u00e3o sobre adiar ou n\u00e3o recai nos agentes que acompanham diretamente as circunst\u00e2ncias.<\/p>\n<p>Concluiu que, se houver condi\u00e7\u00f5es, o ato eleitoral realiza-se no dia marcado; se n\u00e3o houver, a vota\u00e7\u00e3o poder\u00e1 ocorrer oito dias depois, conforme permite a legisla\u00e7\u00e3o em vigor. Aguiar-Branco transmitiu solidariedade a quem continua a enfrentar dificuldades.<\/p>\n<h3>Rela\u00e7\u00f5es institucionais entre poderes<\/h3>\n<p>Questionado sobre os mandatos de Marcelo Rebelo de Sousa, o parlamentar elogiou a atua\u00e7\u00e3o do Presidente da Rep\u00fablica ao longo de dez anos, destacando a dignidade e a qualidade do exerc\u00edcio. Afirmou que Rebelo de Sousa ficar\u00e1 na hist\u00f3ria como um l\u00edder que assegurou o funcionamento da democracia.<\/p>\n<p>Relativamente ao pr\u00f3ximo Presidente, Aguiar-Branco sublinhou a expectativa de uma articula\u00e7\u00e3o entre os \u00f3rg\u00e3os de soberania baseada no respeito constitucional. Acredita que o novo Chefe de Estado contribuir\u00e1 para uma atua\u00e7\u00e3o institucional normal e est\u00e1vel.<\/p>\n","protected":false},"excerpt":{"rendered":"<ul>\n<li>O presidente da Assembleia da Rep\u00fablica, Jos\u00e9 Pedro Aguiar-Branco, afirmou que n\u00e3o se adiam elei\u00e7\u00f5es a partir de Lisboa; caber\u00e1 aos autarcas decidir se h\u00e1 condi\u00e7\u00f5es para votar, falando na Universidade Cat\u00f3lica do Porto, ap\u00f3s votar na segunda volta entre Ant\u00f3nio Jos\u00e9 Seguro e Andr\u00e9 Ventura.<\/li>\n<li>Disse que quem avalia as condi\u00e7\u00f5es s\u00e3o os autarcas e a Comiss\u00e3o Nacional de Elei\u00e7\u00f5es, n\u00e3o Lisboa, destacando o direito de voto como o principal em democracia.<\/li>\n<li>Reinfor\u00e7ou que a decis\u00e3o de adiar n\u00e3o depende da vontade de pessoas nem de Lisboa, mas daqueles que est\u00e3o no terreno a avaliar as condi\u00e7\u00f5es.<\/li>\n<li>Elogiou Marcelo Rebelo de Sousa, afirmando que cumpriu com dignidade e qualidade a sua fun\u00e7\u00e3o e ficar\u00e1 na Hist\u00f3ria como um bom Presidente.<\/li>\n<li>Sobre o futuro, disse que espera que o pr\u00f3ximo Presidente, no respeito pela Constitui\u00e7\u00e3o, saiba manter a articula\u00e7\u00e3o entre os \u00f3rg\u00e3os de soberania para o normal funcionamento da democracia.<\/li>\n<\/ul>\n","protected":false},"author":2,"featured_media":203986,"comment_status":"closed","ping_status":"closed","sticky":false,"template":"","format":"standard","meta":{"footnotes":""},"categories":[1,5],"tags":[5316,4057,2795,68,2832,30],"class_list":["post-203985","post","type-post","status-publish","format-standard","has-post-thumbnail","hentry","category-noticias","category-politica","tag-autonomia-institucional","tag-constituicao","tag-democracia","tag-eleicoes","tag-politica","tag-presidente"],"yoast_head":"<!-- This site is optimized with the Yoast SEO plugin v27.2 - https:\/\/yoast.com\/product\/yoast-seo-wordpress\/ -->\n<title>Aguiar-Branco: elei\u00e7\u00f5es n\u00e3o se atrasam a partir de Lisboa e elogia Marcelo - Portal Tela Portugal<\/title>\n<meta name=\"robots\" content=\"index, follow, max-snippet:-1, max-image-preview:large, max-video-preview:-1\" \/>\n<meta property=\"og:locale\" content=\"pt_PT\" \/>\n<meta property=\"og:type\" content=\"article\" \/>\n<meta property=\"og:title\" content=\"Aguiar-Branco: elei\u00e7\u00f5es n\u00e3o se atrasam a partir de Lisboa e elogia Marcelo - Portal Tela Portugal\" \/>\n<meta property=\"og:description\" content=\"O presidente da Assembleia da Rep\u00fablica, Jos\u00e9 Pedro Aguiar-Branco, afirmou que n\u00e3o se adiam elei\u00e7\u00f5es a partir de Lisboa; caber\u00e1 aos autarcas decidir se h\u00e1 condi\u00e7\u00f5es para votar, falando na Universidade Cat\u00f3lica do Porto, ap\u00f3s votar na segunda volta entre Ant\u00f3nio Jos\u00e9 Seguro e Andr\u00e9 Ventura. Disse que quem avalia as condi\u00e7\u00f5es s\u00e3o os autarcas e a Comiss\u00e3o Nacional de Elei\u00e7\u00f5es, n\u00e3o Lisboa, destacando o direito de voto como o principal em democracia. Reinfor\u00e7ou que a decis\u00e3o de adiar n\u00e3o depende da vontade de pessoas nem de Lisboa, mas daqueles que est\u00e3o no terreno a avaliar as condi\u00e7\u00f5es. Elogiou Marcelo Rebelo de Sousa, afirmando que cumpriu com dignidade e qualidade a sua fun\u00e7\u00e3o e ficar\u00e1 na Hist\u00f3ria como um bom Presidente. Sobre o futuro, disse que espera que o pr\u00f3ximo Presidente, no respeito pela Constitui\u00e7\u00e3o, saiba manter a articula\u00e7\u00e3o entre os \u00f3rg\u00e3os de soberania para o normal funcionamento da democracia.\" \/>\n<meta property=\"og:url\" content=\"https:\/\/portaltela.pt\/noticias\/2026\/02\/08\/aguiar-branco-eleicoes-nao-se-atrasam-a-partir-de-lisboa-e-elogia-marcelo\/\" \/>\n<meta property=\"og:site_name\" content=\"Portal Tela Portugal\" \/>\n<meta property=\"article:published_time\" content=\"2026-02-08T13:09:50+00:00\" \/>\n<meta name=\"author\" content=\"Telinha\" \/>\n<meta name=\"twitter:card\" content=\"summary_large_image\" \/>\n<meta name=\"twitter:label1\" content=\"Escrito por\" \/>\n\t<meta name=\"twitter:data1\" content=\"Telinha\" \/>\n\t<meta name=\"twitter:label2\" content=\"Tempo estimado de leitura\" \/>\n\t<meta name=\"twitter:data2\" content=\"2 minutos\" \/>\n<script type=\"application\/ld+json\" class=\"yoast-schema-graph\">{\"@context\":\"https:\/\/schema.org\",\"@graph\":[{\"@type\":\"Article\",\"@id\":\"https:\/\/portaltela.pt\/noticias\/2026\/02\/08\/aguiar-branco-eleicoes-nao-se-atrasam-a-partir-de-lisboa-e-elogia-marcelo\/#article\",\"isPartOf\":{\"@id\":\"https:\/\/portaltela.pt\/noticias\/2026\/02\/08\/aguiar-branco-eleicoes-nao-se-atrasam-a-partir-de-lisboa-e-elogia-marcelo\/\"},\"author\":{\"name\":\"Telinha\",\"@id\":\"https:\/\/portaltela.pt\/#\/schema\/person\/c4278d4a6028830caff9ee44b42d32ed\"},\"headline\":\"Aguiar-Branco: elei\u00e7\u00f5es n\u00e3o se atrasam a partir de Lisboa e elogia Marcelo\",\"datePublished\":\"2026-02-08T13:09:50+00:00\",\"mainEntityOfPage\":{\"@id\":\"https:\/\/portaltela.pt\/noticias\/2026\/02\/08\/aguiar-branco-eleicoes-nao-se-atrasam-a-partir-de-lisboa-e-elogia-marcelo\/\"},\"wordCount\":354,\"image\":{\"@id\":\"https:\/\/portaltela.pt\/noticias\/2026\/02\/08\/aguiar-branco-eleicoes-nao-se-atrasam-a-partir-de-lisboa-e-elogia-marcelo\/#primaryimage\"},\"thumbnailUrl\":\"https:\/\/portaltela.pt\/s.01k8rhncp4jt1\/2026\/02\/img_1500x1000uu2026-02-08-11-56-00-2265545.jpg\",\"keywords\":[\"autonomia institucional\",\"constitui\u00e7\u00e3o\",\"democracia\",\"elei\u00e7\u00f5es\",\"pol\u00edtica\",\"presidente\"],\"articleSection\":[\"Not\u00edcias\",\"Pol\u00edtica\"],\"inLanguage\":\"pt-PT\"},{\"@type\":\"WebPage\",\"@id\":\"https:\/\/portaltela.pt\/noticias\/2026\/02\/08\/aguiar-branco-eleicoes-nao-se-atrasam-a-partir-de-lisboa-e-elogia-marcelo\/\",\"url\":\"https:\/\/portaltela.pt\/noticias\/2026\/02\/08\/aguiar-branco-eleicoes-nao-se-atrasam-a-partir-de-lisboa-e-elogia-marcelo\/\",\"name\":\"Aguiar-Branco: elei\u00e7\u00f5es n\u00e3o se atrasam a partir de Lisboa e elogia Marcelo - Portal Tela Portugal\",\"isPartOf\":{\"@id\":\"https:\/\/portaltela.pt\/#website\"},\"primaryImageOfPage\":{\"@id\":\"https:\/\/portaltela.pt\/noticias\/2026\/02\/08\/aguiar-branco-eleicoes-nao-se-atrasam-a-partir-de-lisboa-e-elogia-marcelo\/#primaryimage\"},\"image\":{\"@id\":\"https:\/\/portaltela.pt\/noticias\/2026\/02\/08\/aguiar-branco-eleicoes-nao-se-atrasam-a-partir-de-lisboa-e-elogia-marcelo\/#primaryimage\"},\"thumbnailUrl\":\"https:\/\/portaltela.pt\/s.01k8rhncp4jt1\/2026\/02\/img_1500x1000uu2026-02-08-11-56-00-2265545.jpg\",\"datePublished\":\"2026-02-08T13:09:50+00:00\",\"author\":{\"@id\":\"https:\/\/portaltela.pt\/#\/schema\/person\/c4278d4a6028830caff9ee44b42d32ed\"},\"breadcrumb\":{\"@id\":\"https:\/\/portaltela.pt\/noticias\/2026\/02\/08\/aguiar-branco-eleicoes-nao-se-atrasam-a-partir-de-lisboa-e-elogia-marcelo\/#breadcrumb\"},\"inLanguage\":\"pt-PT\",\"potentialAction\":[{\"@type\":\"ReadAction\",\"target\":[\"https:\/\/portaltela.pt\/noticias\/2026\/02\/08\/aguiar-branco-eleicoes-nao-se-atrasam-a-partir-de-lisboa-e-elogia-marcelo\/\"]}]},{\"@type\":\"ImageObject\",\"inLanguage\":\"pt-PT\",\"@id\":\"https:\/\/portaltela.pt\/noticias\/2026\/02\/08\/aguiar-branco-eleicoes-nao-se-atrasam-a-partir-de-lisboa-e-elogia-marcelo\/#primaryimage\",\"url\":\"https:\/\/portaltela.pt\/s.01k8rhncp4jt1\/2026\/02\/img_1500x1000uu2026-02-08-11-56-00-2265545.jpg\",\"contentUrl\":\"https:\/\/portaltela.pt\/s.01k8rhncp4jt1\/2026\/02\/img_1500x1000uu2026-02-08-11-56-00-2265545.jpg\",\"width\":796,\"height\":448,\"caption\":\"Aguiar-branco\"},{\"@type\":\"BreadcrumbList\",\"@id\":\"https:\/\/portaltela.pt\/noticias\/2026\/02\/08\/aguiar-branco-eleicoes-nao-se-atrasam-a-partir-de-lisboa-e-elogia-marcelo\/#breadcrumb\",\"itemListElement\":[{\"@type\":\"ListItem\",\"position\":1,\"name\":\"In\u00edcio\",\"item\":\"https:\/\/portaltela.pt\/\"},{\"@type\":\"ListItem\",\"position\":2,\"name\":\"Aguiar-Branco: elei\u00e7\u00f5es n\u00e3o se atrasam a partir de Lisboa e elogia Marcelo\"}]},{\"@type\":\"WebSite\",\"@id\":\"https:\/\/portaltela.pt\/#website\",\"url\":\"https:\/\/portaltela.pt\/\",\"name\":\"Portal Tela Portugal\",\"description\":\"\",\"potentialAction\":[{\"@type\":\"SearchAction\",\"target\":{\"@type\":\"EntryPoint\",\"urlTemplate\":\"https:\/\/portaltela.pt\/?s={search_term_string}\"},\"query-input\":{\"@type\":\"PropertyValueSpecification\",\"valueRequired\":true,\"valueName\":\"search_term_string\"}}],\"inLanguage\":\"pt-PT\"},{\"@type\":\"Person\",\"@id\":\"https:\/\/portaltela.pt\/#\/schema\/person\/c4278d4a6028830caff9ee44b42d32ed\",\"name\":\"Telinha\",\"image\":{\"@type\":\"ImageObject\",\"inLanguage\":\"pt-PT\",\"@id\":\"https:\/\/portaltela.pt\/s.01k8rhncp4jt1\/2025\/11\/talking-bot-125x125.png\",\"url\":\"https:\/\/portaltela.pt\/s.01k8rhncp4jt1\/2025\/11\/talking-bot-125x125.png\",\"contentUrl\":\"https:\/\/portaltela.pt\/s.01k8rhncp4jt1\/2025\/11\/talking-bot-125x125.png\",\"caption\":\"Telinha\"},\"sameAs\":[\"https:\/\/portaltela.pt\/\"],\"url\":\"https:\/\/portaltela.pt\/por\/367410592786\/\"}]}<\/script>\n<!-- \/ Yoast SEO plugin. -->","yoast_head_json":{"title":"Aguiar-Branco: elei\u00e7\u00f5es n\u00e3o se atrasam a partir de Lisboa e elogia Marcelo - Portal Tela Portugal","robots":{"index":"index","follow":"follow","max-snippet":"max-snippet:-1","max-image-preview":"max-image-preview:large","max-video-preview":"max-video-preview:-1"},"og_locale":"pt_PT","og_type":"article","og_title":"Aguiar-Branco: elei\u00e7\u00f5es n\u00e3o se atrasam a partir de Lisboa e elogia Marcelo - Portal Tela Portugal","og_description":"O presidente da Assembleia da Rep\u00fablica, Jos\u00e9 Pedro Aguiar-Branco, afirmou que n\u00e3o se adiam elei\u00e7\u00f5es a partir de Lisboa; caber\u00e1 aos autarcas decidir se h\u00e1 condi\u00e7\u00f5es para votar, falando na Universidade Cat\u00f3lica do Porto, ap\u00f3s votar na segunda volta entre Ant\u00f3nio Jos\u00e9 Seguro e Andr\u00e9 Ventura. Disse que quem avalia as condi\u00e7\u00f5es s\u00e3o os autarcas e a Comiss\u00e3o Nacional de Elei\u00e7\u00f5es, n\u00e3o Lisboa, destacando o direito de voto como o principal em democracia. Reinfor\u00e7ou que a decis\u00e3o de adiar n\u00e3o depende da vontade de pessoas nem de Lisboa, mas daqueles que est\u00e3o no terreno a avaliar as condi\u00e7\u00f5es. Elogiou Marcelo Rebelo de Sousa, afirmando que cumpriu com dignidade e qualidade a sua fun\u00e7\u00e3o e ficar\u00e1 na Hist\u00f3ria como um bom Presidente. Sobre o futuro, disse que espera que o pr\u00f3ximo Presidente, no respeito pela Constitui\u00e7\u00e3o, saiba manter a articula\u00e7\u00e3o entre os \u00f3rg\u00e3os de soberania para o normal funcionamento da democracia.","og_url":"https:\/\/portaltela.pt\/noticias\/2026\/02\/08\/aguiar-branco-eleicoes-nao-se-atrasam-a-partir-de-lisboa-e-elogia-marcelo\/","og_site_name":"Portal Tela Portugal","article_published_time":"2026-02-08T13:09:50+00:00","author":"Telinha","twitter_card":"summary_large_image","twitter_misc":{"Escrito por":"Telinha","Tempo estimado de leitura":"2 minutos"},"schema":{"@context":"https:\/\/schema.org","@graph":[{"@type":"Article","@id":"https:\/\/portaltela.pt\/noticias\/2026\/02\/08\/aguiar-branco-eleicoes-nao-se-atrasam-a-partir-de-lisboa-e-elogia-marcelo\/#article","isPartOf":{"@id":"https:\/\/portaltela.pt\/noticias\/2026\/02\/08\/aguiar-branco-eleicoes-nao-se-atrasam-a-partir-de-lisboa-e-elogia-marcelo\/"},"author":{"name":"Telinha","@id":"https:\/\/portaltela.pt\/#\/schema\/person\/c4278d4a6028830caff9ee44b42d32ed"},"headline":"Aguiar-Branco: elei\u00e7\u00f5es n\u00e3o se atrasam a partir de Lisboa e elogia Marcelo","datePublished":"2026-02-08T13:09:50+00:00","mainEntityOfPage":{"@id":"https:\/\/portaltela.pt\/noticias\/2026\/02\/08\/aguiar-branco-eleicoes-nao-se-atrasam-a-partir-de-lisboa-e-elogia-marcelo\/"},"wordCount":354,"image":{"@id":"https:\/\/portaltela.pt\/noticias\/2026\/02\/08\/aguiar-branco-eleicoes-nao-se-atrasam-a-partir-de-lisboa-e-elogia-marcelo\/#primaryimage"},"thumbnailUrl":"https:\/\/portaltela.pt\/s.01k8rhncp4jt1\/2026\/02\/img_1500x1000uu2026-02-08-11-56-00-2265545.jpg","keywords":["autonomia institucional","constitui\u00e7\u00e3o","democracia","elei\u00e7\u00f5es","pol\u00edtica","presidente"],"articleSection":["Not\u00edcias","Pol\u00edtica"],"inLanguage":"pt-PT"},{"@type":"WebPage","@id":"https:\/\/portaltela.pt\/noticias\/2026\/02\/08\/aguiar-branco-eleicoes-nao-se-atrasam-a-partir-de-lisboa-e-elogia-marcelo\/","url":"https:\/\/portaltela.pt\/noticias\/2026\/02\/08\/aguiar-branco-eleicoes-nao-se-atrasam-a-partir-de-lisboa-e-elogia-marcelo\/","name":"Aguiar-Branco: elei\u00e7\u00f5es n\u00e3o se atrasam a partir de Lisboa e elogia Marcelo - Portal Tela Portugal","isPartOf":{"@id":"https:\/\/portaltela.pt\/#website"},"primaryImageOfPage":{"@id":"https:\/\/portaltela.pt\/noticias\/2026\/02\/08\/aguiar-branco-eleicoes-nao-se-atrasam-a-partir-de-lisboa-e-elogia-marcelo\/#primaryimage"},"image":{"@id":"https:\/\/portaltela.pt\/noticias\/2026\/02\/08\/aguiar-branco-eleicoes-nao-se-atrasam-a-partir-de-lisboa-e-elogia-marcelo\/#primaryimage"},"thumbnailUrl":"https:\/\/portaltela.pt\/s.01k8rhncp4jt1\/2026\/02\/img_1500x1000uu2026-02-08-11-56-00-2265545.jpg","datePublished":"2026-02-08T13:09:50+00:00","author":{"@id":"https:\/\/portaltela.pt\/#\/schema\/person\/c4278d4a6028830caff9ee44b42d32ed"},"breadcrumb":{"@id":"https:\/\/portaltela.pt\/noticias\/2026\/02\/08\/aguiar-branco-eleicoes-nao-se-atrasam-a-partir-de-lisboa-e-elogia-marcelo\/#breadcrumb"},"inLanguage":"pt-PT","potentialAction":[{"@type":"ReadAction","target":["https:\/\/portaltela.pt\/noticias\/2026\/02\/08\/aguiar-branco-eleicoes-nao-se-atrasam-a-partir-de-lisboa-e-elogia-marcelo\/"]}]},{"@type":"ImageObject","inLanguage":"pt-PT","@id":"https:\/\/portaltela.pt\/noticias\/2026\/02\/08\/aguiar-branco-eleicoes-nao-se-atrasam-a-partir-de-lisboa-e-elogia-marcelo\/#primaryimage","url":"https:\/\/portaltela.pt\/s.01k8rhncp4jt1\/2026\/02\/img_1500x1000uu2026-02-08-11-56-00-2265545.jpg","contentUrl":"https:\/\/portaltela.pt\/s.01k8rhncp4jt1\/2026\/02\/img_1500x1000uu2026-02-08-11-56-00-2265545.jpg","width":796,"height":448,"caption":"Aguiar-branco"},{"@type":"BreadcrumbList","@id":"https:\/\/portaltela.pt\/noticias\/2026\/02\/08\/aguiar-branco-eleicoes-nao-se-atrasam-a-partir-de-lisboa-e-elogia-marcelo\/#breadcrumb","itemListElement":[{"@type":"ListItem","position":1,"name":"In\u00edcio","item":"https:\/\/portaltela.pt\/"},{"@type":"ListItem","position":2,"name":"Aguiar-Branco: elei\u00e7\u00f5es n\u00e3o se atrasam a partir de Lisboa e elogia Marcelo"}]},{"@type":"WebSite","@id":"https:\/\/portaltela.pt\/#website","url":"https:\/\/portaltela.pt\/","name":"Portal Tela Portugal","description":"","potentialAction":[{"@type":"SearchAction","target":{"@type":"EntryPoint","urlTemplate":"https:\/\/portaltela.pt\/?s={search_term_string}"},"query-input":{"@type":"PropertyValueSpecification","valueRequired":true,"valueName":"search_term_string"}}],"inLanguage":"pt-PT"},{"@type":"Person","@id":"https:\/\/portaltela.pt\/#\/schema\/person\/c4278d4a6028830caff9ee44b42d32ed","name":"Telinha","image":{"@type":"ImageObject","inLanguage":"pt-PT","@id":"https:\/\/portaltela.pt\/s.01k8rhncp4jt1\/2025\/11\/talking-bot-125x125.png","url":"https:\/\/portaltela.pt\/s.01k8rhncp4jt1\/2025\/11\/talking-bot-125x125.png","contentUrl":"https:\/\/portaltela.pt\/s.01k8rhncp4jt1\/2025\/11\/talking-bot-125x125.png","caption":"Telinha"},"sameAs":["https:\/\/portaltela.pt\/"],"url":"https:\/\/portaltela.pt\/por\/367410592786\/"}]}},"_links":{"self":[{"href":"https:\/\/portaltela.pt\/api\/wp\/v2\/posts\/203985","targetHints":{"allow":["GET"]}}],"collection":[{"href":"https:\/\/portaltela.pt\/api\/wp\/v2\/posts"}],"about":[{"href":"https:\/\/portaltela.pt\/api\/wp\/v2\/types\/post"}],"author":[{"embeddable":true,"href":"https:\/\/portaltela.pt\/api\/wp\/v2\/users\/2"}],"replies":[{"embeddable":true,"href":"https:\/\/portaltela.pt\/api\/wp\/v2\/comments?post=203985"}],"version-history":[{"count":0,"href":"https:\/\/portaltela.pt\/api\/wp\/v2\/posts\/203985\/revisions"}],"wp:featuredmedia":[{"embeddable":true,"href":"https:\/\/portaltela.pt\/api\/wp\/v2\/media\/203986"}],"wp:attachment":[{"href":"https:\/\/portaltela.pt\/api\/wp\/v2\/media?parent=203985"}],"wp:term":[{"taxonomy":"category","embeddable":true,"href":"https:\/\/portaltela.pt\/api\/wp\/v2\/categories?post=203985"},{"taxonomy":"post_tag","embeddable":true,"href":"https:\/\/portaltela.pt\/api\/wp\/v2\/tags?post=203985"}],"curies":[{"name":"wp","href":"https:\/\/api.w.org\/{rel}","templated":true}]}}