{"id":203978,"date":"2026-02-08T10:01:00","date_gmt":"2026-02-08T13:01:00","guid":{"rendered":"https:\/\/portaltela.pt\/noticias\/2026\/02\/08\/ligacao-entre-sul-e-norte-de-mocambique-restabelecida-pela-principal-estrada\/"},"modified":"2026-02-08T10:01:00","modified_gmt":"2026-02-08T13:01:00","slug":"ligacao-entre-sul-e-norte-de-mocambique-restabelecida-pela-principal-estrada","status":"publish","type":"post","link":"https:\/\/portaltela.pt\/noticias\/2026\/02\/08\/ligacao-entre-sul-e-norte-de-mocambique-restabelecida-pela-principal-estrada\/","title":{"rendered":"Liga\u00e7\u00e3o entre sul e norte de Mo\u00e7ambique restabelecida pela principal estrada"},"content":{"rendered":"<p>A liga\u00e7\u00e3o entre o sul e o norte de Mo\u00e7ambique pela principal estrada foi restabelecida, marcando a retomada de uma via cr\u00edtica para o pa\u00eds. A not\u00edcia descreve o retorno da circula\u00e7\u00e3o na via central que liga as regi\u00f5es.<\/p>\n<p>N\u00e3o foram divulgados no conte\u00fado fornecido detalhes sobre quem anunciou o restabelecimento, nem sobre a data, o local preciso ou as circunst\u00e2ncias que levaram ao corte e \u00e0 reabertura.<\/p>\n<p>O texto n\u00e3o especifica quem esteve envolvido no processo nem a decis\u00e3o que resultou na normaliza\u00e7\u00e3o do tr\u00e1fego. O motivo do restabelecimento n\u00e3o \u00e9 descrito no material dispon\u00edvel.<\/p>\n<p>A reabertura pode facilitar o transporte de pessoas e mercadorias entre as regi\u00f5es, contribuindo para a circula\u00e7\u00e3o econ\u00f3mica do pa\u00eds, conforme indica o contexto habitual de restabelecimentos de infraestruturas rodovi\u00e1rias.<\/p>\n","protected":false},"excerpt":{"rendered":"<ul>\n<li>Restabelecida a liga\u00e7\u00e3o entre o sul e o norte de Mo\u00e7ambique pela principal estrada.<\/li>\n<li>A not\u00edcia completa est\u00e1 dispon\u00edvel apenas para subscritores.<\/li>\n<li>Detalhes adicionais n\u00e3o foram tornados p\u00fablicos na vers\u00e3o apresentada.<\/li>\n<\/ul>\n","protected":false},"author":2,"featured_media":203982,"comment_status":"closed","ping_status":"closed","sticky":false,"template":"","format":"standard","meta":{"footnotes":""},"categories":[1],"tags":[190,1083,4508,192],"class_list":["post-203978","post","type-post","status-publish","format-standard","has-post-thumbnail","hentry","category-noticias","tag-desenvolvimento-economico","tag-estradas","tag-infraestruturas-rodoviarias","tag-transporte"],"yoast_head":"<!-- This site is optimized with the Yoast SEO plugin v27.2 - https:\/\/yoast.com\/product\/yoast-seo-wordpress\/ -->\n<title>Liga\u00e7\u00e3o entre sul e norte de Mo\u00e7ambique restabelecida pela principal estrada - Portal Tela Portugal<\/title>\n<meta name=\"robots\" content=\"index, follow, max-snippet:-1, max-image-preview:large, max-video-preview:-1\" \/>\n<meta property=\"og:locale\" content=\"pt_PT\" \/>\n<meta property=\"og:type\" content=\"article\" \/>\n<meta property=\"og:title\" content=\"Liga\u00e7\u00e3o entre sul e norte de Mo\u00e7ambique restabelecida pela principal estrada - Portal Tela Portugal\" \/>\n<meta property=\"og:description\" content=\"Restabelecida a liga\u00e7\u00e3o entre o sul e o norte de Mo\u00e7ambique pela principal estrada. A not\u00edcia completa est\u00e1 dispon\u00edvel apenas para subscritores. Detalhes adicionais n\u00e3o foram tornados p\u00fablicos na vers\u00e3o apresentada.\" \/>\n<meta property=\"og:url\" content=\"https:\/\/portaltela.pt\/noticias\/2026\/02\/08\/ligacao-entre-sul-e-norte-de-mocambique-restabelecida-pela-principal-estrada\/\" \/>\n<meta property=\"og:site_name\" content=\"Portal Tela Portugal\" \/>\n<meta property=\"article:published_time\" content=\"2026-02-08T13:01:00+00:00\" \/>\n<meta name=\"author\" content=\"Telinha\" \/>\n<meta name=\"twitter:card\" content=\"summary_large_image\" \/>\n<meta name=\"twitter:label1\" content=\"Escrito por\" \/>\n\t<meta name=\"twitter:data1\" content=\"Telinha\" \/>\n\t<meta name=\"twitter:label2\" content=\"Tempo estimado de leitura\" \/>\n\t<meta name=\"twitter:data2\" content=\"1 minuto\" \/>\n<script type=\"application\/ld+json\" class=\"yoast-schema-graph\">{\"@context\":\"https:\/\/schema.org\",\"@graph\":[{\"@type\":\"Article\",\"@id\":\"https:\/\/portaltela.pt\/noticias\/2026\/02\/08\/ligacao-entre-sul-e-norte-de-mocambique-restabelecida-pela-principal-estrada\/#article\",\"isPartOf\":{\"@id\":\"https:\/\/portaltela.pt\/noticias\/2026\/02\/08\/ligacao-entre-sul-e-norte-de-mocambique-restabelecida-pela-principal-estrada\/\"},\"author\":{\"name\":\"Telinha\",\"@id\":\"https:\/\/portaltela.pt\/#\/schema\/person\/c4278d4a6028830caff9ee44b42d32ed\"},\"headline\":\"Liga\u00e7\u00e3o entre sul e norte de Mo\u00e7ambique restabelecida pela principal estrada\",\"datePublished\":\"2026-02-08T13:01:00+00:00\",\"mainEntityOfPage\":{\"@id\":\"https:\/\/portaltela.pt\/noticias\/2026\/02\/08\/ligacao-entre-sul-e-norte-de-mocambique-restabelecida-pela-principal-estrada\/\"},\"wordCount\":158,\"image\":{\"@id\":\"https:\/\/portaltela.pt\/noticias\/2026\/02\/08\/ligacao-entre-sul-e-norte-de-mocambique-restabelecida-pela-principal-estrada\/#primaryimage\"},\"thumbnailUrl\":\"https:\/\/portaltela.pt\/s.01k8rhncp4jt1\/2026\/02\/CACHE_780X1200_ANALOG_WATERMARKED_46460078_3824693_30012026074432-1.jpg\",\"keywords\":[\"Desenvolvimento econ\u00f3mico\",\"estradas\",\"infraestruturas rodovi\u00e1rias\",\"transporte\"],\"articleSection\":[\"Not\u00edcias\"],\"inLanguage\":\"pt-PT\"},{\"@type\":\"WebPage\",\"@id\":\"https:\/\/portaltela.pt\/noticias\/2026\/02\/08\/ligacao-entre-sul-e-norte-de-mocambique-restabelecida-pela-principal-estrada\/\",\"url\":\"https:\/\/portaltela.pt\/noticias\/2026\/02\/08\/ligacao-entre-sul-e-norte-de-mocambique-restabelecida-pela-principal-estrada\/\",\"name\":\"Liga\u00e7\u00e3o entre sul e norte de Mo\u00e7ambique restabelecida pela principal estrada - Portal Tela Portugal\",\"isPartOf\":{\"@id\":\"https:\/\/portaltela.pt\/#website\"},\"primaryImageOfPage\":{\"@id\":\"https:\/\/portaltela.pt\/noticias\/2026\/02\/08\/ligacao-entre-sul-e-norte-de-mocambique-restabelecida-pela-principal-estrada\/#primaryimage\"},\"image\":{\"@id\":\"https:\/\/portaltela.pt\/noticias\/2026\/02\/08\/ligacao-entre-sul-e-norte-de-mocambique-restabelecida-pela-principal-estrada\/#primaryimage\"},\"thumbnailUrl\":\"https:\/\/portaltela.pt\/s.01k8rhncp4jt1\/2026\/02\/CACHE_780X1200_ANALOG_WATERMARKED_46460078_3824693_30012026074432-1.jpg\",\"datePublished\":\"2026-02-08T13:01:00+00:00\",\"author\":{\"@id\":\"https:\/\/portaltela.pt\/#\/schema\/person\/c4278d4a6028830caff9ee44b42d32ed\"},\"breadcrumb\":{\"@id\":\"https:\/\/portaltela.pt\/noticias\/2026\/02\/08\/ligacao-entre-sul-e-norte-de-mocambique-restabelecida-pela-principal-estrada\/#breadcrumb\"},\"inLanguage\":\"pt-PT\",\"potentialAction\":[{\"@type\":\"ReadAction\",\"target\":[\"https:\/\/portaltela.pt\/noticias\/2026\/02\/08\/ligacao-entre-sul-e-norte-de-mocambique-restabelecida-pela-principal-estrada\/\"]}]},{\"@type\":\"ImageObject\",\"inLanguage\":\"pt-PT\",\"@id\":\"https:\/\/portaltela.pt\/noticias\/2026\/02\/08\/ligacao-entre-sul-e-norte-de-mocambique-restabelecida-pela-principal-estrada\/#primaryimage\",\"url\":\"https:\/\/portaltela.pt\/s.01k8rhncp4jt1\/2026\/02\/CACHE_780X1200_ANALOG_WATERMARKED_46460078_3824693_30012026074432-1.jpg\",\"contentUrl\":\"https:\/\/portaltela.pt\/s.01k8rhncp4jt1\/2026\/02\/CACHE_780X1200_ANALOG_WATERMARKED_46460078_3824693_30012026074432-1.jpg\",\"width\":796,\"height\":448,\"caption\":\"Restabelecida liga\u00e7\u00e3o entre sul e norte de Mo\u00e7ambique pela principal estrada\"},{\"@type\":\"BreadcrumbList\",\"@id\":\"https:\/\/portaltela.pt\/noticias\/2026\/02\/08\/ligacao-entre-sul-e-norte-de-mocambique-restabelecida-pela-principal-estrada\/#breadcrumb\",\"itemListElement\":[{\"@type\":\"ListItem\",\"position\":1,\"name\":\"In\u00edcio\",\"item\":\"https:\/\/portaltela.pt\/\"},{\"@type\":\"ListItem\",\"position\":2,\"name\":\"Liga\u00e7\u00e3o entre sul e norte de Mo\u00e7ambique restabelecida pela principal estrada\"}]},{\"@type\":\"WebSite\",\"@id\":\"https:\/\/portaltela.pt\/#website\",\"url\":\"https:\/\/portaltela.pt\/\",\"name\":\"Portal Tela Portugal\",\"description\":\"\",\"potentialAction\":[{\"@type\":\"SearchAction\",\"target\":{\"@type\":\"EntryPoint\",\"urlTemplate\":\"https:\/\/portaltela.pt\/?s={search_term_string}\"},\"query-input\":{\"@type\":\"PropertyValueSpecification\",\"valueRequired\":true,\"valueName\":\"search_term_string\"}}],\"inLanguage\":\"pt-PT\"},{\"@type\":\"Person\",\"@id\":\"https:\/\/portaltela.pt\/#\/schema\/person\/c4278d4a6028830caff9ee44b42d32ed\",\"name\":\"Telinha\",\"image\":{\"@type\":\"ImageObject\",\"inLanguage\":\"pt-PT\",\"@id\":\"https:\/\/portaltela.pt\/s.01k8rhncp4jt1\/2025\/11\/talking-bot-125x125.png\",\"url\":\"https:\/\/portaltela.pt\/s.01k8rhncp4jt1\/2025\/11\/talking-bot-125x125.png\",\"contentUrl\":\"https:\/\/portaltela.pt\/s.01k8rhncp4jt1\/2025\/11\/talking-bot-125x125.png\",\"caption\":\"Telinha\"},\"sameAs\":[\"https:\/\/portaltela.pt\/\"],\"url\":\"https:\/\/portaltela.pt\/por\/367410592786\/\"}]}<\/script>\n<!-- \/ Yoast SEO plugin. -->","yoast_head_json":{"title":"Liga\u00e7\u00e3o entre sul e norte de Mo\u00e7ambique restabelecida pela principal estrada - Portal Tela Portugal","robots":{"index":"index","follow":"follow","max-snippet":"max-snippet:-1","max-image-preview":"max-image-preview:large","max-video-preview":"max-video-preview:-1"},"og_locale":"pt_PT","og_type":"article","og_title":"Liga\u00e7\u00e3o entre sul e norte de Mo\u00e7ambique restabelecida pela principal estrada - Portal Tela Portugal","og_description":"Restabelecida a liga\u00e7\u00e3o entre o sul e o norte de Mo\u00e7ambique pela principal estrada. A not\u00edcia completa est\u00e1 dispon\u00edvel apenas para subscritores. Detalhes adicionais n\u00e3o foram tornados p\u00fablicos na vers\u00e3o apresentada.","og_url":"https:\/\/portaltela.pt\/noticias\/2026\/02\/08\/ligacao-entre-sul-e-norte-de-mocambique-restabelecida-pela-principal-estrada\/","og_site_name":"Portal Tela Portugal","article_published_time":"2026-02-08T13:01:00+00:00","author":"Telinha","twitter_card":"summary_large_image","twitter_misc":{"Escrito por":"Telinha","Tempo estimado de leitura":"1 minuto"},"schema":{"@context":"https:\/\/schema.org","@graph":[{"@type":"Article","@id":"https:\/\/portaltela.pt\/noticias\/2026\/02\/08\/ligacao-entre-sul-e-norte-de-mocambique-restabelecida-pela-principal-estrada\/#article","isPartOf":{"@id":"https:\/\/portaltela.pt\/noticias\/2026\/02\/08\/ligacao-entre-sul-e-norte-de-mocambique-restabelecida-pela-principal-estrada\/"},"author":{"name":"Telinha","@id":"https:\/\/portaltela.pt\/#\/schema\/person\/c4278d4a6028830caff9ee44b42d32ed"},"headline":"Liga\u00e7\u00e3o entre sul e norte de Mo\u00e7ambique restabelecida pela principal estrada","datePublished":"2026-02-08T13:01:00+00:00","mainEntityOfPage":{"@id":"https:\/\/portaltela.pt\/noticias\/2026\/02\/08\/ligacao-entre-sul-e-norte-de-mocambique-restabelecida-pela-principal-estrada\/"},"wordCount":158,"image":{"@id":"https:\/\/portaltela.pt\/noticias\/2026\/02\/08\/ligacao-entre-sul-e-norte-de-mocambique-restabelecida-pela-principal-estrada\/#primaryimage"},"thumbnailUrl":"https:\/\/portaltela.pt\/s.01k8rhncp4jt1\/2026\/02\/CACHE_780X1200_ANALOG_WATERMARKED_46460078_3824693_30012026074432-1.jpg","keywords":["Desenvolvimento econ\u00f3mico","estradas","infraestruturas rodovi\u00e1rias","transporte"],"articleSection":["Not\u00edcias"],"inLanguage":"pt-PT"},{"@type":"WebPage","@id":"https:\/\/portaltela.pt\/noticias\/2026\/02\/08\/ligacao-entre-sul-e-norte-de-mocambique-restabelecida-pela-principal-estrada\/","url":"https:\/\/portaltela.pt\/noticias\/2026\/02\/08\/ligacao-entre-sul-e-norte-de-mocambique-restabelecida-pela-principal-estrada\/","name":"Liga\u00e7\u00e3o entre sul e norte de Mo\u00e7ambique restabelecida pela principal estrada - Portal Tela Portugal","isPartOf":{"@id":"https:\/\/portaltela.pt\/#website"},"primaryImageOfPage":{"@id":"https:\/\/portaltela.pt\/noticias\/2026\/02\/08\/ligacao-entre-sul-e-norte-de-mocambique-restabelecida-pela-principal-estrada\/#primaryimage"},"image":{"@id":"https:\/\/portaltela.pt\/noticias\/2026\/02\/08\/ligacao-entre-sul-e-norte-de-mocambique-restabelecida-pela-principal-estrada\/#primaryimage"},"thumbnailUrl":"https:\/\/portaltela.pt\/s.01k8rhncp4jt1\/2026\/02\/CACHE_780X1200_ANALOG_WATERMARKED_46460078_3824693_30012026074432-1.jpg","datePublished":"2026-02-08T13:01:00+00:00","author":{"@id":"https:\/\/portaltela.pt\/#\/schema\/person\/c4278d4a6028830caff9ee44b42d32ed"},"breadcrumb":{"@id":"https:\/\/portaltela.pt\/noticias\/2026\/02\/08\/ligacao-entre-sul-e-norte-de-mocambique-restabelecida-pela-principal-estrada\/#breadcrumb"},"inLanguage":"pt-PT","potentialAction":[{"@type":"ReadAction","target":["https:\/\/portaltela.pt\/noticias\/2026\/02\/08\/ligacao-entre-sul-e-norte-de-mocambique-restabelecida-pela-principal-estrada\/"]}]},{"@type":"ImageObject","inLanguage":"pt-PT","@id":"https:\/\/portaltela.pt\/noticias\/2026\/02\/08\/ligacao-entre-sul-e-norte-de-mocambique-restabelecida-pela-principal-estrada\/#primaryimage","url":"https:\/\/portaltela.pt\/s.01k8rhncp4jt1\/2026\/02\/CACHE_780X1200_ANALOG_WATERMARKED_46460078_3824693_30012026074432-1.jpg","contentUrl":"https:\/\/portaltela.pt\/s.01k8rhncp4jt1\/2026\/02\/CACHE_780X1200_ANALOG_WATERMARKED_46460078_3824693_30012026074432-1.jpg","width":796,"height":448,"caption":"Restabelecida liga\u00e7\u00e3o entre sul e norte de Mo\u00e7ambique pela principal estrada"},{"@type":"BreadcrumbList","@id":"https:\/\/portaltela.pt\/noticias\/2026\/02\/08\/ligacao-entre-sul-e-norte-de-mocambique-restabelecida-pela-principal-estrada\/#breadcrumb","itemListElement":[{"@type":"ListItem","position":1,"name":"In\u00edcio","item":"https:\/\/portaltela.pt\/"},{"@type":"ListItem","position":2,"name":"Liga\u00e7\u00e3o entre sul e norte de Mo\u00e7ambique restabelecida pela principal estrada"}]},{"@type":"WebSite","@id":"https:\/\/portaltela.pt\/#website","url":"https:\/\/portaltela.pt\/","name":"Portal Tela Portugal","description":"","potentialAction":[{"@type":"SearchAction","target":{"@type":"EntryPoint","urlTemplate":"https:\/\/portaltela.pt\/?s={search_term_string}"},"query-input":{"@type":"PropertyValueSpecification","valueRequired":true,"valueName":"search_term_string"}}],"inLanguage":"pt-PT"},{"@type":"Person","@id":"https:\/\/portaltela.pt\/#\/schema\/person\/c4278d4a6028830caff9ee44b42d32ed","name":"Telinha","image":{"@type":"ImageObject","inLanguage":"pt-PT","@id":"https:\/\/portaltela.pt\/s.01k8rhncp4jt1\/2025\/11\/talking-bot-125x125.png","url":"https:\/\/portaltela.pt\/s.01k8rhncp4jt1\/2025\/11\/talking-bot-125x125.png","contentUrl":"https:\/\/portaltela.pt\/s.01k8rhncp4jt1\/2025\/11\/talking-bot-125x125.png","caption":"Telinha"},"sameAs":["https:\/\/portaltela.pt\/"],"url":"https:\/\/portaltela.pt\/por\/367410592786\/"}]}},"_links":{"self":[{"href":"https:\/\/portaltela.pt\/api\/wp\/v2\/posts\/203978","targetHints":{"allow":["GET"]}}],"collection":[{"href":"https:\/\/portaltela.pt\/api\/wp\/v2\/posts"}],"about":[{"href":"https:\/\/portaltela.pt\/api\/wp\/v2\/types\/post"}],"author":[{"embeddable":true,"href":"https:\/\/portaltela.pt\/api\/wp\/v2\/users\/2"}],"replies":[{"embeddable":true,"href":"https:\/\/portaltela.pt\/api\/wp\/v2\/comments?post=203978"}],"version-history":[{"count":0,"href":"https:\/\/portaltela.pt\/api\/wp\/v2\/posts\/203978\/revisions"}],"wp:featuredmedia":[{"embeddable":true,"href":"https:\/\/portaltela.pt\/api\/wp\/v2\/media\/203982"}],"wp:attachment":[{"href":"https:\/\/portaltela.pt\/api\/wp\/v2\/media?parent=203978"}],"wp:term":[{"taxonomy":"category","embeddable":true,"href":"https:\/\/portaltela.pt\/api\/wp\/v2\/categories?post=203978"},{"taxonomy":"post_tag","embeddable":true,"href":"https:\/\/portaltela.pt\/api\/wp\/v2\/tags?post=203978"}],"curies":[{"name":"wp","href":"https:\/\/api.w.org\/{rel}","templated":true}]}}