{"id":203961,"date":"2026-02-08T10:00:10","date_gmt":"2026-02-08T13:00:10","guid":{"rendered":"https:\/\/portaltela.pt\/noticias\/2026\/02\/08\/lider-do-jpp-apela-a-participacao-eleitoral-e-alerta-para-a-abstencao\/"},"modified":"2026-02-08T10:00:10","modified_gmt":"2026-02-08T13:00:10","slug":"lider-do-jpp-apela-a-participacao-eleitoral-e-alerta-para-a-abstencao","status":"publish","type":"post","link":"https:\/\/portaltela.pt\/noticias\/politica\/2026\/02\/08\/lider-do-jpp-apela-a-participacao-eleitoral-e-alerta-para-a-abstencao\/","title":{"rendered":"L\u00edder do JPP apela \u00e0 participa\u00e7\u00e3o eleitoral e alerta para a absten\u00e7\u00e3o"},"content":{"rendered":"<p>\u00c9lvio Sousa, l\u00edder do Juntos Pelo Povo (JPP), pediu neste domingo aos eleitores que participem na segunda volta das presidenciais, destacando o risco de a absten\u00e7\u00e3o ser uma das \u201cvencedoras\u201d da manh\u00e3 eleitoral. O apelo foi feito ap\u00f3s ter votado no Sal\u00e3o Paroquial de Gaula, na freguesia de Santa Cruz, na Madeira.<\/p>\n<p>O l\u00edder do JPP refor\u00e7ou a import\u00e2ncia do poder p\u00fablico estar nas m\u00e3os do povo, conforme a Constitui\u00e7\u00e3o, e exortou os eleitores a exercerem o direito de voto. A mensagem segmenta a participa\u00e7\u00e3o c\u00edvica como forma de evitar que a absten\u00e7\u00e3o determine o resultado.<\/p>\n<p>O JPP, que nasceu como movimento c\u00edvico em Santa Cruz em 2009, tornou-se o maior partido da oposi\u00e7\u00e3o na Madeira, com 11 deputados na Assembleia Legislativa e presen\u00e7a tamb\u00e9m na Assembleia da Rep\u00fablica.<\/p>\n<p>Mais de 11 milh\u00f5es de eleitores estavam chamados a votar na segunda volta para eleger o sucessor de Marcelo Rebelo de Sousa, com previs\u00e3o de mau tempo, chuva e vento nas regi\u00f5es do continente e ilhas.<\/p>\n<p>Nesta segunda volta, disputam Ant\u00f3nio Jos\u00e9 Seguro e Andr\u00e9 Ventura, tr\u00eas semanas ap\u00f3s o primeiro escrut\u00ednio de 18 de janeiro, no qual Seguro recolheu 31,1% dos votos e Ventura 23,52%, segundo os resultados oficiais.<\/p>\n<p>A vota\u00e7\u00e3o decorre em meio a condi\u00e7\u00f5es meteorol\u00f3gicas adversas que poder\u00e3o afetar a participa\u00e7\u00e3o em v\u00e1rias regi\u00f5es do pa\u00eds, segundo previs\u00f5es dos servi\u00e7os meteorol\u00f3gicos.<\/p>\n","protected":false},"excerpt":{"rendered":"<ul>\n<li>O l\u00edder do Juntos Pelo Povo (JPP), \u00c9lvio Sousa, apelou \u00e0 participa\u00e7\u00e3o na segunda volta das elei\u00e7\u00f5es presidenciais e alertou para a absten\u00e7\u00e3o como poss\u00edvel vencedora.<\/li>\n<li>Sousa votou numa sec\u00e7\u00e3o instalada no Sal\u00e3o Paroquial de Gaula, freguesia de Santa Cruz, na ilha da Madeira.<\/li>\n<li>O Juntos Pelo Povo \u00e9 hoje o maior partido da oposi\u00e7\u00e3o madeirense, com 11 deputados na Assembleia Legislativa e presen\u00e7a na Assembleia da Rep\u00fablica.<\/li>\n<li>Mais de 11 milh\u00f5es de eleitores est\u00e3o chamados a votar na segunda volta, em que se escolhe o presidente, com previs\u00e3o de mau tempo.<\/li>\n<li>Os candidatos na segunda volta s\u00e3o Ant\u00f3nio Jos\u00e9 Seguro e Andr\u00e9 Ventura, tr\u00eas semanas depois do primeiro sufr\u00e1gio de 18 de janeiro, em que Seguro obteve 31,1% e Ventura 23,52%.<\/li>\n<\/ul>\n","protected":false},"author":2,"featured_media":203963,"comment_status":"closed","ping_status":"closed","sticky":false,"template":"","format":"standard","meta":{"footnotes":""},"categories":[1,5],"tags":[3412,68,859,2832,30,1269],"class_list":["post-203961","post","type-post","status-publish","format-standard","has-post-thumbnail","hentry","category-noticias","category-politica","tag-abstencao","tag-eleicoes","tag-madeira","tag-politica","tag-presidente","tag-santa-cruz"],"yoast_head":"<!-- This site is optimized with the Yoast SEO plugin v27.2 - https:\/\/yoast.com\/product\/yoast-seo-wordpress\/ -->\n<title>L\u00edder do JPP apela \u00e0 participa\u00e7\u00e3o eleitoral e alerta para a absten\u00e7\u00e3o - Portal Tela Portugal<\/title>\n<meta name=\"robots\" content=\"index, follow, max-snippet:-1, max-image-preview:large, max-video-preview:-1\" \/>\n<meta property=\"og:locale\" content=\"pt_PT\" \/>\n<meta property=\"og:type\" content=\"article\" \/>\n<meta property=\"og:title\" content=\"L\u00edder do JPP apela \u00e0 participa\u00e7\u00e3o eleitoral e alerta para a absten\u00e7\u00e3o - Portal Tela Portugal\" \/>\n<meta property=\"og:description\" content=\"O l\u00edder do Juntos Pelo Povo (JPP), \u00c9lvio Sousa, apelou \u00e0 participa\u00e7\u00e3o na segunda volta das elei\u00e7\u00f5es presidenciais e alertou para a absten\u00e7\u00e3o como poss\u00edvel vencedora. Sousa votou numa sec\u00e7\u00e3o instalada no Sal\u00e3o Paroquial de Gaula, freguesia de Santa Cruz, na ilha da Madeira. O Juntos Pelo Povo \u00e9 hoje o maior partido da oposi\u00e7\u00e3o madeirense, com 11 deputados na Assembleia Legislativa e presen\u00e7a na Assembleia da Rep\u00fablica. Mais de 11 milh\u00f5es de eleitores est\u00e3o chamados a votar na segunda volta, em que se escolhe o presidente, com previs\u00e3o de mau tempo. Os candidatos na segunda volta s\u00e3o Ant\u00f3nio Jos\u00e9 Seguro e Andr\u00e9 Ventura, tr\u00eas semanas depois do primeiro sufr\u00e1gio de 18 de janeiro, em que Seguro obteve 31,1% e Ventura 23,52%.\" \/>\n<meta property=\"og:url\" content=\"https:\/\/portaltela.pt\/noticias\/2026\/02\/08\/lider-do-jpp-apela-a-participacao-eleitoral-e-alerta-para-a-abstencao\/\" \/>\n<meta property=\"og:site_name\" content=\"Portal Tela Portugal\" \/>\n<meta property=\"article:published_time\" content=\"2026-02-08T13:00:10+00:00\" \/>\n<meta name=\"author\" content=\"Telinha\" \/>\n<meta name=\"twitter:card\" content=\"summary_large_image\" \/>\n<meta name=\"twitter:label1\" content=\"Escrito por\" \/>\n\t<meta name=\"twitter:data1\" content=\"Telinha\" \/>\n\t<meta name=\"twitter:label2\" content=\"Tempo estimado de leitura\" \/>\n\t<meta name=\"twitter:data2\" content=\"1 minuto\" \/>\n<script type=\"application\/ld+json\" class=\"yoast-schema-graph\">{\"@context\":\"https:\/\/schema.org\",\"@graph\":[{\"@type\":\"Article\",\"@id\":\"https:\/\/portaltela.pt\/noticias\/2026\/02\/08\/lider-do-jpp-apela-a-participacao-eleitoral-e-alerta-para-a-abstencao\/#article\",\"isPartOf\":{\"@id\":\"https:\/\/portaltela.pt\/noticias\/2026\/02\/08\/lider-do-jpp-apela-a-participacao-eleitoral-e-alerta-para-a-abstencao\/\"},\"author\":{\"name\":\"Telinha\",\"@id\":\"https:\/\/portaltela.pt\/#\/schema\/person\/c4278d4a6028830caff9ee44b42d32ed\"},\"headline\":\"L\u00edder do JPP apela \u00e0 participa\u00e7\u00e3o eleitoral e alerta para a absten\u00e7\u00e3o\",\"datePublished\":\"2026-02-08T13:00:10+00:00\",\"mainEntityOfPage\":{\"@id\":\"https:\/\/portaltela.pt\/noticias\/2026\/02\/08\/lider-do-jpp-apela-a-participacao-eleitoral-e-alerta-para-a-abstencao\/\"},\"wordCount\":267,\"image\":{\"@id\":\"https:\/\/portaltela.pt\/noticias\/2026\/02\/08\/lider-do-jpp-apela-a-participacao-eleitoral-e-alerta-para-a-abstencao\/#primaryimage\"},\"thumbnailUrl\":\"https:\/\/portaltela.pt\/s.01k8rhncp4jt1\/2026\/02\/img_920x518uu2026-02-08-12-59-49-2420265.jpg\",\"keywords\":[\"absten\u00e7\u00e3o\",\"elei\u00e7\u00f5es\",\"Madeira\",\"pol\u00edtica\",\"presidente\",\"Santa Cruz\"],\"articleSection\":[\"Not\u00edcias\",\"Pol\u00edtica\"],\"inLanguage\":\"pt-PT\"},{\"@type\":\"WebPage\",\"@id\":\"https:\/\/portaltela.pt\/noticias\/2026\/02\/08\/lider-do-jpp-apela-a-participacao-eleitoral-e-alerta-para-a-abstencao\/\",\"url\":\"https:\/\/portaltela.pt\/noticias\/2026\/02\/08\/lider-do-jpp-apela-a-participacao-eleitoral-e-alerta-para-a-abstencao\/\",\"name\":\"L\u00edder do JPP apela \u00e0 participa\u00e7\u00e3o eleitoral e alerta para a absten\u00e7\u00e3o - Portal Tela Portugal\",\"isPartOf\":{\"@id\":\"https:\/\/portaltela.pt\/#website\"},\"primaryImageOfPage\":{\"@id\":\"https:\/\/portaltela.pt\/noticias\/2026\/02\/08\/lider-do-jpp-apela-a-participacao-eleitoral-e-alerta-para-a-abstencao\/#primaryimage\"},\"image\":{\"@id\":\"https:\/\/portaltela.pt\/noticias\/2026\/02\/08\/lider-do-jpp-apela-a-participacao-eleitoral-e-alerta-para-a-abstencao\/#primaryimage\"},\"thumbnailUrl\":\"https:\/\/portaltela.pt\/s.01k8rhncp4jt1\/2026\/02\/img_920x518uu2026-02-08-12-59-49-2420265.jpg\",\"datePublished\":\"2026-02-08T13:00:10+00:00\",\"author\":{\"@id\":\"https:\/\/portaltela.pt\/#\/schema\/person\/c4278d4a6028830caff9ee44b42d32ed\"},\"breadcrumb\":{\"@id\":\"https:\/\/portaltela.pt\/noticias\/2026\/02\/08\/lider-do-jpp-apela-a-participacao-eleitoral-e-alerta-para-a-abstencao\/#breadcrumb\"},\"inLanguage\":\"pt-PT\",\"potentialAction\":[{\"@type\":\"ReadAction\",\"target\":[\"https:\/\/portaltela.pt\/noticias\/2026\/02\/08\/lider-do-jpp-apela-a-participacao-eleitoral-e-alerta-para-a-abstencao\/\"]}]},{\"@type\":\"ImageObject\",\"inLanguage\":\"pt-PT\",\"@id\":\"https:\/\/portaltela.pt\/noticias\/2026\/02\/08\/lider-do-jpp-apela-a-participacao-eleitoral-e-alerta-para-a-abstencao\/#primaryimage\",\"url\":\"https:\/\/portaltela.pt\/s.01k8rhncp4jt1\/2026\/02\/img_920x518uu2026-02-08-12-59-49-2420265.jpg\",\"contentUrl\":\"https:\/\/portaltela.pt\/s.01k8rhncp4jt1\/2026\/02\/img_920x518uu2026-02-08-12-59-49-2420265.jpg\",\"width\":796,\"height\":448,\"caption\":\"\u00c9lvio Sousa j\u00e1 exerceu o direito de voto\"},{\"@type\":\"BreadcrumbList\",\"@id\":\"https:\/\/portaltela.pt\/noticias\/2026\/02\/08\/lider-do-jpp-apela-a-participacao-eleitoral-e-alerta-para-a-abstencao\/#breadcrumb\",\"itemListElement\":[{\"@type\":\"ListItem\",\"position\":1,\"name\":\"In\u00edcio\",\"item\":\"https:\/\/portaltela.pt\/\"},{\"@type\":\"ListItem\",\"position\":2,\"name\":\"L\u00edder do JPP apela \u00e0 participa\u00e7\u00e3o eleitoral e alerta para a absten\u00e7\u00e3o\"}]},{\"@type\":\"WebSite\",\"@id\":\"https:\/\/portaltela.pt\/#website\",\"url\":\"https:\/\/portaltela.pt\/\",\"name\":\"Portal Tela Portugal\",\"description\":\"\",\"potentialAction\":[{\"@type\":\"SearchAction\",\"target\":{\"@type\":\"EntryPoint\",\"urlTemplate\":\"https:\/\/portaltela.pt\/?s={search_term_string}\"},\"query-input\":{\"@type\":\"PropertyValueSpecification\",\"valueRequired\":true,\"valueName\":\"search_term_string\"}}],\"inLanguage\":\"pt-PT\"},{\"@type\":\"Person\",\"@id\":\"https:\/\/portaltela.pt\/#\/schema\/person\/c4278d4a6028830caff9ee44b42d32ed\",\"name\":\"Telinha\",\"image\":{\"@type\":\"ImageObject\",\"inLanguage\":\"pt-PT\",\"@id\":\"https:\/\/portaltela.pt\/s.01k8rhncp4jt1\/2025\/11\/talking-bot-125x125.png\",\"url\":\"https:\/\/portaltela.pt\/s.01k8rhncp4jt1\/2025\/11\/talking-bot-125x125.png\",\"contentUrl\":\"https:\/\/portaltela.pt\/s.01k8rhncp4jt1\/2025\/11\/talking-bot-125x125.png\",\"caption\":\"Telinha\"},\"sameAs\":[\"https:\/\/portaltela.pt\/\"],\"url\":\"https:\/\/portaltela.pt\/por\/367410592786\/\"}]}<\/script>\n<!-- \/ Yoast SEO plugin. -->","yoast_head_json":{"title":"L\u00edder do JPP apela \u00e0 participa\u00e7\u00e3o eleitoral e alerta para a absten\u00e7\u00e3o - Portal Tela Portugal","robots":{"index":"index","follow":"follow","max-snippet":"max-snippet:-1","max-image-preview":"max-image-preview:large","max-video-preview":"max-video-preview:-1"},"og_locale":"pt_PT","og_type":"article","og_title":"L\u00edder do JPP apela \u00e0 participa\u00e7\u00e3o eleitoral e alerta para a absten\u00e7\u00e3o - Portal Tela Portugal","og_description":"O l\u00edder do Juntos Pelo Povo (JPP), \u00c9lvio Sousa, apelou \u00e0 participa\u00e7\u00e3o na segunda volta das elei\u00e7\u00f5es presidenciais e alertou para a absten\u00e7\u00e3o como poss\u00edvel vencedora. Sousa votou numa sec\u00e7\u00e3o instalada no Sal\u00e3o Paroquial de Gaula, freguesia de Santa Cruz, na ilha da Madeira. O Juntos Pelo Povo \u00e9 hoje o maior partido da oposi\u00e7\u00e3o madeirense, com 11 deputados na Assembleia Legislativa e presen\u00e7a na Assembleia da Rep\u00fablica. Mais de 11 milh\u00f5es de eleitores est\u00e3o chamados a votar na segunda volta, em que se escolhe o presidente, com previs\u00e3o de mau tempo. Os candidatos na segunda volta s\u00e3o Ant\u00f3nio Jos\u00e9 Seguro e Andr\u00e9 Ventura, tr\u00eas semanas depois do primeiro sufr\u00e1gio de 18 de janeiro, em que Seguro obteve 31,1% e Ventura 23,52%.","og_url":"https:\/\/portaltela.pt\/noticias\/2026\/02\/08\/lider-do-jpp-apela-a-participacao-eleitoral-e-alerta-para-a-abstencao\/","og_site_name":"Portal Tela Portugal","article_published_time":"2026-02-08T13:00:10+00:00","author":"Telinha","twitter_card":"summary_large_image","twitter_misc":{"Escrito por":"Telinha","Tempo estimado de leitura":"1 minuto"},"schema":{"@context":"https:\/\/schema.org","@graph":[{"@type":"Article","@id":"https:\/\/portaltela.pt\/noticias\/2026\/02\/08\/lider-do-jpp-apela-a-participacao-eleitoral-e-alerta-para-a-abstencao\/#article","isPartOf":{"@id":"https:\/\/portaltela.pt\/noticias\/2026\/02\/08\/lider-do-jpp-apela-a-participacao-eleitoral-e-alerta-para-a-abstencao\/"},"author":{"name":"Telinha","@id":"https:\/\/portaltela.pt\/#\/schema\/person\/c4278d4a6028830caff9ee44b42d32ed"},"headline":"L\u00edder do JPP apela \u00e0 participa\u00e7\u00e3o eleitoral e alerta para a absten\u00e7\u00e3o","datePublished":"2026-02-08T13:00:10+00:00","mainEntityOfPage":{"@id":"https:\/\/portaltela.pt\/noticias\/2026\/02\/08\/lider-do-jpp-apela-a-participacao-eleitoral-e-alerta-para-a-abstencao\/"},"wordCount":267,"image":{"@id":"https:\/\/portaltela.pt\/noticias\/2026\/02\/08\/lider-do-jpp-apela-a-participacao-eleitoral-e-alerta-para-a-abstencao\/#primaryimage"},"thumbnailUrl":"https:\/\/portaltela.pt\/s.01k8rhncp4jt1\/2026\/02\/img_920x518uu2026-02-08-12-59-49-2420265.jpg","keywords":["absten\u00e7\u00e3o","elei\u00e7\u00f5es","Madeira","pol\u00edtica","presidente","Santa Cruz"],"articleSection":["Not\u00edcias","Pol\u00edtica"],"inLanguage":"pt-PT"},{"@type":"WebPage","@id":"https:\/\/portaltela.pt\/noticias\/2026\/02\/08\/lider-do-jpp-apela-a-participacao-eleitoral-e-alerta-para-a-abstencao\/","url":"https:\/\/portaltela.pt\/noticias\/2026\/02\/08\/lider-do-jpp-apela-a-participacao-eleitoral-e-alerta-para-a-abstencao\/","name":"L\u00edder do JPP apela \u00e0 participa\u00e7\u00e3o eleitoral e alerta para a absten\u00e7\u00e3o - Portal Tela Portugal","isPartOf":{"@id":"https:\/\/portaltela.pt\/#website"},"primaryImageOfPage":{"@id":"https:\/\/portaltela.pt\/noticias\/2026\/02\/08\/lider-do-jpp-apela-a-participacao-eleitoral-e-alerta-para-a-abstencao\/#primaryimage"},"image":{"@id":"https:\/\/portaltela.pt\/noticias\/2026\/02\/08\/lider-do-jpp-apela-a-participacao-eleitoral-e-alerta-para-a-abstencao\/#primaryimage"},"thumbnailUrl":"https:\/\/portaltela.pt\/s.01k8rhncp4jt1\/2026\/02\/img_920x518uu2026-02-08-12-59-49-2420265.jpg","datePublished":"2026-02-08T13:00:10+00:00","author":{"@id":"https:\/\/portaltela.pt\/#\/schema\/person\/c4278d4a6028830caff9ee44b42d32ed"},"breadcrumb":{"@id":"https:\/\/portaltela.pt\/noticias\/2026\/02\/08\/lider-do-jpp-apela-a-participacao-eleitoral-e-alerta-para-a-abstencao\/#breadcrumb"},"inLanguage":"pt-PT","potentialAction":[{"@type":"ReadAction","target":["https:\/\/portaltela.pt\/noticias\/2026\/02\/08\/lider-do-jpp-apela-a-participacao-eleitoral-e-alerta-para-a-abstencao\/"]}]},{"@type":"ImageObject","inLanguage":"pt-PT","@id":"https:\/\/portaltela.pt\/noticias\/2026\/02\/08\/lider-do-jpp-apela-a-participacao-eleitoral-e-alerta-para-a-abstencao\/#primaryimage","url":"https:\/\/portaltela.pt\/s.01k8rhncp4jt1\/2026\/02\/img_920x518uu2026-02-08-12-59-49-2420265.jpg","contentUrl":"https:\/\/portaltela.pt\/s.01k8rhncp4jt1\/2026\/02\/img_920x518uu2026-02-08-12-59-49-2420265.jpg","width":796,"height":448,"caption":"\u00c9lvio Sousa j\u00e1 exerceu o direito de voto"},{"@type":"BreadcrumbList","@id":"https:\/\/portaltela.pt\/noticias\/2026\/02\/08\/lider-do-jpp-apela-a-participacao-eleitoral-e-alerta-para-a-abstencao\/#breadcrumb","itemListElement":[{"@type":"ListItem","position":1,"name":"In\u00edcio","item":"https:\/\/portaltela.pt\/"},{"@type":"ListItem","position":2,"name":"L\u00edder do JPP apela \u00e0 participa\u00e7\u00e3o eleitoral e alerta para a absten\u00e7\u00e3o"}]},{"@type":"WebSite","@id":"https:\/\/portaltela.pt\/#website","url":"https:\/\/portaltela.pt\/","name":"Portal Tela Portugal","description":"","potentialAction":[{"@type":"SearchAction","target":{"@type":"EntryPoint","urlTemplate":"https:\/\/portaltela.pt\/?s={search_term_string}"},"query-input":{"@type":"PropertyValueSpecification","valueRequired":true,"valueName":"search_term_string"}}],"inLanguage":"pt-PT"},{"@type":"Person","@id":"https:\/\/portaltela.pt\/#\/schema\/person\/c4278d4a6028830caff9ee44b42d32ed","name":"Telinha","image":{"@type":"ImageObject","inLanguage":"pt-PT","@id":"https:\/\/portaltela.pt\/s.01k8rhncp4jt1\/2025\/11\/talking-bot-125x125.png","url":"https:\/\/portaltela.pt\/s.01k8rhncp4jt1\/2025\/11\/talking-bot-125x125.png","contentUrl":"https:\/\/portaltela.pt\/s.01k8rhncp4jt1\/2025\/11\/talking-bot-125x125.png","caption":"Telinha"},"sameAs":["https:\/\/portaltela.pt\/"],"url":"https:\/\/portaltela.pt\/por\/367410592786\/"}]}},"_links":{"self":[{"href":"https:\/\/portaltela.pt\/api\/wp\/v2\/posts\/203961","targetHints":{"allow":["GET"]}}],"collection":[{"href":"https:\/\/portaltela.pt\/api\/wp\/v2\/posts"}],"about":[{"href":"https:\/\/portaltela.pt\/api\/wp\/v2\/types\/post"}],"author":[{"embeddable":true,"href":"https:\/\/portaltela.pt\/api\/wp\/v2\/users\/2"}],"replies":[{"embeddable":true,"href":"https:\/\/portaltela.pt\/api\/wp\/v2\/comments?post=203961"}],"version-history":[{"count":0,"href":"https:\/\/portaltela.pt\/api\/wp\/v2\/posts\/203961\/revisions"}],"wp:featuredmedia":[{"embeddable":true,"href":"https:\/\/portaltela.pt\/api\/wp\/v2\/media\/203963"}],"wp:attachment":[{"href":"https:\/\/portaltela.pt\/api\/wp\/v2\/media?parent=203961"}],"wp:term":[{"taxonomy":"category","embeddable":true,"href":"https:\/\/portaltela.pt\/api\/wp\/v2\/categories?post=203961"},{"taxonomy":"post_tag","embeddable":true,"href":"https:\/\/portaltela.pt\/api\/wp\/v2\/tags?post=203961"}],"curies":[{"name":"wp","href":"https:\/\/api.w.org\/{rel}","templated":true}]}}