{"id":203940,"date":"2026-02-08T09:40:38","date_gmt":"2026-02-08T12:40:38","guid":{"rendered":"https:\/\/portaltela.pt\/noticias\/2026\/02\/08\/cotrim-de-figueiredo-votou-na-segunda-volta-e-defende-cultivar-a-democracia\/"},"modified":"2026-02-08T09:40:38","modified_gmt":"2026-02-08T12:40:38","slug":"cotrim-de-figueiredo-votou-na-segunda-volta-e-defende-cultivar-a-democracia","status":"publish","type":"post","link":"https:\/\/portaltela.pt\/noticias\/politica\/2026\/02\/08\/cotrim-de-figueiredo-votou-na-segunda-volta-e-defende-cultivar-a-democracia\/","title":{"rendered":"Cotrim de Figueiredo votou na segunda volta e defende cultivar a democracia"},"content":{"rendered":"<p>O ex-candidato \u00e0 presid\u00eancia Jo\u00e3o Cotrim de Figueiredo votou na segunda volta das elei\u00e7\u00f5es em Portugal neste domingo, apelando aos cidad\u00e3os para n\u00e3o ficar em casa e participar no processo eleitoral, mesmo diante de adversidades.<\/p>\n<p>Apesar das dificuldades relatadas por alguns eleitores, como perturba\u00e7\u00f5es no sono ou danos materiais, Cotrim de Figueiredo enfatizou a import\u00e2ncia de cumprir o direito de voto e de manter a democracia ativa.<\/p>\n<p>A mensagem dirigida aos eleitores sublinha a ideia de que a participa\u00e7\u00e3o c\u00edvica \u00e9 essencial para a continuidade do sistema democr\u00e1tico, independentemente das circunst\u00e2ncias individuais.<\/p>\n","protected":false},"excerpt":{"rendered":"<ul>\n<li>O ex-candidato \u00e0 presid\u00eancia Jo\u00e3o Cotrim de Figueiredo j\u00e1 votou na segunda volta das elei\u00e7\u00f5es.<\/li>\n<li>Apelou aos eleitores para n\u00e3o ficarem em casa, apesar das dificuldades enfrentadas.<\/li>\n<li>Referiu que podem ter tido onde dormir, ou bens destru\u00eddos, mas a democracia tem de ser cultivada e os direitos exercidos.<\/li>\n<li>As declara\u00e7\u00f5es foram feitas durante o ato de voto deste domingo.<\/li>\n<li>Enfatizou a import\u00e2ncia de participar no processo democr\u00e1tico mesmo em tempos de adversidade.<\/li>\n<\/ul>\n","protected":false},"author":2,"featured_media":203945,"comment_status":"closed","ping_status":"closed","sticky":false,"template":"","format":"standard","meta":{"footnotes":""},"categories":[1,5],"tags":[370,2903,2795,68,2832,1014],"class_list":["post-203940","post","type-post","status-publish","format-standard","has-post-thumbnail","hentry","category-noticias","category-politica","tag-cidadania","tag-cotrim","tag-democracia","tag-eleicoes","tag-politica","tag-portugal"],"yoast_head":"<!-- This site is optimized with the Yoast SEO plugin v27.2 - https:\/\/yoast.com\/product\/yoast-seo-wordpress\/ -->\n<title>Cotrim de Figueiredo votou na segunda volta e defende cultivar a democracia - Portal Tela Portugal<\/title>\n<meta name=\"robots\" content=\"index, follow, max-snippet:-1, max-image-preview:large, max-video-preview:-1\" \/>\n<meta property=\"og:locale\" content=\"pt_PT\" \/>\n<meta property=\"og:type\" content=\"article\" \/>\n<meta property=\"og:title\" content=\"Cotrim de Figueiredo votou na segunda volta e defende cultivar a democracia - Portal Tela Portugal\" \/>\n<meta property=\"og:description\" content=\"O ex-candidato \u00e0 presid\u00eancia Jo\u00e3o Cotrim de Figueiredo j\u00e1 votou na segunda volta das elei\u00e7\u00f5es. Apelou aos eleitores para n\u00e3o ficarem em casa, apesar das dificuldades enfrentadas. Referiu que podem ter tido onde dormir, ou bens destru\u00eddos, mas a democracia tem de ser cultivada e os direitos exercidos. As declara\u00e7\u00f5es foram feitas durante o ato de voto deste domingo. Enfatizou a import\u00e2ncia de participar no processo democr\u00e1tico mesmo em tempos de adversidade.\" \/>\n<meta property=\"og:url\" content=\"https:\/\/portaltela.pt\/noticias\/2026\/02\/08\/cotrim-de-figueiredo-votou-na-segunda-volta-e-defende-cultivar-a-democracia\/\" \/>\n<meta property=\"og:site_name\" content=\"Portal Tela Portugal\" \/>\n<meta property=\"article:published_time\" content=\"2026-02-08T12:40:38+00:00\" \/>\n<meta name=\"author\" content=\"Telinha\" \/>\n<meta name=\"twitter:card\" content=\"summary_large_image\" \/>\n<meta name=\"twitter:label1\" content=\"Escrito por\" \/>\n\t<meta name=\"twitter:data1\" content=\"Telinha\" \/>\n\t<meta name=\"twitter:label2\" content=\"Tempo estimado de leitura\" \/>\n\t<meta name=\"twitter:data2\" content=\"1 minuto\" \/>\n<script type=\"application\/ld+json\" class=\"yoast-schema-graph\">{\"@context\":\"https:\/\/schema.org\",\"@graph\":[{\"@type\":\"Article\",\"@id\":\"https:\/\/portaltela.pt\/noticias\/2026\/02\/08\/cotrim-de-figueiredo-votou-na-segunda-volta-e-defende-cultivar-a-democracia\/#article\",\"isPartOf\":{\"@id\":\"https:\/\/portaltela.pt\/noticias\/2026\/02\/08\/cotrim-de-figueiredo-votou-na-segunda-volta-e-defende-cultivar-a-democracia\/\"},\"author\":{\"name\":\"Telinha\",\"@id\":\"https:\/\/portaltela.pt\/#\/schema\/person\/c4278d4a6028830caff9ee44b42d32ed\"},\"headline\":\"Cotrim de Figueiredo votou na segunda volta e defende cultivar a democracia\",\"datePublished\":\"2026-02-08T12:40:38+00:00\",\"mainEntityOfPage\":{\"@id\":\"https:\/\/portaltela.pt\/noticias\/2026\/02\/08\/cotrim-de-figueiredo-votou-na-segunda-volta-e-defende-cultivar-a-democracia\/\"},\"wordCount\":113,\"image\":{\"@id\":\"https:\/\/portaltela.pt\/noticias\/2026\/02\/08\/cotrim-de-figueiredo-votou-na-segunda-volta-e-defende-cultivar-a-democracia\/#primaryimage\"},\"thumbnailUrl\":\"https:\/\/portaltela.pt\/s.01k8rhncp4jt1\/2026\/02\/img_1200x721uu2026-02-08-12-36-23-2420263.jpg\",\"keywords\":[\"cidadania\",\"Cotrim\",\"democracia\",\"elei\u00e7\u00f5es\",\"pol\u00edtica\",\"Portugal\"],\"articleSection\":[\"Not\u00edcias\",\"Pol\u00edtica\"],\"inLanguage\":\"pt-PT\"},{\"@type\":\"WebPage\",\"@id\":\"https:\/\/portaltela.pt\/noticias\/2026\/02\/08\/cotrim-de-figueiredo-votou-na-segunda-volta-e-defende-cultivar-a-democracia\/\",\"url\":\"https:\/\/portaltela.pt\/noticias\/2026\/02\/08\/cotrim-de-figueiredo-votou-na-segunda-volta-e-defende-cultivar-a-democracia\/\",\"name\":\"Cotrim de Figueiredo votou na segunda volta e defende cultivar a democracia - Portal Tela Portugal\",\"isPartOf\":{\"@id\":\"https:\/\/portaltela.pt\/#website\"},\"primaryImageOfPage\":{\"@id\":\"https:\/\/portaltela.pt\/noticias\/2026\/02\/08\/cotrim-de-figueiredo-votou-na-segunda-volta-e-defende-cultivar-a-democracia\/#primaryimage\"},\"image\":{\"@id\":\"https:\/\/portaltela.pt\/noticias\/2026\/02\/08\/cotrim-de-figueiredo-votou-na-segunda-volta-e-defende-cultivar-a-democracia\/#primaryimage\"},\"thumbnailUrl\":\"https:\/\/portaltela.pt\/s.01k8rhncp4jt1\/2026\/02\/img_1200x721uu2026-02-08-12-36-23-2420263.jpg\",\"datePublished\":\"2026-02-08T12:40:38+00:00\",\"author\":{\"@id\":\"https:\/\/portaltela.pt\/#\/schema\/person\/c4278d4a6028830caff9ee44b42d32ed\"},\"breadcrumb\":{\"@id\":\"https:\/\/portaltela.pt\/noticias\/2026\/02\/08\/cotrim-de-figueiredo-votou-na-segunda-volta-e-defende-cultivar-a-democracia\/#breadcrumb\"},\"inLanguage\":\"pt-PT\",\"potentialAction\":[{\"@type\":\"ReadAction\",\"target\":[\"https:\/\/portaltela.pt\/noticias\/2026\/02\/08\/cotrim-de-figueiredo-votou-na-segunda-volta-e-defende-cultivar-a-democracia\/\"]}]},{\"@type\":\"ImageObject\",\"inLanguage\":\"pt-PT\",\"@id\":\"https:\/\/portaltela.pt\/noticias\/2026\/02\/08\/cotrim-de-figueiredo-votou-na-segunda-volta-e-defende-cultivar-a-democracia\/#primaryimage\",\"url\":\"https:\/\/portaltela.pt\/s.01k8rhncp4jt1\/2026\/02\/img_1200x721uu2026-02-08-12-36-23-2420263.jpg\",\"contentUrl\":\"https:\/\/portaltela.pt\/s.01k8rhncp4jt1\/2026\/02\/img_1200x721uu2026-02-08-12-36-23-2420263.jpg\",\"width\":796,\"height\":448,\"caption\":\"Photo\"},{\"@type\":\"BreadcrumbList\",\"@id\":\"https:\/\/portaltela.pt\/noticias\/2026\/02\/08\/cotrim-de-figueiredo-votou-na-segunda-volta-e-defende-cultivar-a-democracia\/#breadcrumb\",\"itemListElement\":[{\"@type\":\"ListItem\",\"position\":1,\"name\":\"In\u00edcio\",\"item\":\"https:\/\/portaltela.pt\/\"},{\"@type\":\"ListItem\",\"position\":2,\"name\":\"Cotrim de Figueiredo votou na segunda volta e defende cultivar a democracia\"}]},{\"@type\":\"WebSite\",\"@id\":\"https:\/\/portaltela.pt\/#website\",\"url\":\"https:\/\/portaltela.pt\/\",\"name\":\"Portal Tela Portugal\",\"description\":\"\",\"potentialAction\":[{\"@type\":\"SearchAction\",\"target\":{\"@type\":\"EntryPoint\",\"urlTemplate\":\"https:\/\/portaltela.pt\/?s={search_term_string}\"},\"query-input\":{\"@type\":\"PropertyValueSpecification\",\"valueRequired\":true,\"valueName\":\"search_term_string\"}}],\"inLanguage\":\"pt-PT\"},{\"@type\":\"Person\",\"@id\":\"https:\/\/portaltela.pt\/#\/schema\/person\/c4278d4a6028830caff9ee44b42d32ed\",\"name\":\"Telinha\",\"image\":{\"@type\":\"ImageObject\",\"inLanguage\":\"pt-PT\",\"@id\":\"https:\/\/portaltela.pt\/s.01k8rhncp4jt1\/2025\/11\/talking-bot-125x125.png\",\"url\":\"https:\/\/portaltela.pt\/s.01k8rhncp4jt1\/2025\/11\/talking-bot-125x125.png\",\"contentUrl\":\"https:\/\/portaltela.pt\/s.01k8rhncp4jt1\/2025\/11\/talking-bot-125x125.png\",\"caption\":\"Telinha\"},\"sameAs\":[\"https:\/\/portaltela.pt\/\"],\"url\":\"https:\/\/portaltela.pt\/por\/367410592786\/\"}]}<\/script>\n<!-- \/ Yoast SEO plugin. -->","yoast_head_json":{"title":"Cotrim de Figueiredo votou na segunda volta e defende cultivar a democracia - Portal Tela Portugal","robots":{"index":"index","follow":"follow","max-snippet":"max-snippet:-1","max-image-preview":"max-image-preview:large","max-video-preview":"max-video-preview:-1"},"og_locale":"pt_PT","og_type":"article","og_title":"Cotrim de Figueiredo votou na segunda volta e defende cultivar a democracia - Portal Tela Portugal","og_description":"O ex-candidato \u00e0 presid\u00eancia Jo\u00e3o Cotrim de Figueiredo j\u00e1 votou na segunda volta das elei\u00e7\u00f5es. Apelou aos eleitores para n\u00e3o ficarem em casa, apesar das dificuldades enfrentadas. Referiu que podem ter tido onde dormir, ou bens destru\u00eddos, mas a democracia tem de ser cultivada e os direitos exercidos. As declara\u00e7\u00f5es foram feitas durante o ato de voto deste domingo. Enfatizou a import\u00e2ncia de participar no processo democr\u00e1tico mesmo em tempos de adversidade.","og_url":"https:\/\/portaltela.pt\/noticias\/2026\/02\/08\/cotrim-de-figueiredo-votou-na-segunda-volta-e-defende-cultivar-a-democracia\/","og_site_name":"Portal Tela Portugal","article_published_time":"2026-02-08T12:40:38+00:00","author":"Telinha","twitter_card":"summary_large_image","twitter_misc":{"Escrito por":"Telinha","Tempo estimado de leitura":"1 minuto"},"schema":{"@context":"https:\/\/schema.org","@graph":[{"@type":"Article","@id":"https:\/\/portaltela.pt\/noticias\/2026\/02\/08\/cotrim-de-figueiredo-votou-na-segunda-volta-e-defende-cultivar-a-democracia\/#article","isPartOf":{"@id":"https:\/\/portaltela.pt\/noticias\/2026\/02\/08\/cotrim-de-figueiredo-votou-na-segunda-volta-e-defende-cultivar-a-democracia\/"},"author":{"name":"Telinha","@id":"https:\/\/portaltela.pt\/#\/schema\/person\/c4278d4a6028830caff9ee44b42d32ed"},"headline":"Cotrim de Figueiredo votou na segunda volta e defende cultivar a democracia","datePublished":"2026-02-08T12:40:38+00:00","mainEntityOfPage":{"@id":"https:\/\/portaltela.pt\/noticias\/2026\/02\/08\/cotrim-de-figueiredo-votou-na-segunda-volta-e-defende-cultivar-a-democracia\/"},"wordCount":113,"image":{"@id":"https:\/\/portaltela.pt\/noticias\/2026\/02\/08\/cotrim-de-figueiredo-votou-na-segunda-volta-e-defende-cultivar-a-democracia\/#primaryimage"},"thumbnailUrl":"https:\/\/portaltela.pt\/s.01k8rhncp4jt1\/2026\/02\/img_1200x721uu2026-02-08-12-36-23-2420263.jpg","keywords":["cidadania","Cotrim","democracia","elei\u00e7\u00f5es","pol\u00edtica","Portugal"],"articleSection":["Not\u00edcias","Pol\u00edtica"],"inLanguage":"pt-PT"},{"@type":"WebPage","@id":"https:\/\/portaltela.pt\/noticias\/2026\/02\/08\/cotrim-de-figueiredo-votou-na-segunda-volta-e-defende-cultivar-a-democracia\/","url":"https:\/\/portaltela.pt\/noticias\/2026\/02\/08\/cotrim-de-figueiredo-votou-na-segunda-volta-e-defende-cultivar-a-democracia\/","name":"Cotrim de Figueiredo votou na segunda volta e defende cultivar a democracia - Portal Tela Portugal","isPartOf":{"@id":"https:\/\/portaltela.pt\/#website"},"primaryImageOfPage":{"@id":"https:\/\/portaltela.pt\/noticias\/2026\/02\/08\/cotrim-de-figueiredo-votou-na-segunda-volta-e-defende-cultivar-a-democracia\/#primaryimage"},"image":{"@id":"https:\/\/portaltela.pt\/noticias\/2026\/02\/08\/cotrim-de-figueiredo-votou-na-segunda-volta-e-defende-cultivar-a-democracia\/#primaryimage"},"thumbnailUrl":"https:\/\/portaltela.pt\/s.01k8rhncp4jt1\/2026\/02\/img_1200x721uu2026-02-08-12-36-23-2420263.jpg","datePublished":"2026-02-08T12:40:38+00:00","author":{"@id":"https:\/\/portaltela.pt\/#\/schema\/person\/c4278d4a6028830caff9ee44b42d32ed"},"breadcrumb":{"@id":"https:\/\/portaltela.pt\/noticias\/2026\/02\/08\/cotrim-de-figueiredo-votou-na-segunda-volta-e-defende-cultivar-a-democracia\/#breadcrumb"},"inLanguage":"pt-PT","potentialAction":[{"@type":"ReadAction","target":["https:\/\/portaltela.pt\/noticias\/2026\/02\/08\/cotrim-de-figueiredo-votou-na-segunda-volta-e-defende-cultivar-a-democracia\/"]}]},{"@type":"ImageObject","inLanguage":"pt-PT","@id":"https:\/\/portaltela.pt\/noticias\/2026\/02\/08\/cotrim-de-figueiredo-votou-na-segunda-volta-e-defende-cultivar-a-democracia\/#primaryimage","url":"https:\/\/portaltela.pt\/s.01k8rhncp4jt1\/2026\/02\/img_1200x721uu2026-02-08-12-36-23-2420263.jpg","contentUrl":"https:\/\/portaltela.pt\/s.01k8rhncp4jt1\/2026\/02\/img_1200x721uu2026-02-08-12-36-23-2420263.jpg","width":796,"height":448,"caption":"Photo"},{"@type":"BreadcrumbList","@id":"https:\/\/portaltela.pt\/noticias\/2026\/02\/08\/cotrim-de-figueiredo-votou-na-segunda-volta-e-defende-cultivar-a-democracia\/#breadcrumb","itemListElement":[{"@type":"ListItem","position":1,"name":"In\u00edcio","item":"https:\/\/portaltela.pt\/"},{"@type":"ListItem","position":2,"name":"Cotrim de Figueiredo votou na segunda volta e defende cultivar a democracia"}]},{"@type":"WebSite","@id":"https:\/\/portaltela.pt\/#website","url":"https:\/\/portaltela.pt\/","name":"Portal Tela Portugal","description":"","potentialAction":[{"@type":"SearchAction","target":{"@type":"EntryPoint","urlTemplate":"https:\/\/portaltela.pt\/?s={search_term_string}"},"query-input":{"@type":"PropertyValueSpecification","valueRequired":true,"valueName":"search_term_string"}}],"inLanguage":"pt-PT"},{"@type":"Person","@id":"https:\/\/portaltela.pt\/#\/schema\/person\/c4278d4a6028830caff9ee44b42d32ed","name":"Telinha","image":{"@type":"ImageObject","inLanguage":"pt-PT","@id":"https:\/\/portaltela.pt\/s.01k8rhncp4jt1\/2025\/11\/talking-bot-125x125.png","url":"https:\/\/portaltela.pt\/s.01k8rhncp4jt1\/2025\/11\/talking-bot-125x125.png","contentUrl":"https:\/\/portaltela.pt\/s.01k8rhncp4jt1\/2025\/11\/talking-bot-125x125.png","caption":"Telinha"},"sameAs":["https:\/\/portaltela.pt\/"],"url":"https:\/\/portaltela.pt\/por\/367410592786\/"}]}},"_links":{"self":[{"href":"https:\/\/portaltela.pt\/api\/wp\/v2\/posts\/203940","targetHints":{"allow":["GET"]}}],"collection":[{"href":"https:\/\/portaltela.pt\/api\/wp\/v2\/posts"}],"about":[{"href":"https:\/\/portaltela.pt\/api\/wp\/v2\/types\/post"}],"author":[{"embeddable":true,"href":"https:\/\/portaltela.pt\/api\/wp\/v2\/users\/2"}],"replies":[{"embeddable":true,"href":"https:\/\/portaltela.pt\/api\/wp\/v2\/comments?post=203940"}],"version-history":[{"count":0,"href":"https:\/\/portaltela.pt\/api\/wp\/v2\/posts\/203940\/revisions"}],"wp:featuredmedia":[{"embeddable":true,"href":"https:\/\/portaltela.pt\/api\/wp\/v2\/media\/203945"}],"wp:attachment":[{"href":"https:\/\/portaltela.pt\/api\/wp\/v2\/media?parent=203940"}],"wp:term":[{"taxonomy":"category","embeddable":true,"href":"https:\/\/portaltela.pt\/api\/wp\/v2\/categories?post=203940"},{"taxonomy":"post_tag","embeddable":true,"href":"https:\/\/portaltela.pt\/api\/wp\/v2\/tags?post=203940"}],"curies":[{"name":"wp","href":"https:\/\/api.w.org\/{rel}","templated":true}]}}