{"id":203791,"date":"2026-02-08T07:07:14","date_gmt":"2026-02-08T10:07:14","guid":{"rendered":"https:\/\/portaltela.pt\/noticias\/2026\/02\/08\/tres-homens-em-prisao-preventiva-por-furto-com-arrombamento-no-montijo\/"},"modified":"2026-02-08T07:07:14","modified_gmt":"2026-02-08T10:07:14","slug":"tres-homens-em-prisao-preventiva-por-furto-com-arrombamento-no-montijo","status":"publish","type":"post","link":"https:\/\/portaltela.pt\/noticias\/2026\/02\/08\/tres-homens-em-prisao-preventiva-por-furto-com-arrombamento-no-montijo\/","title":{"rendered":"Tr\u00eas homens em pris\u00e3o preventiva por furto com arrombamento no Montijo"},"content":{"rendered":"<p>Tr\u00eas homens v\u00e3o aguardar julgamento em pris\u00e3o preventiva, ap\u00f3s terem sido detidos pela PSP por furto com arrombamento num edif\u00edcio comercial no Montijo, distrito de Set\u00fabal. A opera\u00e7\u00e3o ocorreu na quinta-feira, na sequ\u00eancia de uma den\u00fancia de furto em curso num armaz\u00e9m em Afonsoeiro. Quase de imediato, os suspeitos foram interceptados a abandonar as instala\u00e7\u00f5es.<\/p>\n<p>Segundo o Comando Territorial de Set\u00fabal da GNR, os homens, com idades entre 22 e 36 anos, estavam na posse de objetos usados na pr\u00e1tica do crime e de material furtado do interior do armaz\u00e9m. Ao todo, foi apreendido material que inclui uma faca de cozinha, um p\u00e9 de cabra, uma serra de corte, um alicate de corte e duas m\u00e1quinas industriais pertencentes \u00e0 empresa lesada.<\/p>\n<p>Os detidos permaneceram nas instala\u00e7\u00f5es da Guarda at\u00e9 serem apresentados ao Tribunal do Barreiro, onde lhes foi aplicada a medida de coa\u00e7\u00e3o mais grave, a pris\u00e3o preventiva.<\/p>\n<h3>Medidas judiciais e reconstitui\u00e7\u00e3o<\/h3>\n<p>A autoridade policial inicialmente identificou os envolvidos no local da ocorr\u00eancia e confirmou a natureza do furto com arrombamento. As investiga\u00e7\u00f5es continuam para apurar a origem do equipamento apreendido.<\/p>\n<p>A decis\u00e3o de pris\u00e3o preventiva visa assegurar a ocupa\u00e7\u00e3o de provas e evitar risco de fuga, segundo o comunicado oficial. N\u00e3o foram divulgados mais detalhes sobre poss\u00edveis antecedentes ou motiva\u00e7\u00f5es.<\/p>\n","protected":false},"excerpt":{"rendered":"<ul>\n<li>Tr\u00eas homens, com idades entre 22 e 36 anos, v\u00e3o aguardar julgamento em pris\u00e3o preventiva por furto com arrombamento no Montijo, distrito de Set\u00fabal.<\/li>\n<li>Deten\u00e7\u00e3o ocorreu na quinta-feira, ap\u00f3s den\u00fancia de furto em curso num armaz\u00e9m de um estabelecimento comercial em Afonsoeiro.<\/li>\n<li>PSP interceptou os suspeitos quando abandonavam as instala\u00e7\u00f5es, durante a opera\u00e7\u00e3o.<\/li>\n<li>A investiga\u00e7\u00e3o apurou posse de objetos utilizados no crime e material furtado do interior do armaz\u00e9m, incluindo faca de cozinha, p\u00e9 de cabra, serra de corte, alicate de corte e duas m\u00e1quinas industriais pertencentes \u00e0 empresa lesada.<\/li>\n<li>Os detidos ficaram nas instala\u00e7\u00f5es da Guarda at\u00e9 serem apresentados ao Tribunal do Barreiro, onde lhes foi aplicada a medida de pris\u00e3o preventiva.<\/li>\n<\/ul>\n","protected":false},"author":2,"featured_media":203793,"comment_status":"closed","ping_status":"closed","sticky":false,"template":"","format":"standard","meta":{"footnotes":""},"categories":[1],"tags":[4994,424,1058,1381,203,994],"class_list":["post-203791","post","type-post","status-publish","format-standard","has-post-thumbnail","hentry","category-noticias","tag-arrombamento","tag-furto","tag-montijo","tag-psp","tag-roubo","tag-setubal"],"yoast_head":"<!-- This site is optimized with the Yoast SEO plugin v27.2 - https:\/\/yoast.com\/product\/yoast-seo-wordpress\/ -->\n<title>Tr\u00eas homens em pris\u00e3o preventiva por furto com arrombamento no Montijo - Portal Tela Portugal<\/title>\n<meta name=\"robots\" content=\"index, follow, max-snippet:-1, max-image-preview:large, max-video-preview:-1\" \/>\n<meta property=\"og:locale\" content=\"pt_PT\" \/>\n<meta property=\"og:type\" content=\"article\" \/>\n<meta property=\"og:title\" content=\"Tr\u00eas homens em pris\u00e3o preventiva por furto com arrombamento no Montijo - Portal Tela Portugal\" \/>\n<meta property=\"og:description\" content=\"Tr\u00eas homens, com idades entre 22 e 36 anos, v\u00e3o aguardar julgamento em pris\u00e3o preventiva por furto com arrombamento no Montijo, distrito de Set\u00fabal. Deten\u00e7\u00e3o ocorreu na quinta-feira, ap\u00f3s den\u00fancia de furto em curso num armaz\u00e9m de um estabelecimento comercial em Afonsoeiro. PSP interceptou os suspeitos quando abandonavam as instala\u00e7\u00f5es, durante a opera\u00e7\u00e3o. A investiga\u00e7\u00e3o apurou posse de objetos utilizados no crime e material furtado do interior do armaz\u00e9m, incluindo faca de cozinha, p\u00e9 de cabra, serra de corte, alicate de corte e duas m\u00e1quinas industriais pertencentes \u00e0 empresa lesada. Os detidos ficaram nas instala\u00e7\u00f5es da Guarda at\u00e9 serem apresentados ao Tribunal do Barreiro, onde lhes foi aplicada a medida de pris\u00e3o preventiva.\" \/>\n<meta property=\"og:url\" content=\"https:\/\/portaltela.pt\/noticias\/2026\/02\/08\/tres-homens-em-prisao-preventiva-por-furto-com-arrombamento-no-montijo\/\" \/>\n<meta property=\"og:site_name\" content=\"Portal Tela Portugal\" \/>\n<meta property=\"article:published_time\" content=\"2026-02-08T10:07:14+00:00\" \/>\n<meta name=\"author\" content=\"Telinha\" \/>\n<meta name=\"twitter:card\" content=\"summary_large_image\" \/>\n<meta name=\"twitter:label1\" content=\"Escrito por\" \/>\n\t<meta name=\"twitter:data1\" content=\"Telinha\" \/>\n\t<meta name=\"twitter:label2\" content=\"Tempo estimado de leitura\" \/>\n\t<meta name=\"twitter:data2\" content=\"1 minuto\" \/>\n<script type=\"application\/ld+json\" class=\"yoast-schema-graph\">{\"@context\":\"https:\/\/schema.org\",\"@graph\":[{\"@type\":\"Article\",\"@id\":\"https:\/\/portaltela.pt\/noticias\/2026\/02\/08\/tres-homens-em-prisao-preventiva-por-furto-com-arrombamento-no-montijo\/#article\",\"isPartOf\":{\"@id\":\"https:\/\/portaltela.pt\/noticias\/2026\/02\/08\/tres-homens-em-prisao-preventiva-por-furto-com-arrombamento-no-montijo\/\"},\"author\":{\"name\":\"Telinha\",\"@id\":\"https:\/\/portaltela.pt\/#\/schema\/person\/c4278d4a6028830caff9ee44b42d32ed\"},\"headline\":\"Tr\u00eas homens em pris\u00e3o preventiva por furto com arrombamento no Montijo\",\"datePublished\":\"2026-02-08T10:07:14+00:00\",\"mainEntityOfPage\":{\"@id\":\"https:\/\/portaltela.pt\/noticias\/2026\/02\/08\/tres-homens-em-prisao-preventiva-por-furto-com-arrombamento-no-montijo\/\"},\"wordCount\":248,\"image\":{\"@id\":\"https:\/\/portaltela.pt\/noticias\/2026\/02\/08\/tres-homens-em-prisao-preventiva-por-furto-com-arrombamento-no-montijo\/#primaryimage\"},\"thumbnailUrl\":\"https:\/\/portaltela.pt\/s.01k8rhncp4jt1\/2026\/02\/img_1500x1000uu2020-04-03-23-58-23-934993.jpg\",\"keywords\":[\"arrombamento\",\"furto\",\"Montijo\",\"PSP\",\"roubo\",\"Set\u00fabal\"],\"articleSection\":[\"Not\u00edcias\"],\"inLanguage\":\"pt-PT\"},{\"@type\":\"WebPage\",\"@id\":\"https:\/\/portaltela.pt\/noticias\/2026\/02\/08\/tres-homens-em-prisao-preventiva-por-furto-com-arrombamento-no-montijo\/\",\"url\":\"https:\/\/portaltela.pt\/noticias\/2026\/02\/08\/tres-homens-em-prisao-preventiva-por-furto-com-arrombamento-no-montijo\/\",\"name\":\"Tr\u00eas homens em pris\u00e3o preventiva por furto com arrombamento no Montijo - Portal Tela Portugal\",\"isPartOf\":{\"@id\":\"https:\/\/portaltela.pt\/#website\"},\"primaryImageOfPage\":{\"@id\":\"https:\/\/portaltela.pt\/noticias\/2026\/02\/08\/tres-homens-em-prisao-preventiva-por-furto-com-arrombamento-no-montijo\/#primaryimage\"},\"image\":{\"@id\":\"https:\/\/portaltela.pt\/noticias\/2026\/02\/08\/tres-homens-em-prisao-preventiva-por-furto-com-arrombamento-no-montijo\/#primaryimage\"},\"thumbnailUrl\":\"https:\/\/portaltela.pt\/s.01k8rhncp4jt1\/2026\/02\/img_1500x1000uu2020-04-03-23-58-23-934993.jpg\",\"datePublished\":\"2026-02-08T10:07:14+00:00\",\"author\":{\"@id\":\"https:\/\/portaltela.pt\/#\/schema\/person\/c4278d4a6028830caff9ee44b42d32ed\"},\"breadcrumb\":{\"@id\":\"https:\/\/portaltela.pt\/noticias\/2026\/02\/08\/tres-homens-em-prisao-preventiva-por-furto-com-arrombamento-no-montijo\/#breadcrumb\"},\"inLanguage\":\"pt-PT\",\"potentialAction\":[{\"@type\":\"ReadAction\",\"target\":[\"https:\/\/portaltela.pt\/noticias\/2026\/02\/08\/tres-homens-em-prisao-preventiva-por-furto-com-arrombamento-no-montijo\/\"]}]},{\"@type\":\"ImageObject\",\"inLanguage\":\"pt-PT\",\"@id\":\"https:\/\/portaltela.pt\/noticias\/2026\/02\/08\/tres-homens-em-prisao-preventiva-por-furto-com-arrombamento-no-montijo\/#primaryimage\",\"url\":\"https:\/\/portaltela.pt\/s.01k8rhncp4jt1\/2026\/02\/img_1500x1000uu2020-04-03-23-58-23-934993.jpg\",\"contentUrl\":\"https:\/\/portaltela.pt\/s.01k8rhncp4jt1\/2026\/02\/img_1500x1000uu2020-04-03-23-58-23-934993.jpg\",\"width\":796,\"height\":448,\"caption\":\"Pris\u00e3o\"},{\"@type\":\"BreadcrumbList\",\"@id\":\"https:\/\/portaltela.pt\/noticias\/2026\/02\/08\/tres-homens-em-prisao-preventiva-por-furto-com-arrombamento-no-montijo\/#breadcrumb\",\"itemListElement\":[{\"@type\":\"ListItem\",\"position\":1,\"name\":\"In\u00edcio\",\"item\":\"https:\/\/portaltela.pt\/\"},{\"@type\":\"ListItem\",\"position\":2,\"name\":\"Tr\u00eas homens em pris\u00e3o preventiva por furto com arrombamento no Montijo\"}]},{\"@type\":\"WebSite\",\"@id\":\"https:\/\/portaltela.pt\/#website\",\"url\":\"https:\/\/portaltela.pt\/\",\"name\":\"Portal Tela Portugal\",\"description\":\"\",\"potentialAction\":[{\"@type\":\"SearchAction\",\"target\":{\"@type\":\"EntryPoint\",\"urlTemplate\":\"https:\/\/portaltela.pt\/?s={search_term_string}\"},\"query-input\":{\"@type\":\"PropertyValueSpecification\",\"valueRequired\":true,\"valueName\":\"search_term_string\"}}],\"inLanguage\":\"pt-PT\"},{\"@type\":\"Person\",\"@id\":\"https:\/\/portaltela.pt\/#\/schema\/person\/c4278d4a6028830caff9ee44b42d32ed\",\"name\":\"Telinha\",\"image\":{\"@type\":\"ImageObject\",\"inLanguage\":\"pt-PT\",\"@id\":\"https:\/\/portaltela.pt\/s.01k8rhncp4jt1\/2025\/11\/talking-bot-125x125.png\",\"url\":\"https:\/\/portaltela.pt\/s.01k8rhncp4jt1\/2025\/11\/talking-bot-125x125.png\",\"contentUrl\":\"https:\/\/portaltela.pt\/s.01k8rhncp4jt1\/2025\/11\/talking-bot-125x125.png\",\"caption\":\"Telinha\"},\"sameAs\":[\"https:\/\/portaltela.pt\/\"],\"url\":\"https:\/\/portaltela.pt\/por\/367410592786\/\"}]}<\/script>\n<!-- \/ Yoast SEO plugin. -->","yoast_head_json":{"title":"Tr\u00eas homens em pris\u00e3o preventiva por furto com arrombamento no Montijo - Portal Tela Portugal","robots":{"index":"index","follow":"follow","max-snippet":"max-snippet:-1","max-image-preview":"max-image-preview:large","max-video-preview":"max-video-preview:-1"},"og_locale":"pt_PT","og_type":"article","og_title":"Tr\u00eas homens em pris\u00e3o preventiva por furto com arrombamento no Montijo - Portal Tela Portugal","og_description":"Tr\u00eas homens, com idades entre 22 e 36 anos, v\u00e3o aguardar julgamento em pris\u00e3o preventiva por furto com arrombamento no Montijo, distrito de Set\u00fabal. Deten\u00e7\u00e3o ocorreu na quinta-feira, ap\u00f3s den\u00fancia de furto em curso num armaz\u00e9m de um estabelecimento comercial em Afonsoeiro. PSP interceptou os suspeitos quando abandonavam as instala\u00e7\u00f5es, durante a opera\u00e7\u00e3o. A investiga\u00e7\u00e3o apurou posse de objetos utilizados no crime e material furtado do interior do armaz\u00e9m, incluindo faca de cozinha, p\u00e9 de cabra, serra de corte, alicate de corte e duas m\u00e1quinas industriais pertencentes \u00e0 empresa lesada. Os detidos ficaram nas instala\u00e7\u00f5es da Guarda at\u00e9 serem apresentados ao Tribunal do Barreiro, onde lhes foi aplicada a medida de pris\u00e3o preventiva.","og_url":"https:\/\/portaltela.pt\/noticias\/2026\/02\/08\/tres-homens-em-prisao-preventiva-por-furto-com-arrombamento-no-montijo\/","og_site_name":"Portal Tela Portugal","article_published_time":"2026-02-08T10:07:14+00:00","author":"Telinha","twitter_card":"summary_large_image","twitter_misc":{"Escrito por":"Telinha","Tempo estimado de leitura":"1 minuto"},"schema":{"@context":"https:\/\/schema.org","@graph":[{"@type":"Article","@id":"https:\/\/portaltela.pt\/noticias\/2026\/02\/08\/tres-homens-em-prisao-preventiva-por-furto-com-arrombamento-no-montijo\/#article","isPartOf":{"@id":"https:\/\/portaltela.pt\/noticias\/2026\/02\/08\/tres-homens-em-prisao-preventiva-por-furto-com-arrombamento-no-montijo\/"},"author":{"name":"Telinha","@id":"https:\/\/portaltela.pt\/#\/schema\/person\/c4278d4a6028830caff9ee44b42d32ed"},"headline":"Tr\u00eas homens em pris\u00e3o preventiva por furto com arrombamento no Montijo","datePublished":"2026-02-08T10:07:14+00:00","mainEntityOfPage":{"@id":"https:\/\/portaltela.pt\/noticias\/2026\/02\/08\/tres-homens-em-prisao-preventiva-por-furto-com-arrombamento-no-montijo\/"},"wordCount":248,"image":{"@id":"https:\/\/portaltela.pt\/noticias\/2026\/02\/08\/tres-homens-em-prisao-preventiva-por-furto-com-arrombamento-no-montijo\/#primaryimage"},"thumbnailUrl":"https:\/\/portaltela.pt\/s.01k8rhncp4jt1\/2026\/02\/img_1500x1000uu2020-04-03-23-58-23-934993.jpg","keywords":["arrombamento","furto","Montijo","PSP","roubo","Set\u00fabal"],"articleSection":["Not\u00edcias"],"inLanguage":"pt-PT"},{"@type":"WebPage","@id":"https:\/\/portaltela.pt\/noticias\/2026\/02\/08\/tres-homens-em-prisao-preventiva-por-furto-com-arrombamento-no-montijo\/","url":"https:\/\/portaltela.pt\/noticias\/2026\/02\/08\/tres-homens-em-prisao-preventiva-por-furto-com-arrombamento-no-montijo\/","name":"Tr\u00eas homens em pris\u00e3o preventiva por furto com arrombamento no Montijo - Portal Tela Portugal","isPartOf":{"@id":"https:\/\/portaltela.pt\/#website"},"primaryImageOfPage":{"@id":"https:\/\/portaltela.pt\/noticias\/2026\/02\/08\/tres-homens-em-prisao-preventiva-por-furto-com-arrombamento-no-montijo\/#primaryimage"},"image":{"@id":"https:\/\/portaltela.pt\/noticias\/2026\/02\/08\/tres-homens-em-prisao-preventiva-por-furto-com-arrombamento-no-montijo\/#primaryimage"},"thumbnailUrl":"https:\/\/portaltela.pt\/s.01k8rhncp4jt1\/2026\/02\/img_1500x1000uu2020-04-03-23-58-23-934993.jpg","datePublished":"2026-02-08T10:07:14+00:00","author":{"@id":"https:\/\/portaltela.pt\/#\/schema\/person\/c4278d4a6028830caff9ee44b42d32ed"},"breadcrumb":{"@id":"https:\/\/portaltela.pt\/noticias\/2026\/02\/08\/tres-homens-em-prisao-preventiva-por-furto-com-arrombamento-no-montijo\/#breadcrumb"},"inLanguage":"pt-PT","potentialAction":[{"@type":"ReadAction","target":["https:\/\/portaltela.pt\/noticias\/2026\/02\/08\/tres-homens-em-prisao-preventiva-por-furto-com-arrombamento-no-montijo\/"]}]},{"@type":"ImageObject","inLanguage":"pt-PT","@id":"https:\/\/portaltela.pt\/noticias\/2026\/02\/08\/tres-homens-em-prisao-preventiva-por-furto-com-arrombamento-no-montijo\/#primaryimage","url":"https:\/\/portaltela.pt\/s.01k8rhncp4jt1\/2026\/02\/img_1500x1000uu2020-04-03-23-58-23-934993.jpg","contentUrl":"https:\/\/portaltela.pt\/s.01k8rhncp4jt1\/2026\/02\/img_1500x1000uu2020-04-03-23-58-23-934993.jpg","width":796,"height":448,"caption":"Pris\u00e3o"},{"@type":"BreadcrumbList","@id":"https:\/\/portaltela.pt\/noticias\/2026\/02\/08\/tres-homens-em-prisao-preventiva-por-furto-com-arrombamento-no-montijo\/#breadcrumb","itemListElement":[{"@type":"ListItem","position":1,"name":"In\u00edcio","item":"https:\/\/portaltela.pt\/"},{"@type":"ListItem","position":2,"name":"Tr\u00eas homens em pris\u00e3o preventiva por furto com arrombamento no Montijo"}]},{"@type":"WebSite","@id":"https:\/\/portaltela.pt\/#website","url":"https:\/\/portaltela.pt\/","name":"Portal Tela Portugal","description":"","potentialAction":[{"@type":"SearchAction","target":{"@type":"EntryPoint","urlTemplate":"https:\/\/portaltela.pt\/?s={search_term_string}"},"query-input":{"@type":"PropertyValueSpecification","valueRequired":true,"valueName":"search_term_string"}}],"inLanguage":"pt-PT"},{"@type":"Person","@id":"https:\/\/portaltela.pt\/#\/schema\/person\/c4278d4a6028830caff9ee44b42d32ed","name":"Telinha","image":{"@type":"ImageObject","inLanguage":"pt-PT","@id":"https:\/\/portaltela.pt\/s.01k8rhncp4jt1\/2025\/11\/talking-bot-125x125.png","url":"https:\/\/portaltela.pt\/s.01k8rhncp4jt1\/2025\/11\/talking-bot-125x125.png","contentUrl":"https:\/\/portaltela.pt\/s.01k8rhncp4jt1\/2025\/11\/talking-bot-125x125.png","caption":"Telinha"},"sameAs":["https:\/\/portaltela.pt\/"],"url":"https:\/\/portaltela.pt\/por\/367410592786\/"}]}},"_links":{"self":[{"href":"https:\/\/portaltela.pt\/api\/wp\/v2\/posts\/203791","targetHints":{"allow":["GET"]}}],"collection":[{"href":"https:\/\/portaltela.pt\/api\/wp\/v2\/posts"}],"about":[{"href":"https:\/\/portaltela.pt\/api\/wp\/v2\/types\/post"}],"author":[{"embeddable":true,"href":"https:\/\/portaltela.pt\/api\/wp\/v2\/users\/2"}],"replies":[{"embeddable":true,"href":"https:\/\/portaltela.pt\/api\/wp\/v2\/comments?post=203791"}],"version-history":[{"count":0,"href":"https:\/\/portaltela.pt\/api\/wp\/v2\/posts\/203791\/revisions"}],"wp:featuredmedia":[{"embeddable":true,"href":"https:\/\/portaltela.pt\/api\/wp\/v2\/media\/203793"}],"wp:attachment":[{"href":"https:\/\/portaltela.pt\/api\/wp\/v2\/media?parent=203791"}],"wp:term":[{"taxonomy":"category","embeddable":true,"href":"https:\/\/portaltela.pt\/api\/wp\/v2\/categories?post=203791"},{"taxonomy":"post_tag","embeddable":true,"href":"https:\/\/portaltela.pt\/api\/wp\/v2\/tags?post=203791"}],"curies":[{"name":"wp","href":"https:\/\/api.w.org\/{rel}","templated":true}]}}