{"id":203787,"date":"2026-02-08T07:07:00","date_gmt":"2026-02-08T10:07:00","guid":{"rendered":"https:\/\/portaltela.pt\/noticias\/2026\/02\/08\/noticias-magazine-revela-novo-design-e-rubricas-para-toda-a-familia\/"},"modified":"2026-02-08T07:07:00","modified_gmt":"2026-02-08T10:07:00","slug":"noticias-magazine-revela-novo-design-e-rubricas-para-toda-a-familia","status":"publish","type":"post","link":"https:\/\/portaltela.pt\/noticias\/2026\/02\/08\/noticias-magazine-revela-novo-design-e-rubricas-para-toda-a-familia\/","title":{"rendered":"Not\u00edcias Magazine revela novo design e rubricas para toda a fam\u00edlia"},"content":{"rendered":"<p>A Not\u00edcias Magazine, revista premiada do grupo Not\u00edcias Ilimitadas, chega \u00e0s bancas no dia 15 de fevereiro com capa renovada e conte\u00fados direcionados para toda a fam\u00edlia, incluindo os mais novos. A edi\u00e7\u00e3o regressa em formato agrafado, mantendo o formato dominical que privilegia a leitura de fam\u00edlia.<\/p>\n<p>A renova\u00e7\u00e3o envolve novas rubricas e um design mais moderno, guiando-se por uma linha editorial com foco informativo e de lazer. Entre as novidades est\u00e3o as rubricas Algoritmo, sobre tecnologia e ferramentas digitais, e Paladares do Mundo, que explora gastronomia e as tradi\u00e7\u00f5es de comunidades imigrantes.<\/p>\n<p>A publica\u00e7\u00e3o, publicada aos domingos com o JN, ter\u00e1 ainda testemunhos de famosos em A Minha Primeira Vez e homenagens a personalidades hist\u00f3ricas. Rafael Barbosa, diretor do JN, sublinha a capacidade de renova\u00e7\u00e3o da revista para manter a relev\u00e2ncia.<\/p>\n<p>A Not\u00edcias Magazine distingue-se por receber pr\u00eamios como Cinco Estrelas 2026 e Escolha do Consumidor 2026, mantendo, no entanto, conte\u00fados de opini\u00e3o de Valter Hugo M\u00e3e e os textos bem-humorados de Susana Romana. A edi\u00e7\u00e3o renovada chega \u00e0s bancas a 15 de fevereiro.<\/p>\n<h3>Foco nos mais novos<\/h3>\n<p>A publica\u00e7\u00e3o passa a incluir o JN Kids, espa\u00e7o dedicado a jovens leitores. O foco est\u00e1 em protagonizar a leitura, oferecendo oportunidades para que os jovens atuem como jornalistas e analisem a atualidade com rigor. In\u00eas Cardoso enfatiza a vertente digital e o alinhamento com novos h\u00e1bitos de consumo de informa\u00e7\u00e3o.<\/p>\n","protected":false},"excerpt":{"rendered":"<ul>\n<li>A Not\u00edcias Magazine, t\u00edtulo da Not\u00edcias Ilimitadas, chega \u00e0s bancas a 15 de fevereiro com capa renovada e conte\u00fados dedicados a toda a fam\u00edlia, incluindo os mais novos.<\/li>\n<li>A renova\u00e7\u00e3o traz rubricas novas como Algoritmo e Paladares do Mundo, formato agrafado e uma apresenta\u00e7\u00e3o mais cl\u00e1ssica de revista dominical.<\/li>\n<li>A publica\u00e7\u00e3o incluir\u00e1 testemunhos de famosos na rubrica A Minha Primeira Vez e homenagens a personalidades da Hist\u00f3ria.<\/li>\n<li>Mant\u00e9m artigos de opini\u00e3o de Valter Hugo M\u00e3e e os coment\u00e1rios de Susana Romana, mantendo os pr\u00e9mios Cinco Estrelas 2026 e Escolha do Consumidor 2026.<\/li>\n<li>Surge o JN Kids, espa\u00e7o dirigido a jovens leitores, com foco no digital e na participa\u00e7\u00e3o de jovens na produ\u00e7\u00e3o jornal\u00edstica.<\/li>\n<\/ul>\n","protected":false},"author":2,"featured_media":203789,"comment_status":"closed","ping_status":"closed","sticky":false,"template":"","format":"standard","meta":{"footnotes":""},"categories":[12,1],"tags":[5637,143,64,219,712,5638],"class_list":["post-203787","post","type-post","status-publish","format-standard","has-post-thumbnail","hentry","category-entretenimento","category-noticias","tag-algoritmo","tag-design","tag-familia","tag-gastronomia","tag-imigracao","tag-paladares-do-mundo"],"yoast_head":"<!-- This site is optimized with the Yoast SEO plugin v27.2 - https:\/\/yoast.com\/product\/yoast-seo-wordpress\/ -->\n<title>Not\u00edcias Magazine revela novo design e rubricas para toda a fam\u00edlia - Portal Tela Portugal<\/title>\n<meta name=\"robots\" content=\"index, follow, max-snippet:-1, max-image-preview:large, max-video-preview:-1\" \/>\n<meta property=\"og:locale\" content=\"pt_PT\" \/>\n<meta property=\"og:type\" content=\"article\" \/>\n<meta property=\"og:title\" content=\"Not\u00edcias Magazine revela novo design e rubricas para toda a fam\u00edlia - Portal Tela Portugal\" \/>\n<meta property=\"og:description\" content=\"A Not\u00edcias Magazine, t\u00edtulo da Not\u00edcias Ilimitadas, chega \u00e0s bancas a 15 de fevereiro com capa renovada e conte\u00fados dedicados a toda a fam\u00edlia, incluindo os mais novos. A renova\u00e7\u00e3o traz rubricas novas como Algoritmo e Paladares do Mundo, formato agrafado e uma apresenta\u00e7\u00e3o mais cl\u00e1ssica de revista dominical. A publica\u00e7\u00e3o incluir\u00e1 testemunhos de famosos na rubrica A Minha Primeira Vez e homenagens a personalidades da Hist\u00f3ria. Mant\u00e9m artigos de opini\u00e3o de Valter Hugo M\u00e3e e os coment\u00e1rios de Susana Romana, mantendo os pr\u00e9mios Cinco Estrelas 2026 e Escolha do Consumidor 2026. Surge o JN Kids, espa\u00e7o dirigido a jovens leitores, com foco no digital e na participa\u00e7\u00e3o de jovens na produ\u00e7\u00e3o jornal\u00edstica.\" \/>\n<meta property=\"og:url\" content=\"https:\/\/portaltela.pt\/noticias\/2026\/02\/08\/noticias-magazine-revela-novo-design-e-rubricas-para-toda-a-familia\/\" \/>\n<meta property=\"og:site_name\" content=\"Portal Tela Portugal\" \/>\n<meta property=\"article:published_time\" content=\"2026-02-08T10:07:00+00:00\" \/>\n<meta name=\"author\" content=\"Telinha\" \/>\n<meta name=\"twitter:card\" content=\"summary_large_image\" \/>\n<meta name=\"twitter:label1\" content=\"Escrito por\" \/>\n\t<meta name=\"twitter:data1\" content=\"Telinha\" \/>\n\t<meta name=\"twitter:label2\" content=\"Tempo estimado de leitura\" \/>\n\t<meta name=\"twitter:data2\" content=\"1 minuto\" \/>\n<script type=\"application\/ld+json\" class=\"yoast-schema-graph\">{\"@context\":\"https:\/\/schema.org\",\"@graph\":[{\"@type\":\"Article\",\"@id\":\"https:\/\/portaltela.pt\/noticias\/2026\/02\/08\/noticias-magazine-revela-novo-design-e-rubricas-para-toda-a-familia\/#article\",\"isPartOf\":{\"@id\":\"https:\/\/portaltela.pt\/noticias\/2026\/02\/08\/noticias-magazine-revela-novo-design-e-rubricas-para-toda-a-familia\/\"},\"author\":{\"name\":\"Telinha\",\"@id\":\"https:\/\/portaltela.pt\/#\/schema\/person\/c4278d4a6028830caff9ee44b42d32ed\"},\"headline\":\"Not\u00edcias Magazine revela novo design e rubricas para toda a fam\u00edlia\",\"datePublished\":\"2026-02-08T10:07:00+00:00\",\"mainEntityOfPage\":{\"@id\":\"https:\/\/portaltela.pt\/noticias\/2026\/02\/08\/noticias-magazine-revela-novo-design-e-rubricas-para-toda-a-familia\/\"},\"wordCount\":263,\"image\":{\"@id\":\"https:\/\/portaltela.pt\/noticias\/2026\/02\/08\/noticias-magazine-revela-novo-design-e-rubricas-para-toda-a-familia\/#primaryimage\"},\"thumbnailUrl\":\"https:\/\/portaltela.pt\/s.01k8rhncp4jt1\/2026\/02\/image-608.jpg\",\"keywords\":[\"Algoritmo\",\"design\",\"fam\u00edlia\",\"gastronomia\",\"imigra\u00e7\u00e3o\",\"Paladares do Mundo\"],\"articleSection\":[\"Entretenimento\",\"Not\u00edcias\"],\"inLanguage\":\"pt-PT\"},{\"@type\":\"WebPage\",\"@id\":\"https:\/\/portaltela.pt\/noticias\/2026\/02\/08\/noticias-magazine-revela-novo-design-e-rubricas-para-toda-a-familia\/\",\"url\":\"https:\/\/portaltela.pt\/noticias\/2026\/02\/08\/noticias-magazine-revela-novo-design-e-rubricas-para-toda-a-familia\/\",\"name\":\"Not\u00edcias Magazine revela novo design e rubricas para toda a fam\u00edlia - Portal Tela Portugal\",\"isPartOf\":{\"@id\":\"https:\/\/portaltela.pt\/#website\"},\"primaryImageOfPage\":{\"@id\":\"https:\/\/portaltela.pt\/noticias\/2026\/02\/08\/noticias-magazine-revela-novo-design-e-rubricas-para-toda-a-familia\/#primaryimage\"},\"image\":{\"@id\":\"https:\/\/portaltela.pt\/noticias\/2026\/02\/08\/noticias-magazine-revela-novo-design-e-rubricas-para-toda-a-familia\/#primaryimage\"},\"thumbnailUrl\":\"https:\/\/portaltela.pt\/s.01k8rhncp4jt1\/2026\/02\/image-608.jpg\",\"datePublished\":\"2026-02-08T10:07:00+00:00\",\"author\":{\"@id\":\"https:\/\/portaltela.pt\/#\/schema\/person\/c4278d4a6028830caff9ee44b42d32ed\"},\"breadcrumb\":{\"@id\":\"https:\/\/portaltela.pt\/noticias\/2026\/02\/08\/noticias-magazine-revela-novo-design-e-rubricas-para-toda-a-familia\/#breadcrumb\"},\"inLanguage\":\"pt-PT\",\"potentialAction\":[{\"@type\":\"ReadAction\",\"target\":[\"https:\/\/portaltela.pt\/noticias\/2026\/02\/08\/noticias-magazine-revela-novo-design-e-rubricas-para-toda-a-familia\/\"]}]},{\"@type\":\"ImageObject\",\"inLanguage\":\"pt-PT\",\"@id\":\"https:\/\/portaltela.pt\/noticias\/2026\/02\/08\/noticias-magazine-revela-novo-design-e-rubricas-para-toda-a-familia\/#primaryimage\",\"url\":\"https:\/\/portaltela.pt\/s.01k8rhncp4jt1\/2026\/02\/image-608.jpg\",\"contentUrl\":\"https:\/\/portaltela.pt\/s.01k8rhncp4jt1\/2026\/02\/image-608.jpg\",\"width\":796,\"height\":448,\"caption\":\"Imagem de contexto do artigo Novo design e rubricas para toda a fam\u00edlia na renovada Not\u00edcias Magazine\"},{\"@type\":\"BreadcrumbList\",\"@id\":\"https:\/\/portaltela.pt\/noticias\/2026\/02\/08\/noticias-magazine-revela-novo-design-e-rubricas-para-toda-a-familia\/#breadcrumb\",\"itemListElement\":[{\"@type\":\"ListItem\",\"position\":1,\"name\":\"In\u00edcio\",\"item\":\"https:\/\/portaltela.pt\/\"},{\"@type\":\"ListItem\",\"position\":2,\"name\":\"Not\u00edcias Magazine revela novo design e rubricas para toda a fam\u00edlia\"}]},{\"@type\":\"WebSite\",\"@id\":\"https:\/\/portaltela.pt\/#website\",\"url\":\"https:\/\/portaltela.pt\/\",\"name\":\"Portal Tela Portugal\",\"description\":\"\",\"potentialAction\":[{\"@type\":\"SearchAction\",\"target\":{\"@type\":\"EntryPoint\",\"urlTemplate\":\"https:\/\/portaltela.pt\/?s={search_term_string}\"},\"query-input\":{\"@type\":\"PropertyValueSpecification\",\"valueRequired\":true,\"valueName\":\"search_term_string\"}}],\"inLanguage\":\"pt-PT\"},{\"@type\":\"Person\",\"@id\":\"https:\/\/portaltela.pt\/#\/schema\/person\/c4278d4a6028830caff9ee44b42d32ed\",\"name\":\"Telinha\",\"image\":{\"@type\":\"ImageObject\",\"inLanguage\":\"pt-PT\",\"@id\":\"https:\/\/portaltela.pt\/s.01k8rhncp4jt1\/2025\/11\/talking-bot-125x125.png\",\"url\":\"https:\/\/portaltela.pt\/s.01k8rhncp4jt1\/2025\/11\/talking-bot-125x125.png\",\"contentUrl\":\"https:\/\/portaltela.pt\/s.01k8rhncp4jt1\/2025\/11\/talking-bot-125x125.png\",\"caption\":\"Telinha\"},\"sameAs\":[\"https:\/\/portaltela.pt\/\"],\"url\":\"https:\/\/portaltela.pt\/por\/367410592786\/\"}]}<\/script>\n<!-- \/ Yoast SEO plugin. -->","yoast_head_json":{"title":"Not\u00edcias Magazine revela novo design e rubricas para toda a fam\u00edlia - Portal Tela Portugal","robots":{"index":"index","follow":"follow","max-snippet":"max-snippet:-1","max-image-preview":"max-image-preview:large","max-video-preview":"max-video-preview:-1"},"og_locale":"pt_PT","og_type":"article","og_title":"Not\u00edcias Magazine revela novo design e rubricas para toda a fam\u00edlia - Portal Tela Portugal","og_description":"A Not\u00edcias Magazine, t\u00edtulo da Not\u00edcias Ilimitadas, chega \u00e0s bancas a 15 de fevereiro com capa renovada e conte\u00fados dedicados a toda a fam\u00edlia, incluindo os mais novos. A renova\u00e7\u00e3o traz rubricas novas como Algoritmo e Paladares do Mundo, formato agrafado e uma apresenta\u00e7\u00e3o mais cl\u00e1ssica de revista dominical. A publica\u00e7\u00e3o incluir\u00e1 testemunhos de famosos na rubrica A Minha Primeira Vez e homenagens a personalidades da Hist\u00f3ria. Mant\u00e9m artigos de opini\u00e3o de Valter Hugo M\u00e3e e os coment\u00e1rios de Susana Romana, mantendo os pr\u00e9mios Cinco Estrelas 2026 e Escolha do Consumidor 2026. Surge o JN Kids, espa\u00e7o dirigido a jovens leitores, com foco no digital e na participa\u00e7\u00e3o de jovens na produ\u00e7\u00e3o jornal\u00edstica.","og_url":"https:\/\/portaltela.pt\/noticias\/2026\/02\/08\/noticias-magazine-revela-novo-design-e-rubricas-para-toda-a-familia\/","og_site_name":"Portal Tela Portugal","article_published_time":"2026-02-08T10:07:00+00:00","author":"Telinha","twitter_card":"summary_large_image","twitter_misc":{"Escrito por":"Telinha","Tempo estimado de leitura":"1 minuto"},"schema":{"@context":"https:\/\/schema.org","@graph":[{"@type":"Article","@id":"https:\/\/portaltela.pt\/noticias\/2026\/02\/08\/noticias-magazine-revela-novo-design-e-rubricas-para-toda-a-familia\/#article","isPartOf":{"@id":"https:\/\/portaltela.pt\/noticias\/2026\/02\/08\/noticias-magazine-revela-novo-design-e-rubricas-para-toda-a-familia\/"},"author":{"name":"Telinha","@id":"https:\/\/portaltela.pt\/#\/schema\/person\/c4278d4a6028830caff9ee44b42d32ed"},"headline":"Not\u00edcias Magazine revela novo design e rubricas para toda a fam\u00edlia","datePublished":"2026-02-08T10:07:00+00:00","mainEntityOfPage":{"@id":"https:\/\/portaltela.pt\/noticias\/2026\/02\/08\/noticias-magazine-revela-novo-design-e-rubricas-para-toda-a-familia\/"},"wordCount":263,"image":{"@id":"https:\/\/portaltela.pt\/noticias\/2026\/02\/08\/noticias-magazine-revela-novo-design-e-rubricas-para-toda-a-familia\/#primaryimage"},"thumbnailUrl":"https:\/\/portaltela.pt\/s.01k8rhncp4jt1\/2026\/02\/image-608.jpg","keywords":["Algoritmo","design","fam\u00edlia","gastronomia","imigra\u00e7\u00e3o","Paladares do Mundo"],"articleSection":["Entretenimento","Not\u00edcias"],"inLanguage":"pt-PT"},{"@type":"WebPage","@id":"https:\/\/portaltela.pt\/noticias\/2026\/02\/08\/noticias-magazine-revela-novo-design-e-rubricas-para-toda-a-familia\/","url":"https:\/\/portaltela.pt\/noticias\/2026\/02\/08\/noticias-magazine-revela-novo-design-e-rubricas-para-toda-a-familia\/","name":"Not\u00edcias Magazine revela novo design e rubricas para toda a fam\u00edlia - Portal Tela Portugal","isPartOf":{"@id":"https:\/\/portaltela.pt\/#website"},"primaryImageOfPage":{"@id":"https:\/\/portaltela.pt\/noticias\/2026\/02\/08\/noticias-magazine-revela-novo-design-e-rubricas-para-toda-a-familia\/#primaryimage"},"image":{"@id":"https:\/\/portaltela.pt\/noticias\/2026\/02\/08\/noticias-magazine-revela-novo-design-e-rubricas-para-toda-a-familia\/#primaryimage"},"thumbnailUrl":"https:\/\/portaltela.pt\/s.01k8rhncp4jt1\/2026\/02\/image-608.jpg","datePublished":"2026-02-08T10:07:00+00:00","author":{"@id":"https:\/\/portaltela.pt\/#\/schema\/person\/c4278d4a6028830caff9ee44b42d32ed"},"breadcrumb":{"@id":"https:\/\/portaltela.pt\/noticias\/2026\/02\/08\/noticias-magazine-revela-novo-design-e-rubricas-para-toda-a-familia\/#breadcrumb"},"inLanguage":"pt-PT","potentialAction":[{"@type":"ReadAction","target":["https:\/\/portaltela.pt\/noticias\/2026\/02\/08\/noticias-magazine-revela-novo-design-e-rubricas-para-toda-a-familia\/"]}]},{"@type":"ImageObject","inLanguage":"pt-PT","@id":"https:\/\/portaltela.pt\/noticias\/2026\/02\/08\/noticias-magazine-revela-novo-design-e-rubricas-para-toda-a-familia\/#primaryimage","url":"https:\/\/portaltela.pt\/s.01k8rhncp4jt1\/2026\/02\/image-608.jpg","contentUrl":"https:\/\/portaltela.pt\/s.01k8rhncp4jt1\/2026\/02\/image-608.jpg","width":796,"height":448,"caption":"Imagem de contexto do artigo Novo design e rubricas para toda a fam\u00edlia na renovada Not\u00edcias Magazine"},{"@type":"BreadcrumbList","@id":"https:\/\/portaltela.pt\/noticias\/2026\/02\/08\/noticias-magazine-revela-novo-design-e-rubricas-para-toda-a-familia\/#breadcrumb","itemListElement":[{"@type":"ListItem","position":1,"name":"In\u00edcio","item":"https:\/\/portaltela.pt\/"},{"@type":"ListItem","position":2,"name":"Not\u00edcias Magazine revela novo design e rubricas para toda a fam\u00edlia"}]},{"@type":"WebSite","@id":"https:\/\/portaltela.pt\/#website","url":"https:\/\/portaltela.pt\/","name":"Portal Tela Portugal","description":"","potentialAction":[{"@type":"SearchAction","target":{"@type":"EntryPoint","urlTemplate":"https:\/\/portaltela.pt\/?s={search_term_string}"},"query-input":{"@type":"PropertyValueSpecification","valueRequired":true,"valueName":"search_term_string"}}],"inLanguage":"pt-PT"},{"@type":"Person","@id":"https:\/\/portaltela.pt\/#\/schema\/person\/c4278d4a6028830caff9ee44b42d32ed","name":"Telinha","image":{"@type":"ImageObject","inLanguage":"pt-PT","@id":"https:\/\/portaltela.pt\/s.01k8rhncp4jt1\/2025\/11\/talking-bot-125x125.png","url":"https:\/\/portaltela.pt\/s.01k8rhncp4jt1\/2025\/11\/talking-bot-125x125.png","contentUrl":"https:\/\/portaltela.pt\/s.01k8rhncp4jt1\/2025\/11\/talking-bot-125x125.png","caption":"Telinha"},"sameAs":["https:\/\/portaltela.pt\/"],"url":"https:\/\/portaltela.pt\/por\/367410592786\/"}]}},"_links":{"self":[{"href":"https:\/\/portaltela.pt\/api\/wp\/v2\/posts\/203787","targetHints":{"allow":["GET"]}}],"collection":[{"href":"https:\/\/portaltela.pt\/api\/wp\/v2\/posts"}],"about":[{"href":"https:\/\/portaltela.pt\/api\/wp\/v2\/types\/post"}],"author":[{"embeddable":true,"href":"https:\/\/portaltela.pt\/api\/wp\/v2\/users\/2"}],"replies":[{"embeddable":true,"href":"https:\/\/portaltela.pt\/api\/wp\/v2\/comments?post=203787"}],"version-history":[{"count":0,"href":"https:\/\/portaltela.pt\/api\/wp\/v2\/posts\/203787\/revisions"}],"wp:featuredmedia":[{"embeddable":true,"href":"https:\/\/portaltela.pt\/api\/wp\/v2\/media\/203789"}],"wp:attachment":[{"href":"https:\/\/portaltela.pt\/api\/wp\/v2\/media?parent=203787"}],"wp:term":[{"taxonomy":"category","embeddable":true,"href":"https:\/\/portaltela.pt\/api\/wp\/v2\/categories?post=203787"},{"taxonomy":"post_tag","embeddable":true,"href":"https:\/\/portaltela.pt\/api\/wp\/v2\/tags?post=203787"}],"curies":[{"name":"wp","href":"https:\/\/api.w.org\/{rel}","templated":true}]}}